{"id":22004,"date":"2020-05-28T16:52:56","date_gmt":"2020-05-28T19:52:56","guid":{"rendered":"https:\/\/centrodeexcelencia.org.br\/inscreva-se-no-webinar-sobre-educacao-e-nutricao-alimentando-criancas-durante-a-pandemia-da-covid-19\/"},"modified":"2024-10-10T19:05:07","modified_gmt":"2024-10-10T22:05:07","slug":"inscreva-se-no-webinar-sobre-educacao-e-nutricao-alimentando-criancas-durante-a-pandemia-da-covid-19","status":"publish","type":"post","link":"https:\/\/centrodeexcelencia.org.br\/en\/inscreva-se-no-webinar-sobre-educacao-e-nutricao-alimentando-criancas-durante-a-pandemia-da-covid-19\/","title":{"rendered":"Register for the Education and Nutrition Webinar: Reaching Children during the COVID-19 Pandemic"},"content":{"rendered":"<p><img fetchpriority=\"high\" decoding=\"async\" class=\"alignnone size-full wp-image-16436\" src=\"https:\/\/centrodeexcelencia.org.br\/wp-content\/uploads\/2020\/05\/gcnf2.jpg\" alt=\"\" width=\"695\" height=\"520\" \/><\/p>\n<p>&nbsp;<\/p>\n<p>How do you make your alternative feeding modality sustainable and safe for the duration of the crisis? In this session organised by the Global Child Nutrition Foundation (GCNF), presenters will share good\u00a0practices, possible roadblocks, and other opportunities to continue and sustain school feeding programmes for schools\u00a0that don&#8217;t plan to reopen soon.<\/p>\n<p>Daniel Balaban, Director of the WFP Centre of Excellence against Hunger Brazil, is part of the panel. He will present the work carried out by the WFP Centre of Excellence during this pandemic. Other presenters include Monica Dykas (The Global Foodbanking Network), Maria Kasparian (Edesia), with moderation by Ryan Kennedy (GCNF).<\/p>\n<p>The event will take place on Tuesday, June 2<sup>nd<\/sup>, from 9am until 10.45am EDT.<\/p>\n<p>&nbsp;<\/p>\n<p><a href=\"https:\/\/eur03.safelinks.protection.outlook.com\/?url=https%3A%2F%2Fgcnf.us15.list-manage.com%2Ftrack%2Fclick%3Fu%3Df06c4a2aa01aa5352f1469892%26id%3D88d4fa9880%26e%3D7c6caf732d&amp;data=02%7C01%7Cericka.galindo%40wfp.org%7Cbe0534738cde441c8f2908d800bdbca0%7C462ad9aed7d94206b87471b1e079776f%7C0%7C0%7C637260162209720099&amp;sdata=Uh%2FfkHD4J5mlw0492aqpY4K85qDFRr2QzPmJrMi2Nws%3D&amp;reserved=0\">Click here to register<\/a><\/p>\n<p>&nbsp;<\/p>\n<p><img decoding=\"async\" class=\"alignnone size-full wp-image-12847\" src=\"https:\/\/centrodeexcelencia.org.br\/wp-content\/uploads\/2020\/03\/ODS_EN.jpg\" alt=\"\" width=\"705\" height=\"145\" \/><\/p>","protected":false},"excerpt":{"rendered":"<p>&nbsp; How do you make your alternative feeding modality sustainable&hellip;<\/p>\n<p> <a class=\"more-link\" href=\"https:\/\/centrodeexcelencia.org.br\/en\/inscreva-se-no-webinar-sobre-educacao-e-nutricao-alimentando-criancas-durante-a-pandemia-da-covid-19\/\">Read more<\/a><\/p>\n","protected":false},"author":1,"featured_media":22005,"comment_status":"closed","ping_status":"open","sticky":false,"template":"","format":"standard","meta":{"_monsterinsights_skip_tracking":false,"_monsterinsights_sitenote_active":false,"_monsterinsights_sitenote_note":"","_monsterinsights_sitenote_category":0,"footnotes":""},"categories":[193,187,192],"tags":[107],"class_list":{"0":"post-22004","1":"post","2":"type-post","3":"status-publish","4":"format-standard","5":"has-post-thumbnail","7":"category-eventos","8":"category-noticias","9":"category-parcerias","10":"tag-gcnf"},"yoast_head":"<!-- This site is optimized with the Yoast SEO plugin v27.3 - https:\/\/yoast.com\/product\/yoast-seo-wordpress\/ -->\n<title>Register for the Education and Nutrition Webinar: Reaching Children during the COVID-19 Pandemic - WFP<\/title>\n<meta name=\"robots\" content=\"index, follow, max-snippet:-1, max-image-preview:large, max-video-preview:-1\" \/>\n<link rel=\"canonical\" href=\"https:\/\/centrodeexcelencia.org.br\/inscreva-se-no-webinar-sobre-educacao-e-nutricao-alimentando-criancas-durante-a-pandemia-da-covid-19\/\" \/>\n<meta property=\"og:locale\" content=\"en_US\" \/>\n<meta property=\"og:type\" content=\"article\" \/>\n<meta property=\"og:title\" content=\"Register for the Education and Nutrition Webinar: Reaching Children during the COVID-19 Pandemic - WFP\" \/>\n<meta property=\"og:description\" content=\"&nbsp; How do you make your alternative feeding modality sustainable&hellip;  Read more\" \/>\n<meta property=\"og:url\" content=\"https:\/\/centrodeexcelencia.org.br\/inscreva-se-no-webinar-sobre-educacao-e-nutricao-alimentando-criancas-durante-a-pandemia-da-covid-19\/\" \/>\n<meta property=\"og:site_name\" content=\"WFP\" \/>\n<meta property=\"article:published_time\" content=\"2020-05-28T19:52:56+00:00\" \/>\n<meta property=\"article:modified_time\" content=\"2024-10-10T22:05:07+00:00\" \/>\n<meta property=\"og:image\" content=\"https:\/\/centrodeexcelencia.org.br\/wp-content\/uploads\/2020\/11\/gcnf2-3.jpg\" \/>\n\t<meta property=\"og:image:width\" content=\"695\" \/>\n\t<meta property=\"og:image:height\" content=\"520\" \/>\n\t<meta property=\"og:image:type\" content=\"image\/jpeg\" \/>\n<meta name=\"author\" content=\"wfp\" \/>\n<meta name=\"twitter:card\" content=\"summary_large_image\" \/>\n<meta name=\"twitter:label1\" content=\"Written by\" \/>\n\t<meta name=\"twitter:data1\" content=\"wfp\" \/>\n\t<meta name=\"twitter:label2\" content=\"Est. reading time\" \/>\n\t<meta name=\"twitter:data2\" content=\"1 minute\" \/>\n<script type=\"application\/ld+json\" class=\"yoast-schema-graph\">{\"@context\":\"https:\\\/\\\/schema.org\",\"@graph\":[{\"@type\":\"Article\",\"@id\":\"https:\\\/\\\/centrodeexcelencia.org.br\\\/inscreva-se-no-webinar-sobre-educacao-e-nutricao-alimentando-criancas-durante-a-pandemia-da-covid-19\\\/#article\",\"isPartOf\":{\"@id\":\"https:\\\/\\\/centrodeexcelencia.org.br\\\/inscreva-se-no-webinar-sobre-educacao-e-nutricao-alimentando-criancas-durante-a-pandemia-da-covid-19\\\/\"},\"author\":{\"name\":\"wfp\",\"@id\":\"https:\\\/\\\/centrodeexcelencia.org.br\\\/#\\\/schema\\\/person\\\/9ab199f2e3aff62b44d0a3e6159ccef5\"},\"headline\":\"Register for the Education and Nutrition Webinar: Reaching Children during the COVID-19 Pandemic\",\"datePublished\":\"2020-05-28T19:52:56+00:00\",\"dateModified\":\"2024-10-10T22:05:07+00:00\",\"mainEntityOfPage\":{\"@id\":\"https:\\\/\\\/centrodeexcelencia.org.br\\\/inscreva-se-no-webinar-sobre-educacao-e-nutricao-alimentando-criancas-durante-a-pandemia-da-covid-19\\\/\"},\"wordCount\":298,\"publisher\":{\"@id\":\"https:\\\/\\\/centrodeexcelencia.org.br\\\/#organization\"},\"image\":{\"@id\":\"https:\\\/\\\/centrodeexcelencia.org.br\\\/inscreva-se-no-webinar-sobre-educacao-e-nutricao-alimentando-criancas-durante-a-pandemia-da-covid-19\\\/#primaryimage\"},\"thumbnailUrl\":\"https:\\\/\\\/centrodeexcelencia.org.br\\\/wp-content\\\/uploads\\\/2020\\\/11\\\/gcnf2-3.jpg\",\"keywords\":[\"GCNF\"],\"articleSection\":[\"Events\",\"News\",\"Partnerships\"],\"inLanguage\":\"en-US\"},{\"@type\":\"WebPage\",\"@id\":\"https:\\\/\\\/centrodeexcelencia.org.br\\\/inscreva-se-no-webinar-sobre-educacao-e-nutricao-alimentando-criancas-durante-a-pandemia-da-covid-19\\\/\",\"url\":\"https:\\\/\\\/centrodeexcelencia.org.br\\\/inscreva-se-no-webinar-sobre-educacao-e-nutricao-alimentando-criancas-durante-a-pandemia-da-covid-19\\\/\",\"name\":\"Register for the Education and Nutrition Webinar: Reaching Children during the COVID-19 Pandemic - WFP\",\"isPartOf\":{\"@id\":\"https:\\\/\\\/centrodeexcelencia.org.br\\\/#website\"},\"primaryImageOfPage\":{\"@id\":\"https:\\\/\\\/centrodeexcelencia.org.br\\\/inscreva-se-no-webinar-sobre-educacao-e-nutricao-alimentando-criancas-durante-a-pandemia-da-covid-19\\\/#primaryimage\"},\"image\":{\"@id\":\"https:\\\/\\\/centrodeexcelencia.org.br\\\/inscreva-se-no-webinar-sobre-educacao-e-nutricao-alimentando-criancas-durante-a-pandemia-da-covid-19\\\/#primaryimage\"},\"thumbnailUrl\":\"https:\\\/\\\/centrodeexcelencia.org.br\\\/wp-content\\\/uploads\\\/2020\\\/11\\\/gcnf2-3.jpg\",\"datePublished\":\"2020-05-28T19:52:56+00:00\",\"dateModified\":\"2024-10-10T22:05:07+00:00\",\"breadcrumb\":{\"@id\":\"https:\\\/\\\/centrodeexcelencia.org.br\\\/inscreva-se-no-webinar-sobre-educacao-e-nutricao-alimentando-criancas-durante-a-pandemia-da-covid-19\\\/#breadcrumb\"},\"inLanguage\":\"en-US\",\"potentialAction\":[{\"@type\":\"ReadAction\",\"target\":[\"https:\\\/\\\/centrodeexcelencia.org.br\\\/inscreva-se-no-webinar-sobre-educacao-e-nutricao-alimentando-criancas-durante-a-pandemia-da-covid-19\\\/\"]}]},{\"@type\":\"ImageObject\",\"inLanguage\":\"en-US\",\"@id\":\"https:\\\/\\\/centrodeexcelencia.org.br\\\/inscreva-se-no-webinar-sobre-educacao-e-nutricao-alimentando-criancas-durante-a-pandemia-da-covid-19\\\/#primaryimage\",\"url\":\"https:\\\/\\\/centrodeexcelencia.org.br\\\/wp-content\\\/uploads\\\/2020\\\/11\\\/gcnf2-3.jpg\",\"contentUrl\":\"https:\\\/\\\/centrodeexcelencia.org.br\\\/wp-content\\\/uploads\\\/2020\\\/11\\\/gcnf2-3.jpg\",\"width\":695,\"height\":520},{\"@type\":\"BreadcrumbList\",\"@id\":\"https:\\\/\\\/centrodeexcelencia.org.br\\\/inscreva-se-no-webinar-sobre-educacao-e-nutricao-alimentando-criancas-durante-a-pandemia-da-covid-19\\\/#breadcrumb\",\"itemListElement\":[{\"@type\":\"ListItem\",\"position\":1,\"name\":\"In\u00edcio\",\"item\":\"https:\\\/\\\/centrodeexcelencia.org.br\\\/\"},{\"@type\":\"ListItem\",\"position\":2,\"name\":\"Inscreva-se no webinar sobre Educa\u00e7\u00e3o e Nutri\u00e7\u00e3o: alimentando crian\u00e7as durante a pandemia da COVID-19\"}]},{\"@type\":\"WebSite\",\"@id\":\"https:\\\/\\\/centrodeexcelencia.org.br\\\/#website\",\"url\":\"https:\\\/\\\/centrodeexcelencia.org.br\\\/\",\"name\":\"WFP\",\"description\":\"Centre of Excellence against Hunger\",\"publisher\":{\"@id\":\"https:\\\/\\\/centrodeexcelencia.org.br\\\/#organization\"},\"potentialAction\":[{\"@type\":\"SearchAction\",\"target\":{\"@type\":\"EntryPoint\",\"urlTemplate\":\"https:\\\/\\\/centrodeexcelencia.org.br\\\/?s={search_term_string}\"},\"query-input\":{\"@type\":\"PropertyValueSpecification\",\"valueRequired\":true,\"valueName\":\"search_term_string\"}}],\"inLanguage\":\"en-US\"},{\"@type\":\"Organization\",\"@id\":\"https:\\\/\\\/centrodeexcelencia.org.br\\\/#organization\",\"name\":\"WFP\",\"url\":\"https:\\\/\\\/centrodeexcelencia.org.br\\\/\",\"logo\":{\"@type\":\"ImageObject\",\"inLanguage\":\"en-US\",\"@id\":\"https:\\\/\\\/centrodeexcelencia.org.br\\\/#\\\/schema\\\/logo\\\/image\\\/\",\"url\":\"https:\\\/\\\/centrodeexcelencia.org.br\\\/wp-content\\\/uploads\\\/2026\\\/01\\\/Sem-titulo-1_Prancheta-1-1.png\",\"contentUrl\":\"https:\\\/\\\/centrodeexcelencia.org.br\\\/wp-content\\\/uploads\\\/2026\\\/01\\\/Sem-titulo-1_Prancheta-1-1.png\",\"width\":259,\"height\":395,\"caption\":\"WFP\"},\"image\":{\"@id\":\"https:\\\/\\\/centrodeexcelencia.org.br\\\/#\\\/schema\\\/logo\\\/image\\\/\"}},{\"@type\":\"Person\",\"@id\":\"https:\\\/\\\/centrodeexcelencia.org.br\\\/#\\\/schema\\\/person\\\/9ab199f2e3aff62b44d0a3e6159ccef5\",\"name\":\"wfp\",\"image\":{\"@type\":\"ImageObject\",\"inLanguage\":\"en-US\",\"@id\":\"https:\\\/\\\/secure.gravatar.com\\\/avatar\\\/5ec0916dd2648bdcd2cc1120c0feef5cbbde3e174fbfccec6ca3aa271397ee12?s=96&d=mm&r=g\",\"url\":\"https:\\\/\\\/secure.gravatar.com\\\/avatar\\\/5ec0916dd2648bdcd2cc1120c0feef5cbbde3e174fbfccec6ca3aa271397ee12?s=96&d=mm&r=g\",\"contentUrl\":\"https:\\\/\\\/secure.gravatar.com\\\/avatar\\\/5ec0916dd2648bdcd2cc1120c0feef5cbbde3e174fbfccec6ca3aa271397ee12?s=96&d=mm&r=g\",\"caption\":\"wfp\"},\"sameAs\":[\"https:\\\/\\\/centrodeexcelencia.org.br\"],\"url\":\"https:\\\/\\\/centrodeexcelencia.org.br\\\/en\\\/author\\\/wfp\\\/\"}]}<\/script>\n<!-- \/ Yoast SEO plugin. -->","yoast_head_json":{"title":"Register for the Education and Nutrition Webinar: Reaching Children during the COVID-19 Pandemic - WFP","robots":{"index":"index","follow":"follow","max-snippet":"max-snippet:-1","max-image-preview":"max-image-preview:large","max-video-preview":"max-video-preview:-1"},"canonical":"https:\/\/centrodeexcelencia.org.br\/inscreva-se-no-webinar-sobre-educacao-e-nutricao-alimentando-criancas-durante-a-pandemia-da-covid-19\/","og_locale":"en_US","og_type":"article","og_title":"Register for the Education and Nutrition Webinar: Reaching Children during the COVID-19 Pandemic - WFP","og_description":"&nbsp; How do you make your alternative feeding modality sustainable&hellip;  Read more","og_url":"https:\/\/centrodeexcelencia.org.br\/inscreva-se-no-webinar-sobre-educacao-e-nutricao-alimentando-criancas-durante-a-pandemia-da-covid-19\/","og_site_name":"WFP","article_published_time":"2020-05-28T19:52:56+00:00","article_modified_time":"2024-10-10T22:05:07+00:00","og_image":[{"width":695,"height":520,"url":"https:\/\/centrodeexcelencia.org.br\/wp-content\/uploads\/2020\/11\/gcnf2-3.jpg","type":"image\/jpeg"}],"author":"wfp","twitter_card":"summary_large_image","twitter_misc":{"Written by":"wfp","Est. reading time":"1 minute"},"schema":{"@context":"https:\/\/schema.org","@graph":[{"@type":"Article","@id":"https:\/\/centrodeexcelencia.org.br\/inscreva-se-no-webinar-sobre-educacao-e-nutricao-alimentando-criancas-durante-a-pandemia-da-covid-19\/#article","isPartOf":{"@id":"https:\/\/centrodeexcelencia.org.br\/inscreva-se-no-webinar-sobre-educacao-e-nutricao-alimentando-criancas-durante-a-pandemia-da-covid-19\/"},"author":{"name":"wfp","@id":"https:\/\/centrodeexcelencia.org.br\/#\/schema\/person\/9ab199f2e3aff62b44d0a3e6159ccef5"},"headline":"Register for the Education and Nutrition Webinar: Reaching Children during the COVID-19 Pandemic","datePublished":"2020-05-28T19:52:56+00:00","dateModified":"2024-10-10T22:05:07+00:00","mainEntityOfPage":{"@id":"https:\/\/centrodeexcelencia.org.br\/inscreva-se-no-webinar-sobre-educacao-e-nutricao-alimentando-criancas-durante-a-pandemia-da-covid-19\/"},"wordCount":298,"publisher":{"@id":"https:\/\/centrodeexcelencia.org.br\/#organization"},"image":{"@id":"https:\/\/centrodeexcelencia.org.br\/inscreva-se-no-webinar-sobre-educacao-e-nutricao-alimentando-criancas-durante-a-pandemia-da-covid-19\/#primaryimage"},"thumbnailUrl":"https:\/\/centrodeexcelencia.org.br\/wp-content\/uploads\/2020\/11\/gcnf2-3.jpg","keywords":["GCNF"],"articleSection":["Events","News","Partnerships"],"inLanguage":"en-US"},{"@type":"WebPage","@id":"https:\/\/centrodeexcelencia.org.br\/inscreva-se-no-webinar-sobre-educacao-e-nutricao-alimentando-criancas-durante-a-pandemia-da-covid-19\/","url":"https:\/\/centrodeexcelencia.org.br\/inscreva-se-no-webinar-sobre-educacao-e-nutricao-alimentando-criancas-durante-a-pandemia-da-covid-19\/","name":"Register for the Education and Nutrition Webinar: Reaching Children during the COVID-19 Pandemic - WFP","isPartOf":{"@id":"https:\/\/centrodeexcelencia.org.br\/#website"},"primaryImageOfPage":{"@id":"https:\/\/centrodeexcelencia.org.br\/inscreva-se-no-webinar-sobre-educacao-e-nutricao-alimentando-criancas-durante-a-pandemia-da-covid-19\/#primaryimage"},"image":{"@id":"https:\/\/centrodeexcelencia.org.br\/inscreva-se-no-webinar-sobre-educacao-e-nutricao-alimentando-criancas-durante-a-pandemia-da-covid-19\/#primaryimage"},"thumbnailUrl":"https:\/\/centrodeexcelencia.org.br\/wp-content\/uploads\/2020\/11\/gcnf2-3.jpg","datePublished":"2020-05-28T19:52:56+00:00","dateModified":"2024-10-10T22:05:07+00:00","breadcrumb":{"@id":"https:\/\/centrodeexcelencia.org.br\/inscreva-se-no-webinar-sobre-educacao-e-nutricao-alimentando-criancas-durante-a-pandemia-da-covid-19\/#breadcrumb"},"inLanguage":"en-US","potentialAction":[{"@type":"ReadAction","target":["https:\/\/centrodeexcelencia.org.br\/inscreva-se-no-webinar-sobre-educacao-e-nutricao-alimentando-criancas-durante-a-pandemia-da-covid-19\/"]}]},{"@type":"ImageObject","inLanguage":"en-US","@id":"https:\/\/centrodeexcelencia.org.br\/inscreva-se-no-webinar-sobre-educacao-e-nutricao-alimentando-criancas-durante-a-pandemia-da-covid-19\/#primaryimage","url":"https:\/\/centrodeexcelencia.org.br\/wp-content\/uploads\/2020\/11\/gcnf2-3.jpg","contentUrl":"https:\/\/centrodeexcelencia.org.br\/wp-content\/uploads\/2020\/11\/gcnf2-3.jpg","width":695,"height":520},{"@type":"BreadcrumbList","@id":"https:\/\/centrodeexcelencia.org.br\/inscreva-se-no-webinar-sobre-educacao-e-nutricao-alimentando-criancas-durante-a-pandemia-da-covid-19\/#breadcrumb","itemListElement":[{"@type":"ListItem","position":1,"name":"In\u00edcio","item":"https:\/\/centrodeexcelencia.org.br\/"},{"@type":"ListItem","position":2,"name":"Inscreva-se no webinar sobre Educa\u00e7\u00e3o e Nutri\u00e7\u00e3o: alimentando crian\u00e7as durante a pandemia da COVID-19"}]},{"@type":"WebSite","@id":"https:\/\/centrodeexcelencia.org.br\/#website","url":"https:\/\/centrodeexcelencia.org.br\/","name":"WFP","description":"Centre of Excellence against Hunger","publisher":{"@id":"https:\/\/centrodeexcelencia.org.br\/#organization"},"potentialAction":[{"@type":"SearchAction","target":{"@type":"EntryPoint","urlTemplate":"https:\/\/centrodeexcelencia.org.br\/?s={search_term_string}"},"query-input":{"@type":"PropertyValueSpecification","valueRequired":true,"valueName":"search_term_string"}}],"inLanguage":"en-US"},{"@type":"Organization","@id":"https:\/\/centrodeexcelencia.org.br\/#organization","name":"WFP","url":"https:\/\/centrodeexcelencia.org.br\/","logo":{"@type":"ImageObject","inLanguage":"en-US","@id":"https:\/\/centrodeexcelencia.org.br\/#\/schema\/logo\/image\/","url":"https:\/\/centrodeexcelencia.org.br\/wp-content\/uploads\/2026\/01\/Sem-titulo-1_Prancheta-1-1.png","contentUrl":"https:\/\/centrodeexcelencia.org.br\/wp-content\/uploads\/2026\/01\/Sem-titulo-1_Prancheta-1-1.png","width":259,"height":395,"caption":"WFP"},"image":{"@id":"https:\/\/centrodeexcelencia.org.br\/#\/schema\/logo\/image\/"}},{"@type":"Person","@id":"https:\/\/centrodeexcelencia.org.br\/#\/schema\/person\/9ab199f2e3aff62b44d0a3e6159ccef5","name":"wfp","image":{"@type":"ImageObject","inLanguage":"en-US","@id":"https:\/\/secure.gravatar.com\/avatar\/5ec0916dd2648bdcd2cc1120c0feef5cbbde3e174fbfccec6ca3aa271397ee12?s=96&d=mm&r=g","url":"https:\/\/secure.gravatar.com\/avatar\/5ec0916dd2648bdcd2cc1120c0feef5cbbde3e174fbfccec6ca3aa271397ee12?s=96&d=mm&r=g","contentUrl":"https:\/\/secure.gravatar.com\/avatar\/5ec0916dd2648bdcd2cc1120c0feef5cbbde3e174fbfccec6ca3aa271397ee12?s=96&d=mm&r=g","caption":"wfp"},"sameAs":["https:\/\/centrodeexcelencia.org.br"],"url":"https:\/\/centrodeexcelencia.org.br\/en\/author\/wfp\/"}]}},"_links":{"self":[{"href":"https:\/\/centrodeexcelencia.org.br\/en\/wp-json\/wp\/v2\/posts\/22004","targetHints":{"allow":["GET"]}}],"collection":[{"href":"https:\/\/centrodeexcelencia.org.br\/en\/wp-json\/wp\/v2\/posts"}],"about":[{"href":"https:\/\/centrodeexcelencia.org.br\/en\/wp-json\/wp\/v2\/types\/post"}],"author":[{"embeddable":true,"href":"https:\/\/centrodeexcelencia.org.br\/en\/wp-json\/wp\/v2\/users\/1"}],"replies":[{"embeddable":true,"href":"https:\/\/centrodeexcelencia.org.br\/en\/wp-json\/wp\/v2\/comments?post=22004"}],"version-history":[{"count":0,"href":"https:\/\/centrodeexcelencia.org.br\/en\/wp-json\/wp\/v2\/posts\/22004\/revisions"}],"wp:featuredmedia":[{"embeddable":true,"href":"https:\/\/centrodeexcelencia.org.br\/en\/wp-json\/wp\/v2\/media\/22005"}],"wp:attachment":[{"href":"https:\/\/centrodeexcelencia.org.br\/en\/wp-json\/wp\/v2\/media?parent=22004"}],"wp:term":[{"taxonomy":"category","embeddable":true,"href":"https:\/\/centrodeexcelencia.org.br\/en\/wp-json\/wp\/v2\/categories?post=22004"},{"taxonomy":"post_tag","embeddable":true,"href":"https:\/\/centrodeexcelencia.org.br\/en\/wp-json\/wp\/v2\/tags?post=22004"}],"curies":[{"name":"wp","href":"https:\/\/api.w.org\/{rel}","templated":true}]}}