{"id":22286,"date":"2020-06-03T15:35:32","date_gmt":"2020-06-03T18:35:32","guid":{"rendered":"https:\/\/centrodeexcelencia.org.br\/webinar-sobre-continuidade-dos-programas-de-alimentacao-escolar-durante-a-pandemia-da-covid-19-ja-esta-disponivel-online\/"},"modified":"2024-10-10T19:05:06","modified_gmt":"2024-10-10T22:05:06","slug":"webinar-sobre-continuidade-dos-programas-de-alimentacao-escolar-durante-a-pandemia-da-covid-19-ja-esta-disponivel-online","status":"publish","type":"post","link":"https:\/\/centrodeexcelencia.org.br\/en\/webinar-sobre-continuidade-dos-programas-de-alimentacao-escolar-durante-a-pandemia-da-covid-19-ja-esta-disponivel-online\/","title":{"rendered":"Webinar on school feeding during the COVID-19 pandemic is available to watch"},"content":{"rendered":"<p><img fetchpriority=\"high\" decoding=\"async\" class=\"alignnone size-full wp-image-16454\" src=\"https:\/\/centrodeexcelencia.org.br\/wp-content\/uploads\/2020\/06\/covidcolombia.jpg\" alt=\"\" width=\"1193\" height=\"795\" \/><\/p>\n<p>&nbsp;<\/p>\n<p>How to make alternative feeding modalities sustainable and safe for the duration of the COVID-19 crisis? In this session organised by the Global Child Nutrition Foundation (GCNF), presenters shared good practices, possible roadblocks, and other opportunities to continue and sustain school feeding programmes for schools that don&#8217;t plan to reopen soon. During his presentation, Daniel Balaban, Director of the WFP Centre of Excellence against Hunger Brazil, described the work of the Centre in supporting counties and sharing relevant information on alternative models being adopted in Brazil and in other countries.<\/p>\n<p>He highlighted that we have started supporting countries remotely even before the pandemic, launching the Remote Assistance methodology in 2019. That allowed us to continue to support countries during the pandemic, which imposed travel restrictions across the globe. Daniel Balaban also talked about the main alternatives for keeping school feeding programmes running during the pandemic, such as cash transfers, food baskets, take-home rations and ready meals. &#8220;We have all four options in place in Brazil at the moment and the local governments are working hard to support children during this period&#8221;, he said.<\/p>\n<p>The director also mentioned other forms of support we are offering to countries, including publications, guidelines, videos and remote technical support. He closed his remarks by inviting panellists and the audience to think about how we can contribute to change the way we do things in order to respond to new challenges countries will face once the epidemic is over. &#8220;We need to take advantage of the pandemic and open our minds and make things differently, creating a new world. It is possible&#8221;, said Daniel Balaban.<\/p>\n<p>&nbsp;<\/p>\n<p><a href=\"https:\/\/gcnf.org\/covid\/webinars\/session2\/\">Click here to watch the full webinar and access presentation materials<\/a><\/p>\n<p>&nbsp;<\/p>\n<p><img decoding=\"async\" class=\"alignnone size-full wp-image-12847\" src=\"https:\/\/centrodeexcelencia.org.br\/wp-content\/uploads\/2020\/03\/ODS_EN.jpg\" alt=\"\" width=\"705\" height=\"145\" \/><\/p>","protected":false},"excerpt":{"rendered":"<p>&nbsp; How to make alternative feeding modalities sustainable and safe&hellip;<\/p>\n<p> <a class=\"more-link\" href=\"https:\/\/centrodeexcelencia.org.br\/en\/webinar-sobre-continuidade-dos-programas-de-alimentacao-escolar-durante-a-pandemia-da-covid-19-ja-esta-disponivel-online\/\">Read more<\/a><\/p>\n","protected":false},"author":1,"featured_media":22287,"comment_status":"closed","ping_status":"open","sticky":false,"template":"","format":"standard","meta":{"_monsterinsights_skip_tracking":false,"_monsterinsights_sitenote_active":false,"_monsterinsights_sitenote_note":"","_monsterinsights_sitenote_category":0,"footnotes":""},"categories":[193,187,192],"tags":[226],"class_list":{"0":"post-22286","1":"post","2":"type-post","3":"status-publish","4":"format-standard","5":"has-post-thumbnail","7":"category-eventos","8":"category-noticias","9":"category-parcerias","10":"tag-gncf"},"yoast_head":"<!-- This site is optimized with the Yoast SEO plugin v27.3 - https:\/\/yoast.com\/product\/yoast-seo-wordpress\/ -->\n<title>Webinar on school feeding during the COVID-19 pandemic is available to watch - WFP<\/title>\n<meta name=\"robots\" content=\"index, follow, max-snippet:-1, max-image-preview:large, max-video-preview:-1\" \/>\n<link rel=\"canonical\" href=\"https:\/\/centrodeexcelencia.org.br\/webinar-sobre-continuidade-dos-programas-de-alimentacao-escolar-durante-a-pandemia-da-covid-19-ja-esta-disponivel-online\/\" \/>\n<meta property=\"og:locale\" content=\"en_US\" \/>\n<meta property=\"og:type\" content=\"article\" \/>\n<meta property=\"og:title\" content=\"Webinar on school feeding during the COVID-19 pandemic is available to watch - WFP\" \/>\n<meta property=\"og:description\" content=\"&nbsp; How to make alternative feeding modalities sustainable and safe&hellip;  Read more\" \/>\n<meta property=\"og:url\" content=\"https:\/\/centrodeexcelencia.org.br\/webinar-sobre-continuidade-dos-programas-de-alimentacao-escolar-durante-a-pandemia-da-covid-19-ja-esta-disponivel-online\/\" \/>\n<meta property=\"og:site_name\" content=\"WFP\" \/>\n<meta property=\"article:published_time\" content=\"2020-06-03T18:35:32+00:00\" \/>\n<meta property=\"article:modified_time\" content=\"2024-10-10T22:05:06+00:00\" \/>\n<meta property=\"og:image\" content=\"https:\/\/centrodeexcelencia.org.br\/wp-content\/uploads\/2020\/11\/covidcolombia-5.jpg\" \/>\n\t<meta property=\"og:image:width\" content=\"1193\" \/>\n\t<meta property=\"og:image:height\" content=\"795\" \/>\n\t<meta property=\"og:image:type\" content=\"image\/jpeg\" \/>\n<meta name=\"author\" content=\"wfp\" \/>\n<meta name=\"twitter:card\" content=\"summary_large_image\" \/>\n<meta name=\"twitter:label1\" content=\"Written by\" \/>\n\t<meta name=\"twitter:data1\" content=\"wfp\" \/>\n\t<meta name=\"twitter:label2\" content=\"Est. reading time\" \/>\n\t<meta name=\"twitter:data2\" content=\"3 minutes\" \/>\n<script type=\"application\/ld+json\" class=\"yoast-schema-graph\">{\"@context\":\"https:\\\/\\\/schema.org\",\"@graph\":[{\"@type\":\"Article\",\"@id\":\"https:\\\/\\\/centrodeexcelencia.org.br\\\/webinar-sobre-continuidade-dos-programas-de-alimentacao-escolar-durante-a-pandemia-da-covid-19-ja-esta-disponivel-online\\\/#article\",\"isPartOf\":{\"@id\":\"https:\\\/\\\/centrodeexcelencia.org.br\\\/webinar-sobre-continuidade-dos-programas-de-alimentacao-escolar-durante-a-pandemia-da-covid-19-ja-esta-disponivel-online\\\/\"},\"author\":{\"name\":\"wfp\",\"@id\":\"https:\\\/\\\/centrodeexcelencia.org.br\\\/#\\\/schema\\\/person\\\/9ab199f2e3aff62b44d0a3e6159ccef5\"},\"headline\":\"Webinar on school feeding during the COVID-19 pandemic is available to watch\",\"datePublished\":\"2020-06-03T18:35:32+00:00\",\"dateModified\":\"2024-10-10T22:05:06+00:00\",\"mainEntityOfPage\":{\"@id\":\"https:\\\/\\\/centrodeexcelencia.org.br\\\/webinar-sobre-continuidade-dos-programas-de-alimentacao-escolar-durante-a-pandemia-da-covid-19-ja-esta-disponivel-online\\\/\"},\"wordCount\":646,\"publisher\":{\"@id\":\"https:\\\/\\\/centrodeexcelencia.org.br\\\/#organization\"},\"image\":{\"@id\":\"https:\\\/\\\/centrodeexcelencia.org.br\\\/webinar-sobre-continuidade-dos-programas-de-alimentacao-escolar-durante-a-pandemia-da-covid-19-ja-esta-disponivel-online\\\/#primaryimage\"},\"thumbnailUrl\":\"https:\\\/\\\/centrodeexcelencia.org.br\\\/wp-content\\\/uploads\\\/2020\\\/11\\\/covidcolombia-5.jpg\",\"keywords\":[\"GNCF\"],\"articleSection\":[\"Events\",\"News\",\"Partnerships\"],\"inLanguage\":\"en-US\"},{\"@type\":\"WebPage\",\"@id\":\"https:\\\/\\\/centrodeexcelencia.org.br\\\/webinar-sobre-continuidade-dos-programas-de-alimentacao-escolar-durante-a-pandemia-da-covid-19-ja-esta-disponivel-online\\\/\",\"url\":\"https:\\\/\\\/centrodeexcelencia.org.br\\\/webinar-sobre-continuidade-dos-programas-de-alimentacao-escolar-durante-a-pandemia-da-covid-19-ja-esta-disponivel-online\\\/\",\"name\":\"Webinar on school feeding during the COVID-19 pandemic is available to watch - WFP\",\"isPartOf\":{\"@id\":\"https:\\\/\\\/centrodeexcelencia.org.br\\\/#website\"},\"primaryImageOfPage\":{\"@id\":\"https:\\\/\\\/centrodeexcelencia.org.br\\\/webinar-sobre-continuidade-dos-programas-de-alimentacao-escolar-durante-a-pandemia-da-covid-19-ja-esta-disponivel-online\\\/#primaryimage\"},\"image\":{\"@id\":\"https:\\\/\\\/centrodeexcelencia.org.br\\\/webinar-sobre-continuidade-dos-programas-de-alimentacao-escolar-durante-a-pandemia-da-covid-19-ja-esta-disponivel-online\\\/#primaryimage\"},\"thumbnailUrl\":\"https:\\\/\\\/centrodeexcelencia.org.br\\\/wp-content\\\/uploads\\\/2020\\\/11\\\/covidcolombia-5.jpg\",\"datePublished\":\"2020-06-03T18:35:32+00:00\",\"dateModified\":\"2024-10-10T22:05:06+00:00\",\"breadcrumb\":{\"@id\":\"https:\\\/\\\/centrodeexcelencia.org.br\\\/webinar-sobre-continuidade-dos-programas-de-alimentacao-escolar-durante-a-pandemia-da-covid-19-ja-esta-disponivel-online\\\/#breadcrumb\"},\"inLanguage\":\"en-US\",\"potentialAction\":[{\"@type\":\"ReadAction\",\"target\":[\"https:\\\/\\\/centrodeexcelencia.org.br\\\/webinar-sobre-continuidade-dos-programas-de-alimentacao-escolar-durante-a-pandemia-da-covid-19-ja-esta-disponivel-online\\\/\"]}]},{\"@type\":\"ImageObject\",\"inLanguage\":\"en-US\",\"@id\":\"https:\\\/\\\/centrodeexcelencia.org.br\\\/webinar-sobre-continuidade-dos-programas-de-alimentacao-escolar-durante-a-pandemia-da-covid-19-ja-esta-disponivel-online\\\/#primaryimage\",\"url\":\"https:\\\/\\\/centrodeexcelencia.org.br\\\/wp-content\\\/uploads\\\/2020\\\/11\\\/covidcolombia-5.jpg\",\"contentUrl\":\"https:\\\/\\\/centrodeexcelencia.org.br\\\/wp-content\\\/uploads\\\/2020\\\/11\\\/covidcolombia-5.jpg\",\"width\":1193,\"height\":795},{\"@type\":\"BreadcrumbList\",\"@id\":\"https:\\\/\\\/centrodeexcelencia.org.br\\\/webinar-sobre-continuidade-dos-programas-de-alimentacao-escolar-durante-a-pandemia-da-covid-19-ja-esta-disponivel-online\\\/#breadcrumb\",\"itemListElement\":[{\"@type\":\"ListItem\",\"position\":1,\"name\":\"In\u00edcio\",\"item\":\"https:\\\/\\\/centrodeexcelencia.org.br\\\/\"},{\"@type\":\"ListItem\",\"position\":2,\"name\":\"Webinar sobre programas de alimenta\u00e7\u00e3o escolar durante a pandemia j\u00e1 est\u00e1 dispon\u00edvel\"}]},{\"@type\":\"WebSite\",\"@id\":\"https:\\\/\\\/centrodeexcelencia.org.br\\\/#website\",\"url\":\"https:\\\/\\\/centrodeexcelencia.org.br\\\/\",\"name\":\"WFP\",\"description\":\"Centre of Excellence against Hunger\",\"publisher\":{\"@id\":\"https:\\\/\\\/centrodeexcelencia.org.br\\\/#organization\"},\"potentialAction\":[{\"@type\":\"SearchAction\",\"target\":{\"@type\":\"EntryPoint\",\"urlTemplate\":\"https:\\\/\\\/centrodeexcelencia.org.br\\\/?s={search_term_string}\"},\"query-input\":{\"@type\":\"PropertyValueSpecification\",\"valueRequired\":true,\"valueName\":\"search_term_string\"}}],\"inLanguage\":\"en-US\"},{\"@type\":\"Organization\",\"@id\":\"https:\\\/\\\/centrodeexcelencia.org.br\\\/#organization\",\"name\":\"WFP\",\"url\":\"https:\\\/\\\/centrodeexcelencia.org.br\\\/\",\"logo\":{\"@type\":\"ImageObject\",\"inLanguage\":\"en-US\",\"@id\":\"https:\\\/\\\/centrodeexcelencia.org.br\\\/#\\\/schema\\\/logo\\\/image\\\/\",\"url\":\"https:\\\/\\\/centrodeexcelencia.org.br\\\/wp-content\\\/uploads\\\/2026\\\/01\\\/Sem-titulo-1_Prancheta-1-1.png\",\"contentUrl\":\"https:\\\/\\\/centrodeexcelencia.org.br\\\/wp-content\\\/uploads\\\/2026\\\/01\\\/Sem-titulo-1_Prancheta-1-1.png\",\"width\":259,\"height\":395,\"caption\":\"WFP\"},\"image\":{\"@id\":\"https:\\\/\\\/centrodeexcelencia.org.br\\\/#\\\/schema\\\/logo\\\/image\\\/\"}},{\"@type\":\"Person\",\"@id\":\"https:\\\/\\\/centrodeexcelencia.org.br\\\/#\\\/schema\\\/person\\\/9ab199f2e3aff62b44d0a3e6159ccef5\",\"name\":\"wfp\",\"image\":{\"@type\":\"ImageObject\",\"inLanguage\":\"en-US\",\"@id\":\"https:\\\/\\\/secure.gravatar.com\\\/avatar\\\/5ec0916dd2648bdcd2cc1120c0feef5cbbde3e174fbfccec6ca3aa271397ee12?s=96&d=mm&r=g\",\"url\":\"https:\\\/\\\/secure.gravatar.com\\\/avatar\\\/5ec0916dd2648bdcd2cc1120c0feef5cbbde3e174fbfccec6ca3aa271397ee12?s=96&d=mm&r=g\",\"contentUrl\":\"https:\\\/\\\/secure.gravatar.com\\\/avatar\\\/5ec0916dd2648bdcd2cc1120c0feef5cbbde3e174fbfccec6ca3aa271397ee12?s=96&d=mm&r=g\",\"caption\":\"wfp\"},\"sameAs\":[\"https:\\\/\\\/centrodeexcelencia.org.br\"],\"url\":\"https:\\\/\\\/centrodeexcelencia.org.br\\\/en\\\/author\\\/wfp\\\/\"}]}<\/script>\n<!-- \/ Yoast SEO plugin. -->","yoast_head_json":{"title":"Webinar on school feeding during the COVID-19 pandemic is available to watch - WFP","robots":{"index":"index","follow":"follow","max-snippet":"max-snippet:-1","max-image-preview":"max-image-preview:large","max-video-preview":"max-video-preview:-1"},"canonical":"https:\/\/centrodeexcelencia.org.br\/webinar-sobre-continuidade-dos-programas-de-alimentacao-escolar-durante-a-pandemia-da-covid-19-ja-esta-disponivel-online\/","og_locale":"en_US","og_type":"article","og_title":"Webinar on school feeding during the COVID-19 pandemic is available to watch - WFP","og_description":"&nbsp; How to make alternative feeding modalities sustainable and safe&hellip;  Read more","og_url":"https:\/\/centrodeexcelencia.org.br\/webinar-sobre-continuidade-dos-programas-de-alimentacao-escolar-durante-a-pandemia-da-covid-19-ja-esta-disponivel-online\/","og_site_name":"WFP","article_published_time":"2020-06-03T18:35:32+00:00","article_modified_time":"2024-10-10T22:05:06+00:00","og_image":[{"width":1193,"height":795,"url":"https:\/\/centrodeexcelencia.org.br\/wp-content\/uploads\/2020\/11\/covidcolombia-5.jpg","type":"image\/jpeg"}],"author":"wfp","twitter_card":"summary_large_image","twitter_misc":{"Written by":"wfp","Est. reading time":"3 minutes"},"schema":{"@context":"https:\/\/schema.org","@graph":[{"@type":"Article","@id":"https:\/\/centrodeexcelencia.org.br\/webinar-sobre-continuidade-dos-programas-de-alimentacao-escolar-durante-a-pandemia-da-covid-19-ja-esta-disponivel-online\/#article","isPartOf":{"@id":"https:\/\/centrodeexcelencia.org.br\/webinar-sobre-continuidade-dos-programas-de-alimentacao-escolar-durante-a-pandemia-da-covid-19-ja-esta-disponivel-online\/"},"author":{"name":"wfp","@id":"https:\/\/centrodeexcelencia.org.br\/#\/schema\/person\/9ab199f2e3aff62b44d0a3e6159ccef5"},"headline":"Webinar on school feeding during the COVID-19 pandemic is available to watch","datePublished":"2020-06-03T18:35:32+00:00","dateModified":"2024-10-10T22:05:06+00:00","mainEntityOfPage":{"@id":"https:\/\/centrodeexcelencia.org.br\/webinar-sobre-continuidade-dos-programas-de-alimentacao-escolar-durante-a-pandemia-da-covid-19-ja-esta-disponivel-online\/"},"wordCount":646,"publisher":{"@id":"https:\/\/centrodeexcelencia.org.br\/#organization"},"image":{"@id":"https:\/\/centrodeexcelencia.org.br\/webinar-sobre-continuidade-dos-programas-de-alimentacao-escolar-durante-a-pandemia-da-covid-19-ja-esta-disponivel-online\/#primaryimage"},"thumbnailUrl":"https:\/\/centrodeexcelencia.org.br\/wp-content\/uploads\/2020\/11\/covidcolombia-5.jpg","keywords":["GNCF"],"articleSection":["Events","News","Partnerships"],"inLanguage":"en-US"},{"@type":"WebPage","@id":"https:\/\/centrodeexcelencia.org.br\/webinar-sobre-continuidade-dos-programas-de-alimentacao-escolar-durante-a-pandemia-da-covid-19-ja-esta-disponivel-online\/","url":"https:\/\/centrodeexcelencia.org.br\/webinar-sobre-continuidade-dos-programas-de-alimentacao-escolar-durante-a-pandemia-da-covid-19-ja-esta-disponivel-online\/","name":"Webinar on school feeding during the COVID-19 pandemic is available to watch - WFP","isPartOf":{"@id":"https:\/\/centrodeexcelencia.org.br\/#website"},"primaryImageOfPage":{"@id":"https:\/\/centrodeexcelencia.org.br\/webinar-sobre-continuidade-dos-programas-de-alimentacao-escolar-durante-a-pandemia-da-covid-19-ja-esta-disponivel-online\/#primaryimage"},"image":{"@id":"https:\/\/centrodeexcelencia.org.br\/webinar-sobre-continuidade-dos-programas-de-alimentacao-escolar-durante-a-pandemia-da-covid-19-ja-esta-disponivel-online\/#primaryimage"},"thumbnailUrl":"https:\/\/centrodeexcelencia.org.br\/wp-content\/uploads\/2020\/11\/covidcolombia-5.jpg","datePublished":"2020-06-03T18:35:32+00:00","dateModified":"2024-10-10T22:05:06+00:00","breadcrumb":{"@id":"https:\/\/centrodeexcelencia.org.br\/webinar-sobre-continuidade-dos-programas-de-alimentacao-escolar-durante-a-pandemia-da-covid-19-ja-esta-disponivel-online\/#breadcrumb"},"inLanguage":"en-US","potentialAction":[{"@type":"ReadAction","target":["https:\/\/centrodeexcelencia.org.br\/webinar-sobre-continuidade-dos-programas-de-alimentacao-escolar-durante-a-pandemia-da-covid-19-ja-esta-disponivel-online\/"]}]},{"@type":"ImageObject","inLanguage":"en-US","@id":"https:\/\/centrodeexcelencia.org.br\/webinar-sobre-continuidade-dos-programas-de-alimentacao-escolar-durante-a-pandemia-da-covid-19-ja-esta-disponivel-online\/#primaryimage","url":"https:\/\/centrodeexcelencia.org.br\/wp-content\/uploads\/2020\/11\/covidcolombia-5.jpg","contentUrl":"https:\/\/centrodeexcelencia.org.br\/wp-content\/uploads\/2020\/11\/covidcolombia-5.jpg","width":1193,"height":795},{"@type":"BreadcrumbList","@id":"https:\/\/centrodeexcelencia.org.br\/webinar-sobre-continuidade-dos-programas-de-alimentacao-escolar-durante-a-pandemia-da-covid-19-ja-esta-disponivel-online\/#breadcrumb","itemListElement":[{"@type":"ListItem","position":1,"name":"In\u00edcio","item":"https:\/\/centrodeexcelencia.org.br\/"},{"@type":"ListItem","position":2,"name":"Webinar sobre programas de alimenta\u00e7\u00e3o escolar durante a pandemia j\u00e1 est\u00e1 dispon\u00edvel"}]},{"@type":"WebSite","@id":"https:\/\/centrodeexcelencia.org.br\/#website","url":"https:\/\/centrodeexcelencia.org.br\/","name":"WFP","description":"Centre of Excellence against Hunger","publisher":{"@id":"https:\/\/centrodeexcelencia.org.br\/#organization"},"potentialAction":[{"@type":"SearchAction","target":{"@type":"EntryPoint","urlTemplate":"https:\/\/centrodeexcelencia.org.br\/?s={search_term_string}"},"query-input":{"@type":"PropertyValueSpecification","valueRequired":true,"valueName":"search_term_string"}}],"inLanguage":"en-US"},{"@type":"Organization","@id":"https:\/\/centrodeexcelencia.org.br\/#organization","name":"WFP","url":"https:\/\/centrodeexcelencia.org.br\/","logo":{"@type":"ImageObject","inLanguage":"en-US","@id":"https:\/\/centrodeexcelencia.org.br\/#\/schema\/logo\/image\/","url":"https:\/\/centrodeexcelencia.org.br\/wp-content\/uploads\/2026\/01\/Sem-titulo-1_Prancheta-1-1.png","contentUrl":"https:\/\/centrodeexcelencia.org.br\/wp-content\/uploads\/2026\/01\/Sem-titulo-1_Prancheta-1-1.png","width":259,"height":395,"caption":"WFP"},"image":{"@id":"https:\/\/centrodeexcelencia.org.br\/#\/schema\/logo\/image\/"}},{"@type":"Person","@id":"https:\/\/centrodeexcelencia.org.br\/#\/schema\/person\/9ab199f2e3aff62b44d0a3e6159ccef5","name":"wfp","image":{"@type":"ImageObject","inLanguage":"en-US","@id":"https:\/\/secure.gravatar.com\/avatar\/5ec0916dd2648bdcd2cc1120c0feef5cbbde3e174fbfccec6ca3aa271397ee12?s=96&d=mm&r=g","url":"https:\/\/secure.gravatar.com\/avatar\/5ec0916dd2648bdcd2cc1120c0feef5cbbde3e174fbfccec6ca3aa271397ee12?s=96&d=mm&r=g","contentUrl":"https:\/\/secure.gravatar.com\/avatar\/5ec0916dd2648bdcd2cc1120c0feef5cbbde3e174fbfccec6ca3aa271397ee12?s=96&d=mm&r=g","caption":"wfp"},"sameAs":["https:\/\/centrodeexcelencia.org.br"],"url":"https:\/\/centrodeexcelencia.org.br\/en\/author\/wfp\/"}]}},"_links":{"self":[{"href":"https:\/\/centrodeexcelencia.org.br\/en\/wp-json\/wp\/v2\/posts\/22286","targetHints":{"allow":["GET"]}}],"collection":[{"href":"https:\/\/centrodeexcelencia.org.br\/en\/wp-json\/wp\/v2\/posts"}],"about":[{"href":"https:\/\/centrodeexcelencia.org.br\/en\/wp-json\/wp\/v2\/types\/post"}],"author":[{"embeddable":true,"href":"https:\/\/centrodeexcelencia.org.br\/en\/wp-json\/wp\/v2\/users\/1"}],"replies":[{"embeddable":true,"href":"https:\/\/centrodeexcelencia.org.br\/en\/wp-json\/wp\/v2\/comments?post=22286"}],"version-history":[{"count":0,"href":"https:\/\/centrodeexcelencia.org.br\/en\/wp-json\/wp\/v2\/posts\/22286\/revisions"}],"wp:featuredmedia":[{"embeddable":true,"href":"https:\/\/centrodeexcelencia.org.br\/en\/wp-json\/wp\/v2\/media\/22287"}],"wp:attachment":[{"href":"https:\/\/centrodeexcelencia.org.br\/en\/wp-json\/wp\/v2\/media?parent=22286"}],"wp:term":[{"taxonomy":"category","embeddable":true,"href":"https:\/\/centrodeexcelencia.org.br\/en\/wp-json\/wp\/v2\/categories?post=22286"},{"taxonomy":"post_tag","embeddable":true,"href":"https:\/\/centrodeexcelencia.org.br\/en\/wp-json\/wp\/v2\/tags?post=22286"}],"curies":[{"name":"wp","href":"https:\/\/api.w.org\/{rel}","templated":true}]}}