{"id":22620,"date":"2018-01-26T00:00:49","date_gmt":"2018-01-26T03:00:49","guid":{"rendered":"https:\/\/centrodeexcelencia.org.br\/com-transmissao-ao-vivo-no-youtube-e-participacao-de-especialistas-seminario-fruto-traz-debates-sobre-a-questao-da-alimentacao-mundial\/"},"modified":"2024-10-15T20:49:33","modified_gmt":"2024-10-15T23:49:33","slug":"com-transmissao-ao-vivo-no-youtube-e-participacao-de-especialistas-seminario-fruto-traz-debates-sobre-a-questao-da-alimentacao-mundial","status":"publish","type":"post","link":"https:\/\/centrodeexcelencia.org.br\/en\/com-transmissao-ao-vivo-no-youtube-e-participacao-de-especialistas-seminario-fruto-traz-debates-sobre-a-questao-da-alimentacao-mundial\/","title":{"rendered":"With livebroadcast, Fruto seminar brings debates on the issue of world food"},"content":{"rendered":"<p><figure id=\"attachment_687\" aria-describedby=\"caption-attachment-687\" style=\"width: 1024px\" class=\"wp-caption alignnone\"><img decoding=\"async\" class=\"size-large wp-image-687\" src=\"http:\/\/centrodeexcelencia.org.br\/wp-content\/uploads\/2018\/01\/fruto-1024x577.jpg\" alt=\"\" width=\"1024\" height=\"577\" \/><figcaption id=\"caption-attachment-687\" class=\"wp-caption-text\">Jer\u00f4nimo Villas-B\u00f4as, ecologist,\u00a0works with the rescue\u00a0of honey production from native bee species. Photo: WFP\/Isadora Ferreira<\/figcaption><\/figure><\/p>\n<p>&nbsp;<\/p>\n<p>To discuss possible ways to feed and nourish a population estimated to reach almost 9 billion people by 2030, 30 experts and 300 guests gathered in S\u00e3o Paulo. The seminar \u201cFruto \u2013 Food Dialogues\u201d featured lectures on the cultural, biological and social aspects of food and aimed to consolidate Brazil as the main hub of this discussion.<\/p>\n<p>Experts in areas such as sustainability, gastronomy, agriculture, science and politics, as well as representatives from the food industry, shared their views and discussed strategies and alternatives to guarantee access to quality food for all. The Centre of Excellence against Hunger participated in the event with a presentation on South-South cooperation as a strategy for developing countries to create and adopt sustainable policies and programmes to overcome hunger and poverty.<\/p>\n<p>At the opening of the event, the Brazilian chef Alex Atala, responsible for the organization of the seminar, stated that the idea is for this event to start a movement, with many other events and simultaneous debates about people&#8217;s relationships with food.<\/p>\n<p>Isadora Ferreira, communication officer of the Centre of Excellence against Hunger, stressed in her presentation that overcoming hunger is a huge challenge that can be overcome if faced strategically. &#8220;We need a combination of immediate humanitarian assistance with long-term development actions. The promotion of fair, equitable and sustainable development is indispensable, and of all possible actions in this sense, the Centre of Excellence favors one: school feeding. &#8221;<\/p>\n<p>School feeding creates a structured demand for products from family agriculture, improves and expands food production, generates investments to improve the storage of agricultural production, reduces the need to transport food for long distances, and improves marketing routes. &#8220;Children get healthier, educational indicators improve, we contribute to narrow gender gaps and help make families more resilient to shocks, whether natural, climatic or conflict-related,&#8221; Isadora said.<\/p>\n<p>The seminar took place on January 26 and 27 and was organized by the Brazilian chef Alex Atala and the cultural producer Felipe Ribenboim. Experts such as Carlo Petrini, founder of the Slow Food movement, C\u00e9line Cousteau, member of the Oceans Council of the World Economic Forum, Ernst G\u00f6tsch, agroforestry, Suzana Herculano-Houzel, neuroscientist, Manuela Carneiro da Cunha, anthropologist, among others.<\/p>\n<p>The lectures are available online.\u00a0<a href=\"https:\/\/www.youtube.com\/channel\/UCiR8h7U-XXITbimgqrbh6cg\">Click here.<\/a><\/p>","protected":false},"excerpt":{"rendered":"<p>&nbsp; To discuss possible ways to feed and nourish a&hellip;<\/p>\n<p> <a class=\"more-link\" href=\"https:\/\/centrodeexcelencia.org.br\/en\/com-transmissao-ao-vivo-no-youtube-e-participacao-de-especialistas-seminario-fruto-traz-debates-sobre-a-questao-da-alimentacao-mundial\/\">Read more<\/a><\/p>\n","protected":false},"author":1,"featured_media":22621,"comment_status":"closed","ping_status":"open","sticky":false,"template":"","format":"standard","meta":{"_monsterinsights_skip_tracking":false,"_monsterinsights_sitenote_active":false,"_monsterinsights_sitenote_note":"","_monsterinsights_sitenote_category":0,"footnotes":""},"categories":[193,187],"tags":[],"class_list":{"0":"post-22620","1":"post","2":"type-post","3":"status-publish","4":"format-standard","5":"has-post-thumbnail","7":"category-eventos","8":"category-noticias"},"yoast_head":"<!-- This site is optimized with the Yoast SEO plugin v27.3 - https:\/\/yoast.com\/product\/yoast-seo-wordpress\/ -->\n<title>With livebroadcast, Fruto seminar brings debates on the issue of world food - WFP<\/title>\n<meta name=\"robots\" content=\"index, follow, max-snippet:-1, max-image-preview:large, max-video-preview:-1\" \/>\n<link rel=\"canonical\" href=\"https:\/\/centrodeexcelencia.org.br\/com-transmissao-ao-vivo-no-youtube-e-participacao-de-especialistas-seminario-fruto-traz-debates-sobre-a-questao-da-alimentacao-mundial\/\" \/>\n<meta property=\"og:locale\" content=\"en_US\" \/>\n<meta property=\"og:type\" content=\"article\" \/>\n<meta property=\"og:title\" content=\"With livebroadcast, Fruto seminar brings debates on the issue of world food - WFP\" \/>\n<meta property=\"og:description\" content=\"&nbsp; To discuss possible ways to feed and nourish a&hellip;  Read more\" \/>\n<meta property=\"og:url\" content=\"https:\/\/centrodeexcelencia.org.br\/com-transmissao-ao-vivo-no-youtube-e-participacao-de-especialistas-seminario-fruto-traz-debates-sobre-a-questao-da-alimentacao-mundial\/\" \/>\n<meta property=\"og:site_name\" content=\"WFP\" \/>\n<meta property=\"article:published_time\" content=\"2018-01-26T03:00:49+00:00\" \/>\n<meta property=\"article:modified_time\" content=\"2024-10-15T23:49:33+00:00\" \/>\n<meta property=\"og:image\" content=\"https:\/\/centrodeexcelencia.org.br\/wp-content\/uploads\/2020\/11\/fruto.jpg\" \/>\n\t<meta property=\"og:image:width\" content=\"1024\" \/>\n\t<meta property=\"og:image:height\" content=\"577\" \/>\n\t<meta property=\"og:image:type\" content=\"image\/jpeg\" \/>\n<meta name=\"author\" content=\"wfp\" \/>\n<meta name=\"twitter:card\" content=\"summary_large_image\" \/>\n<meta name=\"twitter:label1\" content=\"Written by\" \/>\n\t<meta name=\"twitter:data1\" content=\"wfp\" \/>\n\t<meta name=\"twitter:label2\" content=\"Est. reading time\" \/>\n\t<meta name=\"twitter:data2\" content=\"4 minutes\" \/>\n<script type=\"application\/ld+json\" class=\"yoast-schema-graph\">{\"@context\":\"https:\\\/\\\/schema.org\",\"@graph\":[{\"@type\":\"Article\",\"@id\":\"https:\\\/\\\/centrodeexcelencia.org.br\\\/com-transmissao-ao-vivo-no-youtube-e-participacao-de-especialistas-seminario-fruto-traz-debates-sobre-a-questao-da-alimentacao-mundial\\\/#article\",\"isPartOf\":{\"@id\":\"https:\\\/\\\/centrodeexcelencia.org.br\\\/com-transmissao-ao-vivo-no-youtube-e-participacao-de-especialistas-seminario-fruto-traz-debates-sobre-a-questao-da-alimentacao-mundial\\\/\"},\"author\":{\"name\":\"wfp\",\"@id\":\"https:\\\/\\\/centrodeexcelencia.org.br\\\/#\\\/schema\\\/person\\\/9ab199f2e3aff62b44d0a3e6159ccef5\"},\"headline\":\"With livebroadcast, Fruto seminar brings debates on the issue of world food\",\"datePublished\":\"2018-01-26T03:00:49+00:00\",\"dateModified\":\"2024-10-15T23:49:33+00:00\",\"mainEntityOfPage\":{\"@id\":\"https:\\\/\\\/centrodeexcelencia.org.br\\\/com-transmissao-ao-vivo-no-youtube-e-participacao-de-especialistas-seminario-fruto-traz-debates-sobre-a-questao-da-alimentacao-mundial\\\/\"},\"wordCount\":911,\"publisher\":{\"@id\":\"https:\\\/\\\/centrodeexcelencia.org.br\\\/#organization\"},\"image\":{\"@id\":\"https:\\\/\\\/centrodeexcelencia.org.br\\\/com-transmissao-ao-vivo-no-youtube-e-participacao-de-especialistas-seminario-fruto-traz-debates-sobre-a-questao-da-alimentacao-mundial\\\/#primaryimage\"},\"thumbnailUrl\":\"https:\\\/\\\/centrodeexcelencia.org.br\\\/wp-content\\\/uploads\\\/2020\\\/11\\\/fruto.jpg\",\"articleSection\":[\"Events\",\"News\"],\"inLanguage\":\"en-US\"},{\"@type\":\"WebPage\",\"@id\":\"https:\\\/\\\/centrodeexcelencia.org.br\\\/com-transmissao-ao-vivo-no-youtube-e-participacao-de-especialistas-seminario-fruto-traz-debates-sobre-a-questao-da-alimentacao-mundial\\\/\",\"url\":\"https:\\\/\\\/centrodeexcelencia.org.br\\\/com-transmissao-ao-vivo-no-youtube-e-participacao-de-especialistas-seminario-fruto-traz-debates-sobre-a-questao-da-alimentacao-mundial\\\/\",\"name\":\"With livebroadcast, Fruto seminar brings debates on the issue of world food - WFP\",\"isPartOf\":{\"@id\":\"https:\\\/\\\/centrodeexcelencia.org.br\\\/#website\"},\"primaryImageOfPage\":{\"@id\":\"https:\\\/\\\/centrodeexcelencia.org.br\\\/com-transmissao-ao-vivo-no-youtube-e-participacao-de-especialistas-seminario-fruto-traz-debates-sobre-a-questao-da-alimentacao-mundial\\\/#primaryimage\"},\"image\":{\"@id\":\"https:\\\/\\\/centrodeexcelencia.org.br\\\/com-transmissao-ao-vivo-no-youtube-e-participacao-de-especialistas-seminario-fruto-traz-debates-sobre-a-questao-da-alimentacao-mundial\\\/#primaryimage\"},\"thumbnailUrl\":\"https:\\\/\\\/centrodeexcelencia.org.br\\\/wp-content\\\/uploads\\\/2020\\\/11\\\/fruto.jpg\",\"datePublished\":\"2018-01-26T03:00:49+00:00\",\"dateModified\":\"2024-10-15T23:49:33+00:00\",\"breadcrumb\":{\"@id\":\"https:\\\/\\\/centrodeexcelencia.org.br\\\/com-transmissao-ao-vivo-no-youtube-e-participacao-de-especialistas-seminario-fruto-traz-debates-sobre-a-questao-da-alimentacao-mundial\\\/#breadcrumb\"},\"inLanguage\":\"en-US\",\"potentialAction\":[{\"@type\":\"ReadAction\",\"target\":[\"https:\\\/\\\/centrodeexcelencia.org.br\\\/com-transmissao-ao-vivo-no-youtube-e-participacao-de-especialistas-seminario-fruto-traz-debates-sobre-a-questao-da-alimentacao-mundial\\\/\"]}]},{\"@type\":\"ImageObject\",\"inLanguage\":\"en-US\",\"@id\":\"https:\\\/\\\/centrodeexcelencia.org.br\\\/com-transmissao-ao-vivo-no-youtube-e-participacao-de-especialistas-seminario-fruto-traz-debates-sobre-a-questao-da-alimentacao-mundial\\\/#primaryimage\",\"url\":\"https:\\\/\\\/centrodeexcelencia.org.br\\\/wp-content\\\/uploads\\\/2020\\\/11\\\/fruto.jpg\",\"contentUrl\":\"https:\\\/\\\/centrodeexcelencia.org.br\\\/wp-content\\\/uploads\\\/2020\\\/11\\\/fruto.jpg\",\"width\":1024,\"height\":577},{\"@type\":\"BreadcrumbList\",\"@id\":\"https:\\\/\\\/centrodeexcelencia.org.br\\\/com-transmissao-ao-vivo-no-youtube-e-participacao-de-especialistas-seminario-fruto-traz-debates-sobre-a-questao-da-alimentacao-mundial\\\/#breadcrumb\",\"itemListElement\":[{\"@type\":\"ListItem\",\"position\":1,\"name\":\"In\u00edcio\",\"item\":\"https:\\\/\\\/centrodeexcelencia.org.br\\\/\"},{\"@type\":\"ListItem\",\"position\":2,\"name\":\"Com transmiss\u00e3o ao vivo, Semin\u00e1rio Fruto traz debates sobre a quest\u00e3o da alimenta\u00e7\u00e3o mundial\"}]},{\"@type\":\"WebSite\",\"@id\":\"https:\\\/\\\/centrodeexcelencia.org.br\\\/#website\",\"url\":\"https:\\\/\\\/centrodeexcelencia.org.br\\\/\",\"name\":\"WFP\",\"description\":\"Centre of Excellence against Hunger\",\"publisher\":{\"@id\":\"https:\\\/\\\/centrodeexcelencia.org.br\\\/#organization\"},\"potentialAction\":[{\"@type\":\"SearchAction\",\"target\":{\"@type\":\"EntryPoint\",\"urlTemplate\":\"https:\\\/\\\/centrodeexcelencia.org.br\\\/?s={search_term_string}\"},\"query-input\":{\"@type\":\"PropertyValueSpecification\",\"valueRequired\":true,\"valueName\":\"search_term_string\"}}],\"inLanguage\":\"en-US\"},{\"@type\":\"Organization\",\"@id\":\"https:\\\/\\\/centrodeexcelencia.org.br\\\/#organization\",\"name\":\"WFP\",\"url\":\"https:\\\/\\\/centrodeexcelencia.org.br\\\/\",\"logo\":{\"@type\":\"ImageObject\",\"inLanguage\":\"en-US\",\"@id\":\"https:\\\/\\\/centrodeexcelencia.org.br\\\/#\\\/schema\\\/logo\\\/image\\\/\",\"url\":\"https:\\\/\\\/centrodeexcelencia.org.br\\\/wp-content\\\/uploads\\\/2026\\\/01\\\/Sem-titulo-1_Prancheta-1-1.png\",\"contentUrl\":\"https:\\\/\\\/centrodeexcelencia.org.br\\\/wp-content\\\/uploads\\\/2026\\\/01\\\/Sem-titulo-1_Prancheta-1-1.png\",\"width\":259,\"height\":395,\"caption\":\"WFP\"},\"image\":{\"@id\":\"https:\\\/\\\/centrodeexcelencia.org.br\\\/#\\\/schema\\\/logo\\\/image\\\/\"}},{\"@type\":\"Person\",\"@id\":\"https:\\\/\\\/centrodeexcelencia.org.br\\\/#\\\/schema\\\/person\\\/9ab199f2e3aff62b44d0a3e6159ccef5\",\"name\":\"wfp\",\"image\":{\"@type\":\"ImageObject\",\"inLanguage\":\"en-US\",\"@id\":\"https:\\\/\\\/secure.gravatar.com\\\/avatar\\\/5ec0916dd2648bdcd2cc1120c0feef5cbbde3e174fbfccec6ca3aa271397ee12?s=96&d=mm&r=g\",\"url\":\"https:\\\/\\\/secure.gravatar.com\\\/avatar\\\/5ec0916dd2648bdcd2cc1120c0feef5cbbde3e174fbfccec6ca3aa271397ee12?s=96&d=mm&r=g\",\"contentUrl\":\"https:\\\/\\\/secure.gravatar.com\\\/avatar\\\/5ec0916dd2648bdcd2cc1120c0feef5cbbde3e174fbfccec6ca3aa271397ee12?s=96&d=mm&r=g\",\"caption\":\"wfp\"},\"sameAs\":[\"https:\\\/\\\/centrodeexcelencia.org.br\"],\"url\":\"https:\\\/\\\/centrodeexcelencia.org.br\\\/en\\\/author\\\/wfp\\\/\"}]}<\/script>\n<!-- \/ Yoast SEO plugin. -->","yoast_head_json":{"title":"With livebroadcast, Fruto seminar brings debates on the issue of world food - WFP","robots":{"index":"index","follow":"follow","max-snippet":"max-snippet:-1","max-image-preview":"max-image-preview:large","max-video-preview":"max-video-preview:-1"},"canonical":"https:\/\/centrodeexcelencia.org.br\/com-transmissao-ao-vivo-no-youtube-e-participacao-de-especialistas-seminario-fruto-traz-debates-sobre-a-questao-da-alimentacao-mundial\/","og_locale":"en_US","og_type":"article","og_title":"With livebroadcast, Fruto seminar brings debates on the issue of world food - WFP","og_description":"&nbsp; To discuss possible ways to feed and nourish a&hellip;  Read more","og_url":"https:\/\/centrodeexcelencia.org.br\/com-transmissao-ao-vivo-no-youtube-e-participacao-de-especialistas-seminario-fruto-traz-debates-sobre-a-questao-da-alimentacao-mundial\/","og_site_name":"WFP","article_published_time":"2018-01-26T03:00:49+00:00","article_modified_time":"2024-10-15T23:49:33+00:00","og_image":[{"width":1024,"height":577,"url":"https:\/\/centrodeexcelencia.org.br\/wp-content\/uploads\/2020\/11\/fruto.jpg","type":"image\/jpeg"}],"author":"wfp","twitter_card":"summary_large_image","twitter_misc":{"Written by":"wfp","Est. reading time":"4 minutes"},"schema":{"@context":"https:\/\/schema.org","@graph":[{"@type":"Article","@id":"https:\/\/centrodeexcelencia.org.br\/com-transmissao-ao-vivo-no-youtube-e-participacao-de-especialistas-seminario-fruto-traz-debates-sobre-a-questao-da-alimentacao-mundial\/#article","isPartOf":{"@id":"https:\/\/centrodeexcelencia.org.br\/com-transmissao-ao-vivo-no-youtube-e-participacao-de-especialistas-seminario-fruto-traz-debates-sobre-a-questao-da-alimentacao-mundial\/"},"author":{"name":"wfp","@id":"https:\/\/centrodeexcelencia.org.br\/#\/schema\/person\/9ab199f2e3aff62b44d0a3e6159ccef5"},"headline":"With livebroadcast, Fruto seminar brings debates on the issue of world food","datePublished":"2018-01-26T03:00:49+00:00","dateModified":"2024-10-15T23:49:33+00:00","mainEntityOfPage":{"@id":"https:\/\/centrodeexcelencia.org.br\/com-transmissao-ao-vivo-no-youtube-e-participacao-de-especialistas-seminario-fruto-traz-debates-sobre-a-questao-da-alimentacao-mundial\/"},"wordCount":911,"publisher":{"@id":"https:\/\/centrodeexcelencia.org.br\/#organization"},"image":{"@id":"https:\/\/centrodeexcelencia.org.br\/com-transmissao-ao-vivo-no-youtube-e-participacao-de-especialistas-seminario-fruto-traz-debates-sobre-a-questao-da-alimentacao-mundial\/#primaryimage"},"thumbnailUrl":"https:\/\/centrodeexcelencia.org.br\/wp-content\/uploads\/2020\/11\/fruto.jpg","articleSection":["Events","News"],"inLanguage":"en-US"},{"@type":"WebPage","@id":"https:\/\/centrodeexcelencia.org.br\/com-transmissao-ao-vivo-no-youtube-e-participacao-de-especialistas-seminario-fruto-traz-debates-sobre-a-questao-da-alimentacao-mundial\/","url":"https:\/\/centrodeexcelencia.org.br\/com-transmissao-ao-vivo-no-youtube-e-participacao-de-especialistas-seminario-fruto-traz-debates-sobre-a-questao-da-alimentacao-mundial\/","name":"With livebroadcast, Fruto seminar brings debates on the issue of world food - WFP","isPartOf":{"@id":"https:\/\/centrodeexcelencia.org.br\/#website"},"primaryImageOfPage":{"@id":"https:\/\/centrodeexcelencia.org.br\/com-transmissao-ao-vivo-no-youtube-e-participacao-de-especialistas-seminario-fruto-traz-debates-sobre-a-questao-da-alimentacao-mundial\/#primaryimage"},"image":{"@id":"https:\/\/centrodeexcelencia.org.br\/com-transmissao-ao-vivo-no-youtube-e-participacao-de-especialistas-seminario-fruto-traz-debates-sobre-a-questao-da-alimentacao-mundial\/#primaryimage"},"thumbnailUrl":"https:\/\/centrodeexcelencia.org.br\/wp-content\/uploads\/2020\/11\/fruto.jpg","datePublished":"2018-01-26T03:00:49+00:00","dateModified":"2024-10-15T23:49:33+00:00","breadcrumb":{"@id":"https:\/\/centrodeexcelencia.org.br\/com-transmissao-ao-vivo-no-youtube-e-participacao-de-especialistas-seminario-fruto-traz-debates-sobre-a-questao-da-alimentacao-mundial\/#breadcrumb"},"inLanguage":"en-US","potentialAction":[{"@type":"ReadAction","target":["https:\/\/centrodeexcelencia.org.br\/com-transmissao-ao-vivo-no-youtube-e-participacao-de-especialistas-seminario-fruto-traz-debates-sobre-a-questao-da-alimentacao-mundial\/"]}]},{"@type":"ImageObject","inLanguage":"en-US","@id":"https:\/\/centrodeexcelencia.org.br\/com-transmissao-ao-vivo-no-youtube-e-participacao-de-especialistas-seminario-fruto-traz-debates-sobre-a-questao-da-alimentacao-mundial\/#primaryimage","url":"https:\/\/centrodeexcelencia.org.br\/wp-content\/uploads\/2020\/11\/fruto.jpg","contentUrl":"https:\/\/centrodeexcelencia.org.br\/wp-content\/uploads\/2020\/11\/fruto.jpg","width":1024,"height":577},{"@type":"BreadcrumbList","@id":"https:\/\/centrodeexcelencia.org.br\/com-transmissao-ao-vivo-no-youtube-e-participacao-de-especialistas-seminario-fruto-traz-debates-sobre-a-questao-da-alimentacao-mundial\/#breadcrumb","itemListElement":[{"@type":"ListItem","position":1,"name":"In\u00edcio","item":"https:\/\/centrodeexcelencia.org.br\/"},{"@type":"ListItem","position":2,"name":"Com transmiss\u00e3o ao vivo, Semin\u00e1rio Fruto traz debates sobre a quest\u00e3o da alimenta\u00e7\u00e3o mundial"}]},{"@type":"WebSite","@id":"https:\/\/centrodeexcelencia.org.br\/#website","url":"https:\/\/centrodeexcelencia.org.br\/","name":"WFP","description":"Centre of Excellence against Hunger","publisher":{"@id":"https:\/\/centrodeexcelencia.org.br\/#organization"},"potentialAction":[{"@type":"SearchAction","target":{"@type":"EntryPoint","urlTemplate":"https:\/\/centrodeexcelencia.org.br\/?s={search_term_string}"},"query-input":{"@type":"PropertyValueSpecification","valueRequired":true,"valueName":"search_term_string"}}],"inLanguage":"en-US"},{"@type":"Organization","@id":"https:\/\/centrodeexcelencia.org.br\/#organization","name":"WFP","url":"https:\/\/centrodeexcelencia.org.br\/","logo":{"@type":"ImageObject","inLanguage":"en-US","@id":"https:\/\/centrodeexcelencia.org.br\/#\/schema\/logo\/image\/","url":"https:\/\/centrodeexcelencia.org.br\/wp-content\/uploads\/2026\/01\/Sem-titulo-1_Prancheta-1-1.png","contentUrl":"https:\/\/centrodeexcelencia.org.br\/wp-content\/uploads\/2026\/01\/Sem-titulo-1_Prancheta-1-1.png","width":259,"height":395,"caption":"WFP"},"image":{"@id":"https:\/\/centrodeexcelencia.org.br\/#\/schema\/logo\/image\/"}},{"@type":"Person","@id":"https:\/\/centrodeexcelencia.org.br\/#\/schema\/person\/9ab199f2e3aff62b44d0a3e6159ccef5","name":"wfp","image":{"@type":"ImageObject","inLanguage":"en-US","@id":"https:\/\/secure.gravatar.com\/avatar\/5ec0916dd2648bdcd2cc1120c0feef5cbbde3e174fbfccec6ca3aa271397ee12?s=96&d=mm&r=g","url":"https:\/\/secure.gravatar.com\/avatar\/5ec0916dd2648bdcd2cc1120c0feef5cbbde3e174fbfccec6ca3aa271397ee12?s=96&d=mm&r=g","contentUrl":"https:\/\/secure.gravatar.com\/avatar\/5ec0916dd2648bdcd2cc1120c0feef5cbbde3e174fbfccec6ca3aa271397ee12?s=96&d=mm&r=g","caption":"wfp"},"sameAs":["https:\/\/centrodeexcelencia.org.br"],"url":"https:\/\/centrodeexcelencia.org.br\/en\/author\/wfp\/"}]}},"_links":{"self":[{"href":"https:\/\/centrodeexcelencia.org.br\/en\/wp-json\/wp\/v2\/posts\/22620","targetHints":{"allow":["GET"]}}],"collection":[{"href":"https:\/\/centrodeexcelencia.org.br\/en\/wp-json\/wp\/v2\/posts"}],"about":[{"href":"https:\/\/centrodeexcelencia.org.br\/en\/wp-json\/wp\/v2\/types\/post"}],"author":[{"embeddable":true,"href":"https:\/\/centrodeexcelencia.org.br\/en\/wp-json\/wp\/v2\/users\/1"}],"replies":[{"embeddable":true,"href":"https:\/\/centrodeexcelencia.org.br\/en\/wp-json\/wp\/v2\/comments?post=22620"}],"version-history":[{"count":0,"href":"https:\/\/centrodeexcelencia.org.br\/en\/wp-json\/wp\/v2\/posts\/22620\/revisions"}],"wp:featuredmedia":[{"embeddable":true,"href":"https:\/\/centrodeexcelencia.org.br\/en\/wp-json\/wp\/v2\/media\/22621"}],"wp:attachment":[{"href":"https:\/\/centrodeexcelencia.org.br\/en\/wp-json\/wp\/v2\/media?parent=22620"}],"wp:term":[{"taxonomy":"category","embeddable":true,"href":"https:\/\/centrodeexcelencia.org.br\/en\/wp-json\/wp\/v2\/categories?post=22620"},{"taxonomy":"post_tag","embeddable":true,"href":"https:\/\/centrodeexcelencia.org.br\/en\/wp-json\/wp\/v2\/tags?post=22620"}],"curies":[{"name":"wp","href":"https:\/\/api.w.org\/{rel}","templated":true}]}}