{"id":22648,"date":"2018-03-09T11:27:23","date_gmt":"2018-03-09T14:27:23","guid":{"rendered":"https:\/\/centrodeexcelencia.org.br\/international-seminar-sustainability-school-feeding-programs-cplp-countries-meeting-ministers-education-will-take-place-salvador\/"},"modified":"2024-10-15T20:49:31","modified_gmt":"2024-10-15T23:49:31","slug":"international-seminar-sustainability-school-feeding-programs-cplp-countries-meeting-ministers-education-will-take-place-salvador","status":"publish","type":"post","link":"https:\/\/centrodeexcelencia.org.br\/en\/international-seminar-sustainability-school-feeding-programs-cplp-countries-meeting-ministers-education-will-take-place-salvador\/","title":{"rendered":"Seminar of the Community of Portuguese Language Countries on School Feeding will take place in Salvador"},"content":{"rendered":"<p><img fetchpriority=\"high\" decoding=\"async\" class=\"alignnone size-large wp-image-766\" src=\"http:\/\/centrodeexcelencia.org.br\/wp-content\/uploads\/2018\/03\/CPLPimage-1024x783.jpg\" alt=\"\" width=\"1024\" height=\"783\" \/><\/p>\n<p>&nbsp;<\/p>\n<p>The International Seminar of the Community of Portuguese Language Countries on School Feeding in the framework of the Meeting of Ministers of Education\u00a0will take place on 14 and 15 March in Salvador, Brazil. Representatives of school feeding departments in CPLP countries, related areas in Ministries of Education, and guests will take part at the event.<\/p>\n<p>The seminar aims to contribute to the creation and development of school feeding programs in CPLP member states, focusing on the advances and challenges in order to achieve the sustainability of public policies, as well as on the establishment of mechanisms for institutional purchases from smallholder farmers.<\/p>\n<p>The\u00a0National Fund for Education Development (FNDE) and the International Advisory Office of the Brazilian Ministry of Education are hosting the event with support from the Ministry of Social Development and the Brazilian Cooperation Agency (ABC), the World Food Program (WFP) and the Food and Agriculture Organization of the United Nations (FAO).<\/p>","protected":false},"excerpt":{"rendered":"<p>&nbsp; The International Seminar of the Community of Portuguese Language&hellip;<\/p>\n<p> <a class=\"more-link\" href=\"https:\/\/centrodeexcelencia.org.br\/en\/international-seminar-sustainability-school-feeding-programs-cplp-countries-meeting-ministers-education-will-take-place-salvador\/\">Read more<\/a><\/p>\n","protected":false},"author":1,"featured_media":22649,"comment_status":"closed","ping_status":"open","sticky":false,"template":"","format":"standard","meta":{"_monsterinsights_skip_tracking":false,"_monsterinsights_sitenote_active":false,"_monsterinsights_sitenote_note":"","_monsterinsights_sitenote_category":0,"footnotes":""},"categories":[193,187],"tags":[113,198,67,102,206],"class_list":{"0":"post-22648","1":"post","2":"type-post","3":"status-publish","4":"format-standard","5":"has-post-thumbnail","7":"category-eventos","8":"category-noticias","9":"tag-abc","10":"tag-alimentacao-escolar","11":"tag-cplp","12":"tag-fnde","13":"tag-south-south-cooperation"},"yoast_head":"<!-- This site is optimized with the Yoast SEO plugin v27.3 - https:\/\/yoast.com\/product\/yoast-seo-wordpress\/ -->\n<title>Seminar of the Community of Portuguese Language Countries on School Feeding will take place in Salvador - WFP<\/title>\n<meta name=\"robots\" content=\"index, follow, max-snippet:-1, max-image-preview:large, max-video-preview:-1\" \/>\n<link rel=\"canonical\" href=\"https:\/\/centrodeexcelencia.org.br\/international-seminar-sustainability-school-feeding-programs-cplp-countries-meeting-ministers-education-will-take-place-salvador\/\" \/>\n<meta property=\"og:locale\" content=\"en_US\" \/>\n<meta property=\"og:type\" content=\"article\" \/>\n<meta property=\"og:title\" content=\"Seminar of the Community of Portuguese Language Countries on School Feeding will take place in Salvador - WFP\" \/>\n<meta property=\"og:description\" content=\"&nbsp; The International Seminar of the Community of Portuguese Language&hellip;  Read more\" \/>\n<meta property=\"og:url\" content=\"https:\/\/centrodeexcelencia.org.br\/international-seminar-sustainability-school-feeding-programs-cplp-countries-meeting-ministers-education-will-take-place-salvador\/\" \/>\n<meta property=\"og:site_name\" content=\"WFP\" \/>\n<meta property=\"article:published_time\" content=\"2018-03-09T14:27:23+00:00\" \/>\n<meta property=\"article:modified_time\" content=\"2024-10-15T23:49:31+00:00\" \/>\n<meta property=\"og:image\" content=\"https:\/\/centrodeexcelencia.org.br\/wp-content\/uploads\/2020\/11\/CPLPimage.jpg\" \/>\n\t<meta property=\"og:image:width\" content=\"1024\" \/>\n\t<meta property=\"og:image:height\" content=\"783\" \/>\n\t<meta property=\"og:image:type\" content=\"image\/jpeg\" \/>\n<meta name=\"author\" content=\"wfp\" \/>\n<meta name=\"twitter:card\" content=\"summary_large_image\" \/>\n<meta name=\"twitter:label1\" content=\"Written by\" \/>\n\t<meta name=\"twitter:data1\" content=\"wfp\" \/>\n\t<meta name=\"twitter:label2\" content=\"Est. reading time\" \/>\n\t<meta name=\"twitter:data2\" content=\"2 minutes\" \/>\n<script type=\"application\/ld+json\" class=\"yoast-schema-graph\">{\"@context\":\"https:\\\/\\\/schema.org\",\"@graph\":[{\"@type\":\"Article\",\"@id\":\"https:\\\/\\\/centrodeexcelencia.org.br\\\/international-seminar-sustainability-school-feeding-programs-cplp-countries-meeting-ministers-education-will-take-place-salvador\\\/#article\",\"isPartOf\":{\"@id\":\"https:\\\/\\\/centrodeexcelencia.org.br\\\/international-seminar-sustainability-school-feeding-programs-cplp-countries-meeting-ministers-education-will-take-place-salvador\\\/\"},\"author\":{\"name\":\"wfp\",\"@id\":\"https:\\\/\\\/centrodeexcelencia.org.br\\\/#\\\/schema\\\/person\\\/9ab199f2e3aff62b44d0a3e6159ccef5\"},\"headline\":\"Seminar of the Community of Portuguese Language Countries on School Feeding will take place in Salvador\",\"datePublished\":\"2018-03-09T14:27:23+00:00\",\"dateModified\":\"2024-10-15T23:49:31+00:00\",\"mainEntityOfPage\":{\"@id\":\"https:\\\/\\\/centrodeexcelencia.org.br\\\/international-seminar-sustainability-school-feeding-programs-cplp-countries-meeting-ministers-education-will-take-place-salvador\\\/\"},\"wordCount\":382,\"publisher\":{\"@id\":\"https:\\\/\\\/centrodeexcelencia.org.br\\\/#organization\"},\"image\":{\"@id\":\"https:\\\/\\\/centrodeexcelencia.org.br\\\/international-seminar-sustainability-school-feeding-programs-cplp-countries-meeting-ministers-education-will-take-place-salvador\\\/#primaryimage\"},\"thumbnailUrl\":\"https:\\\/\\\/centrodeexcelencia.org.br\\\/wp-content\\\/uploads\\\/2020\\\/11\\\/CPLPimage.jpg\",\"keywords\":[\"abc\",\"alimenta\u00e7\u00e3o escolar\",\"cplp\",\"FNDE\",\"south-south cooperation\"],\"articleSection\":[\"Events\",\"News\"],\"inLanguage\":\"en-US\"},{\"@type\":\"WebPage\",\"@id\":\"https:\\\/\\\/centrodeexcelencia.org.br\\\/international-seminar-sustainability-school-feeding-programs-cplp-countries-meeting-ministers-education-will-take-place-salvador\\\/\",\"url\":\"https:\\\/\\\/centrodeexcelencia.org.br\\\/international-seminar-sustainability-school-feeding-programs-cplp-countries-meeting-ministers-education-will-take-place-salvador\\\/\",\"name\":\"Seminar of the Community of Portuguese Language Countries on School Feeding will take place in Salvador - WFP\",\"isPartOf\":{\"@id\":\"https:\\\/\\\/centrodeexcelencia.org.br\\\/#website\"},\"primaryImageOfPage\":{\"@id\":\"https:\\\/\\\/centrodeexcelencia.org.br\\\/international-seminar-sustainability-school-feeding-programs-cplp-countries-meeting-ministers-education-will-take-place-salvador\\\/#primaryimage\"},\"image\":{\"@id\":\"https:\\\/\\\/centrodeexcelencia.org.br\\\/international-seminar-sustainability-school-feeding-programs-cplp-countries-meeting-ministers-education-will-take-place-salvador\\\/#primaryimage\"},\"thumbnailUrl\":\"https:\\\/\\\/centrodeexcelencia.org.br\\\/wp-content\\\/uploads\\\/2020\\\/11\\\/CPLPimage.jpg\",\"datePublished\":\"2018-03-09T14:27:23+00:00\",\"dateModified\":\"2024-10-15T23:49:31+00:00\",\"breadcrumb\":{\"@id\":\"https:\\\/\\\/centrodeexcelencia.org.br\\\/international-seminar-sustainability-school-feeding-programs-cplp-countries-meeting-ministers-education-will-take-place-salvador\\\/#breadcrumb\"},\"inLanguage\":\"en-US\",\"potentialAction\":[{\"@type\":\"ReadAction\",\"target\":[\"https:\\\/\\\/centrodeexcelencia.org.br\\\/international-seminar-sustainability-school-feeding-programs-cplp-countries-meeting-ministers-education-will-take-place-salvador\\\/\"]}]},{\"@type\":\"ImageObject\",\"inLanguage\":\"en-US\",\"@id\":\"https:\\\/\\\/centrodeexcelencia.org.br\\\/international-seminar-sustainability-school-feeding-programs-cplp-countries-meeting-ministers-education-will-take-place-salvador\\\/#primaryimage\",\"url\":\"https:\\\/\\\/centrodeexcelencia.org.br\\\/wp-content\\\/uploads\\\/2020\\\/11\\\/CPLPimage.jpg\",\"contentUrl\":\"https:\\\/\\\/centrodeexcelencia.org.br\\\/wp-content\\\/uploads\\\/2020\\\/11\\\/CPLPimage.jpg\",\"width\":1024,\"height\":783},{\"@type\":\"BreadcrumbList\",\"@id\":\"https:\\\/\\\/centrodeexcelencia.org.br\\\/international-seminar-sustainability-school-feeding-programs-cplp-countries-meeting-ministers-education-will-take-place-salvador\\\/#breadcrumb\",\"itemListElement\":[{\"@type\":\"ListItem\",\"position\":1,\"name\":\"In\u00edcio\",\"item\":\"https:\\\/\\\/centrodeexcelencia.org.br\\\/\"},{\"@type\":\"ListItem\",\"position\":2,\"name\":\"Semin\u00e1rio \u201cSustentabilidade dos Programas de Alimenta\u00e7\u00e3o Escolar dos pa\u00edses da CPLP\u201d acontece em Salvador\"}]},{\"@type\":\"WebSite\",\"@id\":\"https:\\\/\\\/centrodeexcelencia.org.br\\\/#website\",\"url\":\"https:\\\/\\\/centrodeexcelencia.org.br\\\/\",\"name\":\"WFP\",\"description\":\"Centre of Excellence against Hunger\",\"publisher\":{\"@id\":\"https:\\\/\\\/centrodeexcelencia.org.br\\\/#organization\"},\"potentialAction\":[{\"@type\":\"SearchAction\",\"target\":{\"@type\":\"EntryPoint\",\"urlTemplate\":\"https:\\\/\\\/centrodeexcelencia.org.br\\\/?s={search_term_string}\"},\"query-input\":{\"@type\":\"PropertyValueSpecification\",\"valueRequired\":true,\"valueName\":\"search_term_string\"}}],\"inLanguage\":\"en-US\"},{\"@type\":\"Organization\",\"@id\":\"https:\\\/\\\/centrodeexcelencia.org.br\\\/#organization\",\"name\":\"WFP\",\"url\":\"https:\\\/\\\/centrodeexcelencia.org.br\\\/\",\"logo\":{\"@type\":\"ImageObject\",\"inLanguage\":\"en-US\",\"@id\":\"https:\\\/\\\/centrodeexcelencia.org.br\\\/#\\\/schema\\\/logo\\\/image\\\/\",\"url\":\"https:\\\/\\\/centrodeexcelencia.org.br\\\/wp-content\\\/uploads\\\/2026\\\/01\\\/Sem-titulo-1_Prancheta-1-1.png\",\"contentUrl\":\"https:\\\/\\\/centrodeexcelencia.org.br\\\/wp-content\\\/uploads\\\/2026\\\/01\\\/Sem-titulo-1_Prancheta-1-1.png\",\"width\":259,\"height\":395,\"caption\":\"WFP\"},\"image\":{\"@id\":\"https:\\\/\\\/centrodeexcelencia.org.br\\\/#\\\/schema\\\/logo\\\/image\\\/\"}},{\"@type\":\"Person\",\"@id\":\"https:\\\/\\\/centrodeexcelencia.org.br\\\/#\\\/schema\\\/person\\\/9ab199f2e3aff62b44d0a3e6159ccef5\",\"name\":\"wfp\",\"image\":{\"@type\":\"ImageObject\",\"inLanguage\":\"en-US\",\"@id\":\"https:\\\/\\\/secure.gravatar.com\\\/avatar\\\/5ec0916dd2648bdcd2cc1120c0feef5cbbde3e174fbfccec6ca3aa271397ee12?s=96&d=mm&r=g\",\"url\":\"https:\\\/\\\/secure.gravatar.com\\\/avatar\\\/5ec0916dd2648bdcd2cc1120c0feef5cbbde3e174fbfccec6ca3aa271397ee12?s=96&d=mm&r=g\",\"contentUrl\":\"https:\\\/\\\/secure.gravatar.com\\\/avatar\\\/5ec0916dd2648bdcd2cc1120c0feef5cbbde3e174fbfccec6ca3aa271397ee12?s=96&d=mm&r=g\",\"caption\":\"wfp\"},\"sameAs\":[\"https:\\\/\\\/centrodeexcelencia.org.br\"],\"url\":\"https:\\\/\\\/centrodeexcelencia.org.br\\\/en\\\/author\\\/wfp\\\/\"}]}<\/script>\n<!-- \/ Yoast SEO plugin. -->","yoast_head_json":{"title":"Seminar of the Community of Portuguese Language Countries on School Feeding will take place in Salvador - WFP","robots":{"index":"index","follow":"follow","max-snippet":"max-snippet:-1","max-image-preview":"max-image-preview:large","max-video-preview":"max-video-preview:-1"},"canonical":"https:\/\/centrodeexcelencia.org.br\/international-seminar-sustainability-school-feeding-programs-cplp-countries-meeting-ministers-education-will-take-place-salvador\/","og_locale":"en_US","og_type":"article","og_title":"Seminar of the Community of Portuguese Language Countries on School Feeding will take place in Salvador - WFP","og_description":"&nbsp; The International Seminar of the Community of Portuguese Language&hellip;  Read more","og_url":"https:\/\/centrodeexcelencia.org.br\/international-seminar-sustainability-school-feeding-programs-cplp-countries-meeting-ministers-education-will-take-place-salvador\/","og_site_name":"WFP","article_published_time":"2018-03-09T14:27:23+00:00","article_modified_time":"2024-10-15T23:49:31+00:00","og_image":[{"width":1024,"height":783,"url":"https:\/\/centrodeexcelencia.org.br\/wp-content\/uploads\/2020\/11\/CPLPimage.jpg","type":"image\/jpeg"}],"author":"wfp","twitter_card":"summary_large_image","twitter_misc":{"Written by":"wfp","Est. reading time":"2 minutes"},"schema":{"@context":"https:\/\/schema.org","@graph":[{"@type":"Article","@id":"https:\/\/centrodeexcelencia.org.br\/international-seminar-sustainability-school-feeding-programs-cplp-countries-meeting-ministers-education-will-take-place-salvador\/#article","isPartOf":{"@id":"https:\/\/centrodeexcelencia.org.br\/international-seminar-sustainability-school-feeding-programs-cplp-countries-meeting-ministers-education-will-take-place-salvador\/"},"author":{"name":"wfp","@id":"https:\/\/centrodeexcelencia.org.br\/#\/schema\/person\/9ab199f2e3aff62b44d0a3e6159ccef5"},"headline":"Seminar of the Community of Portuguese Language Countries on School Feeding will take place in Salvador","datePublished":"2018-03-09T14:27:23+00:00","dateModified":"2024-10-15T23:49:31+00:00","mainEntityOfPage":{"@id":"https:\/\/centrodeexcelencia.org.br\/international-seminar-sustainability-school-feeding-programs-cplp-countries-meeting-ministers-education-will-take-place-salvador\/"},"wordCount":382,"publisher":{"@id":"https:\/\/centrodeexcelencia.org.br\/#organization"},"image":{"@id":"https:\/\/centrodeexcelencia.org.br\/international-seminar-sustainability-school-feeding-programs-cplp-countries-meeting-ministers-education-will-take-place-salvador\/#primaryimage"},"thumbnailUrl":"https:\/\/centrodeexcelencia.org.br\/wp-content\/uploads\/2020\/11\/CPLPimage.jpg","keywords":["abc","alimenta\u00e7\u00e3o escolar","cplp","FNDE","south-south cooperation"],"articleSection":["Events","News"],"inLanguage":"en-US"},{"@type":"WebPage","@id":"https:\/\/centrodeexcelencia.org.br\/international-seminar-sustainability-school-feeding-programs-cplp-countries-meeting-ministers-education-will-take-place-salvador\/","url":"https:\/\/centrodeexcelencia.org.br\/international-seminar-sustainability-school-feeding-programs-cplp-countries-meeting-ministers-education-will-take-place-salvador\/","name":"Seminar of the Community of Portuguese Language Countries on School Feeding will take place in Salvador - WFP","isPartOf":{"@id":"https:\/\/centrodeexcelencia.org.br\/#website"},"primaryImageOfPage":{"@id":"https:\/\/centrodeexcelencia.org.br\/international-seminar-sustainability-school-feeding-programs-cplp-countries-meeting-ministers-education-will-take-place-salvador\/#primaryimage"},"image":{"@id":"https:\/\/centrodeexcelencia.org.br\/international-seminar-sustainability-school-feeding-programs-cplp-countries-meeting-ministers-education-will-take-place-salvador\/#primaryimage"},"thumbnailUrl":"https:\/\/centrodeexcelencia.org.br\/wp-content\/uploads\/2020\/11\/CPLPimage.jpg","datePublished":"2018-03-09T14:27:23+00:00","dateModified":"2024-10-15T23:49:31+00:00","breadcrumb":{"@id":"https:\/\/centrodeexcelencia.org.br\/international-seminar-sustainability-school-feeding-programs-cplp-countries-meeting-ministers-education-will-take-place-salvador\/#breadcrumb"},"inLanguage":"en-US","potentialAction":[{"@type":"ReadAction","target":["https:\/\/centrodeexcelencia.org.br\/international-seminar-sustainability-school-feeding-programs-cplp-countries-meeting-ministers-education-will-take-place-salvador\/"]}]},{"@type":"ImageObject","inLanguage":"en-US","@id":"https:\/\/centrodeexcelencia.org.br\/international-seminar-sustainability-school-feeding-programs-cplp-countries-meeting-ministers-education-will-take-place-salvador\/#primaryimage","url":"https:\/\/centrodeexcelencia.org.br\/wp-content\/uploads\/2020\/11\/CPLPimage.jpg","contentUrl":"https:\/\/centrodeexcelencia.org.br\/wp-content\/uploads\/2020\/11\/CPLPimage.jpg","width":1024,"height":783},{"@type":"BreadcrumbList","@id":"https:\/\/centrodeexcelencia.org.br\/international-seminar-sustainability-school-feeding-programs-cplp-countries-meeting-ministers-education-will-take-place-salvador\/#breadcrumb","itemListElement":[{"@type":"ListItem","position":1,"name":"In\u00edcio","item":"https:\/\/centrodeexcelencia.org.br\/"},{"@type":"ListItem","position":2,"name":"Semin\u00e1rio \u201cSustentabilidade dos Programas de Alimenta\u00e7\u00e3o Escolar dos pa\u00edses da CPLP\u201d acontece em Salvador"}]},{"@type":"WebSite","@id":"https:\/\/centrodeexcelencia.org.br\/#website","url":"https:\/\/centrodeexcelencia.org.br\/","name":"WFP","description":"Centre of Excellence against Hunger","publisher":{"@id":"https:\/\/centrodeexcelencia.org.br\/#organization"},"potentialAction":[{"@type":"SearchAction","target":{"@type":"EntryPoint","urlTemplate":"https:\/\/centrodeexcelencia.org.br\/?s={search_term_string}"},"query-input":{"@type":"PropertyValueSpecification","valueRequired":true,"valueName":"search_term_string"}}],"inLanguage":"en-US"},{"@type":"Organization","@id":"https:\/\/centrodeexcelencia.org.br\/#organization","name":"WFP","url":"https:\/\/centrodeexcelencia.org.br\/","logo":{"@type":"ImageObject","inLanguage":"en-US","@id":"https:\/\/centrodeexcelencia.org.br\/#\/schema\/logo\/image\/","url":"https:\/\/centrodeexcelencia.org.br\/wp-content\/uploads\/2026\/01\/Sem-titulo-1_Prancheta-1-1.png","contentUrl":"https:\/\/centrodeexcelencia.org.br\/wp-content\/uploads\/2026\/01\/Sem-titulo-1_Prancheta-1-1.png","width":259,"height":395,"caption":"WFP"},"image":{"@id":"https:\/\/centrodeexcelencia.org.br\/#\/schema\/logo\/image\/"}},{"@type":"Person","@id":"https:\/\/centrodeexcelencia.org.br\/#\/schema\/person\/9ab199f2e3aff62b44d0a3e6159ccef5","name":"wfp","image":{"@type":"ImageObject","inLanguage":"en-US","@id":"https:\/\/secure.gravatar.com\/avatar\/5ec0916dd2648bdcd2cc1120c0feef5cbbde3e174fbfccec6ca3aa271397ee12?s=96&d=mm&r=g","url":"https:\/\/secure.gravatar.com\/avatar\/5ec0916dd2648bdcd2cc1120c0feef5cbbde3e174fbfccec6ca3aa271397ee12?s=96&d=mm&r=g","contentUrl":"https:\/\/secure.gravatar.com\/avatar\/5ec0916dd2648bdcd2cc1120c0feef5cbbde3e174fbfccec6ca3aa271397ee12?s=96&d=mm&r=g","caption":"wfp"},"sameAs":["https:\/\/centrodeexcelencia.org.br"],"url":"https:\/\/centrodeexcelencia.org.br\/en\/author\/wfp\/"}]}},"_links":{"self":[{"href":"https:\/\/centrodeexcelencia.org.br\/en\/wp-json\/wp\/v2\/posts\/22648","targetHints":{"allow":["GET"]}}],"collection":[{"href":"https:\/\/centrodeexcelencia.org.br\/en\/wp-json\/wp\/v2\/posts"}],"about":[{"href":"https:\/\/centrodeexcelencia.org.br\/en\/wp-json\/wp\/v2\/types\/post"}],"author":[{"embeddable":true,"href":"https:\/\/centrodeexcelencia.org.br\/en\/wp-json\/wp\/v2\/users\/1"}],"replies":[{"embeddable":true,"href":"https:\/\/centrodeexcelencia.org.br\/en\/wp-json\/wp\/v2\/comments?post=22648"}],"version-history":[{"count":0,"href":"https:\/\/centrodeexcelencia.org.br\/en\/wp-json\/wp\/v2\/posts\/22648\/revisions"}],"wp:featuredmedia":[{"embeddable":true,"href":"https:\/\/centrodeexcelencia.org.br\/en\/wp-json\/wp\/v2\/media\/22649"}],"wp:attachment":[{"href":"https:\/\/centrodeexcelencia.org.br\/en\/wp-json\/wp\/v2\/media?parent=22648"}],"wp:term":[{"taxonomy":"category","embeddable":true,"href":"https:\/\/centrodeexcelencia.org.br\/en\/wp-json\/wp\/v2\/categories?post=22648"},{"taxonomy":"post_tag","embeddable":true,"href":"https:\/\/centrodeexcelencia.org.br\/en\/wp-json\/wp\/v2\/tags?post=22648"}],"curies":[{"name":"wp","href":"https:\/\/api.w.org\/{rel}","templated":true}]}}