{"id":23873,"date":"2021-05-05T14:41:10","date_gmt":"2021-05-05T17:41:10","guid":{"rendered":"https:\/\/centrodeexcelencia.org.br\/?p=23873"},"modified":"2024-10-10T19:04:45","modified_gmt":"2024-10-10T22:04:45","slug":"com-apoio-do-wfp-brasil-faz-doacao-humanitaria-ao-haiti","status":"publish","type":"post","link":"https:\/\/centrodeexcelencia.org.br\/en\/com-apoio-do-wfp-brasil-faz-doacao-humanitaria-ao-haiti\/","title":{"rendered":"Brazil makes humanitarian donation to Haiti with support from the WFP"},"content":{"rendered":"<p><figure id=\"attachment_23874\" aria-describedby=\"caption-attachment-23874\" style=\"width: 700px\" class=\"wp-caption aligncenter\"><img fetchpriority=\"high\" decoding=\"async\" class=\"wp-image-23874 size-full\" src=\"https:\/\/centrodeexcelencia.org.br\/wp-content\/uploads\/2021\/05\/4246.jpeg\" alt=\"Com apoio do WFP, Brasil faz doa\u00e7\u00e3o humanit\u00e1ria ao Haiti\" width=\"700\" height=\"543\" srcset=\"https:\/\/centrodeexcelencia.org.br\/wp-content\/uploads\/2021\/05\/4246.jpeg 700w, https:\/\/centrodeexcelencia.org.br\/wp-content\/uploads\/2021\/05\/4246-300x233.jpeg 300w, https:\/\/centrodeexcelencia.org.br\/wp-content\/uploads\/2021\/05\/4246-600x465.jpeg 600w\" sizes=\"(max-width: 700px) 100vw, 700px\" \/><figcaption id=\"caption-attachment-23874\" class=\"wp-caption-text\">Photo: ABC<\/figcaption><\/figure><\/p>\n<p>&nbsp;<\/p>\n<p>The government of Brazil has made a humanitarian donation of personal protective equipment to Haiti to assist the country&#8217;s efforts to combat the COVID-19 pandemic. The donation included protective masks, gloves, aprons and visors.<span class=\"Apple-converted-space\">\u00a0<\/span><\/p>\n<p>A ceremony market the symbolic delivery of those items at the Justinien University Hospital in Cape Haitian on March 22<sup>nd<\/sup>.<span class=\"Apple-converted-space\">\u00a0 <\/span>The Brazilian Cooperation Agency (ABC), from the Ministry of Foreign Affairs (MRE), coordinated the initiative, which was conducted with the support of the Brazilian Embassy in Port-au-Prince and the World Food Programme (WFP).<\/p>","protected":false},"excerpt":{"rendered":"<p>&nbsp; The government of Brazil has made a humanitarian donation&hellip;<\/p>\n<p> <a class=\"more-link\" href=\"https:\/\/centrodeexcelencia.org.br\/en\/com-apoio-do-wfp-brasil-faz-doacao-humanitaria-ao-haiti\/\">Read more<\/a><\/p>\n","protected":false},"author":83,"featured_media":23874,"comment_status":"closed","ping_status":"open","sticky":false,"template":"","format":"standard","meta":{"_monsterinsights_skip_tracking":false,"_monsterinsights_sitenote_active":false,"_monsterinsights_sitenote_note":"","_monsterinsights_sitenote_category":0,"footnotes":""},"categories":[188,187],"tags":[270],"class_list":{"0":"post-23873","1":"post","2":"type-post","3":"status-publish","4":"format-standard","5":"has-post-thumbnail","7":"category-geral-noticias","8":"category-noticias","9":"tag-haiti"},"yoast_head":"<!-- This site is optimized with the Yoast SEO plugin v27.3 - https:\/\/yoast.com\/product\/yoast-seo-wordpress\/ -->\n<title>Brazil makes humanitarian donation to Haiti with support from the WFP - WFP<\/title>\n<meta name=\"robots\" content=\"index, follow, max-snippet:-1, max-image-preview:large, max-video-preview:-1\" \/>\n<link rel=\"canonical\" href=\"https:\/\/centrodeexcelencia.org.br\/com-apoio-do-wfp-brasil-faz-doacao-humanitaria-ao-haiti\/\" \/>\n<meta property=\"og:locale\" content=\"en_US\" \/>\n<meta property=\"og:type\" content=\"article\" \/>\n<meta property=\"og:title\" content=\"Brazil makes humanitarian donation to Haiti with support from the WFP - WFP\" \/>\n<meta property=\"og:description\" content=\"&nbsp; The government of Brazil has made a humanitarian donation&hellip;  Read more\" \/>\n<meta property=\"og:url\" content=\"https:\/\/centrodeexcelencia.org.br\/com-apoio-do-wfp-brasil-faz-doacao-humanitaria-ao-haiti\/\" \/>\n<meta property=\"og:site_name\" content=\"WFP\" \/>\n<meta property=\"article:published_time\" content=\"2021-05-05T17:41:10+00:00\" \/>\n<meta property=\"article:modified_time\" content=\"2024-10-10T22:04:45+00:00\" \/>\n<meta property=\"og:image\" content=\"https:\/\/centrodeexcelencia.org.br\/wp-content\/uploads\/2021\/05\/4246.jpeg\" \/>\n\t<meta property=\"og:image:width\" content=\"700\" \/>\n\t<meta property=\"og:image:height\" content=\"543\" \/>\n\t<meta property=\"og:image:type\" content=\"image\/jpeg\" \/>\n<meta name=\"author\" content=\"Vit\u00f3ria Lobo\" \/>\n<meta name=\"twitter:card\" content=\"summary_large_image\" \/>\n<meta name=\"twitter:label1\" content=\"Written by\" \/>\n\t<meta name=\"twitter:data1\" content=\"Vit\u00f3ria Lobo\" \/>\n\t<meta name=\"twitter:label2\" content=\"Est. reading time\" \/>\n\t<meta name=\"twitter:data2\" content=\"1 minute\" \/>\n<script type=\"application\/ld+json\" class=\"yoast-schema-graph\">{\"@context\":\"https:\\\/\\\/schema.org\",\"@graph\":[{\"@type\":\"Article\",\"@id\":\"https:\\\/\\\/centrodeexcelencia.org.br\\\/com-apoio-do-wfp-brasil-faz-doacao-humanitaria-ao-haiti\\\/#article\",\"isPartOf\":{\"@id\":\"https:\\\/\\\/centrodeexcelencia.org.br\\\/com-apoio-do-wfp-brasil-faz-doacao-humanitaria-ao-haiti\\\/\"},\"author\":{\"name\":\"Vit\u00f3ria Lobo\",\"@id\":\"https:\\\/\\\/centrodeexcelencia.org.br\\\/#\\\/schema\\\/person\\\/2629ac7f859c90852cc6b9219b468962\"},\"headline\":\"Brazil makes humanitarian donation to Haiti with support from the WFP\",\"datePublished\":\"2021-05-05T17:41:10+00:00\",\"dateModified\":\"2024-10-10T22:04:45+00:00\",\"mainEntityOfPage\":{\"@id\":\"https:\\\/\\\/centrodeexcelencia.org.br\\\/com-apoio-do-wfp-brasil-faz-doacao-humanitaria-ao-haiti\\\/\"},\"wordCount\":234,\"publisher\":{\"@id\":\"https:\\\/\\\/centrodeexcelencia.org.br\\\/#organization\"},\"image\":{\"@id\":\"https:\\\/\\\/centrodeexcelencia.org.br\\\/com-apoio-do-wfp-brasil-faz-doacao-humanitaria-ao-haiti\\\/#primaryimage\"},\"thumbnailUrl\":\"https:\\\/\\\/centrodeexcelencia.org.br\\\/wp-content\\\/uploads\\\/2021\\\/05\\\/4246.jpeg\",\"keywords\":[\"Haiti\"],\"articleSection\":[\"General\",\"News\"],\"inLanguage\":\"en-US\"},{\"@type\":\"WebPage\",\"@id\":\"https:\\\/\\\/centrodeexcelencia.org.br\\\/com-apoio-do-wfp-brasil-faz-doacao-humanitaria-ao-haiti\\\/\",\"url\":\"https:\\\/\\\/centrodeexcelencia.org.br\\\/com-apoio-do-wfp-brasil-faz-doacao-humanitaria-ao-haiti\\\/\",\"name\":\"Brazil makes humanitarian donation to Haiti with support from the WFP - WFP\",\"isPartOf\":{\"@id\":\"https:\\\/\\\/centrodeexcelencia.org.br\\\/#website\"},\"primaryImageOfPage\":{\"@id\":\"https:\\\/\\\/centrodeexcelencia.org.br\\\/com-apoio-do-wfp-brasil-faz-doacao-humanitaria-ao-haiti\\\/#primaryimage\"},\"image\":{\"@id\":\"https:\\\/\\\/centrodeexcelencia.org.br\\\/com-apoio-do-wfp-brasil-faz-doacao-humanitaria-ao-haiti\\\/#primaryimage\"},\"thumbnailUrl\":\"https:\\\/\\\/centrodeexcelencia.org.br\\\/wp-content\\\/uploads\\\/2021\\\/05\\\/4246.jpeg\",\"datePublished\":\"2021-05-05T17:41:10+00:00\",\"dateModified\":\"2024-10-10T22:04:45+00:00\",\"breadcrumb\":{\"@id\":\"https:\\\/\\\/centrodeexcelencia.org.br\\\/com-apoio-do-wfp-brasil-faz-doacao-humanitaria-ao-haiti\\\/#breadcrumb\"},\"inLanguage\":\"en-US\",\"potentialAction\":[{\"@type\":\"ReadAction\",\"target\":[\"https:\\\/\\\/centrodeexcelencia.org.br\\\/com-apoio-do-wfp-brasil-faz-doacao-humanitaria-ao-haiti\\\/\"]}]},{\"@type\":\"ImageObject\",\"inLanguage\":\"en-US\",\"@id\":\"https:\\\/\\\/centrodeexcelencia.org.br\\\/com-apoio-do-wfp-brasil-faz-doacao-humanitaria-ao-haiti\\\/#primaryimage\",\"url\":\"https:\\\/\\\/centrodeexcelencia.org.br\\\/wp-content\\\/uploads\\\/2021\\\/05\\\/4246.jpeg\",\"contentUrl\":\"https:\\\/\\\/centrodeexcelencia.org.br\\\/wp-content\\\/uploads\\\/2021\\\/05\\\/4246.jpeg\",\"width\":700,\"height\":543,\"caption\":\"Com apoio do WFP, Brasil faz doa\u00e7\u00e3o humanit\u00e1ria ao Haiti\"},{\"@type\":\"BreadcrumbList\",\"@id\":\"https:\\\/\\\/centrodeexcelencia.org.br\\\/com-apoio-do-wfp-brasil-faz-doacao-humanitaria-ao-haiti\\\/#breadcrumb\",\"itemListElement\":[{\"@type\":\"ListItem\",\"position\":1,\"name\":\"In\u00edcio\",\"item\":\"https:\\\/\\\/centrodeexcelencia.org.br\\\/\"},{\"@type\":\"ListItem\",\"position\":2,\"name\":\"Com apoio do WFP, Brasil faz doa\u00e7\u00e3o humanit\u00e1ria ao Haiti\"}]},{\"@type\":\"WebSite\",\"@id\":\"https:\\\/\\\/centrodeexcelencia.org.br\\\/#website\",\"url\":\"https:\\\/\\\/centrodeexcelencia.org.br\\\/\",\"name\":\"WFP\",\"description\":\"Centre of Excellence against Hunger\",\"publisher\":{\"@id\":\"https:\\\/\\\/centrodeexcelencia.org.br\\\/#organization\"},\"potentialAction\":[{\"@type\":\"SearchAction\",\"target\":{\"@type\":\"EntryPoint\",\"urlTemplate\":\"https:\\\/\\\/centrodeexcelencia.org.br\\\/?s={search_term_string}\"},\"query-input\":{\"@type\":\"PropertyValueSpecification\",\"valueRequired\":true,\"valueName\":\"search_term_string\"}}],\"inLanguage\":\"en-US\"},{\"@type\":\"Organization\",\"@id\":\"https:\\\/\\\/centrodeexcelencia.org.br\\\/#organization\",\"name\":\"WFP\",\"url\":\"https:\\\/\\\/centrodeexcelencia.org.br\\\/\",\"logo\":{\"@type\":\"ImageObject\",\"inLanguage\":\"en-US\",\"@id\":\"https:\\\/\\\/centrodeexcelencia.org.br\\\/#\\\/schema\\\/logo\\\/image\\\/\",\"url\":\"https:\\\/\\\/centrodeexcelencia.org.br\\\/wp-content\\\/uploads\\\/2026\\\/01\\\/Sem-titulo-1_Prancheta-1-1.png\",\"contentUrl\":\"https:\\\/\\\/centrodeexcelencia.org.br\\\/wp-content\\\/uploads\\\/2026\\\/01\\\/Sem-titulo-1_Prancheta-1-1.png\",\"width\":259,\"height\":395,\"caption\":\"WFP\"},\"image\":{\"@id\":\"https:\\\/\\\/centrodeexcelencia.org.br\\\/#\\\/schema\\\/logo\\\/image\\\/\"}},{\"@type\":\"Person\",\"@id\":\"https:\\\/\\\/centrodeexcelencia.org.br\\\/#\\\/schema\\\/person\\\/2629ac7f859c90852cc6b9219b468962\",\"name\":\"Vit\u00f3ria Lobo\",\"image\":{\"@type\":\"ImageObject\",\"inLanguage\":\"en-US\",\"@id\":\"https:\\\/\\\/secure.gravatar.com\\\/avatar\\\/1e6bbe169c046b2a198c78966d42a7e657fe7e0347d93971317aac9b9beb63c0?s=96&d=mm&r=g\",\"url\":\"https:\\\/\\\/secure.gravatar.com\\\/avatar\\\/1e6bbe169c046b2a198c78966d42a7e657fe7e0347d93971317aac9b9beb63c0?s=96&d=mm&r=g\",\"contentUrl\":\"https:\\\/\\\/secure.gravatar.com\\\/avatar\\\/1e6bbe169c046b2a198c78966d42a7e657fe7e0347d93971317aac9b9beb63c0?s=96&d=mm&r=g\",\"caption\":\"Vit\u00f3ria Lobo\"},\"url\":\"https:\\\/\\\/centrodeexcelencia.org.br\\\/en\\\/author\\\/vitorialobo\\\/\"}]}<\/script>\n<!-- \/ Yoast SEO plugin. -->","yoast_head_json":{"title":"Brazil makes humanitarian donation to Haiti with support from the WFP - WFP","robots":{"index":"index","follow":"follow","max-snippet":"max-snippet:-1","max-image-preview":"max-image-preview:large","max-video-preview":"max-video-preview:-1"},"canonical":"https:\/\/centrodeexcelencia.org.br\/com-apoio-do-wfp-brasil-faz-doacao-humanitaria-ao-haiti\/","og_locale":"en_US","og_type":"article","og_title":"Brazil makes humanitarian donation to Haiti with support from the WFP - WFP","og_description":"&nbsp; The government of Brazil has made a humanitarian donation&hellip;  Read more","og_url":"https:\/\/centrodeexcelencia.org.br\/com-apoio-do-wfp-brasil-faz-doacao-humanitaria-ao-haiti\/","og_site_name":"WFP","article_published_time":"2021-05-05T17:41:10+00:00","article_modified_time":"2024-10-10T22:04:45+00:00","og_image":[{"width":700,"height":543,"url":"https:\/\/centrodeexcelencia.org.br\/wp-content\/uploads\/2021\/05\/4246.jpeg","type":"image\/jpeg"}],"author":"Vit\u00f3ria Lobo","twitter_card":"summary_large_image","twitter_misc":{"Written by":"Vit\u00f3ria Lobo","Est. reading time":"1 minute"},"schema":{"@context":"https:\/\/schema.org","@graph":[{"@type":"Article","@id":"https:\/\/centrodeexcelencia.org.br\/com-apoio-do-wfp-brasil-faz-doacao-humanitaria-ao-haiti\/#article","isPartOf":{"@id":"https:\/\/centrodeexcelencia.org.br\/com-apoio-do-wfp-brasil-faz-doacao-humanitaria-ao-haiti\/"},"author":{"name":"Vit\u00f3ria Lobo","@id":"https:\/\/centrodeexcelencia.org.br\/#\/schema\/person\/2629ac7f859c90852cc6b9219b468962"},"headline":"Brazil makes humanitarian donation to Haiti with support from the WFP","datePublished":"2021-05-05T17:41:10+00:00","dateModified":"2024-10-10T22:04:45+00:00","mainEntityOfPage":{"@id":"https:\/\/centrodeexcelencia.org.br\/com-apoio-do-wfp-brasil-faz-doacao-humanitaria-ao-haiti\/"},"wordCount":234,"publisher":{"@id":"https:\/\/centrodeexcelencia.org.br\/#organization"},"image":{"@id":"https:\/\/centrodeexcelencia.org.br\/com-apoio-do-wfp-brasil-faz-doacao-humanitaria-ao-haiti\/#primaryimage"},"thumbnailUrl":"https:\/\/centrodeexcelencia.org.br\/wp-content\/uploads\/2021\/05\/4246.jpeg","keywords":["Haiti"],"articleSection":["General","News"],"inLanguage":"en-US"},{"@type":"WebPage","@id":"https:\/\/centrodeexcelencia.org.br\/com-apoio-do-wfp-brasil-faz-doacao-humanitaria-ao-haiti\/","url":"https:\/\/centrodeexcelencia.org.br\/com-apoio-do-wfp-brasil-faz-doacao-humanitaria-ao-haiti\/","name":"Brazil makes humanitarian donation to Haiti with support from the WFP - WFP","isPartOf":{"@id":"https:\/\/centrodeexcelencia.org.br\/#website"},"primaryImageOfPage":{"@id":"https:\/\/centrodeexcelencia.org.br\/com-apoio-do-wfp-brasil-faz-doacao-humanitaria-ao-haiti\/#primaryimage"},"image":{"@id":"https:\/\/centrodeexcelencia.org.br\/com-apoio-do-wfp-brasil-faz-doacao-humanitaria-ao-haiti\/#primaryimage"},"thumbnailUrl":"https:\/\/centrodeexcelencia.org.br\/wp-content\/uploads\/2021\/05\/4246.jpeg","datePublished":"2021-05-05T17:41:10+00:00","dateModified":"2024-10-10T22:04:45+00:00","breadcrumb":{"@id":"https:\/\/centrodeexcelencia.org.br\/com-apoio-do-wfp-brasil-faz-doacao-humanitaria-ao-haiti\/#breadcrumb"},"inLanguage":"en-US","potentialAction":[{"@type":"ReadAction","target":["https:\/\/centrodeexcelencia.org.br\/com-apoio-do-wfp-brasil-faz-doacao-humanitaria-ao-haiti\/"]}]},{"@type":"ImageObject","inLanguage":"en-US","@id":"https:\/\/centrodeexcelencia.org.br\/com-apoio-do-wfp-brasil-faz-doacao-humanitaria-ao-haiti\/#primaryimage","url":"https:\/\/centrodeexcelencia.org.br\/wp-content\/uploads\/2021\/05\/4246.jpeg","contentUrl":"https:\/\/centrodeexcelencia.org.br\/wp-content\/uploads\/2021\/05\/4246.jpeg","width":700,"height":543,"caption":"Com apoio do WFP, Brasil faz doa\u00e7\u00e3o humanit\u00e1ria ao Haiti"},{"@type":"BreadcrumbList","@id":"https:\/\/centrodeexcelencia.org.br\/com-apoio-do-wfp-brasil-faz-doacao-humanitaria-ao-haiti\/#breadcrumb","itemListElement":[{"@type":"ListItem","position":1,"name":"In\u00edcio","item":"https:\/\/centrodeexcelencia.org.br\/"},{"@type":"ListItem","position":2,"name":"Com apoio do WFP, Brasil faz doa\u00e7\u00e3o humanit\u00e1ria ao Haiti"}]},{"@type":"WebSite","@id":"https:\/\/centrodeexcelencia.org.br\/#website","url":"https:\/\/centrodeexcelencia.org.br\/","name":"WFP","description":"Centre of Excellence against Hunger","publisher":{"@id":"https:\/\/centrodeexcelencia.org.br\/#organization"},"potentialAction":[{"@type":"SearchAction","target":{"@type":"EntryPoint","urlTemplate":"https:\/\/centrodeexcelencia.org.br\/?s={search_term_string}"},"query-input":{"@type":"PropertyValueSpecification","valueRequired":true,"valueName":"search_term_string"}}],"inLanguage":"en-US"},{"@type":"Organization","@id":"https:\/\/centrodeexcelencia.org.br\/#organization","name":"WFP","url":"https:\/\/centrodeexcelencia.org.br\/","logo":{"@type":"ImageObject","inLanguage":"en-US","@id":"https:\/\/centrodeexcelencia.org.br\/#\/schema\/logo\/image\/","url":"https:\/\/centrodeexcelencia.org.br\/wp-content\/uploads\/2026\/01\/Sem-titulo-1_Prancheta-1-1.png","contentUrl":"https:\/\/centrodeexcelencia.org.br\/wp-content\/uploads\/2026\/01\/Sem-titulo-1_Prancheta-1-1.png","width":259,"height":395,"caption":"WFP"},"image":{"@id":"https:\/\/centrodeexcelencia.org.br\/#\/schema\/logo\/image\/"}},{"@type":"Person","@id":"https:\/\/centrodeexcelencia.org.br\/#\/schema\/person\/2629ac7f859c90852cc6b9219b468962","name":"Vit\u00f3ria Lobo","image":{"@type":"ImageObject","inLanguage":"en-US","@id":"https:\/\/secure.gravatar.com\/avatar\/1e6bbe169c046b2a198c78966d42a7e657fe7e0347d93971317aac9b9beb63c0?s=96&d=mm&r=g","url":"https:\/\/secure.gravatar.com\/avatar\/1e6bbe169c046b2a198c78966d42a7e657fe7e0347d93971317aac9b9beb63c0?s=96&d=mm&r=g","contentUrl":"https:\/\/secure.gravatar.com\/avatar\/1e6bbe169c046b2a198c78966d42a7e657fe7e0347d93971317aac9b9beb63c0?s=96&d=mm&r=g","caption":"Vit\u00f3ria Lobo"},"url":"https:\/\/centrodeexcelencia.org.br\/en\/author\/vitorialobo\/"}]}},"_links":{"self":[{"href":"https:\/\/centrodeexcelencia.org.br\/en\/wp-json\/wp\/v2\/posts\/23873","targetHints":{"allow":["GET"]}}],"collection":[{"href":"https:\/\/centrodeexcelencia.org.br\/en\/wp-json\/wp\/v2\/posts"}],"about":[{"href":"https:\/\/centrodeexcelencia.org.br\/en\/wp-json\/wp\/v2\/types\/post"}],"author":[{"embeddable":true,"href":"https:\/\/centrodeexcelencia.org.br\/en\/wp-json\/wp\/v2\/users\/83"}],"replies":[{"embeddable":true,"href":"https:\/\/centrodeexcelencia.org.br\/en\/wp-json\/wp\/v2\/comments?post=23873"}],"version-history":[{"count":0,"href":"https:\/\/centrodeexcelencia.org.br\/en\/wp-json\/wp\/v2\/posts\/23873\/revisions"}],"wp:featuredmedia":[{"embeddable":true,"href":"https:\/\/centrodeexcelencia.org.br\/en\/wp-json\/wp\/v2\/media\/23874"}],"wp:attachment":[{"href":"https:\/\/centrodeexcelencia.org.br\/en\/wp-json\/wp\/v2\/media?parent=23873"}],"wp:term":[{"taxonomy":"category","embeddable":true,"href":"https:\/\/centrodeexcelencia.org.br\/en\/wp-json\/wp\/v2\/categories?post=23873"},{"taxonomy":"post_tag","embeddable":true,"href":"https:\/\/centrodeexcelencia.org.br\/en\/wp-json\/wp\/v2\/tags?post=23873"}],"curies":[{"name":"wp","href":"https:\/\/api.w.org\/{rel}","templated":true}]}}