{"id":24107,"date":"2021-07-08T17:01:31","date_gmt":"2021-07-08T20:01:31","guid":{"rendered":"https:\/\/centrodeexcelencia.org.br\/?p=24107"},"modified":"2024-10-10T19:04:41","modified_gmt":"2024-10-10T22:04:41","slug":"projetos-do-centro-de-excelencia-sao-discutidos-no-dialogo-brasileiro-da-cupula-dos-sistemas-alimentares","status":"publish","type":"post","link":"https:\/\/centrodeexcelencia.org.br\/en\/projetos-do-centro-de-excelencia-sao-discutidos-no-dialogo-brasileiro-da-cupula-dos-sistemas-alimentares\/","title":{"rendered":"Centre of Excellence presents projects at the Brazilian Dialogue of the UN Food Systems Summit"},"content":{"rendered":"<p><figure id=\"attachment_24109\" aria-describedby=\"caption-attachment-24109\" style=\"width: 1200px\" class=\"wp-caption aligncenter\"><img fetchpriority=\"high\" decoding=\"async\" class=\"size-full wp-image-24109\" src=\"https:\/\/centrodeexcelencia.org.br\/wp-content\/uploads\/2021\/07\/WF122937_MLW_20180322_WFP-Badre_Bahaji_0012_Medium_res.jpg\" alt=\"Projetos do Centro de Excel\u00eancia s\u00e3o discutidos no Di\u00e1logo Brasileiro da C\u00fapula dos Sistemas Alimentares\" width=\"1200\" height=\"800\" srcset=\"https:\/\/centrodeexcelencia.org.br\/wp-content\/uploads\/2021\/07\/WF122937_MLW_20180322_WFP-Badre_Bahaji_0012_Medium_res.jpg 1200w, https:\/\/centrodeexcelencia.org.br\/wp-content\/uploads\/2021\/07\/WF122937_MLW_20180322_WFP-Badre_Bahaji_0012_Medium_res-300x200.jpg 300w, https:\/\/centrodeexcelencia.org.br\/wp-content\/uploads\/2021\/07\/WF122937_MLW_20180322_WFP-Badre_Bahaji_0012_Medium_res-1024x683.jpg 1024w, https:\/\/centrodeexcelencia.org.br\/wp-content\/uploads\/2021\/07\/WF122937_MLW_20180322_WFP-Badre_Bahaji_0012_Medium_res-768x512.jpg 768w, https:\/\/centrodeexcelencia.org.br\/wp-content\/uploads\/2021\/07\/WF122937_MLW_20180322_WFP-Badre_Bahaji_0012_Medium_res-600x400.jpg 600w\" sizes=\"(max-width: 1200px) 100vw, 1200px\" \/><figcaption id=\"caption-attachment-24109\" class=\"wp-caption-text\">Photo: WFP\/Badre Bahai<\/figcaption><\/figure><\/p>\n<p>On Thursday, July 8<sup>th<\/sup>, the WFP Centre of Excellence against Hunger Brazil participated in the last videoconference of the Brazilian National Dialogue, a preparatory event for the UN Food Systems Summit, which will take place in September. The theme of the fourth online conference was \u201cSustainable Food Systems: Brazilian Proposals\u201d and it discussed the characteristics of the Brazilian food systems and the proposals presented by the government in the preparatory process for the Summit.<\/p>\n<p>Participants ranged from NGOs, civil society and international organizations, who discussed responsible food production and consumption, food and nutrition security, food consumption standards and the guidelines set by the <a href=\"https:\/\/bvsms.saude.gov.br\/bvs\/publicacoes\/guia_alimentar_populacao_brasileira_2ed.pdf\">Brazilian Food Guide<\/a> for a healthy and balanced diet. Thus, the contributions of the Brazilian experience in the development of sustainable food systems will be compiled and taken to the Food Systems Summit.<\/p>\n<p>In his presentation, Victor Salviati, superintendent of NGO Sustainable Amazon Foundation (FAS), a partner of the Centre of Excellence, stated that environmental conservation and improved quality of life for vulnerable populations will only be possible through investments in productive infrastructure, entrepreneurial training and market access \u2013 always with a focus on family farming, resilience and food security. \u201cEffective governance for food resilience is only possible with a focus on access to regional and healthy food for schools, local food production, local markets and fair supply chains that value the small producer,\u201d he said.<\/p>\n<p>This strategy is in line with the guidelines set by the <a href=\"https:\/\/centrodeexcelencia.org.br\/en\/alem-do-algodao\/\">Beyond Cotton Project<\/a>, which aims to increase production, local income and food and nutritional security for family farmers. During the event, Albaneide Peixinho, Project Coordinator at the WFP Centre of Excellence, explained how the project supports the development of sustainable food systems. She also highlighted the importance of combating the multiple burden of malnutrition \u2013 the coexistence of malnutrition and overweight and obesity \u2013 a condition that affects many people around the world.<\/p>\n<p>The Ministry of Health, a partner of the Centre of Excellence in the <a href=\"https:\/\/centrodeexcelencia.org.br\/en\/nutrir-o-futuro\/\">Nurture the Future<\/a> project, also reinforced the need to face these problems. &#8220;There are millions of people facing malnutrition, nutritional deficiencies such as anaemia and others, overweight and obesity. So food insecurity is a structural problem and not a momentary one, so it will only be overcome when we have efficient public policies and more sustainable food systems in place. The <a href=\"https:\/\/bvsms.saude.gov.br\/bvs\/publicacoes\/guia_alimentar_populacao_brasileira_2ed.pdf\">Brazilian Food Guide<\/a> is a great tool for us to achieve these goals&#8221;, said Paloma Marinho, Deputy Coordinator of the General Coordination of Food and Nutrition (CGAN), of the Ministry of Health.<\/p>\n<p>To learn more about preparatory events hosted by Brazil ahead of the summit, <a href=\"https:\/\/www.gov.br\/mre\/pt-br\/cupula-2021-sistemas-alimentares-dialogos\">please click here<\/a>.<\/p>","protected":false},"excerpt":{"rendered":"<p>On Thursday, July 8th, the WFP Centre of Excellence against&hellip;<\/p>\n<p> <a class=\"more-link\" href=\"https:\/\/centrodeexcelencia.org.br\/en\/projetos-do-centro-de-excelencia-sao-discutidos-no-dialogo-brasileiro-da-cupula-dos-sistemas-alimentares\/\">Read more<\/a><\/p>\n","protected":false},"author":83,"featured_media":24109,"comment_status":"closed","ping_status":"open","sticky":false,"template":"","format":"standard","meta":{"_monsterinsights_skip_tracking":false,"_monsterinsights_sitenote_active":false,"_monsterinsights_sitenote_note":"","_monsterinsights_sitenote_category":0,"footnotes":""},"categories":[190,193,187,191,1],"tags":[],"class_list":{"0":"post-24107","1":"post","2":"type-post","3":"status-publish","4":"format-standard","5":"has-post-thumbnail","7":"category-alem-do-algodao-noticias","8":"category-eventos","9":"category-noticias","10":"category-nutricao-noticias","11":"category-uncategorized"},"yoast_head":"<!-- This site is optimized with the Yoast SEO plugin v27.3 - https:\/\/yoast.com\/product\/yoast-seo-wordpress\/ -->\n<title>Centre of Excellence presents projects at the Brazilian Dialogue of the UN Food Systems Summit - WFP<\/title>\n<meta name=\"robots\" content=\"index, follow, max-snippet:-1, max-image-preview:large, max-video-preview:-1\" \/>\n<link rel=\"canonical\" href=\"https:\/\/centrodeexcelencia.org.br\/projetos-do-centro-de-excelencia-sao-discutidos-no-dialogo-brasileiro-da-cupula-dos-sistemas-alimentares\/\" \/>\n<meta property=\"og:locale\" content=\"en_US\" \/>\n<meta property=\"og:type\" content=\"article\" \/>\n<meta property=\"og:title\" content=\"Centre of Excellence presents projects at the Brazilian Dialogue of the UN Food Systems Summit - WFP\" \/>\n<meta property=\"og:description\" content=\"On Thursday, July 8th, the WFP Centre of Excellence against&hellip;  Read more\" \/>\n<meta property=\"og:url\" content=\"https:\/\/centrodeexcelencia.org.br\/projetos-do-centro-de-excelencia-sao-discutidos-no-dialogo-brasileiro-da-cupula-dos-sistemas-alimentares\/\" \/>\n<meta property=\"og:site_name\" content=\"WFP\" \/>\n<meta property=\"article:published_time\" content=\"2021-07-08T20:01:31+00:00\" \/>\n<meta property=\"article:modified_time\" content=\"2024-10-10T22:04:41+00:00\" \/>\n<meta property=\"og:image\" content=\"https:\/\/centrodeexcelencia.org.br\/wp-content\/uploads\/2021\/07\/WF122937_MLW_20180322_WFP-Badre_Bahaji_0012_Medium_res.jpg\" \/>\n\t<meta property=\"og:image:width\" content=\"1200\" \/>\n\t<meta property=\"og:image:height\" content=\"800\" \/>\n\t<meta property=\"og:image:type\" content=\"image\/jpeg\" \/>\n<meta name=\"author\" content=\"Vit\u00f3ria Lobo\" \/>\n<meta name=\"twitter:card\" content=\"summary_large_image\" \/>\n<meta name=\"twitter:label1\" content=\"Written by\" \/>\n\t<meta name=\"twitter:data1\" content=\"Vit\u00f3ria Lobo\" \/>\n\t<meta name=\"twitter:label2\" content=\"Est. reading time\" \/>\n\t<meta name=\"twitter:data2\" content=\"3 minutes\" \/>\n<script type=\"application\/ld+json\" class=\"yoast-schema-graph\">{\"@context\":\"https:\\\/\\\/schema.org\",\"@graph\":[{\"@type\":\"Article\",\"@id\":\"https:\\\/\\\/centrodeexcelencia.org.br\\\/projetos-do-centro-de-excelencia-sao-discutidos-no-dialogo-brasileiro-da-cupula-dos-sistemas-alimentares\\\/#article\",\"isPartOf\":{\"@id\":\"https:\\\/\\\/centrodeexcelencia.org.br\\\/projetos-do-centro-de-excelencia-sao-discutidos-no-dialogo-brasileiro-da-cupula-dos-sistemas-alimentares\\\/\"},\"author\":{\"name\":\"Vit\u00f3ria Lobo\",\"@id\":\"https:\\\/\\\/centrodeexcelencia.org.br\\\/#\\\/schema\\\/person\\\/2629ac7f859c90852cc6b9219b468962\"},\"headline\":\"Centre of Excellence presents projects at the Brazilian Dialogue of the UN Food Systems Summit\",\"datePublished\":\"2021-07-08T20:01:31+00:00\",\"dateModified\":\"2024-10-10T22:04:41+00:00\",\"mainEntityOfPage\":{\"@id\":\"https:\\\/\\\/centrodeexcelencia.org.br\\\/projetos-do-centro-de-excelencia-sao-discutidos-no-dialogo-brasileiro-da-cupula-dos-sistemas-alimentares\\\/\"},\"wordCount\":993,\"publisher\":{\"@id\":\"https:\\\/\\\/centrodeexcelencia.org.br\\\/#organization\"},\"image\":{\"@id\":\"https:\\\/\\\/centrodeexcelencia.org.br\\\/projetos-do-centro-de-excelencia-sao-discutidos-no-dialogo-brasileiro-da-cupula-dos-sistemas-alimentares\\\/#primaryimage\"},\"thumbnailUrl\":\"https:\\\/\\\/centrodeexcelencia.org.br\\\/wp-content\\\/uploads\\\/2021\\\/07\\\/WF122937_MLW_20180322_WFP-Badre_Bahaji_0012_Medium_res.jpg\",\"articleSection\":[\"Beyond Cotton\",\"Events\",\"News\",\"Nutrition\"],\"inLanguage\":\"en-US\"},{\"@type\":\"WebPage\",\"@id\":\"https:\\\/\\\/centrodeexcelencia.org.br\\\/projetos-do-centro-de-excelencia-sao-discutidos-no-dialogo-brasileiro-da-cupula-dos-sistemas-alimentares\\\/\",\"url\":\"https:\\\/\\\/centrodeexcelencia.org.br\\\/projetos-do-centro-de-excelencia-sao-discutidos-no-dialogo-brasileiro-da-cupula-dos-sistemas-alimentares\\\/\",\"name\":\"Centre of Excellence presents projects at the Brazilian Dialogue of the UN Food Systems Summit - WFP\",\"isPartOf\":{\"@id\":\"https:\\\/\\\/centrodeexcelencia.org.br\\\/#website\"},\"primaryImageOfPage\":{\"@id\":\"https:\\\/\\\/centrodeexcelencia.org.br\\\/projetos-do-centro-de-excelencia-sao-discutidos-no-dialogo-brasileiro-da-cupula-dos-sistemas-alimentares\\\/#primaryimage\"},\"image\":{\"@id\":\"https:\\\/\\\/centrodeexcelencia.org.br\\\/projetos-do-centro-de-excelencia-sao-discutidos-no-dialogo-brasileiro-da-cupula-dos-sistemas-alimentares\\\/#primaryimage\"},\"thumbnailUrl\":\"https:\\\/\\\/centrodeexcelencia.org.br\\\/wp-content\\\/uploads\\\/2021\\\/07\\\/WF122937_MLW_20180322_WFP-Badre_Bahaji_0012_Medium_res.jpg\",\"datePublished\":\"2021-07-08T20:01:31+00:00\",\"dateModified\":\"2024-10-10T22:04:41+00:00\",\"breadcrumb\":{\"@id\":\"https:\\\/\\\/centrodeexcelencia.org.br\\\/projetos-do-centro-de-excelencia-sao-discutidos-no-dialogo-brasileiro-da-cupula-dos-sistemas-alimentares\\\/#breadcrumb\"},\"inLanguage\":\"en-US\",\"potentialAction\":[{\"@type\":\"ReadAction\",\"target\":[\"https:\\\/\\\/centrodeexcelencia.org.br\\\/projetos-do-centro-de-excelencia-sao-discutidos-no-dialogo-brasileiro-da-cupula-dos-sistemas-alimentares\\\/\"]}]},{\"@type\":\"ImageObject\",\"inLanguage\":\"en-US\",\"@id\":\"https:\\\/\\\/centrodeexcelencia.org.br\\\/projetos-do-centro-de-excelencia-sao-discutidos-no-dialogo-brasileiro-da-cupula-dos-sistemas-alimentares\\\/#primaryimage\",\"url\":\"https:\\\/\\\/centrodeexcelencia.org.br\\\/wp-content\\\/uploads\\\/2021\\\/07\\\/WF122937_MLW_20180322_WFP-Badre_Bahaji_0012_Medium_res.jpg\",\"contentUrl\":\"https:\\\/\\\/centrodeexcelencia.org.br\\\/wp-content\\\/uploads\\\/2021\\\/07\\\/WF122937_MLW_20180322_WFP-Badre_Bahaji_0012_Medium_res.jpg\",\"width\":1200,\"height\":800,\"caption\":\"Photo: WFP\\\/Badre Bahaji\"},{\"@type\":\"BreadcrumbList\",\"@id\":\"https:\\\/\\\/centrodeexcelencia.org.br\\\/projetos-do-centro-de-excelencia-sao-discutidos-no-dialogo-brasileiro-da-cupula-dos-sistemas-alimentares\\\/#breadcrumb\",\"itemListElement\":[{\"@type\":\"ListItem\",\"position\":1,\"name\":\"In\u00edcio\",\"item\":\"https:\\\/\\\/centrodeexcelencia.org.br\\\/\"},{\"@type\":\"ListItem\",\"position\":2,\"name\":\"Projetos do Centro de Excel\u00eancia s\u00e3o apresentados no Di\u00e1logo Brasileiro da C\u00fapula da ONU\"}]},{\"@type\":\"WebSite\",\"@id\":\"https:\\\/\\\/centrodeexcelencia.org.br\\\/#website\",\"url\":\"https:\\\/\\\/centrodeexcelencia.org.br\\\/\",\"name\":\"WFP\",\"description\":\"Centre of Excellence against Hunger\",\"publisher\":{\"@id\":\"https:\\\/\\\/centrodeexcelencia.org.br\\\/#organization\"},\"potentialAction\":[{\"@type\":\"SearchAction\",\"target\":{\"@type\":\"EntryPoint\",\"urlTemplate\":\"https:\\\/\\\/centrodeexcelencia.org.br\\\/?s={search_term_string}\"},\"query-input\":{\"@type\":\"PropertyValueSpecification\",\"valueRequired\":true,\"valueName\":\"search_term_string\"}}],\"inLanguage\":\"en-US\"},{\"@type\":\"Organization\",\"@id\":\"https:\\\/\\\/centrodeexcelencia.org.br\\\/#organization\",\"name\":\"WFP\",\"url\":\"https:\\\/\\\/centrodeexcelencia.org.br\\\/\",\"logo\":{\"@type\":\"ImageObject\",\"inLanguage\":\"en-US\",\"@id\":\"https:\\\/\\\/centrodeexcelencia.org.br\\\/#\\\/schema\\\/logo\\\/image\\\/\",\"url\":\"https:\\\/\\\/centrodeexcelencia.org.br\\\/wp-content\\\/uploads\\\/2026\\\/01\\\/Sem-titulo-1_Prancheta-1-1.png\",\"contentUrl\":\"https:\\\/\\\/centrodeexcelencia.org.br\\\/wp-content\\\/uploads\\\/2026\\\/01\\\/Sem-titulo-1_Prancheta-1-1.png\",\"width\":259,\"height\":395,\"caption\":\"WFP\"},\"image\":{\"@id\":\"https:\\\/\\\/centrodeexcelencia.org.br\\\/#\\\/schema\\\/logo\\\/image\\\/\"}},{\"@type\":\"Person\",\"@id\":\"https:\\\/\\\/centrodeexcelencia.org.br\\\/#\\\/schema\\\/person\\\/2629ac7f859c90852cc6b9219b468962\",\"name\":\"Vit\u00f3ria Lobo\",\"image\":{\"@type\":\"ImageObject\",\"inLanguage\":\"en-US\",\"@id\":\"https:\\\/\\\/secure.gravatar.com\\\/avatar\\\/1e6bbe169c046b2a198c78966d42a7e657fe7e0347d93971317aac9b9beb63c0?s=96&d=mm&r=g\",\"url\":\"https:\\\/\\\/secure.gravatar.com\\\/avatar\\\/1e6bbe169c046b2a198c78966d42a7e657fe7e0347d93971317aac9b9beb63c0?s=96&d=mm&r=g\",\"contentUrl\":\"https:\\\/\\\/secure.gravatar.com\\\/avatar\\\/1e6bbe169c046b2a198c78966d42a7e657fe7e0347d93971317aac9b9beb63c0?s=96&d=mm&r=g\",\"caption\":\"Vit\u00f3ria Lobo\"},\"url\":\"https:\\\/\\\/centrodeexcelencia.org.br\\\/en\\\/author\\\/vitorialobo\\\/\"}]}<\/script>\n<!-- \/ Yoast SEO plugin. -->","yoast_head_json":{"title":"Centre of Excellence presents projects at the Brazilian Dialogue of the UN Food Systems Summit - WFP","robots":{"index":"index","follow":"follow","max-snippet":"max-snippet:-1","max-image-preview":"max-image-preview:large","max-video-preview":"max-video-preview:-1"},"canonical":"https:\/\/centrodeexcelencia.org.br\/projetos-do-centro-de-excelencia-sao-discutidos-no-dialogo-brasileiro-da-cupula-dos-sistemas-alimentares\/","og_locale":"en_US","og_type":"article","og_title":"Centre of Excellence presents projects at the Brazilian Dialogue of the UN Food Systems Summit - WFP","og_description":"On Thursday, July 8th, the WFP Centre of Excellence against&hellip;  Read more","og_url":"https:\/\/centrodeexcelencia.org.br\/projetos-do-centro-de-excelencia-sao-discutidos-no-dialogo-brasileiro-da-cupula-dos-sistemas-alimentares\/","og_site_name":"WFP","article_published_time":"2021-07-08T20:01:31+00:00","article_modified_time":"2024-10-10T22:04:41+00:00","og_image":[{"width":1200,"height":800,"url":"https:\/\/centrodeexcelencia.org.br\/wp-content\/uploads\/2021\/07\/WF122937_MLW_20180322_WFP-Badre_Bahaji_0012_Medium_res.jpg","type":"image\/jpeg"}],"author":"Vit\u00f3ria Lobo","twitter_card":"summary_large_image","twitter_misc":{"Written by":"Vit\u00f3ria Lobo","Est. reading time":"3 minutes"},"schema":{"@context":"https:\/\/schema.org","@graph":[{"@type":"Article","@id":"https:\/\/centrodeexcelencia.org.br\/projetos-do-centro-de-excelencia-sao-discutidos-no-dialogo-brasileiro-da-cupula-dos-sistemas-alimentares\/#article","isPartOf":{"@id":"https:\/\/centrodeexcelencia.org.br\/projetos-do-centro-de-excelencia-sao-discutidos-no-dialogo-brasileiro-da-cupula-dos-sistemas-alimentares\/"},"author":{"name":"Vit\u00f3ria Lobo","@id":"https:\/\/centrodeexcelencia.org.br\/#\/schema\/person\/2629ac7f859c90852cc6b9219b468962"},"headline":"Centre of Excellence presents projects at the Brazilian Dialogue of the UN Food Systems Summit","datePublished":"2021-07-08T20:01:31+00:00","dateModified":"2024-10-10T22:04:41+00:00","mainEntityOfPage":{"@id":"https:\/\/centrodeexcelencia.org.br\/projetos-do-centro-de-excelencia-sao-discutidos-no-dialogo-brasileiro-da-cupula-dos-sistemas-alimentares\/"},"wordCount":993,"publisher":{"@id":"https:\/\/centrodeexcelencia.org.br\/#organization"},"image":{"@id":"https:\/\/centrodeexcelencia.org.br\/projetos-do-centro-de-excelencia-sao-discutidos-no-dialogo-brasileiro-da-cupula-dos-sistemas-alimentares\/#primaryimage"},"thumbnailUrl":"https:\/\/centrodeexcelencia.org.br\/wp-content\/uploads\/2021\/07\/WF122937_MLW_20180322_WFP-Badre_Bahaji_0012_Medium_res.jpg","articleSection":["Beyond Cotton","Events","News","Nutrition"],"inLanguage":"en-US"},{"@type":"WebPage","@id":"https:\/\/centrodeexcelencia.org.br\/projetos-do-centro-de-excelencia-sao-discutidos-no-dialogo-brasileiro-da-cupula-dos-sistemas-alimentares\/","url":"https:\/\/centrodeexcelencia.org.br\/projetos-do-centro-de-excelencia-sao-discutidos-no-dialogo-brasileiro-da-cupula-dos-sistemas-alimentares\/","name":"Centre of Excellence presents projects at the Brazilian Dialogue of the UN Food Systems Summit - WFP","isPartOf":{"@id":"https:\/\/centrodeexcelencia.org.br\/#website"},"primaryImageOfPage":{"@id":"https:\/\/centrodeexcelencia.org.br\/projetos-do-centro-de-excelencia-sao-discutidos-no-dialogo-brasileiro-da-cupula-dos-sistemas-alimentares\/#primaryimage"},"image":{"@id":"https:\/\/centrodeexcelencia.org.br\/projetos-do-centro-de-excelencia-sao-discutidos-no-dialogo-brasileiro-da-cupula-dos-sistemas-alimentares\/#primaryimage"},"thumbnailUrl":"https:\/\/centrodeexcelencia.org.br\/wp-content\/uploads\/2021\/07\/WF122937_MLW_20180322_WFP-Badre_Bahaji_0012_Medium_res.jpg","datePublished":"2021-07-08T20:01:31+00:00","dateModified":"2024-10-10T22:04:41+00:00","breadcrumb":{"@id":"https:\/\/centrodeexcelencia.org.br\/projetos-do-centro-de-excelencia-sao-discutidos-no-dialogo-brasileiro-da-cupula-dos-sistemas-alimentares\/#breadcrumb"},"inLanguage":"en-US","potentialAction":[{"@type":"ReadAction","target":["https:\/\/centrodeexcelencia.org.br\/projetos-do-centro-de-excelencia-sao-discutidos-no-dialogo-brasileiro-da-cupula-dos-sistemas-alimentares\/"]}]},{"@type":"ImageObject","inLanguage":"en-US","@id":"https:\/\/centrodeexcelencia.org.br\/projetos-do-centro-de-excelencia-sao-discutidos-no-dialogo-brasileiro-da-cupula-dos-sistemas-alimentares\/#primaryimage","url":"https:\/\/centrodeexcelencia.org.br\/wp-content\/uploads\/2021\/07\/WF122937_MLW_20180322_WFP-Badre_Bahaji_0012_Medium_res.jpg","contentUrl":"https:\/\/centrodeexcelencia.org.br\/wp-content\/uploads\/2021\/07\/WF122937_MLW_20180322_WFP-Badre_Bahaji_0012_Medium_res.jpg","width":1200,"height":800,"caption":"Photo: WFP\/Badre Bahaji"},{"@type":"BreadcrumbList","@id":"https:\/\/centrodeexcelencia.org.br\/projetos-do-centro-de-excelencia-sao-discutidos-no-dialogo-brasileiro-da-cupula-dos-sistemas-alimentares\/#breadcrumb","itemListElement":[{"@type":"ListItem","position":1,"name":"In\u00edcio","item":"https:\/\/centrodeexcelencia.org.br\/"},{"@type":"ListItem","position":2,"name":"Projetos do Centro de Excel\u00eancia s\u00e3o apresentados no Di\u00e1logo Brasileiro da C\u00fapula da ONU"}]},{"@type":"WebSite","@id":"https:\/\/centrodeexcelencia.org.br\/#website","url":"https:\/\/centrodeexcelencia.org.br\/","name":"WFP","description":"Centre of Excellence against Hunger","publisher":{"@id":"https:\/\/centrodeexcelencia.org.br\/#organization"},"potentialAction":[{"@type":"SearchAction","target":{"@type":"EntryPoint","urlTemplate":"https:\/\/centrodeexcelencia.org.br\/?s={search_term_string}"},"query-input":{"@type":"PropertyValueSpecification","valueRequired":true,"valueName":"search_term_string"}}],"inLanguage":"en-US"},{"@type":"Organization","@id":"https:\/\/centrodeexcelencia.org.br\/#organization","name":"WFP","url":"https:\/\/centrodeexcelencia.org.br\/","logo":{"@type":"ImageObject","inLanguage":"en-US","@id":"https:\/\/centrodeexcelencia.org.br\/#\/schema\/logo\/image\/","url":"https:\/\/centrodeexcelencia.org.br\/wp-content\/uploads\/2026\/01\/Sem-titulo-1_Prancheta-1-1.png","contentUrl":"https:\/\/centrodeexcelencia.org.br\/wp-content\/uploads\/2026\/01\/Sem-titulo-1_Prancheta-1-1.png","width":259,"height":395,"caption":"WFP"},"image":{"@id":"https:\/\/centrodeexcelencia.org.br\/#\/schema\/logo\/image\/"}},{"@type":"Person","@id":"https:\/\/centrodeexcelencia.org.br\/#\/schema\/person\/2629ac7f859c90852cc6b9219b468962","name":"Vit\u00f3ria Lobo","image":{"@type":"ImageObject","inLanguage":"en-US","@id":"https:\/\/secure.gravatar.com\/avatar\/1e6bbe169c046b2a198c78966d42a7e657fe7e0347d93971317aac9b9beb63c0?s=96&d=mm&r=g","url":"https:\/\/secure.gravatar.com\/avatar\/1e6bbe169c046b2a198c78966d42a7e657fe7e0347d93971317aac9b9beb63c0?s=96&d=mm&r=g","contentUrl":"https:\/\/secure.gravatar.com\/avatar\/1e6bbe169c046b2a198c78966d42a7e657fe7e0347d93971317aac9b9beb63c0?s=96&d=mm&r=g","caption":"Vit\u00f3ria Lobo"},"url":"https:\/\/centrodeexcelencia.org.br\/en\/author\/vitorialobo\/"}]}},"_links":{"self":[{"href":"https:\/\/centrodeexcelencia.org.br\/en\/wp-json\/wp\/v2\/posts\/24107","targetHints":{"allow":["GET"]}}],"collection":[{"href":"https:\/\/centrodeexcelencia.org.br\/en\/wp-json\/wp\/v2\/posts"}],"about":[{"href":"https:\/\/centrodeexcelencia.org.br\/en\/wp-json\/wp\/v2\/types\/post"}],"author":[{"embeddable":true,"href":"https:\/\/centrodeexcelencia.org.br\/en\/wp-json\/wp\/v2\/users\/83"}],"replies":[{"embeddable":true,"href":"https:\/\/centrodeexcelencia.org.br\/en\/wp-json\/wp\/v2\/comments?post=24107"}],"version-history":[{"count":0,"href":"https:\/\/centrodeexcelencia.org.br\/en\/wp-json\/wp\/v2\/posts\/24107\/revisions"}],"wp:featuredmedia":[{"embeddable":true,"href":"https:\/\/centrodeexcelencia.org.br\/en\/wp-json\/wp\/v2\/media\/24109"}],"wp:attachment":[{"href":"https:\/\/centrodeexcelencia.org.br\/en\/wp-json\/wp\/v2\/media?parent=24107"}],"wp:term":[{"taxonomy":"category","embeddable":true,"href":"https:\/\/centrodeexcelencia.org.br\/en\/wp-json\/wp\/v2\/categories?post=24107"},{"taxonomy":"post_tag","embeddable":true,"href":"https:\/\/centrodeexcelencia.org.br\/en\/wp-json\/wp\/v2\/tags?post=24107"}],"curies":[{"name":"wp","href":"https:\/\/api.w.org\/{rel}","templated":true}]}}