{"id":24234,"date":"2021-09-15T15:36:03","date_gmt":"2021-09-15T18:36:03","guid":{"rendered":"https:\/\/centrodeexcelencia.org.br\/?p=24234"},"modified":"2024-10-10T19:04:38","modified_gmt":"2024-10-10T22:04:38","slug":"centro-de-excelencia-do-wfp-participa-de-evento-para-comemorar-o-dia-das-nacoes-unidas-para-a-cooperacao-sul-sul","status":"publish","type":"post","link":"https:\/\/centrodeexcelencia.org.br\/en\/centro-de-excelencia-do-wfp-participa-de-evento-para-comemorar-o-dia-das-nacoes-unidas-para-a-cooperacao-sul-sul\/","title":{"rendered":"Centre\u00a0of\u00a0Excellence\u00a0participates\u00a0in\u00a0event\u00a0to\u00a0celebrate\u00a0the\u00a02021 UN Day for South-South\u00a0Cooperation\u00a0\u00a0"},"content":{"rendered":"<p><img fetchpriority=\"high\" decoding=\"async\" class=\"aligncenter size-full wp-image-24235\" src=\"https:\/\/centrodeexcelencia.org.br\/wp-content\/uploads\/2021\/09\/sharon.png\" alt=\"Centro de Excel\u00eancia do WFP participa de evento para comemorar o Dia das Na\u00e7\u00f5es Unidas para a Coopera\u00e7\u00e3o Sul-Sul\" width=\"1143\" height=\"685\" srcset=\"https:\/\/centrodeexcelencia.org.br\/wp-content\/uploads\/2021\/09\/sharon.png 1143w, https:\/\/centrodeexcelencia.org.br\/wp-content\/uploads\/2021\/09\/sharon-300x180.png 300w, https:\/\/centrodeexcelencia.org.br\/wp-content\/uploads\/2021\/09\/sharon-1024x614.png 1024w, https:\/\/centrodeexcelencia.org.br\/wp-content\/uploads\/2021\/09\/sharon-768x460.png 768w, https:\/\/centrodeexcelencia.org.br\/wp-content\/uploads\/2021\/09\/sharon-600x360.png 600w\" sizes=\"(max-width: 1143px) 100vw, 1143px\" \/><\/p>\n<p>On\u00a0Friday,\u00a0September\u00a010th, the WFP Centre of Excellence against Hunger\u00a0Brazil\u00a0took part in the\u00a0virtual event\u00a0celebrating\u00a0the\u00a02021 UN Day for South-South\u00a0Cooperation,\u00a0organized by\u00a0the\u00a0Colombian\u00a0Presidential\u00a0Agency\u00a0of\u00a0International\u00a0Cooperation\u00a0(APC-Colombia) in\u00a0partnership\u00a0with\u00a0the\u00a0United\u00a0Nations\u00a0Office for South-South\u00a0Cooperation\u00a0(UNOSSC).\u00a0The\u00a0goal of the\u00a0sessions\u00a0was\u00a0to\u00a0draw\u00a0the\u00a0spotlight\u00a0on\u00a0successful\u00a0South-South\u00a0Cooperation\u00a0projects\u00a0that\u00a0have\u00a0contributed\u00a0directly\u00a0to\u00a0social\u00a0and\u00a0economic\u00a0recovery\u00a0in\u00a0the Decade\u00a0of\u00a0Action\u00a0for\u00a0the\u00a0implementation\u00a0of\u00a0the\u00a02030 Agenda, with a focus on the Caribbean, Central America, South America, Southeast Asia, and Africa regions.<\/p>\n<p>Sharon de Freitas, Head of\u00a0Programme\u00a0at the\u00a0WFP\u00a0Centre of Excellence,\u00a0joined a panel\u00a0on\u00a0good practices that contributed towards the advancement of the SDGs\u00a0through South-South\u00a0Cooperation\u00a0in the context of the COVID-19 pandemic. She\u00a0presented the\u00a0methodology and lessons learned\u00a0from the digital transformation of services provides by the Centre, with a focus on the Virtual Exchanges methodology\u00a0developed to provide remote technical assistance\u00a0to countries even in times of travel restrictions and stalled resources.<\/p>\n<p>\u201cWe know by experience that advocacy and peer-to-peer learning have the best results in person, but we have also learned that\u00a0a\u00a0significant part of the technical support and the delivery of outputs could be done remotely without losing quality in the exchange of knowledge and best practices\u201d, said Sharon de Freitas.\u00a0\u201cEven after the end of travel restrictions, remote\u00a0support\u00a0is expected to answer to demands that require quick, cheap, and effective technical assistance to governments and WFP offices, especially as it allows\u00a0much\u00a0bigger\u00a0delegations to take part in the activities, reaching government officials and implementation partners involved in the process at all levels\u201d, she added.<\/p>\n<p><img decoding=\"async\" class=\"aligncenter size-full wp-image-24236\" src=\"https:\/\/centrodeexcelencia.org.br\/wp-content\/uploads\/2021\/09\/sharon3.png\" alt=\"Centro de Excel\u00eancia do WFP participa de evento para comemorar o Dia das Na\u00e7\u00f5es Unidas para a Coopera\u00e7\u00e3o Sul-Sul\" width=\"1142\" height=\"687\" srcset=\"https:\/\/centrodeexcelencia.org.br\/wp-content\/uploads\/2021\/09\/sharon3.png 1142w, https:\/\/centrodeexcelencia.org.br\/wp-content\/uploads\/2021\/09\/sharon3-300x180.png 300w, https:\/\/centrodeexcelencia.org.br\/wp-content\/uploads\/2021\/09\/sharon3-1024x616.png 1024w, https:\/\/centrodeexcelencia.org.br\/wp-content\/uploads\/2021\/09\/sharon3-768x462.png 768w, https:\/\/centrodeexcelencia.org.br\/wp-content\/uploads\/2021\/09\/sharon3-600x361.png 600w\" sizes=\"(max-width: 1142px) 100vw, 1142px\" \/><\/p>\n<p>Participants included representatives of national and multilateral cooperation agencies from the Global South, national and territorial agencies in charge of South-South\u00a0Cooperation, trade associations from each region and members of academic and research institutes from Africa, Asia, and Latin America.<\/p>\n<p><b>Virtual Exchanges<\/b><\/p>\n<p>The Centre of Excellence\u00a0Virtual Exchanges\u00a0promotes remote assistance that supports the design, implementation and delivery of high-quality\u00a0school\u00a0feeding programmes\u00a0and facilitates field operations under country strategic plans. This methodology develops data-informed and knowledge-based remote assistance that draws on the role and experience of\u00a0the WFP Centre of Excellence\u00a0Brazil as a knowledge hub. This approach defines needs and designs a package for remote technical support and the delivery of outputs. The exchange could involve sharing knowledge through publications; conference calls; reviews of relevant documents; country-specific webinars; capacity-building trainings and videos; remote participation in missions, events, workshops and seminars; and in-person events, if there is demand and available country funding.<\/p>\n<p>To enhance the Virtual Exchanges package, the Centre launched the \u201cVirtual Study Visit: Brazil\u201d In July 2021. It consists of a series of videos that simulate an in-person field visit and immersion into the Brazilian National School Feeding Programme (PNAE), covering the policy\u2019s legal framework, financing model, institutional capacity and coordination, design and implementation, community participation and smallholder farming.\u00a0Aiming to present fundamental aspects of the Brazilian experience in school feeding for South-South Cooperation, the virtual visit intends to support countries that wish to continue investing in development, even during a global crisis.<\/p>\n<p>More information on the Virtual Exchanges project can be found\u00a0<a href=\"https:\/\/centrodeexcelencia.org.br\/en\/intercambios-virtuais\/\">here<\/a>\u00a0and details on the Virtual Study Visit are available\u00a0<a href=\"https:\/\/centrodeexcelencia.org.br\/en\/brasil-e-centro-de-excelencia-do-wfp-lancam-visita-de-estudos-virtual-brasil\/\">here<\/a>.<\/p>","protected":false},"excerpt":{"rendered":"<p>On\u00a0Friday,\u00a0September\u00a010th, the WFP Centre of Excellence against Hunger\u00a0Brazil\u00a0took part in&hellip;<\/p>\n<p> <a class=\"more-link\" href=\"https:\/\/centrodeexcelencia.org.br\/en\/centro-de-excelencia-do-wfp-participa-de-evento-para-comemorar-o-dia-das-nacoes-unidas-para-a-cooperacao-sul-sul\/\">Read more<\/a><\/p>\n","protected":false},"author":83,"featured_media":24235,"comment_status":"closed","ping_status":"open","sticky":false,"template":"","format":"standard","meta":{"_monsterinsights_skip_tracking":false,"_monsterinsights_sitenote_active":false,"_monsterinsights_sitenote_note":"","_monsterinsights_sitenote_category":0,"footnotes":""},"categories":[151,193,187],"tags":[],"class_list":{"0":"post-24234","1":"post","2":"type-post","3":"status-publish","4":"format-standard","5":"has-post-thumbnail","7":"category-apoio-remoto","8":"category-eventos","9":"category-noticias"},"yoast_head":"<!-- This site is optimized with the Yoast SEO plugin v27.3 - https:\/\/yoast.com\/product\/yoast-seo-wordpress\/ -->\n<title>Centre\u00a0of\u00a0Excellence\u00a0participates\u00a0in\u00a0event\u00a0to\u00a0celebrate\u00a0the\u00a02021 UN Day for South-South\u00a0Cooperation\u00a0\u00a0 - WFP<\/title>\n<meta name=\"robots\" content=\"index, follow, max-snippet:-1, max-image-preview:large, max-video-preview:-1\" \/>\n<link rel=\"canonical\" href=\"https:\/\/centrodeexcelencia.org.br\/centro-de-excelencia-do-wfp-participa-de-evento-para-comemorar-o-dia-das-nacoes-unidas-para-a-cooperacao-sul-sul\/\" \/>\n<meta property=\"og:locale\" content=\"en_US\" \/>\n<meta property=\"og:type\" content=\"article\" \/>\n<meta property=\"og:title\" content=\"Centre\u00a0of\u00a0Excellence\u00a0participates\u00a0in\u00a0event\u00a0to\u00a0celebrate\u00a0the\u00a02021 UN Day for South-South\u00a0Cooperation\u00a0\u00a0 - WFP\" \/>\n<meta property=\"og:description\" content=\"On\u00a0Friday,\u00a0September\u00a010th, the WFP Centre of Excellence against Hunger\u00a0Brazil\u00a0took part in&hellip;  Read more\" \/>\n<meta property=\"og:url\" content=\"https:\/\/centrodeexcelencia.org.br\/centro-de-excelencia-do-wfp-participa-de-evento-para-comemorar-o-dia-das-nacoes-unidas-para-a-cooperacao-sul-sul\/\" \/>\n<meta property=\"og:site_name\" content=\"WFP\" \/>\n<meta property=\"article:published_time\" content=\"2021-09-15T18:36:03+00:00\" \/>\n<meta property=\"article:modified_time\" content=\"2024-10-10T22:04:38+00:00\" \/>\n<meta property=\"og:image\" content=\"https:\/\/centrodeexcelencia.org.br\/wp-content\/uploads\/2021\/09\/sharon.png\" \/>\n\t<meta property=\"og:image:width\" content=\"1143\" \/>\n\t<meta property=\"og:image:height\" content=\"685\" \/>\n\t<meta property=\"og:image:type\" content=\"image\/png\" \/>\n<meta name=\"author\" content=\"Vit\u00f3ria Lobo\" \/>\n<meta name=\"twitter:card\" content=\"summary_large_image\" \/>\n<meta name=\"twitter:label1\" content=\"Written by\" \/>\n\t<meta name=\"twitter:data1\" content=\"Vit\u00f3ria Lobo\" \/>\n\t<meta name=\"twitter:label2\" content=\"Est. reading time\" \/>\n\t<meta name=\"twitter:data2\" content=\"3 minutes\" \/>\n<script type=\"application\/ld+json\" class=\"yoast-schema-graph\">{\"@context\":\"https:\\\/\\\/schema.org\",\"@graph\":[{\"@type\":\"Article\",\"@id\":\"https:\\\/\\\/centrodeexcelencia.org.br\\\/centro-de-excelencia-do-wfp-participa-de-evento-para-comemorar-o-dia-das-nacoes-unidas-para-a-cooperacao-sul-sul\\\/#article\",\"isPartOf\":{\"@id\":\"https:\\\/\\\/centrodeexcelencia.org.br\\\/centro-de-excelencia-do-wfp-participa-de-evento-para-comemorar-o-dia-das-nacoes-unidas-para-a-cooperacao-sul-sul\\\/\"},\"author\":{\"name\":\"Vit\u00f3ria Lobo\",\"@id\":\"https:\\\/\\\/centrodeexcelencia.org.br\\\/#\\\/schema\\\/person\\\/2629ac7f859c90852cc6b9219b468962\"},\"headline\":\"Centre\u00a0of\u00a0Excellence\u00a0participates\u00a0in\u00a0event\u00a0to\u00a0celebrate\u00a0the\u00a02021 UN Day for South-South\u00a0Cooperation\u00a0\u00a0\",\"datePublished\":\"2021-09-15T18:36:03+00:00\",\"dateModified\":\"2024-10-10T22:04:38+00:00\",\"mainEntityOfPage\":{\"@id\":\"https:\\\/\\\/centrodeexcelencia.org.br\\\/centro-de-excelencia-do-wfp-participa-de-evento-para-comemorar-o-dia-das-nacoes-unidas-para-a-cooperacao-sul-sul\\\/\"},\"wordCount\":1268,\"publisher\":{\"@id\":\"https:\\\/\\\/centrodeexcelencia.org.br\\\/#organization\"},\"image\":{\"@id\":\"https:\\\/\\\/centrodeexcelencia.org.br\\\/centro-de-excelencia-do-wfp-participa-de-evento-para-comemorar-o-dia-das-nacoes-unidas-para-a-cooperacao-sul-sul\\\/#primaryimage\"},\"thumbnailUrl\":\"https:\\\/\\\/centrodeexcelencia.org.br\\\/wp-content\\\/uploads\\\/2021\\\/09\\\/sharon.png\",\"articleSection\":[\"Apoio Remoto\",\"Events\",\"News\"],\"inLanguage\":\"en-US\"},{\"@type\":\"WebPage\",\"@id\":\"https:\\\/\\\/centrodeexcelencia.org.br\\\/centro-de-excelencia-do-wfp-participa-de-evento-para-comemorar-o-dia-das-nacoes-unidas-para-a-cooperacao-sul-sul\\\/\",\"url\":\"https:\\\/\\\/centrodeexcelencia.org.br\\\/centro-de-excelencia-do-wfp-participa-de-evento-para-comemorar-o-dia-das-nacoes-unidas-para-a-cooperacao-sul-sul\\\/\",\"name\":\"Centre\u00a0of\u00a0Excellence\u00a0participates\u00a0in\u00a0event\u00a0to\u00a0celebrate\u00a0the\u00a02021 UN Day for South-South\u00a0Cooperation\u00a0\u00a0 - WFP\",\"isPartOf\":{\"@id\":\"https:\\\/\\\/centrodeexcelencia.org.br\\\/#website\"},\"primaryImageOfPage\":{\"@id\":\"https:\\\/\\\/centrodeexcelencia.org.br\\\/centro-de-excelencia-do-wfp-participa-de-evento-para-comemorar-o-dia-das-nacoes-unidas-para-a-cooperacao-sul-sul\\\/#primaryimage\"},\"image\":{\"@id\":\"https:\\\/\\\/centrodeexcelencia.org.br\\\/centro-de-excelencia-do-wfp-participa-de-evento-para-comemorar-o-dia-das-nacoes-unidas-para-a-cooperacao-sul-sul\\\/#primaryimage\"},\"thumbnailUrl\":\"https:\\\/\\\/centrodeexcelencia.org.br\\\/wp-content\\\/uploads\\\/2021\\\/09\\\/sharon.png\",\"datePublished\":\"2021-09-15T18:36:03+00:00\",\"dateModified\":\"2024-10-10T22:04:38+00:00\",\"breadcrumb\":{\"@id\":\"https:\\\/\\\/centrodeexcelencia.org.br\\\/centro-de-excelencia-do-wfp-participa-de-evento-para-comemorar-o-dia-das-nacoes-unidas-para-a-cooperacao-sul-sul\\\/#breadcrumb\"},\"inLanguage\":\"en-US\",\"potentialAction\":[{\"@type\":\"ReadAction\",\"target\":[\"https:\\\/\\\/centrodeexcelencia.org.br\\\/centro-de-excelencia-do-wfp-participa-de-evento-para-comemorar-o-dia-das-nacoes-unidas-para-a-cooperacao-sul-sul\\\/\"]}]},{\"@type\":\"ImageObject\",\"inLanguage\":\"en-US\",\"@id\":\"https:\\\/\\\/centrodeexcelencia.org.br\\\/centro-de-excelencia-do-wfp-participa-de-evento-para-comemorar-o-dia-das-nacoes-unidas-para-a-cooperacao-sul-sul\\\/#primaryimage\",\"url\":\"https:\\\/\\\/centrodeexcelencia.org.br\\\/wp-content\\\/uploads\\\/2021\\\/09\\\/sharon.png\",\"contentUrl\":\"https:\\\/\\\/centrodeexcelencia.org.br\\\/wp-content\\\/uploads\\\/2021\\\/09\\\/sharon.png\",\"width\":1143,\"height\":685,\"caption\":\"Centro de Excel\u00eancia do WFP participa de evento para comemorar o Dia das Na\u00e7\u00f5es Unidas para a Coopera\u00e7\u00e3o Sul-Sul\"},{\"@type\":\"BreadcrumbList\",\"@id\":\"https:\\\/\\\/centrodeexcelencia.org.br\\\/centro-de-excelencia-do-wfp-participa-de-evento-para-comemorar-o-dia-das-nacoes-unidas-para-a-cooperacao-sul-sul\\\/#breadcrumb\",\"itemListElement\":[{\"@type\":\"ListItem\",\"position\":1,\"name\":\"In\u00edcio\",\"item\":\"https:\\\/\\\/centrodeexcelencia.org.br\\\/\"},{\"@type\":\"ListItem\",\"position\":2,\"name\":\"Centro de Excel\u00eancia participa de evento para comemorar o Dia das Na\u00e7\u00f5es Unidas para a Coopera\u00e7\u00e3o Sul-Sul\"}]},{\"@type\":\"WebSite\",\"@id\":\"https:\\\/\\\/centrodeexcelencia.org.br\\\/#website\",\"url\":\"https:\\\/\\\/centrodeexcelencia.org.br\\\/\",\"name\":\"WFP\",\"description\":\"Centre of Excellence against Hunger\",\"publisher\":{\"@id\":\"https:\\\/\\\/centrodeexcelencia.org.br\\\/#organization\"},\"potentialAction\":[{\"@type\":\"SearchAction\",\"target\":{\"@type\":\"EntryPoint\",\"urlTemplate\":\"https:\\\/\\\/centrodeexcelencia.org.br\\\/?s={search_term_string}\"},\"query-input\":{\"@type\":\"PropertyValueSpecification\",\"valueRequired\":true,\"valueName\":\"search_term_string\"}}],\"inLanguage\":\"en-US\"},{\"@type\":\"Organization\",\"@id\":\"https:\\\/\\\/centrodeexcelencia.org.br\\\/#organization\",\"name\":\"WFP\",\"url\":\"https:\\\/\\\/centrodeexcelencia.org.br\\\/\",\"logo\":{\"@type\":\"ImageObject\",\"inLanguage\":\"en-US\",\"@id\":\"https:\\\/\\\/centrodeexcelencia.org.br\\\/#\\\/schema\\\/logo\\\/image\\\/\",\"url\":\"https:\\\/\\\/centrodeexcelencia.org.br\\\/wp-content\\\/uploads\\\/2026\\\/01\\\/Sem-titulo-1_Prancheta-1-1.png\",\"contentUrl\":\"https:\\\/\\\/centrodeexcelencia.org.br\\\/wp-content\\\/uploads\\\/2026\\\/01\\\/Sem-titulo-1_Prancheta-1-1.png\",\"width\":259,\"height\":395,\"caption\":\"WFP\"},\"image\":{\"@id\":\"https:\\\/\\\/centrodeexcelencia.org.br\\\/#\\\/schema\\\/logo\\\/image\\\/\"}},{\"@type\":\"Person\",\"@id\":\"https:\\\/\\\/centrodeexcelencia.org.br\\\/#\\\/schema\\\/person\\\/2629ac7f859c90852cc6b9219b468962\",\"name\":\"Vit\u00f3ria Lobo\",\"image\":{\"@type\":\"ImageObject\",\"inLanguage\":\"en-US\",\"@id\":\"https:\\\/\\\/secure.gravatar.com\\\/avatar\\\/1e6bbe169c046b2a198c78966d42a7e657fe7e0347d93971317aac9b9beb63c0?s=96&d=mm&r=g\",\"url\":\"https:\\\/\\\/secure.gravatar.com\\\/avatar\\\/1e6bbe169c046b2a198c78966d42a7e657fe7e0347d93971317aac9b9beb63c0?s=96&d=mm&r=g\",\"contentUrl\":\"https:\\\/\\\/secure.gravatar.com\\\/avatar\\\/1e6bbe169c046b2a198c78966d42a7e657fe7e0347d93971317aac9b9beb63c0?s=96&d=mm&r=g\",\"caption\":\"Vit\u00f3ria Lobo\"},\"url\":\"https:\\\/\\\/centrodeexcelencia.org.br\\\/en\\\/author\\\/vitorialobo\\\/\"}]}<\/script>\n<!-- \/ Yoast SEO plugin. -->","yoast_head_json":{"title":"Centre\u00a0of\u00a0Excellence\u00a0participates\u00a0in\u00a0event\u00a0to\u00a0celebrate\u00a0the\u00a02021 UN Day for South-South\u00a0Cooperation\u00a0\u00a0 - WFP","robots":{"index":"index","follow":"follow","max-snippet":"max-snippet:-1","max-image-preview":"max-image-preview:large","max-video-preview":"max-video-preview:-1"},"canonical":"https:\/\/centrodeexcelencia.org.br\/centro-de-excelencia-do-wfp-participa-de-evento-para-comemorar-o-dia-das-nacoes-unidas-para-a-cooperacao-sul-sul\/","og_locale":"en_US","og_type":"article","og_title":"Centre\u00a0of\u00a0Excellence\u00a0participates\u00a0in\u00a0event\u00a0to\u00a0celebrate\u00a0the\u00a02021 UN Day for South-South\u00a0Cooperation\u00a0\u00a0 - WFP","og_description":"On\u00a0Friday,\u00a0September\u00a010th, the WFP Centre of Excellence against Hunger\u00a0Brazil\u00a0took part in&hellip;  Read more","og_url":"https:\/\/centrodeexcelencia.org.br\/centro-de-excelencia-do-wfp-participa-de-evento-para-comemorar-o-dia-das-nacoes-unidas-para-a-cooperacao-sul-sul\/","og_site_name":"WFP","article_published_time":"2021-09-15T18:36:03+00:00","article_modified_time":"2024-10-10T22:04:38+00:00","og_image":[{"width":1143,"height":685,"url":"https:\/\/centrodeexcelencia.org.br\/wp-content\/uploads\/2021\/09\/sharon.png","type":"image\/png"}],"author":"Vit\u00f3ria Lobo","twitter_card":"summary_large_image","twitter_misc":{"Written by":"Vit\u00f3ria Lobo","Est. reading time":"3 minutes"},"schema":{"@context":"https:\/\/schema.org","@graph":[{"@type":"Article","@id":"https:\/\/centrodeexcelencia.org.br\/centro-de-excelencia-do-wfp-participa-de-evento-para-comemorar-o-dia-das-nacoes-unidas-para-a-cooperacao-sul-sul\/#article","isPartOf":{"@id":"https:\/\/centrodeexcelencia.org.br\/centro-de-excelencia-do-wfp-participa-de-evento-para-comemorar-o-dia-das-nacoes-unidas-para-a-cooperacao-sul-sul\/"},"author":{"name":"Vit\u00f3ria Lobo","@id":"https:\/\/centrodeexcelencia.org.br\/#\/schema\/person\/2629ac7f859c90852cc6b9219b468962"},"headline":"Centre\u00a0of\u00a0Excellence\u00a0participates\u00a0in\u00a0event\u00a0to\u00a0celebrate\u00a0the\u00a02021 UN Day for South-South\u00a0Cooperation\u00a0\u00a0","datePublished":"2021-09-15T18:36:03+00:00","dateModified":"2024-10-10T22:04:38+00:00","mainEntityOfPage":{"@id":"https:\/\/centrodeexcelencia.org.br\/centro-de-excelencia-do-wfp-participa-de-evento-para-comemorar-o-dia-das-nacoes-unidas-para-a-cooperacao-sul-sul\/"},"wordCount":1268,"publisher":{"@id":"https:\/\/centrodeexcelencia.org.br\/#organization"},"image":{"@id":"https:\/\/centrodeexcelencia.org.br\/centro-de-excelencia-do-wfp-participa-de-evento-para-comemorar-o-dia-das-nacoes-unidas-para-a-cooperacao-sul-sul\/#primaryimage"},"thumbnailUrl":"https:\/\/centrodeexcelencia.org.br\/wp-content\/uploads\/2021\/09\/sharon.png","articleSection":["Apoio Remoto","Events","News"],"inLanguage":"en-US"},{"@type":"WebPage","@id":"https:\/\/centrodeexcelencia.org.br\/centro-de-excelencia-do-wfp-participa-de-evento-para-comemorar-o-dia-das-nacoes-unidas-para-a-cooperacao-sul-sul\/","url":"https:\/\/centrodeexcelencia.org.br\/centro-de-excelencia-do-wfp-participa-de-evento-para-comemorar-o-dia-das-nacoes-unidas-para-a-cooperacao-sul-sul\/","name":"Centre\u00a0of\u00a0Excellence\u00a0participates\u00a0in\u00a0event\u00a0to\u00a0celebrate\u00a0the\u00a02021 UN Day for South-South\u00a0Cooperation\u00a0\u00a0 - WFP","isPartOf":{"@id":"https:\/\/centrodeexcelencia.org.br\/#website"},"primaryImageOfPage":{"@id":"https:\/\/centrodeexcelencia.org.br\/centro-de-excelencia-do-wfp-participa-de-evento-para-comemorar-o-dia-das-nacoes-unidas-para-a-cooperacao-sul-sul\/#primaryimage"},"image":{"@id":"https:\/\/centrodeexcelencia.org.br\/centro-de-excelencia-do-wfp-participa-de-evento-para-comemorar-o-dia-das-nacoes-unidas-para-a-cooperacao-sul-sul\/#primaryimage"},"thumbnailUrl":"https:\/\/centrodeexcelencia.org.br\/wp-content\/uploads\/2021\/09\/sharon.png","datePublished":"2021-09-15T18:36:03+00:00","dateModified":"2024-10-10T22:04:38+00:00","breadcrumb":{"@id":"https:\/\/centrodeexcelencia.org.br\/centro-de-excelencia-do-wfp-participa-de-evento-para-comemorar-o-dia-das-nacoes-unidas-para-a-cooperacao-sul-sul\/#breadcrumb"},"inLanguage":"en-US","potentialAction":[{"@type":"ReadAction","target":["https:\/\/centrodeexcelencia.org.br\/centro-de-excelencia-do-wfp-participa-de-evento-para-comemorar-o-dia-das-nacoes-unidas-para-a-cooperacao-sul-sul\/"]}]},{"@type":"ImageObject","inLanguage":"en-US","@id":"https:\/\/centrodeexcelencia.org.br\/centro-de-excelencia-do-wfp-participa-de-evento-para-comemorar-o-dia-das-nacoes-unidas-para-a-cooperacao-sul-sul\/#primaryimage","url":"https:\/\/centrodeexcelencia.org.br\/wp-content\/uploads\/2021\/09\/sharon.png","contentUrl":"https:\/\/centrodeexcelencia.org.br\/wp-content\/uploads\/2021\/09\/sharon.png","width":1143,"height":685,"caption":"Centro de Excel\u00eancia do WFP participa de evento para comemorar o Dia das Na\u00e7\u00f5es Unidas para a Coopera\u00e7\u00e3o Sul-Sul"},{"@type":"BreadcrumbList","@id":"https:\/\/centrodeexcelencia.org.br\/centro-de-excelencia-do-wfp-participa-de-evento-para-comemorar-o-dia-das-nacoes-unidas-para-a-cooperacao-sul-sul\/#breadcrumb","itemListElement":[{"@type":"ListItem","position":1,"name":"In\u00edcio","item":"https:\/\/centrodeexcelencia.org.br\/"},{"@type":"ListItem","position":2,"name":"Centro de Excel\u00eancia participa de evento para comemorar o Dia das Na\u00e7\u00f5es Unidas para a Coopera\u00e7\u00e3o Sul-Sul"}]},{"@type":"WebSite","@id":"https:\/\/centrodeexcelencia.org.br\/#website","url":"https:\/\/centrodeexcelencia.org.br\/","name":"WFP","description":"Centre of Excellence against Hunger","publisher":{"@id":"https:\/\/centrodeexcelencia.org.br\/#organization"},"potentialAction":[{"@type":"SearchAction","target":{"@type":"EntryPoint","urlTemplate":"https:\/\/centrodeexcelencia.org.br\/?s={search_term_string}"},"query-input":{"@type":"PropertyValueSpecification","valueRequired":true,"valueName":"search_term_string"}}],"inLanguage":"en-US"},{"@type":"Organization","@id":"https:\/\/centrodeexcelencia.org.br\/#organization","name":"WFP","url":"https:\/\/centrodeexcelencia.org.br\/","logo":{"@type":"ImageObject","inLanguage":"en-US","@id":"https:\/\/centrodeexcelencia.org.br\/#\/schema\/logo\/image\/","url":"https:\/\/centrodeexcelencia.org.br\/wp-content\/uploads\/2026\/01\/Sem-titulo-1_Prancheta-1-1.png","contentUrl":"https:\/\/centrodeexcelencia.org.br\/wp-content\/uploads\/2026\/01\/Sem-titulo-1_Prancheta-1-1.png","width":259,"height":395,"caption":"WFP"},"image":{"@id":"https:\/\/centrodeexcelencia.org.br\/#\/schema\/logo\/image\/"}},{"@type":"Person","@id":"https:\/\/centrodeexcelencia.org.br\/#\/schema\/person\/2629ac7f859c90852cc6b9219b468962","name":"Vit\u00f3ria Lobo","image":{"@type":"ImageObject","inLanguage":"en-US","@id":"https:\/\/secure.gravatar.com\/avatar\/1e6bbe169c046b2a198c78966d42a7e657fe7e0347d93971317aac9b9beb63c0?s=96&d=mm&r=g","url":"https:\/\/secure.gravatar.com\/avatar\/1e6bbe169c046b2a198c78966d42a7e657fe7e0347d93971317aac9b9beb63c0?s=96&d=mm&r=g","contentUrl":"https:\/\/secure.gravatar.com\/avatar\/1e6bbe169c046b2a198c78966d42a7e657fe7e0347d93971317aac9b9beb63c0?s=96&d=mm&r=g","caption":"Vit\u00f3ria Lobo"},"url":"https:\/\/centrodeexcelencia.org.br\/en\/author\/vitorialobo\/"}]}},"_links":{"self":[{"href":"https:\/\/centrodeexcelencia.org.br\/en\/wp-json\/wp\/v2\/posts\/24234","targetHints":{"allow":["GET"]}}],"collection":[{"href":"https:\/\/centrodeexcelencia.org.br\/en\/wp-json\/wp\/v2\/posts"}],"about":[{"href":"https:\/\/centrodeexcelencia.org.br\/en\/wp-json\/wp\/v2\/types\/post"}],"author":[{"embeddable":true,"href":"https:\/\/centrodeexcelencia.org.br\/en\/wp-json\/wp\/v2\/users\/83"}],"replies":[{"embeddable":true,"href":"https:\/\/centrodeexcelencia.org.br\/en\/wp-json\/wp\/v2\/comments?post=24234"}],"version-history":[{"count":0,"href":"https:\/\/centrodeexcelencia.org.br\/en\/wp-json\/wp\/v2\/posts\/24234\/revisions"}],"wp:featuredmedia":[{"embeddable":true,"href":"https:\/\/centrodeexcelencia.org.br\/en\/wp-json\/wp\/v2\/media\/24235"}],"wp:attachment":[{"href":"https:\/\/centrodeexcelencia.org.br\/en\/wp-json\/wp\/v2\/media?parent=24234"}],"wp:term":[{"taxonomy":"category","embeddable":true,"href":"https:\/\/centrodeexcelencia.org.br\/en\/wp-json\/wp\/v2\/categories?post=24234"},{"taxonomy":"post_tag","embeddable":true,"href":"https:\/\/centrodeexcelencia.org.br\/en\/wp-json\/wp\/v2\/tags?post=24234"}],"curies":[{"name":"wp","href":"https:\/\/api.w.org\/{rel}","templated":true}]}}