{"id":24551,"date":"2021-12-09T14:34:51","date_gmt":"2021-12-09T17:34:51","guid":{"rendered":"https:\/\/centrodeexcelencia.org.br\/?p=24551"},"modified":"2024-10-10T19:04:33","modified_gmt":"2024-10-10T22:04:33","slug":"centro-de-excelencia-lanca-relatorio-sobre-frutas-legumes-e-verduras-em-evento-nacional","status":"publish","type":"post","link":"https:\/\/centrodeexcelencia.org.br\/en\/centro-de-excelencia-lanca-relatorio-sobre-frutas-legumes-e-verduras-em-evento-nacional\/","title":{"rendered":"Centre of Excellence launches report on fruits and vegetables at national event"},"content":{"rendered":"<p><img fetchpriority=\"high\" decoding=\"async\" class=\"aligncenter size-full wp-image-24552\" src=\"https:\/\/centrodeexcelencia.org.br\/wp-content\/uploads\/2021\/12\/2print-1.png\" alt=\"Centro de Excel\u00eancia lan\u00e7a relat\u00f3rio sobre frutas, legumes e verduras em evento nacional\" width=\"1353\" height=\"566\" srcset=\"https:\/\/centrodeexcelencia.org.br\/wp-content\/uploads\/2021\/12\/2print-1.png 1353w, https:\/\/centrodeexcelencia.org.br\/wp-content\/uploads\/2021\/12\/2print-1-300x125.png 300w, https:\/\/centrodeexcelencia.org.br\/wp-content\/uploads\/2021\/12\/2print-1-1024x428.png 1024w, https:\/\/centrodeexcelencia.org.br\/wp-content\/uploads\/2021\/12\/2print-1-768x321.png 768w, https:\/\/centrodeexcelencia.org.br\/wp-content\/uploads\/2021\/12\/2print-1-600x251.png 600w\" sizes=\"(max-width: 1353px) 100vw, 1353px\" \/><\/p>\n<p>The WFP Centre of Excellence against Hunger Brazil launched a report called <a href=\"https:\/\/centrodeexcelencia.org.br\/en\/publicacao-14\/\">Regional Dialogues on Fruits and Vegetables<\/a> during the National Dialogue on fruits and vegetables, which took place on December 6th and 8th. The event aimed to promote adequate and healthy eating, through a broad debate on the strengthening of production, availability, access and consumption of those foods.<\/p>\n<p>The report, prepared with the support of the partners of the Nurture the Future project, presents a synthesis of the debates held during the five Regional Dialogues. In those Dialogues, the particularities of each region of Brazil were discussed in relation to the challenges and opportunities for the implementation of policies and actions that promote health and healthy eating, and the strengthening of fair and sustainable food systems.<\/p>\n<p>\u201cWe hope that the challenges and possibilities for success presented in this document will contribute to the implementation of actions, programmes and public policies that promote the health and food and nutrition security of the population\u201d, said Jana\u00edna Calu, consultant for the Nurture the Future project. The project team is also preparing the translation of the report into Spanish and a new publication on what Brazil, Colombia and Peru are doing on the topic.<\/p>\n<p>The national event also marked the launch of an e-book with selected experiences from the \u201c<a href=\"https:\/\/centrodeexcelencia.org.br\/en\/frutas-legumes-e-verduras-laboratorio-de-inovacao-recebe-inscricoes-ate-31-08\/\">Innovation Laboratory<\/a>: Encouraging the Production, Availability, Access and Consumption of Fruits and Vegetables\u201d, developed by PAHO\/WHO. The Laboratory aimed to identify, select and disseminate innovative experiences, developed in Brazil, that value and strengthen healthy and sustainable food systems. Thus, the e-book presents the results and recommendations to promote healthy eating, with an attentive look at all stages of the food system.<\/p>\n<p>Brazil&#8217;s activities for the International Year of Fruits and Vegetables were built in an intersectorial manner and organized by the Ministry of Health, through the General Coordination of Food and Nutrition and the National Cancer Institute, by the Pan American Health Organization (PAHO\/WHO), by the UN Food and Agriculture Organization (FAO) and by the Centre of Excellence Against Hunger (WFP); and has the partnership and support of the Ministry of Agriculture, Livestock and Supply; Ministry of Science, Technology and Innovation; Ministry of Citizenship and National Education Development Fund.<\/p>","protected":false},"excerpt":{"rendered":"<p>The WFP Centre of Excellence against Hunger Brazil launched a&hellip;<\/p>\n<p> <a class=\"more-link\" href=\"https:\/\/centrodeexcelencia.org.br\/en\/centro-de-excelencia-lanca-relatorio-sobre-frutas-legumes-e-verduras-em-evento-nacional\/\">Read more<\/a><\/p>\n","protected":false},"author":83,"featured_media":24552,"comment_status":"closed","ping_status":"open","sticky":false,"template":"","format":"standard","meta":{"_monsterinsights_skip_tracking":false,"_monsterinsights_sitenote_active":false,"_monsterinsights_sitenote_note":"","_monsterinsights_sitenote_category":0,"footnotes":""},"categories":[193,187,191],"tags":[157,81,250,251],"class_list":{"0":"post-24551","1":"post","2":"type-post","3":"status-publish","4":"format-standard","5":"has-post-thumbnail","7":"category-eventos","8":"category-noticias","9":"category-nutricao-noticias","10":"tag-brasil","11":"tag-brazil","12":"tag-colombia","13":"tag-peru"},"yoast_head":"<!-- This site is optimized with the Yoast SEO plugin v27.3 - https:\/\/yoast.com\/product\/yoast-seo-wordpress\/ -->\n<title>Centre of Excellence launches report on fruits and vegetables at national event - WFP<\/title>\n<meta name=\"robots\" content=\"index, follow, max-snippet:-1, max-image-preview:large, max-video-preview:-1\" \/>\n<link rel=\"canonical\" href=\"https:\/\/centrodeexcelencia.org.br\/centro-de-excelencia-lanca-relatorio-sobre-frutas-legumes-e-verduras-em-evento-nacional\/\" \/>\n<meta property=\"og:locale\" content=\"en_US\" \/>\n<meta property=\"og:type\" content=\"article\" \/>\n<meta property=\"og:title\" content=\"Centre of Excellence launches report on fruits and vegetables at national event - WFP\" \/>\n<meta property=\"og:description\" content=\"The WFP Centre of Excellence against Hunger Brazil launched a&hellip;  Read more\" \/>\n<meta property=\"og:url\" content=\"https:\/\/centrodeexcelencia.org.br\/centro-de-excelencia-lanca-relatorio-sobre-frutas-legumes-e-verduras-em-evento-nacional\/\" \/>\n<meta property=\"og:site_name\" content=\"WFP\" \/>\n<meta property=\"article:published_time\" content=\"2021-12-09T17:34:51+00:00\" \/>\n<meta property=\"article:modified_time\" content=\"2024-10-10T22:04:33+00:00\" \/>\n<meta property=\"og:image\" content=\"https:\/\/centrodeexcelencia.org.br\/wp-content\/uploads\/2021\/12\/2print-1.png\" \/>\n\t<meta property=\"og:image:width\" content=\"1353\" \/>\n\t<meta property=\"og:image:height\" content=\"566\" \/>\n\t<meta property=\"og:image:type\" content=\"image\/png\" \/>\n<meta name=\"author\" content=\"Vit\u00f3ria Lobo\" \/>\n<meta name=\"twitter:card\" content=\"summary_large_image\" \/>\n<meta name=\"twitter:label1\" content=\"Written by\" \/>\n\t<meta name=\"twitter:data1\" content=\"Vit\u00f3ria Lobo\" \/>\n\t<meta name=\"twitter:label2\" content=\"Est. reading time\" \/>\n\t<meta name=\"twitter:data2\" content=\"2 minutes\" \/>\n<script type=\"application\/ld+json\" class=\"yoast-schema-graph\">{\"@context\":\"https:\\\/\\\/schema.org\",\"@graph\":[{\"@type\":\"Article\",\"@id\":\"https:\\\/\\\/centrodeexcelencia.org.br\\\/centro-de-excelencia-lanca-relatorio-sobre-frutas-legumes-e-verduras-em-evento-nacional\\\/#article\",\"isPartOf\":{\"@id\":\"https:\\\/\\\/centrodeexcelencia.org.br\\\/centro-de-excelencia-lanca-relatorio-sobre-frutas-legumes-e-verduras-em-evento-nacional\\\/\"},\"author\":{\"name\":\"Vit\u00f3ria Lobo\",\"@id\":\"https:\\\/\\\/centrodeexcelencia.org.br\\\/#\\\/schema\\\/person\\\/2629ac7f859c90852cc6b9219b468962\"},\"headline\":\"Centre of Excellence launches report on fruits and vegetables at national event\",\"datePublished\":\"2021-12-09T17:34:51+00:00\",\"dateModified\":\"2024-10-10T22:04:33+00:00\",\"mainEntityOfPage\":{\"@id\":\"https:\\\/\\\/centrodeexcelencia.org.br\\\/centro-de-excelencia-lanca-relatorio-sobre-frutas-legumes-e-verduras-em-evento-nacional\\\/\"},\"wordCount\":857,\"publisher\":{\"@id\":\"https:\\\/\\\/centrodeexcelencia.org.br\\\/#organization\"},\"image\":{\"@id\":\"https:\\\/\\\/centrodeexcelencia.org.br\\\/centro-de-excelencia-lanca-relatorio-sobre-frutas-legumes-e-verduras-em-evento-nacional\\\/#primaryimage\"},\"thumbnailUrl\":\"https:\\\/\\\/centrodeexcelencia.org.br\\\/wp-content\\\/uploads\\\/2021\\\/12\\\/2print-1.png\",\"keywords\":[\"brasil\",\"brazil\",\"Colombia\",\"Peru\"],\"articleSection\":[\"Events\",\"News\",\"Nutrition\"],\"inLanguage\":\"en-US\"},{\"@type\":\"WebPage\",\"@id\":\"https:\\\/\\\/centrodeexcelencia.org.br\\\/centro-de-excelencia-lanca-relatorio-sobre-frutas-legumes-e-verduras-em-evento-nacional\\\/\",\"url\":\"https:\\\/\\\/centrodeexcelencia.org.br\\\/centro-de-excelencia-lanca-relatorio-sobre-frutas-legumes-e-verduras-em-evento-nacional\\\/\",\"name\":\"Centre of Excellence launches report on fruits and vegetables at national event - WFP\",\"isPartOf\":{\"@id\":\"https:\\\/\\\/centrodeexcelencia.org.br\\\/#website\"},\"primaryImageOfPage\":{\"@id\":\"https:\\\/\\\/centrodeexcelencia.org.br\\\/centro-de-excelencia-lanca-relatorio-sobre-frutas-legumes-e-verduras-em-evento-nacional\\\/#primaryimage\"},\"image\":{\"@id\":\"https:\\\/\\\/centrodeexcelencia.org.br\\\/centro-de-excelencia-lanca-relatorio-sobre-frutas-legumes-e-verduras-em-evento-nacional\\\/#primaryimage\"},\"thumbnailUrl\":\"https:\\\/\\\/centrodeexcelencia.org.br\\\/wp-content\\\/uploads\\\/2021\\\/12\\\/2print-1.png\",\"datePublished\":\"2021-12-09T17:34:51+00:00\",\"dateModified\":\"2024-10-10T22:04:33+00:00\",\"breadcrumb\":{\"@id\":\"https:\\\/\\\/centrodeexcelencia.org.br\\\/centro-de-excelencia-lanca-relatorio-sobre-frutas-legumes-e-verduras-em-evento-nacional\\\/#breadcrumb\"},\"inLanguage\":\"en-US\",\"potentialAction\":[{\"@type\":\"ReadAction\",\"target\":[\"https:\\\/\\\/centrodeexcelencia.org.br\\\/centro-de-excelencia-lanca-relatorio-sobre-frutas-legumes-e-verduras-em-evento-nacional\\\/\"]}]},{\"@type\":\"ImageObject\",\"inLanguage\":\"en-US\",\"@id\":\"https:\\\/\\\/centrodeexcelencia.org.br\\\/centro-de-excelencia-lanca-relatorio-sobre-frutas-legumes-e-verduras-em-evento-nacional\\\/#primaryimage\",\"url\":\"https:\\\/\\\/centrodeexcelencia.org.br\\\/wp-content\\\/uploads\\\/2021\\\/12\\\/2print-1.png\",\"contentUrl\":\"https:\\\/\\\/centrodeexcelencia.org.br\\\/wp-content\\\/uploads\\\/2021\\\/12\\\/2print-1.png\",\"width\":1353,\"height\":566,\"caption\":\"Centro de Excel\u00eancia lan\u00e7a relat\u00f3rio sobre frutas, legumes e verduras em evento nacional\"},{\"@type\":\"BreadcrumbList\",\"@id\":\"https:\\\/\\\/centrodeexcelencia.org.br\\\/centro-de-excelencia-lanca-relatorio-sobre-frutas-legumes-e-verduras-em-evento-nacional\\\/#breadcrumb\",\"itemListElement\":[{\"@type\":\"ListItem\",\"position\":1,\"name\":\"In\u00edcio\",\"item\":\"https:\\\/\\\/centrodeexcelencia.org.br\\\/\"},{\"@type\":\"ListItem\",\"position\":2,\"name\":\"Centro de Excel\u00eancia lan\u00e7a relat\u00f3rio sobre frutas, legumes e verduras em evento nacional\"}]},{\"@type\":\"WebSite\",\"@id\":\"https:\\\/\\\/centrodeexcelencia.org.br\\\/#website\",\"url\":\"https:\\\/\\\/centrodeexcelencia.org.br\\\/\",\"name\":\"WFP\",\"description\":\"Centre of Excellence against Hunger\",\"publisher\":{\"@id\":\"https:\\\/\\\/centrodeexcelencia.org.br\\\/#organization\"},\"potentialAction\":[{\"@type\":\"SearchAction\",\"target\":{\"@type\":\"EntryPoint\",\"urlTemplate\":\"https:\\\/\\\/centrodeexcelencia.org.br\\\/?s={search_term_string}\"},\"query-input\":{\"@type\":\"PropertyValueSpecification\",\"valueRequired\":true,\"valueName\":\"search_term_string\"}}],\"inLanguage\":\"en-US\"},{\"@type\":\"Organization\",\"@id\":\"https:\\\/\\\/centrodeexcelencia.org.br\\\/#organization\",\"name\":\"WFP\",\"url\":\"https:\\\/\\\/centrodeexcelencia.org.br\\\/\",\"logo\":{\"@type\":\"ImageObject\",\"inLanguage\":\"en-US\",\"@id\":\"https:\\\/\\\/centrodeexcelencia.org.br\\\/#\\\/schema\\\/logo\\\/image\\\/\",\"url\":\"https:\\\/\\\/centrodeexcelencia.org.br\\\/wp-content\\\/uploads\\\/2026\\\/01\\\/Sem-titulo-1_Prancheta-1-1.png\",\"contentUrl\":\"https:\\\/\\\/centrodeexcelencia.org.br\\\/wp-content\\\/uploads\\\/2026\\\/01\\\/Sem-titulo-1_Prancheta-1-1.png\",\"width\":259,\"height\":395,\"caption\":\"WFP\"},\"image\":{\"@id\":\"https:\\\/\\\/centrodeexcelencia.org.br\\\/#\\\/schema\\\/logo\\\/image\\\/\"}},{\"@type\":\"Person\",\"@id\":\"https:\\\/\\\/centrodeexcelencia.org.br\\\/#\\\/schema\\\/person\\\/2629ac7f859c90852cc6b9219b468962\",\"name\":\"Vit\u00f3ria Lobo\",\"image\":{\"@type\":\"ImageObject\",\"inLanguage\":\"en-US\",\"@id\":\"https:\\\/\\\/secure.gravatar.com\\\/avatar\\\/1e6bbe169c046b2a198c78966d42a7e657fe7e0347d93971317aac9b9beb63c0?s=96&d=mm&r=g\",\"url\":\"https:\\\/\\\/secure.gravatar.com\\\/avatar\\\/1e6bbe169c046b2a198c78966d42a7e657fe7e0347d93971317aac9b9beb63c0?s=96&d=mm&r=g\",\"contentUrl\":\"https:\\\/\\\/secure.gravatar.com\\\/avatar\\\/1e6bbe169c046b2a198c78966d42a7e657fe7e0347d93971317aac9b9beb63c0?s=96&d=mm&r=g\",\"caption\":\"Vit\u00f3ria Lobo\"},\"url\":\"https:\\\/\\\/centrodeexcelencia.org.br\\\/en\\\/author\\\/vitorialobo\\\/\"}]}<\/script>\n<!-- \/ Yoast SEO plugin. -->","yoast_head_json":{"title":"Centre of Excellence launches report on fruits and vegetables at national event - WFP","robots":{"index":"index","follow":"follow","max-snippet":"max-snippet:-1","max-image-preview":"max-image-preview:large","max-video-preview":"max-video-preview:-1"},"canonical":"https:\/\/centrodeexcelencia.org.br\/centro-de-excelencia-lanca-relatorio-sobre-frutas-legumes-e-verduras-em-evento-nacional\/","og_locale":"en_US","og_type":"article","og_title":"Centre of Excellence launches report on fruits and vegetables at national event - WFP","og_description":"The WFP Centre of Excellence against Hunger Brazil launched a&hellip;  Read more","og_url":"https:\/\/centrodeexcelencia.org.br\/centro-de-excelencia-lanca-relatorio-sobre-frutas-legumes-e-verduras-em-evento-nacional\/","og_site_name":"WFP","article_published_time":"2021-12-09T17:34:51+00:00","article_modified_time":"2024-10-10T22:04:33+00:00","og_image":[{"width":1353,"height":566,"url":"https:\/\/centrodeexcelencia.org.br\/wp-content\/uploads\/2021\/12\/2print-1.png","type":"image\/png"}],"author":"Vit\u00f3ria Lobo","twitter_card":"summary_large_image","twitter_misc":{"Written by":"Vit\u00f3ria Lobo","Est. reading time":"2 minutes"},"schema":{"@context":"https:\/\/schema.org","@graph":[{"@type":"Article","@id":"https:\/\/centrodeexcelencia.org.br\/centro-de-excelencia-lanca-relatorio-sobre-frutas-legumes-e-verduras-em-evento-nacional\/#article","isPartOf":{"@id":"https:\/\/centrodeexcelencia.org.br\/centro-de-excelencia-lanca-relatorio-sobre-frutas-legumes-e-verduras-em-evento-nacional\/"},"author":{"name":"Vit\u00f3ria Lobo","@id":"https:\/\/centrodeexcelencia.org.br\/#\/schema\/person\/2629ac7f859c90852cc6b9219b468962"},"headline":"Centre of Excellence launches report on fruits and vegetables at national event","datePublished":"2021-12-09T17:34:51+00:00","dateModified":"2024-10-10T22:04:33+00:00","mainEntityOfPage":{"@id":"https:\/\/centrodeexcelencia.org.br\/centro-de-excelencia-lanca-relatorio-sobre-frutas-legumes-e-verduras-em-evento-nacional\/"},"wordCount":857,"publisher":{"@id":"https:\/\/centrodeexcelencia.org.br\/#organization"},"image":{"@id":"https:\/\/centrodeexcelencia.org.br\/centro-de-excelencia-lanca-relatorio-sobre-frutas-legumes-e-verduras-em-evento-nacional\/#primaryimage"},"thumbnailUrl":"https:\/\/centrodeexcelencia.org.br\/wp-content\/uploads\/2021\/12\/2print-1.png","keywords":["brasil","brazil","Colombia","Peru"],"articleSection":["Events","News","Nutrition"],"inLanguage":"en-US"},{"@type":"WebPage","@id":"https:\/\/centrodeexcelencia.org.br\/centro-de-excelencia-lanca-relatorio-sobre-frutas-legumes-e-verduras-em-evento-nacional\/","url":"https:\/\/centrodeexcelencia.org.br\/centro-de-excelencia-lanca-relatorio-sobre-frutas-legumes-e-verduras-em-evento-nacional\/","name":"Centre of Excellence launches report on fruits and vegetables at national event - WFP","isPartOf":{"@id":"https:\/\/centrodeexcelencia.org.br\/#website"},"primaryImageOfPage":{"@id":"https:\/\/centrodeexcelencia.org.br\/centro-de-excelencia-lanca-relatorio-sobre-frutas-legumes-e-verduras-em-evento-nacional\/#primaryimage"},"image":{"@id":"https:\/\/centrodeexcelencia.org.br\/centro-de-excelencia-lanca-relatorio-sobre-frutas-legumes-e-verduras-em-evento-nacional\/#primaryimage"},"thumbnailUrl":"https:\/\/centrodeexcelencia.org.br\/wp-content\/uploads\/2021\/12\/2print-1.png","datePublished":"2021-12-09T17:34:51+00:00","dateModified":"2024-10-10T22:04:33+00:00","breadcrumb":{"@id":"https:\/\/centrodeexcelencia.org.br\/centro-de-excelencia-lanca-relatorio-sobre-frutas-legumes-e-verduras-em-evento-nacional\/#breadcrumb"},"inLanguage":"en-US","potentialAction":[{"@type":"ReadAction","target":["https:\/\/centrodeexcelencia.org.br\/centro-de-excelencia-lanca-relatorio-sobre-frutas-legumes-e-verduras-em-evento-nacional\/"]}]},{"@type":"ImageObject","inLanguage":"en-US","@id":"https:\/\/centrodeexcelencia.org.br\/centro-de-excelencia-lanca-relatorio-sobre-frutas-legumes-e-verduras-em-evento-nacional\/#primaryimage","url":"https:\/\/centrodeexcelencia.org.br\/wp-content\/uploads\/2021\/12\/2print-1.png","contentUrl":"https:\/\/centrodeexcelencia.org.br\/wp-content\/uploads\/2021\/12\/2print-1.png","width":1353,"height":566,"caption":"Centro de Excel\u00eancia lan\u00e7a relat\u00f3rio sobre frutas, legumes e verduras em evento nacional"},{"@type":"BreadcrumbList","@id":"https:\/\/centrodeexcelencia.org.br\/centro-de-excelencia-lanca-relatorio-sobre-frutas-legumes-e-verduras-em-evento-nacional\/#breadcrumb","itemListElement":[{"@type":"ListItem","position":1,"name":"In\u00edcio","item":"https:\/\/centrodeexcelencia.org.br\/"},{"@type":"ListItem","position":2,"name":"Centro de Excel\u00eancia lan\u00e7a relat\u00f3rio sobre frutas, legumes e verduras em evento nacional"}]},{"@type":"WebSite","@id":"https:\/\/centrodeexcelencia.org.br\/#website","url":"https:\/\/centrodeexcelencia.org.br\/","name":"WFP","description":"Centre of Excellence against Hunger","publisher":{"@id":"https:\/\/centrodeexcelencia.org.br\/#organization"},"potentialAction":[{"@type":"SearchAction","target":{"@type":"EntryPoint","urlTemplate":"https:\/\/centrodeexcelencia.org.br\/?s={search_term_string}"},"query-input":{"@type":"PropertyValueSpecification","valueRequired":true,"valueName":"search_term_string"}}],"inLanguage":"en-US"},{"@type":"Organization","@id":"https:\/\/centrodeexcelencia.org.br\/#organization","name":"WFP","url":"https:\/\/centrodeexcelencia.org.br\/","logo":{"@type":"ImageObject","inLanguage":"en-US","@id":"https:\/\/centrodeexcelencia.org.br\/#\/schema\/logo\/image\/","url":"https:\/\/centrodeexcelencia.org.br\/wp-content\/uploads\/2026\/01\/Sem-titulo-1_Prancheta-1-1.png","contentUrl":"https:\/\/centrodeexcelencia.org.br\/wp-content\/uploads\/2026\/01\/Sem-titulo-1_Prancheta-1-1.png","width":259,"height":395,"caption":"WFP"},"image":{"@id":"https:\/\/centrodeexcelencia.org.br\/#\/schema\/logo\/image\/"}},{"@type":"Person","@id":"https:\/\/centrodeexcelencia.org.br\/#\/schema\/person\/2629ac7f859c90852cc6b9219b468962","name":"Vit\u00f3ria Lobo","image":{"@type":"ImageObject","inLanguage":"en-US","@id":"https:\/\/secure.gravatar.com\/avatar\/1e6bbe169c046b2a198c78966d42a7e657fe7e0347d93971317aac9b9beb63c0?s=96&d=mm&r=g","url":"https:\/\/secure.gravatar.com\/avatar\/1e6bbe169c046b2a198c78966d42a7e657fe7e0347d93971317aac9b9beb63c0?s=96&d=mm&r=g","contentUrl":"https:\/\/secure.gravatar.com\/avatar\/1e6bbe169c046b2a198c78966d42a7e657fe7e0347d93971317aac9b9beb63c0?s=96&d=mm&r=g","caption":"Vit\u00f3ria Lobo"},"url":"https:\/\/centrodeexcelencia.org.br\/en\/author\/vitorialobo\/"}]}},"_links":{"self":[{"href":"https:\/\/centrodeexcelencia.org.br\/en\/wp-json\/wp\/v2\/posts\/24551","targetHints":{"allow":["GET"]}}],"collection":[{"href":"https:\/\/centrodeexcelencia.org.br\/en\/wp-json\/wp\/v2\/posts"}],"about":[{"href":"https:\/\/centrodeexcelencia.org.br\/en\/wp-json\/wp\/v2\/types\/post"}],"author":[{"embeddable":true,"href":"https:\/\/centrodeexcelencia.org.br\/en\/wp-json\/wp\/v2\/users\/83"}],"replies":[{"embeddable":true,"href":"https:\/\/centrodeexcelencia.org.br\/en\/wp-json\/wp\/v2\/comments?post=24551"}],"version-history":[{"count":0,"href":"https:\/\/centrodeexcelencia.org.br\/en\/wp-json\/wp\/v2\/posts\/24551\/revisions"}],"wp:featuredmedia":[{"embeddable":true,"href":"https:\/\/centrodeexcelencia.org.br\/en\/wp-json\/wp\/v2\/media\/24552"}],"wp:attachment":[{"href":"https:\/\/centrodeexcelencia.org.br\/en\/wp-json\/wp\/v2\/media?parent=24551"}],"wp:term":[{"taxonomy":"category","embeddable":true,"href":"https:\/\/centrodeexcelencia.org.br\/en\/wp-json\/wp\/v2\/categories?post=24551"},{"taxonomy":"post_tag","embeddable":true,"href":"https:\/\/centrodeexcelencia.org.br\/en\/wp-json\/wp\/v2\/tags?post=24551"}],"curies":[{"name":"wp","href":"https:\/\/api.w.org\/{rel}","templated":true}]}}