{"id":24669,"date":"2022-01-27T14:20:52","date_gmt":"2022-01-27T17:20:52","guid":{"rendered":"https:\/\/centrodeexcelencia.org.br\/?p=24669"},"modified":"2024-10-10T19:00:06","modified_gmt":"2024-10-10T22:00:06","slug":"alem-do-algodao-plano-operativo-e-aprovado-no-benim","status":"publish","type":"post","link":"https:\/\/centrodeexcelencia.org.br\/en\/alem-do-algodao-plano-operativo-e-aprovado-no-benim\/","title":{"rendered":"Beyond Cotton: operating plan for Benin is approved"},"content":{"rendered":"<p><img fetchpriority=\"high\" decoding=\"async\" class=\"alignnone size-full wp-image-24670\" src=\"https:\/\/centrodeexcelencia.org.br\/wp-content\/uploads\/2022\/01\/DSC_0610-scaled.jpg\" alt=\"\" width=\"2560\" height=\"1711\" srcset=\"https:\/\/centrodeexcelencia.org.br\/wp-content\/uploads\/2022\/01\/DSC_0610-scaled.jpg 2560w, https:\/\/centrodeexcelencia.org.br\/wp-content\/uploads\/2022\/01\/DSC_0610-300x201.jpg 300w, https:\/\/centrodeexcelencia.org.br\/wp-content\/uploads\/2022\/01\/DSC_0610-1024x684.jpg 1024w, https:\/\/centrodeexcelencia.org.br\/wp-content\/uploads\/2022\/01\/DSC_0610-768x513.jpg 768w, https:\/\/centrodeexcelencia.org.br\/wp-content\/uploads\/2022\/01\/DSC_0610-1536x1027.jpg 1536w, https:\/\/centrodeexcelencia.org.br\/wp-content\/uploads\/2022\/01\/DSC_0610-2048x1369.jpg 2048w, https:\/\/centrodeexcelencia.org.br\/wp-content\/uploads\/2022\/01\/DSC_0610-600x401.jpg 600w\" sizes=\"(max-width: 2560px) 100vw, 2560px\" \/><\/p>\n<p><span data-contrast=\"auto\">The Beyond Cotton project took another step in Benin with the approval of the Annual Operating Plan (AOP) for the country. With this, the project team will already be able to officially start working with smallholder farmers and the schools located at the regions covered by the initiative. In the coming weeks, the team will meet with government representatives at the national and local levels to present the Plan to the authorities. &#8220;The approval of the 2022 Work Plan is a milestone of the project in Benin. The smallholder cotton farmers in the regions covered by the project yearn for the start of field activities so that they can take advantage of the expertise of all the partners involved in this initiative before the end of this agricultural year,&#8221; said Nadjib Zakari, local coordinator of the project.\u00a0<\/span><span data-ccp-props=\"{&quot;201341983&quot;:0,&quot;335551550&quot;:6,&quot;335551620&quot;:6,&quot;335559739&quot;:160,&quot;335559740&quot;:259}\">\u00a0<\/span><\/p>\n<p><span data-contrast=\"auto\">The activities of <\/span><span data-contrast=\"none\">the Beyond Cotton project in Benin <\/span><span data-contrast=\"auto\">will encourage sustainable agricultural <\/span><span data-contrast=\"none\">production, following models of integrated food crop systems. The plan is <\/span><span data-contrast=\"none\">to strengthen the capacities of some 2,000 smallholder cotton farmers and food producers and facilitate the marketing and traceability of food supplied to schools by cotton cooperatives in the country. The promotion of food processing, an activity traditionally done by women and young workers, will also promote the increase in value of local dishes and vary the food basket offered to school-age children, encouraging entrepreneurship.<\/span><span data-ccp-props=\"{&quot;201341983&quot;:0,&quot;335551550&quot;:6,&quot;335551620&quot;:6,&quot;335559739&quot;:160,&quot;335559740&quot;:259}\">\u00a0<\/span><\/p>\n<p><span data-contrast=\"none\">&#8220;Rotating crops such as corn, black beans, vegetables, and fruits will be essential to promote the food and nutritional security of all those benefited by the project, in addition to ensuring an extra income for families involved in cotton production by selling these foods to a stable market, as for school feeding,<\/span><span data-contrast=\"auto\">&#8221; added Nadjib Zakari.<\/span><span data-ccp-props=\"{&quot;201341983&quot;:0,&quot;335551550&quot;:6,&quot;335551620&quot;:6,&quot;335559739&quot;:160,&quot;335559740&quot;:259}\">\u00a0<\/span><\/p>\n<p><span data-contrast=\"auto\">The approval of the Plan took place on January 26<\/span><span data-contrast=\"auto\">th<\/span><span data-contrast=\"auto\"> at a meeting of the Project Monitoring Committee, with the participation of the WFP Centre of Excellence against Hunger Brazil, WFP in Benin, the country\u2019s Ministry of Agriculture, Livestock and Fisheries, in addition to the Brazilian Cooperation Agency (ABC) and the Federal University of Western Bahia (UFOB), which are the partners in the cooperation project. The Plan contains the schedule of annual activities, which will be carried out remotely or face-to-face, for the development of the products defined in the country project.\u00a0<\/span><span data-ccp-props=\"{&quot;201341983&quot;:0,&quot;335551550&quot;:6,&quot;335551620&quot;:6,&quot;335559739&quot;:160,&quot;335559740&quot;:259}\">\u00a0<\/span><\/p>\n<p><span data-contrast=\"auto\">The project Technical Committee has been meeting since 2021 and the Benin country project was finalized by all partners in November of that year, with the first field activities starting already this semester. The Committee will meet in the coming weeks to detail the implementation methodology for each planned activity and make the necessary adjustments to achieve the results expected for the year.<\/span><span data-ccp-props=\"{&quot;201341983&quot;:0,&quot;335551550&quot;:6,&quot;335551620&quot;:6,&quot;335559739&quot;:160,&quot;335559740&quot;:259}\">\u00a0<\/span><\/p>\n<p><span data-contrast=\"none\">The WFP country office in Benin is already supporting the local government to establish a national sustainable school feeding programme that serves about 4,000 schools, with the expectation of benefiting about 700,000 students. The program builds on the success of WFP\u2019s integrated approach, which has a nutritional dimension, linking social protection, education, health and agriculture. This approach seeks to place more emphasis on home-made school feeding and gender inequalities.<\/span><span data-ccp-props=\"{&quot;201341983&quot;:0,&quot;335551550&quot;:6,&quot;335551620&quot;:6,&quot;335559739&quot;:160,&quot;335559740&quot;:240}\">\u00a0<\/span><\/p>\n<p><img decoding=\"async\" class=\"alignnone size-full wp-image-24671\" src=\"https:\/\/centrodeexcelencia.org.br\/wp-content\/uploads\/2022\/01\/DSC_0611-scaled.jpg\" alt=\"\" width=\"2560\" height=\"1711\" srcset=\"https:\/\/centrodeexcelencia.org.br\/wp-content\/uploads\/2022\/01\/DSC_0611-scaled.jpg 2560w, https:\/\/centrodeexcelencia.org.br\/wp-content\/uploads\/2022\/01\/DSC_0611-300x201.jpg 300w, https:\/\/centrodeexcelencia.org.br\/wp-content\/uploads\/2022\/01\/DSC_0611-1024x684.jpg 1024w, https:\/\/centrodeexcelencia.org.br\/wp-content\/uploads\/2022\/01\/DSC_0611-768x513.jpg 768w, https:\/\/centrodeexcelencia.org.br\/wp-content\/uploads\/2022\/01\/DSC_0611-1536x1027.jpg 1536w, https:\/\/centrodeexcelencia.org.br\/wp-content\/uploads\/2022\/01\/DSC_0611-2048x1369.jpg 2048w, https:\/\/centrodeexcelencia.org.br\/wp-content\/uploads\/2022\/01\/DSC_0611-600x401.jpg 600w\" sizes=\"(max-width: 2560px) 100vw, 2560px\" \/><\/p>\n<p><span data-contrast=\"auto\">Cotton in Benin<\/span><span data-ccp-props=\"{&quot;201341983&quot;:0,&quot;335551550&quot;:6,&quot;335551620&quot;:6,&quot;335559739&quot;:160,&quot;335559740&quot;:259}\">\u00a0<\/span><\/p>\n<p><span data-contrast=\"none\">Cotton is grown by about one third of farmers in Benin and occupies about 20% of the total cultivated area. For the 2018-2019 agricultural season, 2,582 Village Producer Cooperatives were involved in cotton production in an area of 644,530 hectares, with a commercialized production of almost 700,000 tons of cotton seed. The main areas of production are the North and Centre of the country, which are also the main areas of food crops (corn, rice, black beans, millet, soybean) useful for school feeding, which requires about 20,000 tons of food in each school year. All cotton production in Benin is on rainfed regime and is produced by family farmers, with mostly rudimentary production techniques. Cotton production in Benin has steadily increased since 2015, as has cereal production.<\/span><span data-ccp-props=\"{&quot;201341983&quot;:0,&quot;335551550&quot;:6,&quot;335551620&quot;:6,&quot;335559739&quot;:160,&quot;335559740&quot;:259}\">\u00a0<\/span><\/p>","protected":false},"excerpt":{"rendered":"<p>The Beyond Cotton project took another step in Benin with&hellip;<\/p>\n<p> <a class=\"more-link\" href=\"https:\/\/centrodeexcelencia.org.br\/en\/alem-do-algodao-plano-operativo-e-aprovado-no-benim\/\">Read more<\/a><\/p>\n","protected":false},"author":34,"featured_media":24670,"comment_status":"closed","ping_status":"open","sticky":false,"template":"","format":"standard","meta":{"_monsterinsights_skip_tracking":false,"_monsterinsights_sitenote_active":false,"_monsterinsights_sitenote_note":"","_monsterinsights_sitenote_category":0,"footnotes":""},"categories":[190,187],"tags":[133,134],"class_list":{"0":"post-24669","1":"post","2":"type-post","3":"status-publish","4":"format-standard","5":"has-post-thumbnail","7":"category-alem-do-algodao-noticias","8":"category-noticias","9":"tag-benim","10":"tag-benin"},"yoast_head":"<!-- This site is optimized with the Yoast SEO plugin v27.3 - https:\/\/yoast.com\/product\/yoast-seo-wordpress\/ -->\n<title>Beyond Cotton: operating plan for Benin is approved - WFP<\/title>\n<meta name=\"robots\" content=\"index, follow, max-snippet:-1, max-image-preview:large, max-video-preview:-1\" \/>\n<link rel=\"canonical\" href=\"https:\/\/centrodeexcelencia.org.br\/alem-do-algodao-plano-operativo-e-aprovado-no-benim\/\" \/>\n<meta property=\"og:locale\" content=\"en_US\" \/>\n<meta property=\"og:type\" content=\"article\" \/>\n<meta property=\"og:title\" content=\"Beyond Cotton: operating plan for Benin is approved - WFP\" \/>\n<meta property=\"og:description\" content=\"The Beyond Cotton project took another step in Benin with&hellip;  Read more\" \/>\n<meta property=\"og:url\" content=\"https:\/\/centrodeexcelencia.org.br\/alem-do-algodao-plano-operativo-e-aprovado-no-benim\/\" \/>\n<meta property=\"og:site_name\" content=\"WFP\" \/>\n<meta property=\"article:published_time\" content=\"2022-01-27T17:20:52+00:00\" \/>\n<meta property=\"article:modified_time\" content=\"2024-10-10T22:00:06+00:00\" \/>\n<meta property=\"og:image\" content=\"https:\/\/centrodeexcelencia.org.br\/wp-content\/uploads\/2022\/01\/DSC_0610-scaled.jpg\" \/>\n\t<meta property=\"og:image:width\" content=\"2560\" \/>\n\t<meta property=\"og:image:height\" content=\"1711\" \/>\n\t<meta property=\"og:image:type\" content=\"image\/jpeg\" \/>\n<meta name=\"author\" content=\"Caroline Melo\" \/>\n<meta name=\"twitter:card\" content=\"summary_large_image\" \/>\n<meta name=\"twitter:label1\" content=\"Written by\" \/>\n\t<meta name=\"twitter:data1\" content=\"Caroline Melo\" \/>\n\t<meta name=\"twitter:label2\" content=\"Est. reading time\" \/>\n\t<meta name=\"twitter:data2\" content=\"4 minutes\" \/>\n<script type=\"application\/ld+json\" class=\"yoast-schema-graph\">{\"@context\":\"https:\\\/\\\/schema.org\",\"@graph\":[{\"@type\":\"Article\",\"@id\":\"https:\\\/\\\/centrodeexcelencia.org.br\\\/alem-do-algodao-plano-operativo-e-aprovado-no-benim\\\/#article\",\"isPartOf\":{\"@id\":\"https:\\\/\\\/centrodeexcelencia.org.br\\\/alem-do-algodao-plano-operativo-e-aprovado-no-benim\\\/\"},\"author\":{\"name\":\"Caroline Melo\",\"@id\":\"https:\\\/\\\/centrodeexcelencia.org.br\\\/#\\\/schema\\\/person\\\/b9f3e0ad16a8968d7834a04c67c2530e\"},\"headline\":\"Beyond Cotton: operating plan for Benin is approved\",\"datePublished\":\"2022-01-27T17:20:52+00:00\",\"dateModified\":\"2024-10-10T22:00:06+00:00\",\"mainEntityOfPage\":{\"@id\":\"https:\\\/\\\/centrodeexcelencia.org.br\\\/alem-do-algodao-plano-operativo-e-aprovado-no-benim\\\/\"},\"wordCount\":1393,\"publisher\":{\"@id\":\"https:\\\/\\\/centrodeexcelencia.org.br\\\/#organization\"},\"image\":{\"@id\":\"https:\\\/\\\/centrodeexcelencia.org.br\\\/alem-do-algodao-plano-operativo-e-aprovado-no-benim\\\/#primaryimage\"},\"thumbnailUrl\":\"https:\\\/\\\/centrodeexcelencia.org.br\\\/wp-content\\\/uploads\\\/2022\\\/01\\\/DSC_0610-scaled.jpg\",\"keywords\":[\"benim\",\"benin\"],\"articleSection\":[\"Beyond Cotton\",\"News\"],\"inLanguage\":\"en-US\"},{\"@type\":\"WebPage\",\"@id\":\"https:\\\/\\\/centrodeexcelencia.org.br\\\/alem-do-algodao-plano-operativo-e-aprovado-no-benim\\\/\",\"url\":\"https:\\\/\\\/centrodeexcelencia.org.br\\\/alem-do-algodao-plano-operativo-e-aprovado-no-benim\\\/\",\"name\":\"Beyond Cotton: operating plan for Benin is approved - WFP\",\"isPartOf\":{\"@id\":\"https:\\\/\\\/centrodeexcelencia.org.br\\\/#website\"},\"primaryImageOfPage\":{\"@id\":\"https:\\\/\\\/centrodeexcelencia.org.br\\\/alem-do-algodao-plano-operativo-e-aprovado-no-benim\\\/#primaryimage\"},\"image\":{\"@id\":\"https:\\\/\\\/centrodeexcelencia.org.br\\\/alem-do-algodao-plano-operativo-e-aprovado-no-benim\\\/#primaryimage\"},\"thumbnailUrl\":\"https:\\\/\\\/centrodeexcelencia.org.br\\\/wp-content\\\/uploads\\\/2022\\\/01\\\/DSC_0610-scaled.jpg\",\"datePublished\":\"2022-01-27T17:20:52+00:00\",\"dateModified\":\"2024-10-10T22:00:06+00:00\",\"breadcrumb\":{\"@id\":\"https:\\\/\\\/centrodeexcelencia.org.br\\\/alem-do-algodao-plano-operativo-e-aprovado-no-benim\\\/#breadcrumb\"},\"inLanguage\":\"en-US\",\"potentialAction\":[{\"@type\":\"ReadAction\",\"target\":[\"https:\\\/\\\/centrodeexcelencia.org.br\\\/alem-do-algodao-plano-operativo-e-aprovado-no-benim\\\/\"]}]},{\"@type\":\"ImageObject\",\"inLanguage\":\"en-US\",\"@id\":\"https:\\\/\\\/centrodeexcelencia.org.br\\\/alem-do-algodao-plano-operativo-e-aprovado-no-benim\\\/#primaryimage\",\"url\":\"https:\\\/\\\/centrodeexcelencia.org.br\\\/wp-content\\\/uploads\\\/2022\\\/01\\\/DSC_0610-scaled.jpg\",\"contentUrl\":\"https:\\\/\\\/centrodeexcelencia.org.br\\\/wp-content\\\/uploads\\\/2022\\\/01\\\/DSC_0610-scaled.jpg\",\"width\":2560,\"height\":1711},{\"@type\":\"BreadcrumbList\",\"@id\":\"https:\\\/\\\/centrodeexcelencia.org.br\\\/alem-do-algodao-plano-operativo-e-aprovado-no-benim\\\/#breadcrumb\",\"itemListElement\":[{\"@type\":\"ListItem\",\"position\":1,\"name\":\"In\u00edcio\",\"item\":\"https:\\\/\\\/centrodeexcelencia.org.br\\\/\"},{\"@type\":\"ListItem\",\"position\":2,\"name\":\"Al\u00e9m do Algod\u00e3o: plano operativo \u00e9 aprovado no Benim\"}]},{\"@type\":\"WebSite\",\"@id\":\"https:\\\/\\\/centrodeexcelencia.org.br\\\/#website\",\"url\":\"https:\\\/\\\/centrodeexcelencia.org.br\\\/\",\"name\":\"WFP\",\"description\":\"Centre of Excellence against Hunger\",\"publisher\":{\"@id\":\"https:\\\/\\\/centrodeexcelencia.org.br\\\/#organization\"},\"potentialAction\":[{\"@type\":\"SearchAction\",\"target\":{\"@type\":\"EntryPoint\",\"urlTemplate\":\"https:\\\/\\\/centrodeexcelencia.org.br\\\/?s={search_term_string}\"},\"query-input\":{\"@type\":\"PropertyValueSpecification\",\"valueRequired\":true,\"valueName\":\"search_term_string\"}}],\"inLanguage\":\"en-US\"},{\"@type\":\"Organization\",\"@id\":\"https:\\\/\\\/centrodeexcelencia.org.br\\\/#organization\",\"name\":\"WFP\",\"url\":\"https:\\\/\\\/centrodeexcelencia.org.br\\\/\",\"logo\":{\"@type\":\"ImageObject\",\"inLanguage\":\"en-US\",\"@id\":\"https:\\\/\\\/centrodeexcelencia.org.br\\\/#\\\/schema\\\/logo\\\/image\\\/\",\"url\":\"https:\\\/\\\/centrodeexcelencia.org.br\\\/wp-content\\\/uploads\\\/2026\\\/01\\\/Sem-titulo-1_Prancheta-1-1.png\",\"contentUrl\":\"https:\\\/\\\/centrodeexcelencia.org.br\\\/wp-content\\\/uploads\\\/2026\\\/01\\\/Sem-titulo-1_Prancheta-1-1.png\",\"width\":259,\"height\":395,\"caption\":\"WFP\"},\"image\":{\"@id\":\"https:\\\/\\\/centrodeexcelencia.org.br\\\/#\\\/schema\\\/logo\\\/image\\\/\"}},{\"@type\":\"Person\",\"@id\":\"https:\\\/\\\/centrodeexcelencia.org.br\\\/#\\\/schema\\\/person\\\/b9f3e0ad16a8968d7834a04c67c2530e\",\"name\":\"Caroline Melo\",\"image\":{\"@type\":\"ImageObject\",\"inLanguage\":\"en-US\",\"@id\":\"https:\\\/\\\/secure.gravatar.com\\\/avatar\\\/bbe7ee875fb8a53c53e42f9d40e5ec3578a98aa956f578c371712299f1118a7e?s=96&d=mm&r=g\",\"url\":\"https:\\\/\\\/secure.gravatar.com\\\/avatar\\\/bbe7ee875fb8a53c53e42f9d40e5ec3578a98aa956f578c371712299f1118a7e?s=96&d=mm&r=g\",\"contentUrl\":\"https:\\\/\\\/secure.gravatar.com\\\/avatar\\\/bbe7ee875fb8a53c53e42f9d40e5ec3578a98aa956f578c371712299f1118a7e?s=96&d=mm&r=g\",\"caption\":\"Caroline Melo\"},\"url\":\"https:\\\/\\\/centrodeexcelencia.org.br\\\/en\\\/author\\\/carolinemelo\\\/\"}]}<\/script>\n<!-- \/ Yoast SEO plugin. -->","yoast_head_json":{"title":"Beyond Cotton: operating plan for Benin is approved - WFP","robots":{"index":"index","follow":"follow","max-snippet":"max-snippet:-1","max-image-preview":"max-image-preview:large","max-video-preview":"max-video-preview:-1"},"canonical":"https:\/\/centrodeexcelencia.org.br\/alem-do-algodao-plano-operativo-e-aprovado-no-benim\/","og_locale":"en_US","og_type":"article","og_title":"Beyond Cotton: operating plan for Benin is approved - WFP","og_description":"The Beyond Cotton project took another step in Benin with&hellip;  Read more","og_url":"https:\/\/centrodeexcelencia.org.br\/alem-do-algodao-plano-operativo-e-aprovado-no-benim\/","og_site_name":"WFP","article_published_time":"2022-01-27T17:20:52+00:00","article_modified_time":"2024-10-10T22:00:06+00:00","og_image":[{"width":2560,"height":1711,"url":"https:\/\/centrodeexcelencia.org.br\/wp-content\/uploads\/2022\/01\/DSC_0610-scaled.jpg","type":"image\/jpeg"}],"author":"Caroline Melo","twitter_card":"summary_large_image","twitter_misc":{"Written by":"Caroline Melo","Est. reading time":"4 minutes"},"schema":{"@context":"https:\/\/schema.org","@graph":[{"@type":"Article","@id":"https:\/\/centrodeexcelencia.org.br\/alem-do-algodao-plano-operativo-e-aprovado-no-benim\/#article","isPartOf":{"@id":"https:\/\/centrodeexcelencia.org.br\/alem-do-algodao-plano-operativo-e-aprovado-no-benim\/"},"author":{"name":"Caroline Melo","@id":"https:\/\/centrodeexcelencia.org.br\/#\/schema\/person\/b9f3e0ad16a8968d7834a04c67c2530e"},"headline":"Beyond Cotton: operating plan for Benin is approved","datePublished":"2022-01-27T17:20:52+00:00","dateModified":"2024-10-10T22:00:06+00:00","mainEntityOfPage":{"@id":"https:\/\/centrodeexcelencia.org.br\/alem-do-algodao-plano-operativo-e-aprovado-no-benim\/"},"wordCount":1393,"publisher":{"@id":"https:\/\/centrodeexcelencia.org.br\/#organization"},"image":{"@id":"https:\/\/centrodeexcelencia.org.br\/alem-do-algodao-plano-operativo-e-aprovado-no-benim\/#primaryimage"},"thumbnailUrl":"https:\/\/centrodeexcelencia.org.br\/wp-content\/uploads\/2022\/01\/DSC_0610-scaled.jpg","keywords":["benim","benin"],"articleSection":["Beyond Cotton","News"],"inLanguage":"en-US"},{"@type":"WebPage","@id":"https:\/\/centrodeexcelencia.org.br\/alem-do-algodao-plano-operativo-e-aprovado-no-benim\/","url":"https:\/\/centrodeexcelencia.org.br\/alem-do-algodao-plano-operativo-e-aprovado-no-benim\/","name":"Beyond Cotton: operating plan for Benin is approved - WFP","isPartOf":{"@id":"https:\/\/centrodeexcelencia.org.br\/#website"},"primaryImageOfPage":{"@id":"https:\/\/centrodeexcelencia.org.br\/alem-do-algodao-plano-operativo-e-aprovado-no-benim\/#primaryimage"},"image":{"@id":"https:\/\/centrodeexcelencia.org.br\/alem-do-algodao-plano-operativo-e-aprovado-no-benim\/#primaryimage"},"thumbnailUrl":"https:\/\/centrodeexcelencia.org.br\/wp-content\/uploads\/2022\/01\/DSC_0610-scaled.jpg","datePublished":"2022-01-27T17:20:52+00:00","dateModified":"2024-10-10T22:00:06+00:00","breadcrumb":{"@id":"https:\/\/centrodeexcelencia.org.br\/alem-do-algodao-plano-operativo-e-aprovado-no-benim\/#breadcrumb"},"inLanguage":"en-US","potentialAction":[{"@type":"ReadAction","target":["https:\/\/centrodeexcelencia.org.br\/alem-do-algodao-plano-operativo-e-aprovado-no-benim\/"]}]},{"@type":"ImageObject","inLanguage":"en-US","@id":"https:\/\/centrodeexcelencia.org.br\/alem-do-algodao-plano-operativo-e-aprovado-no-benim\/#primaryimage","url":"https:\/\/centrodeexcelencia.org.br\/wp-content\/uploads\/2022\/01\/DSC_0610-scaled.jpg","contentUrl":"https:\/\/centrodeexcelencia.org.br\/wp-content\/uploads\/2022\/01\/DSC_0610-scaled.jpg","width":2560,"height":1711},{"@type":"BreadcrumbList","@id":"https:\/\/centrodeexcelencia.org.br\/alem-do-algodao-plano-operativo-e-aprovado-no-benim\/#breadcrumb","itemListElement":[{"@type":"ListItem","position":1,"name":"In\u00edcio","item":"https:\/\/centrodeexcelencia.org.br\/"},{"@type":"ListItem","position":2,"name":"Al\u00e9m do Algod\u00e3o: plano operativo \u00e9 aprovado no Benim"}]},{"@type":"WebSite","@id":"https:\/\/centrodeexcelencia.org.br\/#website","url":"https:\/\/centrodeexcelencia.org.br\/","name":"WFP","description":"Centre of Excellence against Hunger","publisher":{"@id":"https:\/\/centrodeexcelencia.org.br\/#organization"},"potentialAction":[{"@type":"SearchAction","target":{"@type":"EntryPoint","urlTemplate":"https:\/\/centrodeexcelencia.org.br\/?s={search_term_string}"},"query-input":{"@type":"PropertyValueSpecification","valueRequired":true,"valueName":"search_term_string"}}],"inLanguage":"en-US"},{"@type":"Organization","@id":"https:\/\/centrodeexcelencia.org.br\/#organization","name":"WFP","url":"https:\/\/centrodeexcelencia.org.br\/","logo":{"@type":"ImageObject","inLanguage":"en-US","@id":"https:\/\/centrodeexcelencia.org.br\/#\/schema\/logo\/image\/","url":"https:\/\/centrodeexcelencia.org.br\/wp-content\/uploads\/2026\/01\/Sem-titulo-1_Prancheta-1-1.png","contentUrl":"https:\/\/centrodeexcelencia.org.br\/wp-content\/uploads\/2026\/01\/Sem-titulo-1_Prancheta-1-1.png","width":259,"height":395,"caption":"WFP"},"image":{"@id":"https:\/\/centrodeexcelencia.org.br\/#\/schema\/logo\/image\/"}},{"@type":"Person","@id":"https:\/\/centrodeexcelencia.org.br\/#\/schema\/person\/b9f3e0ad16a8968d7834a04c67c2530e","name":"Caroline Melo","image":{"@type":"ImageObject","inLanguage":"en-US","@id":"https:\/\/secure.gravatar.com\/avatar\/bbe7ee875fb8a53c53e42f9d40e5ec3578a98aa956f578c371712299f1118a7e?s=96&d=mm&r=g","url":"https:\/\/secure.gravatar.com\/avatar\/bbe7ee875fb8a53c53e42f9d40e5ec3578a98aa956f578c371712299f1118a7e?s=96&d=mm&r=g","contentUrl":"https:\/\/secure.gravatar.com\/avatar\/bbe7ee875fb8a53c53e42f9d40e5ec3578a98aa956f578c371712299f1118a7e?s=96&d=mm&r=g","caption":"Caroline Melo"},"url":"https:\/\/centrodeexcelencia.org.br\/en\/author\/carolinemelo\/"}]}},"_links":{"self":[{"href":"https:\/\/centrodeexcelencia.org.br\/en\/wp-json\/wp\/v2\/posts\/24669","targetHints":{"allow":["GET"]}}],"collection":[{"href":"https:\/\/centrodeexcelencia.org.br\/en\/wp-json\/wp\/v2\/posts"}],"about":[{"href":"https:\/\/centrodeexcelencia.org.br\/en\/wp-json\/wp\/v2\/types\/post"}],"author":[{"embeddable":true,"href":"https:\/\/centrodeexcelencia.org.br\/en\/wp-json\/wp\/v2\/users\/34"}],"replies":[{"embeddable":true,"href":"https:\/\/centrodeexcelencia.org.br\/en\/wp-json\/wp\/v2\/comments?post=24669"}],"version-history":[{"count":0,"href":"https:\/\/centrodeexcelencia.org.br\/en\/wp-json\/wp\/v2\/posts\/24669\/revisions"}],"wp:featuredmedia":[{"embeddable":true,"href":"https:\/\/centrodeexcelencia.org.br\/en\/wp-json\/wp\/v2\/media\/24670"}],"wp:attachment":[{"href":"https:\/\/centrodeexcelencia.org.br\/en\/wp-json\/wp\/v2\/media?parent=24669"}],"wp:term":[{"taxonomy":"category","embeddable":true,"href":"https:\/\/centrodeexcelencia.org.br\/en\/wp-json\/wp\/v2\/categories?post=24669"},{"taxonomy":"post_tag","embeddable":true,"href":"https:\/\/centrodeexcelencia.org.br\/en\/wp-json\/wp\/v2\/tags?post=24669"}],"curies":[{"name":"wp","href":"https:\/\/api.w.org\/{rel}","templated":true}]}}