{"id":25022,"date":"2022-06-06T12:06:09","date_gmt":"2022-06-06T15:06:09","guid":{"rendered":"https:\/\/centrodeexcelencia.org.br\/?p=25022"},"modified":"2024-10-10T18:59:58","modified_gmt":"2024-10-10T21:59:58","slug":"centro-de-excelencia-do-wfp-participa-da-5a-sessao-de-aquecimento-para-o-forum-global-do-agronegocio","status":"publish","type":"post","link":"https:\/\/centrodeexcelencia.org.br\/en\/centro-de-excelencia-do-wfp-participa-da-5a-sessao-de-aquecimento-para-o-forum-global-do-agronegocio\/","title":{"rendered":"WFP Centre of Excellence takes part in 5th war-up session ahead of the Global Agribusiness Forum"},"content":{"rendered":"<p><img fetchpriority=\"high\" decoding=\"async\" class=\"size-full wp-image-25024 aligncenter\" src=\"https:\/\/centrodeexcelencia.org.br\/wp-content\/uploads\/2022\/06\/Print-3.png\" alt=\"\" width=\"1362\" height=\"765\" srcset=\"https:\/\/centrodeexcelencia.org.br\/wp-content\/uploads\/2022\/06\/Print-3.png 1362w, https:\/\/centrodeexcelencia.org.br\/wp-content\/uploads\/2022\/06\/Print-3-300x169.png 300w, https:\/\/centrodeexcelencia.org.br\/wp-content\/uploads\/2022\/06\/Print-3-1024x575.png 1024w, https:\/\/centrodeexcelencia.org.br\/wp-content\/uploads\/2022\/06\/Print-3-768x431.png 768w, https:\/\/centrodeexcelencia.org.br\/wp-content\/uploads\/2022\/06\/Print-3-600x337.png 600w\" sizes=\"(max-width: 1362px) 100vw, 1362px\" \/><\/p>\n<p>&nbsp;<\/p>\n<p>Daniel Balaban, Director of the WFP Centre of Excellence against Hunger Brazil, moderated, on Friday 3 June, the 5th\u00a0warm-up session of the Global Agribusiness Forum. The session addressed actions needed for the creation of sustainable food systems and the promotion of food security. The event is promoted by large entities of the agribusiness sector and is an opportunity to highlight the current challenges and possible solutions for fighting hunger and promoting sustainable food systems.<\/p>\n<p>In his opening remarks, Daniel Balaban highlighted the increase in the number of people suffering from acute food insecurity in the world, which doubled over the past 10 years. While introducing the theme of the session, Daniel Balaban reminded the audience of the four main factors causing hunger in the world: conflict, climate shocks, the pandemic, and an increase in costs. \u201cThe price WFP \u00a0is paying for food is up by 50% compared to 3 years ago\u201d, he said. \u201cWe need to discuss urgent measures, and this is why we are here today: to discuss how we can build sustainable food systems to eradicate hunger by 2030\u201d, Daniel Balaban added.<\/p>\n<p>&nbsp;<\/p>\n<p><img decoding=\"async\" class=\"size-full wp-image-25026 aligncenter\" src=\"https:\/\/centrodeexcelencia.org.br\/wp-content\/uploads\/2022\/06\/Print-2-1.png\" alt=\"\" width=\"1362\" height=\"764\" srcset=\"https:\/\/centrodeexcelencia.org.br\/wp-content\/uploads\/2022\/06\/Print-2-1.png 1362w, https:\/\/centrodeexcelencia.org.br\/wp-content\/uploads\/2022\/06\/Print-2-1-300x168.png 300w, https:\/\/centrodeexcelencia.org.br\/wp-content\/uploads\/2022\/06\/Print-2-1-1024x574.png 1024w, https:\/\/centrodeexcelencia.org.br\/wp-content\/uploads\/2022\/06\/Print-2-1-768x431.png 768w, https:\/\/centrodeexcelencia.org.br\/wp-content\/uploads\/2022\/06\/Print-2-1-600x337.png 600w\" sizes=\"(max-width: 1362px) 100vw, 1362px\" \/><\/p>\n<p>&nbsp;<\/p>\n<p>First to present was Alexandre Rangel, Leading Partner at EY\u2019s Agribusiness Center of Excellence. He detailed the results of the EY Future Consumer Index, a study on consumer habits throughout the world to understand trends and enable change. In his presentation, Alexandre Rangel mentioned the four main pillars of change according to the data: innovation and technology; changes in demographics; environment concerns; and infrastructure and logistics.<\/p>\n<p>According to the study, consumers are valuing things such as product traceability, sustainable production and local suppliers, with the planet and health at the top of their priority list. \u201cConsumers want food systems that present data on the food they consume and more customisation. They want to feel that they have a certain level of control to buy food that fits their necessities but also offers experience and quality\u201d, he said. \u201cCovid-19 accelerated a trend we had been monitoring over the past few years. There is no way of getting out of rethinking food systems as a whole\u201d, Alexandre Rangel added.<\/p>\n<p>The second presentation was by Rog\u00e9rio Vian, farmer and founder of the Sustainable Agriculture Group (GAAS). GAAS works to improve the production environment and farmer&#8217;s life by encouraging circular economy and innovative practices. The group\u2019s ongoing projects include certification, genetic improvement, machinery development, resource management and others. The Group&#8217;s objectives are to strengthen regional economy, promote autonomy in knowledge management and promote knowledge transfer. &#8220;We try to copy nature to create complex systems that are more stable and productive, with rotational crops,&#8221; said Rog\u00e9rio Vian.<\/p>\n<p>The Agribusiness Forum main event will take place on 25-26 July. More information can be found\u00a0<a href=\"https:\/\/www.globalagribusinessforum.com\/\" target=\"_blank\" rel=\"noopener\">here<\/a>.<\/p>","protected":false},"excerpt":{"rendered":"<p>&nbsp; Daniel Balaban, Director of the WFP Centre of Excellence&hellip;<\/p>\n<p> <a class=\"more-link\" href=\"https:\/\/centrodeexcelencia.org.br\/en\/centro-de-excelencia-do-wfp-participa-da-5a-sessao-de-aquecimento-para-o-forum-global-do-agronegocio\/\">Read more<\/a><\/p>\n","protected":false},"author":34,"featured_media":25024,"comment_status":"closed","ping_status":"open","sticky":false,"template":"","format":"standard","meta":{"_monsterinsights_skip_tracking":false,"_monsterinsights_sitenote_active":false,"_monsterinsights_sitenote_note":"","_monsterinsights_sitenote_category":0,"footnotes":""},"categories":[193,187],"tags":[],"class_list":{"0":"post-25022","1":"post","2":"type-post","3":"status-publish","4":"format-standard","5":"has-post-thumbnail","7":"category-eventos","8":"category-noticias"},"yoast_head":"<!-- This site is optimized with the Yoast SEO plugin v27.3 - https:\/\/yoast.com\/product\/yoast-seo-wordpress\/ -->\n<title>WFP Centre of Excellence takes part in 5th war-up session ahead of the Global Agribusiness Forum - WFP<\/title>\n<meta name=\"robots\" content=\"index, follow, max-snippet:-1, max-image-preview:large, max-video-preview:-1\" \/>\n<link rel=\"canonical\" href=\"https:\/\/centrodeexcelencia.org.br\/centro-de-excelencia-do-wfp-participa-da-5a-sessao-de-aquecimento-para-o-forum-global-do-agronegocio\/\" \/>\n<meta property=\"og:locale\" content=\"en_US\" \/>\n<meta property=\"og:type\" content=\"article\" \/>\n<meta property=\"og:title\" content=\"WFP Centre of Excellence takes part in 5th war-up session ahead of the Global Agribusiness Forum - WFP\" \/>\n<meta property=\"og:description\" content=\"&nbsp; Daniel Balaban, Director of the WFP Centre of Excellence&hellip;  Read more\" \/>\n<meta property=\"og:url\" content=\"https:\/\/centrodeexcelencia.org.br\/centro-de-excelencia-do-wfp-participa-da-5a-sessao-de-aquecimento-para-o-forum-global-do-agronegocio\/\" \/>\n<meta property=\"og:site_name\" content=\"WFP\" \/>\n<meta property=\"article:published_time\" content=\"2022-06-06T15:06:09+00:00\" \/>\n<meta property=\"article:modified_time\" content=\"2024-10-10T21:59:58+00:00\" \/>\n<meta property=\"og:image\" content=\"https:\/\/centrodeexcelencia.org.br\/wp-content\/uploads\/2022\/06\/Print-3.png\" \/>\n\t<meta property=\"og:image:width\" content=\"1362\" \/>\n\t<meta property=\"og:image:height\" content=\"765\" \/>\n\t<meta property=\"og:image:type\" content=\"image\/png\" \/>\n<meta name=\"author\" content=\"Caroline Melo\" \/>\n<meta name=\"twitter:card\" content=\"summary_large_image\" \/>\n<meta name=\"twitter:label1\" content=\"Written by\" \/>\n\t<meta name=\"twitter:data1\" content=\"Caroline Melo\" \/>\n\t<meta name=\"twitter:label2\" content=\"Est. reading time\" \/>\n\t<meta name=\"twitter:data2\" content=\"3 minutes\" \/>\n<script type=\"application\/ld+json\" class=\"yoast-schema-graph\">{\"@context\":\"https:\\\/\\\/schema.org\",\"@graph\":[{\"@type\":\"Article\",\"@id\":\"https:\\\/\\\/centrodeexcelencia.org.br\\\/centro-de-excelencia-do-wfp-participa-da-5a-sessao-de-aquecimento-para-o-forum-global-do-agronegocio\\\/#article\",\"isPartOf\":{\"@id\":\"https:\\\/\\\/centrodeexcelencia.org.br\\\/centro-de-excelencia-do-wfp-participa-da-5a-sessao-de-aquecimento-para-o-forum-global-do-agronegocio\\\/\"},\"author\":{\"name\":\"Caroline Melo\",\"@id\":\"https:\\\/\\\/centrodeexcelencia.org.br\\\/#\\\/schema\\\/person\\\/b9f3e0ad16a8968d7834a04c67c2530e\"},\"headline\":\"WFP Centre of Excellence takes part in 5th war-up session ahead of the Global Agribusiness Forum\",\"datePublished\":\"2022-06-06T15:06:09+00:00\",\"dateModified\":\"2024-10-10T21:59:58+00:00\",\"mainEntityOfPage\":{\"@id\":\"https:\\\/\\\/centrodeexcelencia.org.br\\\/centro-de-excelencia-do-wfp-participa-da-5a-sessao-de-aquecimento-para-o-forum-global-do-agronegocio\\\/\"},\"wordCount\":1032,\"publisher\":{\"@id\":\"https:\\\/\\\/centrodeexcelencia.org.br\\\/#organization\"},\"image\":{\"@id\":\"https:\\\/\\\/centrodeexcelencia.org.br\\\/centro-de-excelencia-do-wfp-participa-da-5a-sessao-de-aquecimento-para-o-forum-global-do-agronegocio\\\/#primaryimage\"},\"thumbnailUrl\":\"https:\\\/\\\/centrodeexcelencia.org.br\\\/wp-content\\\/uploads\\\/2022\\\/06\\\/Print-3.png\",\"articleSection\":[\"Events\",\"News\"],\"inLanguage\":\"en-US\"},{\"@type\":\"WebPage\",\"@id\":\"https:\\\/\\\/centrodeexcelencia.org.br\\\/centro-de-excelencia-do-wfp-participa-da-5a-sessao-de-aquecimento-para-o-forum-global-do-agronegocio\\\/\",\"url\":\"https:\\\/\\\/centrodeexcelencia.org.br\\\/centro-de-excelencia-do-wfp-participa-da-5a-sessao-de-aquecimento-para-o-forum-global-do-agronegocio\\\/\",\"name\":\"WFP Centre of Excellence takes part in 5th war-up session ahead of the Global Agribusiness Forum - WFP\",\"isPartOf\":{\"@id\":\"https:\\\/\\\/centrodeexcelencia.org.br\\\/#website\"},\"primaryImageOfPage\":{\"@id\":\"https:\\\/\\\/centrodeexcelencia.org.br\\\/centro-de-excelencia-do-wfp-participa-da-5a-sessao-de-aquecimento-para-o-forum-global-do-agronegocio\\\/#primaryimage\"},\"image\":{\"@id\":\"https:\\\/\\\/centrodeexcelencia.org.br\\\/centro-de-excelencia-do-wfp-participa-da-5a-sessao-de-aquecimento-para-o-forum-global-do-agronegocio\\\/#primaryimage\"},\"thumbnailUrl\":\"https:\\\/\\\/centrodeexcelencia.org.br\\\/wp-content\\\/uploads\\\/2022\\\/06\\\/Print-3.png\",\"datePublished\":\"2022-06-06T15:06:09+00:00\",\"dateModified\":\"2024-10-10T21:59:58+00:00\",\"breadcrumb\":{\"@id\":\"https:\\\/\\\/centrodeexcelencia.org.br\\\/centro-de-excelencia-do-wfp-participa-da-5a-sessao-de-aquecimento-para-o-forum-global-do-agronegocio\\\/#breadcrumb\"},\"inLanguage\":\"en-US\",\"potentialAction\":[{\"@type\":\"ReadAction\",\"target\":[\"https:\\\/\\\/centrodeexcelencia.org.br\\\/centro-de-excelencia-do-wfp-participa-da-5a-sessao-de-aquecimento-para-o-forum-global-do-agronegocio\\\/\"]}]},{\"@type\":\"ImageObject\",\"inLanguage\":\"en-US\",\"@id\":\"https:\\\/\\\/centrodeexcelencia.org.br\\\/centro-de-excelencia-do-wfp-participa-da-5a-sessao-de-aquecimento-para-o-forum-global-do-agronegocio\\\/#primaryimage\",\"url\":\"https:\\\/\\\/centrodeexcelencia.org.br\\\/wp-content\\\/uploads\\\/2022\\\/06\\\/Print-3.png\",\"contentUrl\":\"https:\\\/\\\/centrodeexcelencia.org.br\\\/wp-content\\\/uploads\\\/2022\\\/06\\\/Print-3.png\",\"width\":1362,\"height\":765},{\"@type\":\"BreadcrumbList\",\"@id\":\"https:\\\/\\\/centrodeexcelencia.org.br\\\/centro-de-excelencia-do-wfp-participa-da-5a-sessao-de-aquecimento-para-o-forum-global-do-agronegocio\\\/#breadcrumb\",\"itemListElement\":[{\"@type\":\"ListItem\",\"position\":1,\"name\":\"In\u00edcio\",\"item\":\"https:\\\/\\\/centrodeexcelencia.org.br\\\/\"},{\"@type\":\"ListItem\",\"position\":2,\"name\":\"Centro de Excel\u00eancia do WFP participa da 5\u00aa sess\u00e3o de aquecimento para o F\u00f3rum Global do Agroneg\u00f3cio\"}]},{\"@type\":\"WebSite\",\"@id\":\"https:\\\/\\\/centrodeexcelencia.org.br\\\/#website\",\"url\":\"https:\\\/\\\/centrodeexcelencia.org.br\\\/\",\"name\":\"WFP\",\"description\":\"Centre of Excellence against Hunger\",\"publisher\":{\"@id\":\"https:\\\/\\\/centrodeexcelencia.org.br\\\/#organization\"},\"potentialAction\":[{\"@type\":\"SearchAction\",\"target\":{\"@type\":\"EntryPoint\",\"urlTemplate\":\"https:\\\/\\\/centrodeexcelencia.org.br\\\/?s={search_term_string}\"},\"query-input\":{\"@type\":\"PropertyValueSpecification\",\"valueRequired\":true,\"valueName\":\"search_term_string\"}}],\"inLanguage\":\"en-US\"},{\"@type\":\"Organization\",\"@id\":\"https:\\\/\\\/centrodeexcelencia.org.br\\\/#organization\",\"name\":\"WFP\",\"url\":\"https:\\\/\\\/centrodeexcelencia.org.br\\\/\",\"logo\":{\"@type\":\"ImageObject\",\"inLanguage\":\"en-US\",\"@id\":\"https:\\\/\\\/centrodeexcelencia.org.br\\\/#\\\/schema\\\/logo\\\/image\\\/\",\"url\":\"https:\\\/\\\/centrodeexcelencia.org.br\\\/wp-content\\\/uploads\\\/2026\\\/01\\\/Sem-titulo-1_Prancheta-1-1.png\",\"contentUrl\":\"https:\\\/\\\/centrodeexcelencia.org.br\\\/wp-content\\\/uploads\\\/2026\\\/01\\\/Sem-titulo-1_Prancheta-1-1.png\",\"width\":259,\"height\":395,\"caption\":\"WFP\"},\"image\":{\"@id\":\"https:\\\/\\\/centrodeexcelencia.org.br\\\/#\\\/schema\\\/logo\\\/image\\\/\"}},{\"@type\":\"Person\",\"@id\":\"https:\\\/\\\/centrodeexcelencia.org.br\\\/#\\\/schema\\\/person\\\/b9f3e0ad16a8968d7834a04c67c2530e\",\"name\":\"Caroline Melo\",\"image\":{\"@type\":\"ImageObject\",\"inLanguage\":\"en-US\",\"@id\":\"https:\\\/\\\/secure.gravatar.com\\\/avatar\\\/bbe7ee875fb8a53c53e42f9d40e5ec3578a98aa956f578c371712299f1118a7e?s=96&d=mm&r=g\",\"url\":\"https:\\\/\\\/secure.gravatar.com\\\/avatar\\\/bbe7ee875fb8a53c53e42f9d40e5ec3578a98aa956f578c371712299f1118a7e?s=96&d=mm&r=g\",\"contentUrl\":\"https:\\\/\\\/secure.gravatar.com\\\/avatar\\\/bbe7ee875fb8a53c53e42f9d40e5ec3578a98aa956f578c371712299f1118a7e?s=96&d=mm&r=g\",\"caption\":\"Caroline Melo\"},\"url\":\"https:\\\/\\\/centrodeexcelencia.org.br\\\/en\\\/author\\\/carolinemelo\\\/\"}]}<\/script>\n<!-- \/ Yoast SEO plugin. -->","yoast_head_json":{"title":"WFP Centre of Excellence takes part in 5th war-up session ahead of the Global Agribusiness Forum - WFP","robots":{"index":"index","follow":"follow","max-snippet":"max-snippet:-1","max-image-preview":"max-image-preview:large","max-video-preview":"max-video-preview:-1"},"canonical":"https:\/\/centrodeexcelencia.org.br\/centro-de-excelencia-do-wfp-participa-da-5a-sessao-de-aquecimento-para-o-forum-global-do-agronegocio\/","og_locale":"en_US","og_type":"article","og_title":"WFP Centre of Excellence takes part in 5th war-up session ahead of the Global Agribusiness Forum - WFP","og_description":"&nbsp; Daniel Balaban, Director of the WFP Centre of Excellence&hellip;  Read more","og_url":"https:\/\/centrodeexcelencia.org.br\/centro-de-excelencia-do-wfp-participa-da-5a-sessao-de-aquecimento-para-o-forum-global-do-agronegocio\/","og_site_name":"WFP","article_published_time":"2022-06-06T15:06:09+00:00","article_modified_time":"2024-10-10T21:59:58+00:00","og_image":[{"width":1362,"height":765,"url":"https:\/\/centrodeexcelencia.org.br\/wp-content\/uploads\/2022\/06\/Print-3.png","type":"image\/png"}],"author":"Caroline Melo","twitter_card":"summary_large_image","twitter_misc":{"Written by":"Caroline Melo","Est. reading time":"3 minutes"},"schema":{"@context":"https:\/\/schema.org","@graph":[{"@type":"Article","@id":"https:\/\/centrodeexcelencia.org.br\/centro-de-excelencia-do-wfp-participa-da-5a-sessao-de-aquecimento-para-o-forum-global-do-agronegocio\/#article","isPartOf":{"@id":"https:\/\/centrodeexcelencia.org.br\/centro-de-excelencia-do-wfp-participa-da-5a-sessao-de-aquecimento-para-o-forum-global-do-agronegocio\/"},"author":{"name":"Caroline Melo","@id":"https:\/\/centrodeexcelencia.org.br\/#\/schema\/person\/b9f3e0ad16a8968d7834a04c67c2530e"},"headline":"WFP Centre of Excellence takes part in 5th war-up session ahead of the Global Agribusiness Forum","datePublished":"2022-06-06T15:06:09+00:00","dateModified":"2024-10-10T21:59:58+00:00","mainEntityOfPage":{"@id":"https:\/\/centrodeexcelencia.org.br\/centro-de-excelencia-do-wfp-participa-da-5a-sessao-de-aquecimento-para-o-forum-global-do-agronegocio\/"},"wordCount":1032,"publisher":{"@id":"https:\/\/centrodeexcelencia.org.br\/#organization"},"image":{"@id":"https:\/\/centrodeexcelencia.org.br\/centro-de-excelencia-do-wfp-participa-da-5a-sessao-de-aquecimento-para-o-forum-global-do-agronegocio\/#primaryimage"},"thumbnailUrl":"https:\/\/centrodeexcelencia.org.br\/wp-content\/uploads\/2022\/06\/Print-3.png","articleSection":["Events","News"],"inLanguage":"en-US"},{"@type":"WebPage","@id":"https:\/\/centrodeexcelencia.org.br\/centro-de-excelencia-do-wfp-participa-da-5a-sessao-de-aquecimento-para-o-forum-global-do-agronegocio\/","url":"https:\/\/centrodeexcelencia.org.br\/centro-de-excelencia-do-wfp-participa-da-5a-sessao-de-aquecimento-para-o-forum-global-do-agronegocio\/","name":"WFP Centre of Excellence takes part in 5th war-up session ahead of the Global Agribusiness Forum - WFP","isPartOf":{"@id":"https:\/\/centrodeexcelencia.org.br\/#website"},"primaryImageOfPage":{"@id":"https:\/\/centrodeexcelencia.org.br\/centro-de-excelencia-do-wfp-participa-da-5a-sessao-de-aquecimento-para-o-forum-global-do-agronegocio\/#primaryimage"},"image":{"@id":"https:\/\/centrodeexcelencia.org.br\/centro-de-excelencia-do-wfp-participa-da-5a-sessao-de-aquecimento-para-o-forum-global-do-agronegocio\/#primaryimage"},"thumbnailUrl":"https:\/\/centrodeexcelencia.org.br\/wp-content\/uploads\/2022\/06\/Print-3.png","datePublished":"2022-06-06T15:06:09+00:00","dateModified":"2024-10-10T21:59:58+00:00","breadcrumb":{"@id":"https:\/\/centrodeexcelencia.org.br\/centro-de-excelencia-do-wfp-participa-da-5a-sessao-de-aquecimento-para-o-forum-global-do-agronegocio\/#breadcrumb"},"inLanguage":"en-US","potentialAction":[{"@type":"ReadAction","target":["https:\/\/centrodeexcelencia.org.br\/centro-de-excelencia-do-wfp-participa-da-5a-sessao-de-aquecimento-para-o-forum-global-do-agronegocio\/"]}]},{"@type":"ImageObject","inLanguage":"en-US","@id":"https:\/\/centrodeexcelencia.org.br\/centro-de-excelencia-do-wfp-participa-da-5a-sessao-de-aquecimento-para-o-forum-global-do-agronegocio\/#primaryimage","url":"https:\/\/centrodeexcelencia.org.br\/wp-content\/uploads\/2022\/06\/Print-3.png","contentUrl":"https:\/\/centrodeexcelencia.org.br\/wp-content\/uploads\/2022\/06\/Print-3.png","width":1362,"height":765},{"@type":"BreadcrumbList","@id":"https:\/\/centrodeexcelencia.org.br\/centro-de-excelencia-do-wfp-participa-da-5a-sessao-de-aquecimento-para-o-forum-global-do-agronegocio\/#breadcrumb","itemListElement":[{"@type":"ListItem","position":1,"name":"In\u00edcio","item":"https:\/\/centrodeexcelencia.org.br\/"},{"@type":"ListItem","position":2,"name":"Centro de Excel\u00eancia do WFP participa da 5\u00aa sess\u00e3o de aquecimento para o F\u00f3rum Global do Agroneg\u00f3cio"}]},{"@type":"WebSite","@id":"https:\/\/centrodeexcelencia.org.br\/#website","url":"https:\/\/centrodeexcelencia.org.br\/","name":"WFP","description":"Centre of Excellence against Hunger","publisher":{"@id":"https:\/\/centrodeexcelencia.org.br\/#organization"},"potentialAction":[{"@type":"SearchAction","target":{"@type":"EntryPoint","urlTemplate":"https:\/\/centrodeexcelencia.org.br\/?s={search_term_string}"},"query-input":{"@type":"PropertyValueSpecification","valueRequired":true,"valueName":"search_term_string"}}],"inLanguage":"en-US"},{"@type":"Organization","@id":"https:\/\/centrodeexcelencia.org.br\/#organization","name":"WFP","url":"https:\/\/centrodeexcelencia.org.br\/","logo":{"@type":"ImageObject","inLanguage":"en-US","@id":"https:\/\/centrodeexcelencia.org.br\/#\/schema\/logo\/image\/","url":"https:\/\/centrodeexcelencia.org.br\/wp-content\/uploads\/2026\/01\/Sem-titulo-1_Prancheta-1-1.png","contentUrl":"https:\/\/centrodeexcelencia.org.br\/wp-content\/uploads\/2026\/01\/Sem-titulo-1_Prancheta-1-1.png","width":259,"height":395,"caption":"WFP"},"image":{"@id":"https:\/\/centrodeexcelencia.org.br\/#\/schema\/logo\/image\/"}},{"@type":"Person","@id":"https:\/\/centrodeexcelencia.org.br\/#\/schema\/person\/b9f3e0ad16a8968d7834a04c67c2530e","name":"Caroline Melo","image":{"@type":"ImageObject","inLanguage":"en-US","@id":"https:\/\/secure.gravatar.com\/avatar\/bbe7ee875fb8a53c53e42f9d40e5ec3578a98aa956f578c371712299f1118a7e?s=96&d=mm&r=g","url":"https:\/\/secure.gravatar.com\/avatar\/bbe7ee875fb8a53c53e42f9d40e5ec3578a98aa956f578c371712299f1118a7e?s=96&d=mm&r=g","contentUrl":"https:\/\/secure.gravatar.com\/avatar\/bbe7ee875fb8a53c53e42f9d40e5ec3578a98aa956f578c371712299f1118a7e?s=96&d=mm&r=g","caption":"Caroline Melo"},"url":"https:\/\/centrodeexcelencia.org.br\/en\/author\/carolinemelo\/"}]}},"_links":{"self":[{"href":"https:\/\/centrodeexcelencia.org.br\/en\/wp-json\/wp\/v2\/posts\/25022","targetHints":{"allow":["GET"]}}],"collection":[{"href":"https:\/\/centrodeexcelencia.org.br\/en\/wp-json\/wp\/v2\/posts"}],"about":[{"href":"https:\/\/centrodeexcelencia.org.br\/en\/wp-json\/wp\/v2\/types\/post"}],"author":[{"embeddable":true,"href":"https:\/\/centrodeexcelencia.org.br\/en\/wp-json\/wp\/v2\/users\/34"}],"replies":[{"embeddable":true,"href":"https:\/\/centrodeexcelencia.org.br\/en\/wp-json\/wp\/v2\/comments?post=25022"}],"version-history":[{"count":0,"href":"https:\/\/centrodeexcelencia.org.br\/en\/wp-json\/wp\/v2\/posts\/25022\/revisions"}],"wp:featuredmedia":[{"embeddable":true,"href":"https:\/\/centrodeexcelencia.org.br\/en\/wp-json\/wp\/v2\/media\/25024"}],"wp:attachment":[{"href":"https:\/\/centrodeexcelencia.org.br\/en\/wp-json\/wp\/v2\/media?parent=25022"}],"wp:term":[{"taxonomy":"category","embeddable":true,"href":"https:\/\/centrodeexcelencia.org.br\/en\/wp-json\/wp\/v2\/categories?post=25022"},{"taxonomy":"post_tag","embeddable":true,"href":"https:\/\/centrodeexcelencia.org.br\/en\/wp-json\/wp\/v2\/tags?post=25022"}],"curies":[{"name":"wp","href":"https:\/\/api.w.org\/{rel}","templated":true}]}}