{"id":25295,"date":"2022-09-28T12:06:26","date_gmt":"2022-09-28T15:06:26","guid":{"rendered":"https:\/\/centrodeexcelencia.org.br\/?p=25295"},"modified":"2024-10-10T18:59:50","modified_gmt":"2024-10-10T21:59:50","slug":"centro-de-excelencia-do-wfp-participa-de-webinario-sobre-fome-e-politicas-publicas","status":"publish","type":"post","link":"https:\/\/centrodeexcelencia.org.br\/en\/centro-de-excelencia-do-wfp-participa-de-webinario-sobre-fome-e-politicas-publicas\/","title":{"rendered":"WFP Centre of Excellence participates in webinar about hunger and public policies"},"content":{"rendered":"<p><span data-contrast=\"auto\"><img decoding=\"async\" class=\"alignleft  wp-image-25296\" src=\"https:\/\/centrodeexcelencia.org.br\/wp-content\/uploads\/2022\/09\/WEBINR2.jpg\" alt=\"\" width=\"986\" height=\"890\" srcset=\"https:\/\/centrodeexcelencia.org.br\/wp-content\/uploads\/2022\/09\/WEBINR2.jpg 686w, https:\/\/centrodeexcelencia.org.br\/wp-content\/uploads\/2022\/09\/WEBINR2-277x250.jpg 277w, https:\/\/centrodeexcelencia.org.br\/wp-content\/uploads\/2022\/09\/WEBINR2-600x541.jpg 600w\" sizes=\"(max-width: 986px) 100vw, 986px\" \/><\/span><\/p>\n<p><span data-contrast=\"auto\">On Tuesday, September 27, the Director of the WFP Centre of Excellence against Hunger \u00a0in Brazil, Daniel Balaban, participated in the webinar &#8220;Hunger and public policies: The complexity of food security in Brazil&#8221;, organized by <\/span><a href=\"https:\/\/www.socialsenior.com.br\/\"><span data-contrast=\"none\">S\u00eanior Gest\u00e3o Social<\/span><\/a><span data-contrast=\"auto\">, a company specialized in advisory and consulting services in social assistance management. The event was free and aimed at professionals working with in social assistance, food and nutritional security, and health policies.During the seminar, Daniel Balaban detailedthe work of the World Food Programme, responsible for distributing food and offering humanitarian aid in 123 countries, and explained the work of the WFP Centre of Excellence in Brazil, which is dedicated to supporting the creation of public policies, learning activities, capacity building, and South-South technical assistance to erradicate hunger. &#8220;Our main work at the Centre is to help countries create policies so that they no longer need foreign aid from the UN or other countries. In order to do this, they need to invest in public policies,&#8221; he said. <\/span><span data-ccp-props=\"{&quot;201341983&quot;:0,&quot;335559739&quot;:160,&quot;335559740&quot;:259}\">\u00a0<\/span><\/p>\n<p><span data-contrast=\"auto\">According to the Director, it is the continuity of these public policies that guarantees that the population has access to basic rights, such as nutritious and healthy food. For him, &#8220;hunger has a solution, and for that we need to have the political will to solve the problem\u201d. Without this continuous investment, there is a risk that countries will go back to facing scenarios of food insecurity and social inequality.\u00a0<\/span><span data-ccp-props=\"{&quot;201341983&quot;:0,&quot;335559739&quot;:160,&quot;335559740&quot;:259}\">\u00a0<\/span><\/p>\n<p><span data-contrast=\"auto\"><img decoding=\"async\" class=\"alignleft size-full wp-image-25297\" src=\"https:\/\/centrodeexcelencia.org.br\/wp-content\/uploads\/2022\/09\/WEBINR1.jpg\" alt=\"\" width=\"1629\" height=\"699\" srcset=\"https:\/\/centrodeexcelencia.org.br\/wp-content\/uploads\/2022\/09\/WEBINR1.jpg 1629w, https:\/\/centrodeexcelencia.org.br\/wp-content\/uploads\/2022\/09\/WEBINR1-300x129.jpg 300w, https:\/\/centrodeexcelencia.org.br\/wp-content\/uploads\/2022\/09\/WEBINR1-1024x439.jpg 1024w, https:\/\/centrodeexcelencia.org.br\/wp-content\/uploads\/2022\/09\/WEBINR1-768x330.jpg 768w, https:\/\/centrodeexcelencia.org.br\/wp-content\/uploads\/2022\/09\/WEBINR1-1536x659.jpg 1536w, https:\/\/centrodeexcelencia.org.br\/wp-content\/uploads\/2022\/09\/WEBINR1-600x257.jpg 600w\" sizes=\"(max-width: 1629px) 100vw, 1629px\" \/><\/span><\/p>\n<p><span data-contrast=\"auto\">To change this scenario, Daniel Balaban provided examples of good practices in the fight against hunger developed by the WFP, anchored in four main pillars: humanitarian aid, investment in education, policies to help small rural producers, and investment in science and technology. <\/span><span data-ccp-props=\"{&quot;201341983&quot;:0,&quot;335559739&quot;:160,&quot;335559740&quot;:259}\">\u00a0<\/span><\/p>\n<p><span data-contrast=\"auto\">Andreia Lauande, guest speaker at the event, a social worker and Master in public policies from the Federal University of Maranh\u00e3o (UFMA), discussed the relationship between social assistance and food security, and <\/span><span data-contrast=\"auto\">\u00a0<\/span><span data-contrast=\"auto\">provided \u00a0an overview of the COVID-19 pandemic and how it influenced the Brazilian scenario. However, Andreia argued that hunger is not an issue that arises with the coronavirus pandemic. &#8220;Unfortunately,the pandemic is not the only responsible for this process. We went through an extremely complex crisis that was accentuated with the pandemic,&#8221; she said.<\/span><span data-ccp-props=\"{&quot;201341983&quot;:0,&quot;335559739&quot;:160,&quot;335559740&quot;:259}\">\u00a0<\/span><\/p>","protected":false},"excerpt":{"rendered":"<p>On Tuesday, September 27, the Director of the WFP Centre&hellip;<\/p>\n<p> <a class=\"more-link\" href=\"https:\/\/centrodeexcelencia.org.br\/en\/centro-de-excelencia-do-wfp-participa-de-webinario-sobre-fome-e-politicas-publicas\/\">Read more<\/a><\/p>\n","protected":false},"author":133,"featured_media":25296,"comment_status":"closed","ping_status":"open","sticky":false,"template":"","format":"standard","meta":{"_monsterinsights_skip_tracking":false,"_monsterinsights_sitenote_active":false,"_monsterinsights_sitenote_note":"","_monsterinsights_sitenote_category":0,"footnotes":""},"categories":[193,187],"tags":[],"class_list":{"0":"post-25295","1":"post","2":"type-post","3":"status-publish","4":"format-standard","5":"has-post-thumbnail","7":"category-eventos","8":"category-noticias"},"yoast_head":"<!-- This site is optimized with the Yoast SEO plugin v27.3 - https:\/\/yoast.com\/product\/yoast-seo-wordpress\/ -->\n<title>WFP Centre of Excellence participates in webinar about hunger and public policies - WFP<\/title>\n<meta name=\"robots\" content=\"index, follow, max-snippet:-1, max-image-preview:large, max-video-preview:-1\" \/>\n<link rel=\"canonical\" href=\"https:\/\/centrodeexcelencia.org.br\/centro-de-excelencia-do-wfp-participa-de-webinario-sobre-fome-e-politicas-publicas\/\" \/>\n<meta property=\"og:locale\" content=\"en_US\" \/>\n<meta property=\"og:type\" content=\"article\" \/>\n<meta property=\"og:title\" content=\"WFP Centre of Excellence participates in webinar about hunger and public policies - WFP\" \/>\n<meta property=\"og:description\" content=\"On Tuesday, September 27, the Director of the WFP Centre&hellip;  Read more\" \/>\n<meta property=\"og:url\" content=\"https:\/\/centrodeexcelencia.org.br\/centro-de-excelencia-do-wfp-participa-de-webinario-sobre-fome-e-politicas-publicas\/\" \/>\n<meta property=\"og:site_name\" content=\"WFP\" \/>\n<meta property=\"article:published_time\" content=\"2022-09-28T15:06:26+00:00\" \/>\n<meta property=\"article:modified_time\" content=\"2024-10-10T21:59:50+00:00\" \/>\n<meta property=\"og:image\" content=\"https:\/\/centrodeexcelencia.org.br\/wp-content\/uploads\/2022\/09\/WEBINR2.jpg\" \/>\n\t<meta property=\"og:image:width\" content=\"686\" \/>\n\t<meta property=\"og:image:height\" content=\"619\" \/>\n\t<meta property=\"og:image:type\" content=\"image\/jpeg\" \/>\n<meta name=\"author\" content=\"Ana Mascarenhas\" \/>\n<meta name=\"twitter:card\" content=\"summary_large_image\" \/>\n<meta name=\"twitter:label1\" content=\"Written by\" \/>\n\t<meta name=\"twitter:data1\" content=\"Ana Mascarenhas\" \/>\n\t<meta name=\"twitter:label2\" content=\"Est. reading time\" \/>\n\t<meta name=\"twitter:data2\" content=\"3 minutes\" \/>\n<script type=\"application\/ld+json\" class=\"yoast-schema-graph\">{\"@context\":\"https:\\\/\\\/schema.org\",\"@graph\":[{\"@type\":\"Article\",\"@id\":\"https:\\\/\\\/centrodeexcelencia.org.br\\\/centro-de-excelencia-do-wfp-participa-de-webinario-sobre-fome-e-politicas-publicas\\\/#article\",\"isPartOf\":{\"@id\":\"https:\\\/\\\/centrodeexcelencia.org.br\\\/centro-de-excelencia-do-wfp-participa-de-webinario-sobre-fome-e-politicas-publicas\\\/\"},\"author\":{\"name\":\"Ana Mascarenhas\",\"@id\":\"https:\\\/\\\/centrodeexcelencia.org.br\\\/#\\\/schema\\\/person\\\/08300f099291340999d9b1517a5bc2dc\"},\"headline\":\"WFP Centre of Excellence participates in webinar about hunger and public policies\",\"datePublished\":\"2022-09-28T15:06:26+00:00\",\"dateModified\":\"2024-10-10T21:59:50+00:00\",\"mainEntityOfPage\":{\"@id\":\"https:\\\/\\\/centrodeexcelencia.org.br\\\/centro-de-excelencia-do-wfp-participa-de-webinario-sobre-fome-e-politicas-publicas\\\/\"},\"wordCount\":824,\"publisher\":{\"@id\":\"https:\\\/\\\/centrodeexcelencia.org.br\\\/#organization\"},\"image\":{\"@id\":\"https:\\\/\\\/centrodeexcelencia.org.br\\\/centro-de-excelencia-do-wfp-participa-de-webinario-sobre-fome-e-politicas-publicas\\\/#primaryimage\"},\"thumbnailUrl\":\"https:\\\/\\\/centrodeexcelencia.org.br\\\/wp-content\\\/uploads\\\/2022\\\/09\\\/WEBINR2.jpg\",\"articleSection\":[\"Events\",\"News\"],\"inLanguage\":\"en-US\"},{\"@type\":\"WebPage\",\"@id\":\"https:\\\/\\\/centrodeexcelencia.org.br\\\/centro-de-excelencia-do-wfp-participa-de-webinario-sobre-fome-e-politicas-publicas\\\/\",\"url\":\"https:\\\/\\\/centrodeexcelencia.org.br\\\/centro-de-excelencia-do-wfp-participa-de-webinario-sobre-fome-e-politicas-publicas\\\/\",\"name\":\"WFP Centre of Excellence participates in webinar about hunger and public policies - WFP\",\"isPartOf\":{\"@id\":\"https:\\\/\\\/centrodeexcelencia.org.br\\\/#website\"},\"primaryImageOfPage\":{\"@id\":\"https:\\\/\\\/centrodeexcelencia.org.br\\\/centro-de-excelencia-do-wfp-participa-de-webinario-sobre-fome-e-politicas-publicas\\\/#primaryimage\"},\"image\":{\"@id\":\"https:\\\/\\\/centrodeexcelencia.org.br\\\/centro-de-excelencia-do-wfp-participa-de-webinario-sobre-fome-e-politicas-publicas\\\/#primaryimage\"},\"thumbnailUrl\":\"https:\\\/\\\/centrodeexcelencia.org.br\\\/wp-content\\\/uploads\\\/2022\\\/09\\\/WEBINR2.jpg\",\"datePublished\":\"2022-09-28T15:06:26+00:00\",\"dateModified\":\"2024-10-10T21:59:50+00:00\",\"breadcrumb\":{\"@id\":\"https:\\\/\\\/centrodeexcelencia.org.br\\\/centro-de-excelencia-do-wfp-participa-de-webinario-sobre-fome-e-politicas-publicas\\\/#breadcrumb\"},\"inLanguage\":\"en-US\",\"potentialAction\":[{\"@type\":\"ReadAction\",\"target\":[\"https:\\\/\\\/centrodeexcelencia.org.br\\\/centro-de-excelencia-do-wfp-participa-de-webinario-sobre-fome-e-politicas-publicas\\\/\"]}]},{\"@type\":\"ImageObject\",\"inLanguage\":\"en-US\",\"@id\":\"https:\\\/\\\/centrodeexcelencia.org.br\\\/centro-de-excelencia-do-wfp-participa-de-webinario-sobre-fome-e-politicas-publicas\\\/#primaryimage\",\"url\":\"https:\\\/\\\/centrodeexcelencia.org.br\\\/wp-content\\\/uploads\\\/2022\\\/09\\\/WEBINR2.jpg\",\"contentUrl\":\"https:\\\/\\\/centrodeexcelencia.org.br\\\/wp-content\\\/uploads\\\/2022\\\/09\\\/WEBINR2.jpg\",\"width\":686,\"height\":619},{\"@type\":\"BreadcrumbList\",\"@id\":\"https:\\\/\\\/centrodeexcelencia.org.br\\\/centro-de-excelencia-do-wfp-participa-de-webinario-sobre-fome-e-politicas-publicas\\\/#breadcrumb\",\"itemListElement\":[{\"@type\":\"ListItem\",\"position\":1,\"name\":\"In\u00edcio\",\"item\":\"https:\\\/\\\/centrodeexcelencia.org.br\\\/\"},{\"@type\":\"ListItem\",\"position\":2,\"name\":\"Centro de Excel\u00eancia do WFP participa de webin\u00e1rio sobre fome e pol\u00edticas p\u00fablicas\"}]},{\"@type\":\"WebSite\",\"@id\":\"https:\\\/\\\/centrodeexcelencia.org.br\\\/#website\",\"url\":\"https:\\\/\\\/centrodeexcelencia.org.br\\\/\",\"name\":\"WFP\",\"description\":\"Centre of Excellence against Hunger\",\"publisher\":{\"@id\":\"https:\\\/\\\/centrodeexcelencia.org.br\\\/#organization\"},\"potentialAction\":[{\"@type\":\"SearchAction\",\"target\":{\"@type\":\"EntryPoint\",\"urlTemplate\":\"https:\\\/\\\/centrodeexcelencia.org.br\\\/?s={search_term_string}\"},\"query-input\":{\"@type\":\"PropertyValueSpecification\",\"valueRequired\":true,\"valueName\":\"search_term_string\"}}],\"inLanguage\":\"en-US\"},{\"@type\":\"Organization\",\"@id\":\"https:\\\/\\\/centrodeexcelencia.org.br\\\/#organization\",\"name\":\"WFP\",\"url\":\"https:\\\/\\\/centrodeexcelencia.org.br\\\/\",\"logo\":{\"@type\":\"ImageObject\",\"inLanguage\":\"en-US\",\"@id\":\"https:\\\/\\\/centrodeexcelencia.org.br\\\/#\\\/schema\\\/logo\\\/image\\\/\",\"url\":\"https:\\\/\\\/centrodeexcelencia.org.br\\\/wp-content\\\/uploads\\\/2026\\\/01\\\/Sem-titulo-1_Prancheta-1-1.png\",\"contentUrl\":\"https:\\\/\\\/centrodeexcelencia.org.br\\\/wp-content\\\/uploads\\\/2026\\\/01\\\/Sem-titulo-1_Prancheta-1-1.png\",\"width\":259,\"height\":395,\"caption\":\"WFP\"},\"image\":{\"@id\":\"https:\\\/\\\/centrodeexcelencia.org.br\\\/#\\\/schema\\\/logo\\\/image\\\/\"}},{\"@type\":\"Person\",\"@id\":\"https:\\\/\\\/centrodeexcelencia.org.br\\\/#\\\/schema\\\/person\\\/08300f099291340999d9b1517a5bc2dc\",\"name\":\"Ana Mascarenhas\",\"image\":{\"@type\":\"ImageObject\",\"inLanguage\":\"en-US\",\"@id\":\"https:\\\/\\\/secure.gravatar.com\\\/avatar\\\/cab29c31195c1aa6966399e3d16eb9e38d5abe94a289113e78e4c519561d6131?s=96&d=mm&r=g\",\"url\":\"https:\\\/\\\/secure.gravatar.com\\\/avatar\\\/cab29c31195c1aa6966399e3d16eb9e38d5abe94a289113e78e4c519561d6131?s=96&d=mm&r=g\",\"contentUrl\":\"https:\\\/\\\/secure.gravatar.com\\\/avatar\\\/cab29c31195c1aa6966399e3d16eb9e38d5abe94a289113e78e4c519561d6131?s=96&d=mm&r=g\",\"caption\":\"Ana Mascarenhas\"},\"url\":\"https:\\\/\\\/centrodeexcelencia.org.br\\\/en\\\/author\\\/ana-mascarenhas\\\/\"}]}<\/script>\n<!-- \/ Yoast SEO plugin. -->","yoast_head_json":{"title":"WFP Centre of Excellence participates in webinar about hunger and public policies - WFP","robots":{"index":"index","follow":"follow","max-snippet":"max-snippet:-1","max-image-preview":"max-image-preview:large","max-video-preview":"max-video-preview:-1"},"canonical":"https:\/\/centrodeexcelencia.org.br\/centro-de-excelencia-do-wfp-participa-de-webinario-sobre-fome-e-politicas-publicas\/","og_locale":"en_US","og_type":"article","og_title":"WFP Centre of Excellence participates in webinar about hunger and public policies - WFP","og_description":"On Tuesday, September 27, the Director of the WFP Centre&hellip;  Read more","og_url":"https:\/\/centrodeexcelencia.org.br\/centro-de-excelencia-do-wfp-participa-de-webinario-sobre-fome-e-politicas-publicas\/","og_site_name":"WFP","article_published_time":"2022-09-28T15:06:26+00:00","article_modified_time":"2024-10-10T21:59:50+00:00","og_image":[{"width":686,"height":619,"url":"https:\/\/centrodeexcelencia.org.br\/wp-content\/uploads\/2022\/09\/WEBINR2.jpg","type":"image\/jpeg"}],"author":"Ana Mascarenhas","twitter_card":"summary_large_image","twitter_misc":{"Written by":"Ana Mascarenhas","Est. reading time":"3 minutes"},"schema":{"@context":"https:\/\/schema.org","@graph":[{"@type":"Article","@id":"https:\/\/centrodeexcelencia.org.br\/centro-de-excelencia-do-wfp-participa-de-webinario-sobre-fome-e-politicas-publicas\/#article","isPartOf":{"@id":"https:\/\/centrodeexcelencia.org.br\/centro-de-excelencia-do-wfp-participa-de-webinario-sobre-fome-e-politicas-publicas\/"},"author":{"name":"Ana Mascarenhas","@id":"https:\/\/centrodeexcelencia.org.br\/#\/schema\/person\/08300f099291340999d9b1517a5bc2dc"},"headline":"WFP Centre of Excellence participates in webinar about hunger and public policies","datePublished":"2022-09-28T15:06:26+00:00","dateModified":"2024-10-10T21:59:50+00:00","mainEntityOfPage":{"@id":"https:\/\/centrodeexcelencia.org.br\/centro-de-excelencia-do-wfp-participa-de-webinario-sobre-fome-e-politicas-publicas\/"},"wordCount":824,"publisher":{"@id":"https:\/\/centrodeexcelencia.org.br\/#organization"},"image":{"@id":"https:\/\/centrodeexcelencia.org.br\/centro-de-excelencia-do-wfp-participa-de-webinario-sobre-fome-e-politicas-publicas\/#primaryimage"},"thumbnailUrl":"https:\/\/centrodeexcelencia.org.br\/wp-content\/uploads\/2022\/09\/WEBINR2.jpg","articleSection":["Events","News"],"inLanguage":"en-US"},{"@type":"WebPage","@id":"https:\/\/centrodeexcelencia.org.br\/centro-de-excelencia-do-wfp-participa-de-webinario-sobre-fome-e-politicas-publicas\/","url":"https:\/\/centrodeexcelencia.org.br\/centro-de-excelencia-do-wfp-participa-de-webinario-sobre-fome-e-politicas-publicas\/","name":"WFP Centre of Excellence participates in webinar about hunger and public policies - WFP","isPartOf":{"@id":"https:\/\/centrodeexcelencia.org.br\/#website"},"primaryImageOfPage":{"@id":"https:\/\/centrodeexcelencia.org.br\/centro-de-excelencia-do-wfp-participa-de-webinario-sobre-fome-e-politicas-publicas\/#primaryimage"},"image":{"@id":"https:\/\/centrodeexcelencia.org.br\/centro-de-excelencia-do-wfp-participa-de-webinario-sobre-fome-e-politicas-publicas\/#primaryimage"},"thumbnailUrl":"https:\/\/centrodeexcelencia.org.br\/wp-content\/uploads\/2022\/09\/WEBINR2.jpg","datePublished":"2022-09-28T15:06:26+00:00","dateModified":"2024-10-10T21:59:50+00:00","breadcrumb":{"@id":"https:\/\/centrodeexcelencia.org.br\/centro-de-excelencia-do-wfp-participa-de-webinario-sobre-fome-e-politicas-publicas\/#breadcrumb"},"inLanguage":"en-US","potentialAction":[{"@type":"ReadAction","target":["https:\/\/centrodeexcelencia.org.br\/centro-de-excelencia-do-wfp-participa-de-webinario-sobre-fome-e-politicas-publicas\/"]}]},{"@type":"ImageObject","inLanguage":"en-US","@id":"https:\/\/centrodeexcelencia.org.br\/centro-de-excelencia-do-wfp-participa-de-webinario-sobre-fome-e-politicas-publicas\/#primaryimage","url":"https:\/\/centrodeexcelencia.org.br\/wp-content\/uploads\/2022\/09\/WEBINR2.jpg","contentUrl":"https:\/\/centrodeexcelencia.org.br\/wp-content\/uploads\/2022\/09\/WEBINR2.jpg","width":686,"height":619},{"@type":"BreadcrumbList","@id":"https:\/\/centrodeexcelencia.org.br\/centro-de-excelencia-do-wfp-participa-de-webinario-sobre-fome-e-politicas-publicas\/#breadcrumb","itemListElement":[{"@type":"ListItem","position":1,"name":"In\u00edcio","item":"https:\/\/centrodeexcelencia.org.br\/"},{"@type":"ListItem","position":2,"name":"Centro de Excel\u00eancia do WFP participa de webin\u00e1rio sobre fome e pol\u00edticas p\u00fablicas"}]},{"@type":"WebSite","@id":"https:\/\/centrodeexcelencia.org.br\/#website","url":"https:\/\/centrodeexcelencia.org.br\/","name":"WFP","description":"Centre of Excellence against Hunger","publisher":{"@id":"https:\/\/centrodeexcelencia.org.br\/#organization"},"potentialAction":[{"@type":"SearchAction","target":{"@type":"EntryPoint","urlTemplate":"https:\/\/centrodeexcelencia.org.br\/?s={search_term_string}"},"query-input":{"@type":"PropertyValueSpecification","valueRequired":true,"valueName":"search_term_string"}}],"inLanguage":"en-US"},{"@type":"Organization","@id":"https:\/\/centrodeexcelencia.org.br\/#organization","name":"WFP","url":"https:\/\/centrodeexcelencia.org.br\/","logo":{"@type":"ImageObject","inLanguage":"en-US","@id":"https:\/\/centrodeexcelencia.org.br\/#\/schema\/logo\/image\/","url":"https:\/\/centrodeexcelencia.org.br\/wp-content\/uploads\/2026\/01\/Sem-titulo-1_Prancheta-1-1.png","contentUrl":"https:\/\/centrodeexcelencia.org.br\/wp-content\/uploads\/2026\/01\/Sem-titulo-1_Prancheta-1-1.png","width":259,"height":395,"caption":"WFP"},"image":{"@id":"https:\/\/centrodeexcelencia.org.br\/#\/schema\/logo\/image\/"}},{"@type":"Person","@id":"https:\/\/centrodeexcelencia.org.br\/#\/schema\/person\/08300f099291340999d9b1517a5bc2dc","name":"Ana Mascarenhas","image":{"@type":"ImageObject","inLanguage":"en-US","@id":"https:\/\/secure.gravatar.com\/avatar\/cab29c31195c1aa6966399e3d16eb9e38d5abe94a289113e78e4c519561d6131?s=96&d=mm&r=g","url":"https:\/\/secure.gravatar.com\/avatar\/cab29c31195c1aa6966399e3d16eb9e38d5abe94a289113e78e4c519561d6131?s=96&d=mm&r=g","contentUrl":"https:\/\/secure.gravatar.com\/avatar\/cab29c31195c1aa6966399e3d16eb9e38d5abe94a289113e78e4c519561d6131?s=96&d=mm&r=g","caption":"Ana Mascarenhas"},"url":"https:\/\/centrodeexcelencia.org.br\/en\/author\/ana-mascarenhas\/"}]}},"_links":{"self":[{"href":"https:\/\/centrodeexcelencia.org.br\/en\/wp-json\/wp\/v2\/posts\/25295","targetHints":{"allow":["GET"]}}],"collection":[{"href":"https:\/\/centrodeexcelencia.org.br\/en\/wp-json\/wp\/v2\/posts"}],"about":[{"href":"https:\/\/centrodeexcelencia.org.br\/en\/wp-json\/wp\/v2\/types\/post"}],"author":[{"embeddable":true,"href":"https:\/\/centrodeexcelencia.org.br\/en\/wp-json\/wp\/v2\/users\/133"}],"replies":[{"embeddable":true,"href":"https:\/\/centrodeexcelencia.org.br\/en\/wp-json\/wp\/v2\/comments?post=25295"}],"version-history":[{"count":0,"href":"https:\/\/centrodeexcelencia.org.br\/en\/wp-json\/wp\/v2\/posts\/25295\/revisions"}],"wp:featuredmedia":[{"embeddable":true,"href":"https:\/\/centrodeexcelencia.org.br\/en\/wp-json\/wp\/v2\/media\/25296"}],"wp:attachment":[{"href":"https:\/\/centrodeexcelencia.org.br\/en\/wp-json\/wp\/v2\/media?parent=25295"}],"wp:term":[{"taxonomy":"category","embeddable":true,"href":"https:\/\/centrodeexcelencia.org.br\/en\/wp-json\/wp\/v2\/categories?post=25295"},{"taxonomy":"post_tag","embeddable":true,"href":"https:\/\/centrodeexcelencia.org.br\/en\/wp-json\/wp\/v2\/tags?post=25295"}],"curies":[{"name":"wp","href":"https:\/\/api.w.org\/{rel}","templated":true}]}}