{"id":25531,"date":"2022-12-09T10:48:26","date_gmt":"2022-12-09T13:48:26","guid":{"rendered":"https:\/\/centrodeexcelencia.org.br\/?p=25531"},"modified":"2024-10-10T18:59:44","modified_gmt":"2024-10-10T21:59:44","slug":"seguranca-alimentar-nas-americas-wfp-fao-e-cepal-lancam-relatorio-conjunto","status":"publish","type":"post","link":"https:\/\/centrodeexcelencia.org.br\/en\/seguranca-alimentar-nas-americas-wfp-fao-e-cepal-lancam-relatorio-conjunto\/","title":{"rendered":"Food security in the Americas: WFP, FAO and ECLAC launch joint report"},"content":{"rendered":"<p><img decoding=\"async\" class=\"alignleft size-full wp-image-25533\" src=\"https:\/\/centrodeexcelencia.org.br\/wp-content\/uploads\/2022\/12\/anuncios-documento-06-scaled.jpg\" alt=\"\" width=\"2560\" height=\"1440\" srcset=\"https:\/\/centrodeexcelencia.org.br\/wp-content\/uploads\/2022\/12\/anuncios-documento-06-scaled.jpg 2560w, https:\/\/centrodeexcelencia.org.br\/wp-content\/uploads\/2022\/12\/anuncios-documento-06-300x169.jpg 300w, https:\/\/centrodeexcelencia.org.br\/wp-content\/uploads\/2022\/12\/anuncios-documento-06-1024x576.jpg 1024w, https:\/\/centrodeexcelencia.org.br\/wp-content\/uploads\/2022\/12\/anuncios-documento-06-768x432.jpg 768w, https:\/\/centrodeexcelencia.org.br\/wp-content\/uploads\/2022\/12\/anuncios-documento-06-1536x864.jpg 1536w, https:\/\/centrodeexcelencia.org.br\/wp-content\/uploads\/2022\/12\/anuncios-documento-06-2048x1152.jpg 2048w, https:\/\/centrodeexcelencia.org.br\/wp-content\/uploads\/2022\/12\/anuncios-documento-06-600x338.jpg 600w\" sizes=\"(max-width: 2560px) 100vw, 2560px\" \/>The World Food Programme (WFP), the Food and Agriculture Organization of the United Nations (FAO) and the Economic Commission for Latin America and the Caribbean (ECLAC) have presented a new joint special report, entitled <a href=\"https:\/\/www.cepal.org\/en\/publications\/48532-towards-sustainable-food-and-nutrition-security-latin-america-and-caribbean\">Towards Sustainable Food and Nutrition Security in Latin America and the Caribbean in Response to the Global Food Crisis<\/a>. The report aims to strengthen agricultural production and social protection systems, and extend their reach into rural areas, to respond to the challenge of combating food insecurity and extreme poverty and to support food production in the region.<\/p>\n<p>The document, available in Spanish and English, was released in Santiago de Chile at a press conference with the participation of Lola Castro, WFP&#8217;s Regional Director for Latin America and the Caribbean, Mario Lubetkin, FAO&#8217;s Regional Representative for Latin America and the Caribbean, and Jos\u00e9 Manuel Salazar-Xirinachs, Executive Secretary of ECLAC.<\/p>\n<p>The report analyzes the international context and how successive crises, together with the war in Ukraine, are affecting Latin America and the Caribbean&#8217;s access to food and important supplies for regional agriculture. According to the study, the number of hungry people in the region has increased from 13.2 million to 56.5 million.<\/p>\n<p>Lola Castro, WFP&#8217;s Regional Director for Latin America and the Caribbean, highlighted the importance of social protection systems, such as school feeding, in this scenario of increased food and nutrition insecurity fostered by different global crises. &#8221; At the World Food Programme, we are accompanying national governments to identify and respond to these additional needs, by using and expanding social protection in a sustainable way, in addition to continually strengthening these systems\u2019 preparedness, in order to leave no one behind&#8221; Lola indicated.<\/p>\n<p>Furthermore, the study indicates that the active role that social protection systems played during the most critical phase of the pandemic needs to be reinforced to prevent the most vulnerable segments of the population, such as children and the elderly, from being irreversibly affected by the increase in food prices.<\/p>","protected":false},"excerpt":{"rendered":"<p>The World Food Programme (WFP), the Food and Agriculture Organization&hellip;<\/p>\n<p> <a class=\"more-link\" href=\"https:\/\/centrodeexcelencia.org.br\/en\/seguranca-alimentar-nas-americas-wfp-fao-e-cepal-lancam-relatorio-conjunto\/\">Read more<\/a><\/p>\n","protected":false},"author":133,"featured_media":25534,"comment_status":"closed","ping_status":"open","sticky":false,"template":"","format":"standard","meta":{"_monsterinsights_skip_tracking":false,"_monsterinsights_sitenote_active":false,"_monsterinsights_sitenote_note":"","_monsterinsights_sitenote_category":0,"footnotes":""},"categories":[188,187],"tags":[],"class_list":{"0":"post-25531","1":"post","2":"type-post","3":"status-publish","4":"format-standard","5":"has-post-thumbnail","7":"category-geral-noticias","8":"category-noticias"},"yoast_head":"<!-- This site is optimized with the Yoast SEO plugin v27.3 - https:\/\/yoast.com\/product\/yoast-seo-wordpress\/ -->\n<title>Food security in the Americas: WFP, FAO and ECLAC launch joint report - WFP<\/title>\n<meta name=\"robots\" content=\"index, follow, max-snippet:-1, max-image-preview:large, max-video-preview:-1\" \/>\n<link rel=\"canonical\" href=\"https:\/\/centrodeexcelencia.org.br\/seguranca-alimentar-nas-americas-wfp-fao-e-cepal-lancam-relatorio-conjunto\/\" \/>\n<meta property=\"og:locale\" content=\"en_US\" \/>\n<meta property=\"og:type\" content=\"article\" \/>\n<meta property=\"og:title\" content=\"Food security in the Americas: WFP, FAO and ECLAC launch joint report - WFP\" \/>\n<meta property=\"og:description\" content=\"The World Food Programme (WFP), the Food and Agriculture Organization&hellip;  Read more\" \/>\n<meta property=\"og:url\" content=\"https:\/\/centrodeexcelencia.org.br\/seguranca-alimentar-nas-americas-wfp-fao-e-cepal-lancam-relatorio-conjunto\/\" \/>\n<meta property=\"og:site_name\" content=\"WFP\" \/>\n<meta property=\"article:published_time\" content=\"2022-12-09T13:48:26+00:00\" \/>\n<meta property=\"article:modified_time\" content=\"2024-10-10T21:59:44+00:00\" \/>\n<meta property=\"og:image\" content=\"https:\/\/centrodeexcelencia.org.br\/wp-content\/uploads\/2022\/12\/anuncios-documento-05-1-scaled.jpg\" \/>\n\t<meta property=\"og:image:width\" content=\"2560\" \/>\n\t<meta property=\"og:image:height\" content=\"1440\" \/>\n\t<meta property=\"og:image:type\" content=\"image\/jpeg\" \/>\n<meta name=\"author\" content=\"Ana Mascarenhas\" \/>\n<meta name=\"twitter:card\" content=\"summary_large_image\" \/>\n<meta name=\"twitter:label1\" content=\"Written by\" \/>\n\t<meta name=\"twitter:data1\" content=\"Ana Mascarenhas\" \/>\n\t<meta name=\"twitter:label2\" content=\"Est. reading time\" \/>\n\t<meta name=\"twitter:data2\" content=\"2 minutes\" \/>\n<script type=\"application\/ld+json\" class=\"yoast-schema-graph\">{\"@context\":\"https:\\\/\\\/schema.org\",\"@graph\":[{\"@type\":\"Article\",\"@id\":\"https:\\\/\\\/centrodeexcelencia.org.br\\\/seguranca-alimentar-nas-americas-wfp-fao-e-cepal-lancam-relatorio-conjunto\\\/#article\",\"isPartOf\":{\"@id\":\"https:\\\/\\\/centrodeexcelencia.org.br\\\/seguranca-alimentar-nas-americas-wfp-fao-e-cepal-lancam-relatorio-conjunto\\\/\"},\"author\":{\"name\":\"Ana Mascarenhas\",\"@id\":\"https:\\\/\\\/centrodeexcelencia.org.br\\\/#\\\/schema\\\/person\\\/08300f099291340999d9b1517a5bc2dc\"},\"headline\":\"Food security in the Americas: WFP, FAO and ECLAC launch joint report\",\"datePublished\":\"2022-12-09T13:48:26+00:00\",\"dateModified\":\"2024-10-10T21:59:44+00:00\",\"mainEntityOfPage\":{\"@id\":\"https:\\\/\\\/centrodeexcelencia.org.br\\\/seguranca-alimentar-nas-americas-wfp-fao-e-cepal-lancam-relatorio-conjunto\\\/\"},\"wordCount\":756,\"publisher\":{\"@id\":\"https:\\\/\\\/centrodeexcelencia.org.br\\\/#organization\"},\"image\":{\"@id\":\"https:\\\/\\\/centrodeexcelencia.org.br\\\/seguranca-alimentar-nas-americas-wfp-fao-e-cepal-lancam-relatorio-conjunto\\\/#primaryimage\"},\"thumbnailUrl\":\"https:\\\/\\\/centrodeexcelencia.org.br\\\/wp-content\\\/uploads\\\/2022\\\/12\\\/anuncios-documento-05-1-scaled.jpg\",\"articleSection\":[\"General\",\"News\"],\"inLanguage\":\"en-US\"},{\"@type\":\"WebPage\",\"@id\":\"https:\\\/\\\/centrodeexcelencia.org.br\\\/seguranca-alimentar-nas-americas-wfp-fao-e-cepal-lancam-relatorio-conjunto\\\/\",\"url\":\"https:\\\/\\\/centrodeexcelencia.org.br\\\/seguranca-alimentar-nas-americas-wfp-fao-e-cepal-lancam-relatorio-conjunto\\\/\",\"name\":\"Food security in the Americas: WFP, FAO and ECLAC launch joint report - WFP\",\"isPartOf\":{\"@id\":\"https:\\\/\\\/centrodeexcelencia.org.br\\\/#website\"},\"primaryImageOfPage\":{\"@id\":\"https:\\\/\\\/centrodeexcelencia.org.br\\\/seguranca-alimentar-nas-americas-wfp-fao-e-cepal-lancam-relatorio-conjunto\\\/#primaryimage\"},\"image\":{\"@id\":\"https:\\\/\\\/centrodeexcelencia.org.br\\\/seguranca-alimentar-nas-americas-wfp-fao-e-cepal-lancam-relatorio-conjunto\\\/#primaryimage\"},\"thumbnailUrl\":\"https:\\\/\\\/centrodeexcelencia.org.br\\\/wp-content\\\/uploads\\\/2022\\\/12\\\/anuncios-documento-05-1-scaled.jpg\",\"datePublished\":\"2022-12-09T13:48:26+00:00\",\"dateModified\":\"2024-10-10T21:59:44+00:00\",\"breadcrumb\":{\"@id\":\"https:\\\/\\\/centrodeexcelencia.org.br\\\/seguranca-alimentar-nas-americas-wfp-fao-e-cepal-lancam-relatorio-conjunto\\\/#breadcrumb\"},\"inLanguage\":\"en-US\",\"potentialAction\":[{\"@type\":\"ReadAction\",\"target\":[\"https:\\\/\\\/centrodeexcelencia.org.br\\\/seguranca-alimentar-nas-americas-wfp-fao-e-cepal-lancam-relatorio-conjunto\\\/\"]}]},{\"@type\":\"ImageObject\",\"inLanguage\":\"en-US\",\"@id\":\"https:\\\/\\\/centrodeexcelencia.org.br\\\/seguranca-alimentar-nas-americas-wfp-fao-e-cepal-lancam-relatorio-conjunto\\\/#primaryimage\",\"url\":\"https:\\\/\\\/centrodeexcelencia.org.br\\\/wp-content\\\/uploads\\\/2022\\\/12\\\/anuncios-documento-05-1-scaled.jpg\",\"contentUrl\":\"https:\\\/\\\/centrodeexcelencia.org.br\\\/wp-content\\\/uploads\\\/2022\\\/12\\\/anuncios-documento-05-1-scaled.jpg\",\"width\":2560,\"height\":1440},{\"@type\":\"BreadcrumbList\",\"@id\":\"https:\\\/\\\/centrodeexcelencia.org.br\\\/seguranca-alimentar-nas-americas-wfp-fao-e-cepal-lancam-relatorio-conjunto\\\/#breadcrumb\",\"itemListElement\":[{\"@type\":\"ListItem\",\"position\":1,\"name\":\"In\u00edcio\",\"item\":\"https:\\\/\\\/centrodeexcelencia.org.br\\\/\"},{\"@type\":\"ListItem\",\"position\":2,\"name\":\"Seguran\u00e7a alimentar nas Am\u00e9ricas: WFP, FAO e Cepal lan\u00e7am relat\u00f3rio conjunto\"}]},{\"@type\":\"WebSite\",\"@id\":\"https:\\\/\\\/centrodeexcelencia.org.br\\\/#website\",\"url\":\"https:\\\/\\\/centrodeexcelencia.org.br\\\/\",\"name\":\"WFP\",\"description\":\"Centre of Excellence against Hunger\",\"publisher\":{\"@id\":\"https:\\\/\\\/centrodeexcelencia.org.br\\\/#organization\"},\"potentialAction\":[{\"@type\":\"SearchAction\",\"target\":{\"@type\":\"EntryPoint\",\"urlTemplate\":\"https:\\\/\\\/centrodeexcelencia.org.br\\\/?s={search_term_string}\"},\"query-input\":{\"@type\":\"PropertyValueSpecification\",\"valueRequired\":true,\"valueName\":\"search_term_string\"}}],\"inLanguage\":\"en-US\"},{\"@type\":\"Organization\",\"@id\":\"https:\\\/\\\/centrodeexcelencia.org.br\\\/#organization\",\"name\":\"WFP\",\"url\":\"https:\\\/\\\/centrodeexcelencia.org.br\\\/\",\"logo\":{\"@type\":\"ImageObject\",\"inLanguage\":\"en-US\",\"@id\":\"https:\\\/\\\/centrodeexcelencia.org.br\\\/#\\\/schema\\\/logo\\\/image\\\/\",\"url\":\"https:\\\/\\\/centrodeexcelencia.org.br\\\/wp-content\\\/uploads\\\/2026\\\/01\\\/Sem-titulo-1_Prancheta-1-1.png\",\"contentUrl\":\"https:\\\/\\\/centrodeexcelencia.org.br\\\/wp-content\\\/uploads\\\/2026\\\/01\\\/Sem-titulo-1_Prancheta-1-1.png\",\"width\":259,\"height\":395,\"caption\":\"WFP\"},\"image\":{\"@id\":\"https:\\\/\\\/centrodeexcelencia.org.br\\\/#\\\/schema\\\/logo\\\/image\\\/\"}},{\"@type\":\"Person\",\"@id\":\"https:\\\/\\\/centrodeexcelencia.org.br\\\/#\\\/schema\\\/person\\\/08300f099291340999d9b1517a5bc2dc\",\"name\":\"Ana Mascarenhas\",\"image\":{\"@type\":\"ImageObject\",\"inLanguage\":\"en-US\",\"@id\":\"https:\\\/\\\/secure.gravatar.com\\\/avatar\\\/cab29c31195c1aa6966399e3d16eb9e38d5abe94a289113e78e4c519561d6131?s=96&d=mm&r=g\",\"url\":\"https:\\\/\\\/secure.gravatar.com\\\/avatar\\\/cab29c31195c1aa6966399e3d16eb9e38d5abe94a289113e78e4c519561d6131?s=96&d=mm&r=g\",\"contentUrl\":\"https:\\\/\\\/secure.gravatar.com\\\/avatar\\\/cab29c31195c1aa6966399e3d16eb9e38d5abe94a289113e78e4c519561d6131?s=96&d=mm&r=g\",\"caption\":\"Ana Mascarenhas\"},\"url\":\"https:\\\/\\\/centrodeexcelencia.org.br\\\/en\\\/author\\\/ana-mascarenhas\\\/\"}]}<\/script>\n<!-- \/ Yoast SEO plugin. -->","yoast_head_json":{"title":"Food security in the Americas: WFP, FAO and ECLAC launch joint report - WFP","robots":{"index":"index","follow":"follow","max-snippet":"max-snippet:-1","max-image-preview":"max-image-preview:large","max-video-preview":"max-video-preview:-1"},"canonical":"https:\/\/centrodeexcelencia.org.br\/seguranca-alimentar-nas-americas-wfp-fao-e-cepal-lancam-relatorio-conjunto\/","og_locale":"en_US","og_type":"article","og_title":"Food security in the Americas: WFP, FAO and ECLAC launch joint report - WFP","og_description":"The World Food Programme (WFP), the Food and Agriculture Organization&hellip;  Read more","og_url":"https:\/\/centrodeexcelencia.org.br\/seguranca-alimentar-nas-americas-wfp-fao-e-cepal-lancam-relatorio-conjunto\/","og_site_name":"WFP","article_published_time":"2022-12-09T13:48:26+00:00","article_modified_time":"2024-10-10T21:59:44+00:00","og_image":[{"width":2560,"height":1440,"url":"https:\/\/centrodeexcelencia.org.br\/wp-content\/uploads\/2022\/12\/anuncios-documento-05-1-scaled.jpg","type":"image\/jpeg"}],"author":"Ana Mascarenhas","twitter_card":"summary_large_image","twitter_misc":{"Written by":"Ana Mascarenhas","Est. reading time":"2 minutes"},"schema":{"@context":"https:\/\/schema.org","@graph":[{"@type":"Article","@id":"https:\/\/centrodeexcelencia.org.br\/seguranca-alimentar-nas-americas-wfp-fao-e-cepal-lancam-relatorio-conjunto\/#article","isPartOf":{"@id":"https:\/\/centrodeexcelencia.org.br\/seguranca-alimentar-nas-americas-wfp-fao-e-cepal-lancam-relatorio-conjunto\/"},"author":{"name":"Ana Mascarenhas","@id":"https:\/\/centrodeexcelencia.org.br\/#\/schema\/person\/08300f099291340999d9b1517a5bc2dc"},"headline":"Food security in the Americas: WFP, FAO and ECLAC launch joint report","datePublished":"2022-12-09T13:48:26+00:00","dateModified":"2024-10-10T21:59:44+00:00","mainEntityOfPage":{"@id":"https:\/\/centrodeexcelencia.org.br\/seguranca-alimentar-nas-americas-wfp-fao-e-cepal-lancam-relatorio-conjunto\/"},"wordCount":756,"publisher":{"@id":"https:\/\/centrodeexcelencia.org.br\/#organization"},"image":{"@id":"https:\/\/centrodeexcelencia.org.br\/seguranca-alimentar-nas-americas-wfp-fao-e-cepal-lancam-relatorio-conjunto\/#primaryimage"},"thumbnailUrl":"https:\/\/centrodeexcelencia.org.br\/wp-content\/uploads\/2022\/12\/anuncios-documento-05-1-scaled.jpg","articleSection":["General","News"],"inLanguage":"en-US"},{"@type":"WebPage","@id":"https:\/\/centrodeexcelencia.org.br\/seguranca-alimentar-nas-americas-wfp-fao-e-cepal-lancam-relatorio-conjunto\/","url":"https:\/\/centrodeexcelencia.org.br\/seguranca-alimentar-nas-americas-wfp-fao-e-cepal-lancam-relatorio-conjunto\/","name":"Food security in the Americas: WFP, FAO and ECLAC launch joint report - WFP","isPartOf":{"@id":"https:\/\/centrodeexcelencia.org.br\/#website"},"primaryImageOfPage":{"@id":"https:\/\/centrodeexcelencia.org.br\/seguranca-alimentar-nas-americas-wfp-fao-e-cepal-lancam-relatorio-conjunto\/#primaryimage"},"image":{"@id":"https:\/\/centrodeexcelencia.org.br\/seguranca-alimentar-nas-americas-wfp-fao-e-cepal-lancam-relatorio-conjunto\/#primaryimage"},"thumbnailUrl":"https:\/\/centrodeexcelencia.org.br\/wp-content\/uploads\/2022\/12\/anuncios-documento-05-1-scaled.jpg","datePublished":"2022-12-09T13:48:26+00:00","dateModified":"2024-10-10T21:59:44+00:00","breadcrumb":{"@id":"https:\/\/centrodeexcelencia.org.br\/seguranca-alimentar-nas-americas-wfp-fao-e-cepal-lancam-relatorio-conjunto\/#breadcrumb"},"inLanguage":"en-US","potentialAction":[{"@type":"ReadAction","target":["https:\/\/centrodeexcelencia.org.br\/seguranca-alimentar-nas-americas-wfp-fao-e-cepal-lancam-relatorio-conjunto\/"]}]},{"@type":"ImageObject","inLanguage":"en-US","@id":"https:\/\/centrodeexcelencia.org.br\/seguranca-alimentar-nas-americas-wfp-fao-e-cepal-lancam-relatorio-conjunto\/#primaryimage","url":"https:\/\/centrodeexcelencia.org.br\/wp-content\/uploads\/2022\/12\/anuncios-documento-05-1-scaled.jpg","contentUrl":"https:\/\/centrodeexcelencia.org.br\/wp-content\/uploads\/2022\/12\/anuncios-documento-05-1-scaled.jpg","width":2560,"height":1440},{"@type":"BreadcrumbList","@id":"https:\/\/centrodeexcelencia.org.br\/seguranca-alimentar-nas-americas-wfp-fao-e-cepal-lancam-relatorio-conjunto\/#breadcrumb","itemListElement":[{"@type":"ListItem","position":1,"name":"In\u00edcio","item":"https:\/\/centrodeexcelencia.org.br\/"},{"@type":"ListItem","position":2,"name":"Seguran\u00e7a alimentar nas Am\u00e9ricas: WFP, FAO e Cepal lan\u00e7am relat\u00f3rio conjunto"}]},{"@type":"WebSite","@id":"https:\/\/centrodeexcelencia.org.br\/#website","url":"https:\/\/centrodeexcelencia.org.br\/","name":"WFP","description":"Centre of Excellence against Hunger","publisher":{"@id":"https:\/\/centrodeexcelencia.org.br\/#organization"},"potentialAction":[{"@type":"SearchAction","target":{"@type":"EntryPoint","urlTemplate":"https:\/\/centrodeexcelencia.org.br\/?s={search_term_string}"},"query-input":{"@type":"PropertyValueSpecification","valueRequired":true,"valueName":"search_term_string"}}],"inLanguage":"en-US"},{"@type":"Organization","@id":"https:\/\/centrodeexcelencia.org.br\/#organization","name":"WFP","url":"https:\/\/centrodeexcelencia.org.br\/","logo":{"@type":"ImageObject","inLanguage":"en-US","@id":"https:\/\/centrodeexcelencia.org.br\/#\/schema\/logo\/image\/","url":"https:\/\/centrodeexcelencia.org.br\/wp-content\/uploads\/2026\/01\/Sem-titulo-1_Prancheta-1-1.png","contentUrl":"https:\/\/centrodeexcelencia.org.br\/wp-content\/uploads\/2026\/01\/Sem-titulo-1_Prancheta-1-1.png","width":259,"height":395,"caption":"WFP"},"image":{"@id":"https:\/\/centrodeexcelencia.org.br\/#\/schema\/logo\/image\/"}},{"@type":"Person","@id":"https:\/\/centrodeexcelencia.org.br\/#\/schema\/person\/08300f099291340999d9b1517a5bc2dc","name":"Ana Mascarenhas","image":{"@type":"ImageObject","inLanguage":"en-US","@id":"https:\/\/secure.gravatar.com\/avatar\/cab29c31195c1aa6966399e3d16eb9e38d5abe94a289113e78e4c519561d6131?s=96&d=mm&r=g","url":"https:\/\/secure.gravatar.com\/avatar\/cab29c31195c1aa6966399e3d16eb9e38d5abe94a289113e78e4c519561d6131?s=96&d=mm&r=g","contentUrl":"https:\/\/secure.gravatar.com\/avatar\/cab29c31195c1aa6966399e3d16eb9e38d5abe94a289113e78e4c519561d6131?s=96&d=mm&r=g","caption":"Ana Mascarenhas"},"url":"https:\/\/centrodeexcelencia.org.br\/en\/author\/ana-mascarenhas\/"}]}},"_links":{"self":[{"href":"https:\/\/centrodeexcelencia.org.br\/en\/wp-json\/wp\/v2\/posts\/25531","targetHints":{"allow":["GET"]}}],"collection":[{"href":"https:\/\/centrodeexcelencia.org.br\/en\/wp-json\/wp\/v2\/posts"}],"about":[{"href":"https:\/\/centrodeexcelencia.org.br\/en\/wp-json\/wp\/v2\/types\/post"}],"author":[{"embeddable":true,"href":"https:\/\/centrodeexcelencia.org.br\/en\/wp-json\/wp\/v2\/users\/133"}],"replies":[{"embeddable":true,"href":"https:\/\/centrodeexcelencia.org.br\/en\/wp-json\/wp\/v2\/comments?post=25531"}],"version-history":[{"count":0,"href":"https:\/\/centrodeexcelencia.org.br\/en\/wp-json\/wp\/v2\/posts\/25531\/revisions"}],"wp:featuredmedia":[{"embeddable":true,"href":"https:\/\/centrodeexcelencia.org.br\/en\/wp-json\/wp\/v2\/media\/25534"}],"wp:attachment":[{"href":"https:\/\/centrodeexcelencia.org.br\/en\/wp-json\/wp\/v2\/media?parent=25531"}],"wp:term":[{"taxonomy":"category","embeddable":true,"href":"https:\/\/centrodeexcelencia.org.br\/en\/wp-json\/wp\/v2\/categories?post=25531"},{"taxonomy":"post_tag","embeddable":true,"href":"https:\/\/centrodeexcelencia.org.br\/en\/wp-json\/wp\/v2\/tags?post=25531"}],"curies":[{"name":"wp","href":"https:\/\/api.w.org\/{rel}","templated":true}]}}