{"id":25902,"date":"2023-04-14T12:12:41","date_gmt":"2023-04-14T15:12:41","guid":{"rendered":"https:\/\/centrodeexcelencia.org.br\/?p=25902"},"modified":"2024-10-10T18:59:37","modified_gmt":"2024-10-10T21:59:37","slug":"delegacao-congolesa-conhece-programa-brasileiro-de-alimentacao-escolar-durante-visita-de-estudos","status":"publish","type":"post","link":"https:\/\/centrodeexcelencia.org.br\/en\/delegacao-congolesa-conhece-programa-brasileiro-de-alimentacao-escolar-durante-visita-de-estudos\/","title":{"rendered":"Congolese delegation learns about the Brazilian school feeding programme during study visit"},"content":{"rendered":"<p><figure id=\"attachment_25903\" aria-describedby=\"caption-attachment-25903\" style=\"width: 2560px\" class=\"wp-caption alignleft\"><img loading=\"lazy\" decoding=\"async\" class=\"wp-image-25903 size-full\" src=\"https:\/\/centrodeexcelencia.org.br\/wp-content\/uploads\/2023\/04\/IMG_4763-2-scaled.jpg\" alt=\"The photo shows the Minister of Social Affairs, Irene Marie Cecile Mboukou Kimbtasa, a black woman wearing a blue blouse and turban, on the left, and the Director of the Center of Excellence, Daniel Balaban, a white man wearing a dark suit and tie, on the right.\" width=\"2560\" height=\"1707\" srcset=\"https:\/\/centrodeexcelencia.org.br\/wp-content\/uploads\/2023\/04\/IMG_4763-2-scaled.jpg 2560w, https:\/\/centrodeexcelencia.org.br\/wp-content\/uploads\/2023\/04\/IMG_4763-2-300x200.jpg 300w, https:\/\/centrodeexcelencia.org.br\/wp-content\/uploads\/2023\/04\/IMG_4763-2-1024x683.jpg 1024w, https:\/\/centrodeexcelencia.org.br\/wp-content\/uploads\/2023\/04\/IMG_4763-2-768x512.jpg 768w, https:\/\/centrodeexcelencia.org.br\/wp-content\/uploads\/2023\/04\/IMG_4763-2-1536x1024.jpg 1536w, https:\/\/centrodeexcelencia.org.br\/wp-content\/uploads\/2023\/04\/IMG_4763-2-2048x1365.jpg 2048w, https:\/\/centrodeexcelencia.org.br\/wp-content\/uploads\/2023\/04\/IMG_4763-2-600x400.jpg 600w\" sizes=\"(max-width: 2560px) 100vw, 2560px\" \/><figcaption id=\"caption-attachment-25903\" class=\"wp-caption-text\"><em>Delegation from Congo visits family farmers Abides dos Santos and Maria da Gra\u00e7a Ferreira on their property in Brazl\u00e2ndia, Federal District. Credits: WFP\/ Caroline Melo <\/em><\/figcaption><\/figure><\/p>\n<p>On Friday, 14 April, a delegation composed of government officials from the Republic of Congo, the World Food Programme (WFP) country office and regional bureau concluded a week-long study visit to the Brazilian school feeding programme in the Federal District. The delegation, led by the Congolese minister of Social Affairs and included high level officials from the ministries of Education, Agriculture and Planning, visited rural and urban schools, a local smallholder farmers\u2019 cooperative and engaged in technical discussions with Brazilian officials.<\/p>\n<p>The visit is an important tool to help countries exchange relevant information regarding social policies that are key to save and change lives, which is the case of school feeding programmes. In Brazil, the programme reaches over 40 million students and has inspired dozens of other countries over the years. \u201cThis is precisely one of the objectives of meetings like this \u2013 for us to use our expertise to help improve school feeding in other countries\u201d, said Fernanda Pacobahyba, president of the Brazilian fund for Education Development, which runs the National School Feeding Programme.<\/p>\n<p>In addition to promoting food and nutrition education, the Brazilian programme also strengthens smallholder farming through a legal instrument that requires at least 30% of food procurement to be done locally. \u201cThe Brazilian school feeding programme connects smallholder farmers to local markets, making sure they secure a stable income and more social mobility, contributing to the socioeconomic development of whole communities, while also reducing the need for sourcing products elsewhere\u201d, said Daniel Balaban, Director of the WFP Centre of Excellence against Hunger in Brazil.<\/p>\n<p>The Congolese school feeding programme currently covers seven of the 12 departments in the country, which represents 27,3% of public schools. The national school feeding policy was approved in 2019 and has a vision to supply sustainable, locally-sourced school meals to all children by 2025. \u201cAs we have seen in Brazil, and in collaboration with the Ministry of Agriculture, the Ministry of Education and the Ministry of Planning, we will work with family farmers to integrate their production into the school feeding system\u201d, said Ir\u00e8ne Marie C\u00e9cile Mboukou Kimbatsa, Congo\u2019s Social Affairs Minister.<\/p>\n<p>Some of the challenges faced by Congo is local food procurement, programme financing and logistics. \u201cWhat is very useful in the Brazilian experience is particularly the interrelationships between the different intergovernmental departments and I think that is why the programme is also recognized for its excellence worldwide\u201d, said Sidi Mohamed Babah WFP Deputy Country Director. \u201cOne thing that caught my mind is that no matter the economic crisis, no matter what the country might be going through, their federal commitment to the school feeding programme always remains intact\u201d, he added.<\/p>\n<p>The study visit is the result of a partnership between the WFP Centre of Excellence and the Brazilian government, through the National Fund for Education Development and the Brazilian Cooperation Agency.<\/p>\n<p><img loading=\"lazy\" decoding=\"async\" class=\"size-full wp-image-25904\" src=\"https:\/\/centrodeexcelencia.org.br\/wp-content\/uploads\/2023\/04\/IMG_4976-2-scaled.jpg\" alt=\"The photo shows three children, a black girl with pink braids in her hair eating a watermelon wearing a white blouse with red details from the school uniform, a white girl with straight hair eating a watermelon wearing a blue blouse, and a black boy wearing a white blouse with orange details from the school uniform.\" width=\"2560\" height=\"1707\" srcset=\"https:\/\/centrodeexcelencia.org.br\/wp-content\/uploads\/2023\/04\/IMG_4976-2-scaled.jpg 2560w, https:\/\/centrodeexcelencia.org.br\/wp-content\/uploads\/2023\/04\/IMG_4976-2-300x200.jpg 300w, https:\/\/centrodeexcelencia.org.br\/wp-content\/uploads\/2023\/04\/IMG_4976-2-1024x683.jpg 1024w, https:\/\/centrodeexcelencia.org.br\/wp-content\/uploads\/2023\/04\/IMG_4976-2-768x512.jpg 768w, https:\/\/centrodeexcelencia.org.br\/wp-content\/uploads\/2023\/04\/IMG_4976-2-1536x1024.jpg 1536w, https:\/\/centrodeexcelencia.org.br\/wp-content\/uploads\/2023\/04\/IMG_4976-2-2048x1365.jpg 2048w, https:\/\/centrodeexcelencia.org.br\/wp-content\/uploads\/2023\/04\/IMG_4976-2-600x400.jpg 600w\" sizes=\"(max-width: 2560px) 100vw, 2560px\" \/><\/p>\n<p style=\"text-align: center;\"><em>Lunch time at the school Centro Educacional Pipiripau 2, located in the rural area of Planaltina. Credits: WFP\/ Caroline Melo<\/em><\/p>\n<p><strong>A closer look at the Brazilian experience<\/strong><\/p>\n<p>The programme included field trips to a smallholder farmers\u2019 cooperative and rural and urban schools. Congolese officials were able to get a closer look at details such as how the requirement to buy from local family farmers is put into practice, the connection between school feeding programmes and other rural development programmes, how schools plan their weekly menus and how students are engaged in health and nutrition education.<\/p>\n<p>At the Centro de Ensino Fundamental Polivalente school, the delegation was able to see how the school kitchen is run, how they manage purchases and school menus, and had a taste of a typical meal composed of chicken, rice, pumpkin and potatoes, with melon for dessert.<\/p>\n<p>The school serves daily hot meals to 1,075 students, many of them coming from neighbouring cities. All vegetables are supplied by local smallholder farmers each week, while non-perishable goods are delivered every seven weeks. The school also runs several health and nutrition projects, led by the Physical Education and Science teachers, in which students learn about health, nutrition and the importance of keeping active.<\/p>\n<p>Alda Aparecida Ramos, Director of School Feeding at the Federal District government, explained that the inclusion of family farming products in the school menus brings benefits to students, who consume fresh and seasonal food, and to the local economy. In the Federal District, 40% of products used in school menus are purchased from local smallholder farmers. &#8220;With the family farming programme, they have a guaranteed customer for the sale of these products, which is the District\u2019s Education Department, which runs the school feeding programme,&#8221; she said. &#8220;Thus, the students benefit from the quality of the food, and the farmers benefit as well by having an income from the sale of these products.&#8221;<\/p>\n<p>Later on, the delegation visited a rural school, Centro Educacional Pipiripau II, which serves two meals each day to 519 students. This is particularly important at this school because many students travel up to two hours by bus to get there. The menu includes seasonal fruits and regional recipes, and all fruit, vegetables and dairy products are supplied by local smallholder farmers\u2019 cooperatives. The school has a herbs garden and also runs health and nutrition projects, with the focus on managing waste.<\/p>\n<p>Margaret Malu, WFP Deputy Regional Director for the Southern Africa region, said that the human capital development aspect is very present at the Brazilian school feeding programme. \u201cThese are the leaders of the future. So for development this is very significant because a child that is healthy, a child that is educated is going to be a very strong leader for the country in the future\u201d, she said.<u>\u00a0 <\/u><\/p>\n<p><img loading=\"lazy\" decoding=\"async\" class=\"wp-image-25905 size-full\" src=\"https:\/\/centrodeexcelencia.org.br\/wp-content\/uploads\/2023\/04\/IMG_4472-2-scaled.jpg\" alt=\"The photo shows the Minister of Social Affairs, Irene Marie Cecile Mboukou Kimbtasa, a black woman wearing a blue blouse and turban, on the left, and the Director of the Center of Excellence, Daniel Balaban, a white man wearing a dark suit and tie, on the right.\" width=\"2560\" height=\"1707\" srcset=\"https:\/\/centrodeexcelencia.org.br\/wp-content\/uploads\/2023\/04\/IMG_4472-2-scaled.jpg 2560w, https:\/\/centrodeexcelencia.org.br\/wp-content\/uploads\/2023\/04\/IMG_4472-2-300x200.jpg 300w, https:\/\/centrodeexcelencia.org.br\/wp-content\/uploads\/2023\/04\/IMG_4472-2-1024x683.jpg 1024w, https:\/\/centrodeexcelencia.org.br\/wp-content\/uploads\/2023\/04\/IMG_4472-2-768x512.jpg 768w, https:\/\/centrodeexcelencia.org.br\/wp-content\/uploads\/2023\/04\/IMG_4472-2-1536x1024.jpg 1536w, https:\/\/centrodeexcelencia.org.br\/wp-content\/uploads\/2023\/04\/IMG_4472-2-2048x1365.jpg 2048w, https:\/\/centrodeexcelencia.org.br\/wp-content\/uploads\/2023\/04\/IMG_4472-2-600x400.jpg 600w\" sizes=\"(max-width: 2560px) 100vw, 2560px\" \/><\/p>\n<p><em>Minister of Social Affairs, Irene Marie Cecile Mboukou Kimbtasa, left, and the Director of the Center of Excellence, Daniel Balaban, right. Credits: WFP\/ Ana Mascarenhas<\/em><\/p>\n<p><strong>Fighting hunger through South-South Cooperation <\/strong><\/p>\n<p>The WFP Centre of Excellence, in partnership with the National Fund for Education Development and the Brazilian Cooperation Agency, has been facilitating these technical exchanges between countries to help build and strengthen social protection programmes such as school feeding ones for nearly 12 years. The study visit is part of a broader package of technical assistance provided to countries, through South-South Cooperation mechanisms, to promote knowledge exchange.<\/p>\n<p>\u201cI think that all countries in the world face similar challenges to organize a national school feeding programme, so it is important to show how Brazil is facing these challenges, how Brazil is organizing a school feeding programme that feeds around 40 million children in the country and how they purchase directly from smallholder farmers\u201d, said Daniel Balaban, Director of the WFP Centre of Excellence in Brazil. \u201cIn the case of Congo, even in the nature itself, the type of commodities that are being distributed even in the schools and so on, but also the development of the programme here is something that could be replicated more easily in other southern countries\u201d, said Sidi Mohamed Babah WFP Deputy Country Director.<\/p>\n<p>\u201cThe World Food Programme regional ambition in Southern Africa for school-based programmes is that quality national school feeding programmes links local production, exists at scale and acts as a platform to enhance development thought human capital investment in the region\u201d, said Margaret Malu, WFP Deputy Regional Director.<\/p>","protected":false},"excerpt":{"rendered":"<p>On Friday, 14 April, a delegation composed of government officials&hellip;<\/p>\n<p> <a class=\"more-link\" href=\"https:\/\/centrodeexcelencia.org.br\/en\/delegacao-congolesa-conhece-programa-brasileiro-de-alimentacao-escolar-durante-visita-de-estudos\/\">Read more<\/a><\/p>\n","protected":false},"author":133,"featured_media":25903,"comment_status":"closed","ping_status":"open","sticky":false,"template":"","format":"standard","meta":{"_monsterinsights_skip_tracking":false,"_monsterinsights_sitenote_active":false,"_monsterinsights_sitenote_note":"","_monsterinsights_sitenote_category":0,"footnotes":""},"categories":[189,187],"tags":[264,317,316],"class_list":{"0":"post-25902","1":"post","2":"type-post","3":"status-publish","4":"format-standard","5":"has-post-thumbnail","7":"category-intercambios-virtuais-noticias","8":"category-noticias","9":"tag-congo","10":"tag-study-visti","11":"tag-visita-de-estudos"},"yoast_head":"<!-- This site is optimized with the Yoast SEO plugin v27.3 - https:\/\/yoast.com\/product\/yoast-seo-wordpress\/ -->\n<title>Congolese delegation learns about the Brazilian school feeding programme during study visit - WFP<\/title>\n<meta name=\"robots\" content=\"index, follow, max-snippet:-1, max-image-preview:large, max-video-preview:-1\" \/>\n<link rel=\"canonical\" href=\"https:\/\/centrodeexcelencia.org.br\/delegacao-congolesa-conhece-programa-brasileiro-de-alimentacao-escolar-durante-visita-de-estudos\/\" \/>\n<meta property=\"og:locale\" content=\"en_US\" \/>\n<meta property=\"og:type\" content=\"article\" \/>\n<meta property=\"og:title\" content=\"Congolese delegation learns about the Brazilian school feeding programme during study visit - WFP\" \/>\n<meta property=\"og:description\" content=\"On Friday, 14 April, a delegation composed of government officials&hellip;  Read more\" \/>\n<meta property=\"og:url\" content=\"https:\/\/centrodeexcelencia.org.br\/delegacao-congolesa-conhece-programa-brasileiro-de-alimentacao-escolar-durante-visita-de-estudos\/\" \/>\n<meta property=\"og:site_name\" content=\"WFP\" \/>\n<meta property=\"article:published_time\" content=\"2023-04-14T15:12:41+00:00\" \/>\n<meta property=\"article:modified_time\" content=\"2024-10-10T21:59:37+00:00\" \/>\n<meta property=\"og:image\" content=\"https:\/\/centrodeexcelencia.org.br\/wp-content\/uploads\/2023\/04\/IMG_4763-2-scaled.jpg\" \/>\n\t<meta property=\"og:image:width\" content=\"2560\" \/>\n\t<meta property=\"og:image:height\" content=\"1707\" \/>\n\t<meta property=\"og:image:type\" content=\"image\/jpeg\" \/>\n<meta name=\"author\" content=\"Ana Mascarenhas\" \/>\n<meta name=\"twitter:card\" content=\"summary_large_image\" \/>\n<meta name=\"twitter:label1\" content=\"Written by\" \/>\n\t<meta name=\"twitter:data1\" content=\"Ana Mascarenhas\" \/>\n\t<meta name=\"twitter:label2\" content=\"Est. reading time\" \/>\n\t<meta name=\"twitter:data2\" content=\"8 minutes\" \/>\n<script type=\"application\/ld+json\" class=\"yoast-schema-graph\">{\"@context\":\"https:\\\/\\\/schema.org\",\"@graph\":[{\"@type\":\"Article\",\"@id\":\"https:\\\/\\\/centrodeexcelencia.org.br\\\/delegacao-congolesa-conhece-programa-brasileiro-de-alimentacao-escolar-durante-visita-de-estudos\\\/#article\",\"isPartOf\":{\"@id\":\"https:\\\/\\\/centrodeexcelencia.org.br\\\/delegacao-congolesa-conhece-programa-brasileiro-de-alimentacao-escolar-durante-visita-de-estudos\\\/\"},\"author\":{\"name\":\"Ana Mascarenhas\",\"@id\":\"https:\\\/\\\/centrodeexcelencia.org.br\\\/#\\\/schema\\\/person\\\/08300f099291340999d9b1517a5bc2dc\"},\"headline\":\"Congolese delegation learns about the Brazilian school feeding programme during study visit\",\"datePublished\":\"2023-04-14T15:12:41+00:00\",\"dateModified\":\"2024-10-10T21:59:37+00:00\",\"mainEntityOfPage\":{\"@id\":\"https:\\\/\\\/centrodeexcelencia.org.br\\\/delegacao-congolesa-conhece-programa-brasileiro-de-alimentacao-escolar-durante-visita-de-estudos\\\/\"},\"wordCount\":2684,\"publisher\":{\"@id\":\"https:\\\/\\\/centrodeexcelencia.org.br\\\/#organization\"},\"image\":{\"@id\":\"https:\\\/\\\/centrodeexcelencia.org.br\\\/delegacao-congolesa-conhece-programa-brasileiro-de-alimentacao-escolar-durante-visita-de-estudos\\\/#primaryimage\"},\"thumbnailUrl\":\"https:\\\/\\\/centrodeexcelencia.org.br\\\/wp-content\\\/uploads\\\/2023\\\/04\\\/IMG_4763-2-scaled.jpg\",\"keywords\":[\"Congo\",\"study visti\",\"visita de estudos\"],\"articleSection\":[\"Virtual Exchanges\",\"News\"],\"inLanguage\":\"en-US\"},{\"@type\":\"WebPage\",\"@id\":\"https:\\\/\\\/centrodeexcelencia.org.br\\\/delegacao-congolesa-conhece-programa-brasileiro-de-alimentacao-escolar-durante-visita-de-estudos\\\/\",\"url\":\"https:\\\/\\\/centrodeexcelencia.org.br\\\/delegacao-congolesa-conhece-programa-brasileiro-de-alimentacao-escolar-durante-visita-de-estudos\\\/\",\"name\":\"Congolese delegation learns about the Brazilian school feeding programme during study visit - WFP\",\"isPartOf\":{\"@id\":\"https:\\\/\\\/centrodeexcelencia.org.br\\\/#website\"},\"primaryImageOfPage\":{\"@id\":\"https:\\\/\\\/centrodeexcelencia.org.br\\\/delegacao-congolesa-conhece-programa-brasileiro-de-alimentacao-escolar-durante-visita-de-estudos\\\/#primaryimage\"},\"image\":{\"@id\":\"https:\\\/\\\/centrodeexcelencia.org.br\\\/delegacao-congolesa-conhece-programa-brasileiro-de-alimentacao-escolar-durante-visita-de-estudos\\\/#primaryimage\"},\"thumbnailUrl\":\"https:\\\/\\\/centrodeexcelencia.org.br\\\/wp-content\\\/uploads\\\/2023\\\/04\\\/IMG_4763-2-scaled.jpg\",\"datePublished\":\"2023-04-14T15:12:41+00:00\",\"dateModified\":\"2024-10-10T21:59:37+00:00\",\"breadcrumb\":{\"@id\":\"https:\\\/\\\/centrodeexcelencia.org.br\\\/delegacao-congolesa-conhece-programa-brasileiro-de-alimentacao-escolar-durante-visita-de-estudos\\\/#breadcrumb\"},\"inLanguage\":\"en-US\",\"potentialAction\":[{\"@type\":\"ReadAction\",\"target\":[\"https:\\\/\\\/centrodeexcelencia.org.br\\\/delegacao-congolesa-conhece-programa-brasileiro-de-alimentacao-escolar-durante-visita-de-estudos\\\/\"]}]},{\"@type\":\"ImageObject\",\"inLanguage\":\"en-US\",\"@id\":\"https:\\\/\\\/centrodeexcelencia.org.br\\\/delegacao-congolesa-conhece-programa-brasileiro-de-alimentacao-escolar-durante-visita-de-estudos\\\/#primaryimage\",\"url\":\"https:\\\/\\\/centrodeexcelencia.org.br\\\/wp-content\\\/uploads\\\/2023\\\/04\\\/IMG_4763-2-scaled.jpg\",\"contentUrl\":\"https:\\\/\\\/centrodeexcelencia.org.br\\\/wp-content\\\/uploads\\\/2023\\\/04\\\/IMG_4763-2-scaled.jpg\",\"width\":2560,\"height\":1707,\"caption\":\"The photo shows Social Affairs Minister Irene Marie Cecile Mboukou Kimbtasa, left, and Center of Excellence Director Daniel Balaban, right. Credit: WFP\\\/ Ana Mascarenhas\"},{\"@type\":\"BreadcrumbList\",\"@id\":\"https:\\\/\\\/centrodeexcelencia.org.br\\\/delegacao-congolesa-conhece-programa-brasileiro-de-alimentacao-escolar-durante-visita-de-estudos\\\/#breadcrumb\",\"itemListElement\":[{\"@type\":\"ListItem\",\"position\":1,\"name\":\"In\u00edcio\",\"item\":\"https:\\\/\\\/centrodeexcelencia.org.br\\\/\"},{\"@type\":\"ListItem\",\"position\":2,\"name\":\"Delega\u00e7\u00e3o congolesa conhece programa brasileiro de alimenta\u00e7\u00e3o escolar durante visita de estudos\"}]},{\"@type\":\"WebSite\",\"@id\":\"https:\\\/\\\/centrodeexcelencia.org.br\\\/#website\",\"url\":\"https:\\\/\\\/centrodeexcelencia.org.br\\\/\",\"name\":\"WFP\",\"description\":\"Centre of Excellence against Hunger\",\"publisher\":{\"@id\":\"https:\\\/\\\/centrodeexcelencia.org.br\\\/#organization\"},\"potentialAction\":[{\"@type\":\"SearchAction\",\"target\":{\"@type\":\"EntryPoint\",\"urlTemplate\":\"https:\\\/\\\/centrodeexcelencia.org.br\\\/?s={search_term_string}\"},\"query-input\":{\"@type\":\"PropertyValueSpecification\",\"valueRequired\":true,\"valueName\":\"search_term_string\"}}],\"inLanguage\":\"en-US\"},{\"@type\":\"Organization\",\"@id\":\"https:\\\/\\\/centrodeexcelencia.org.br\\\/#organization\",\"name\":\"WFP\",\"url\":\"https:\\\/\\\/centrodeexcelencia.org.br\\\/\",\"logo\":{\"@type\":\"ImageObject\",\"inLanguage\":\"en-US\",\"@id\":\"https:\\\/\\\/centrodeexcelencia.org.br\\\/#\\\/schema\\\/logo\\\/image\\\/\",\"url\":\"https:\\\/\\\/centrodeexcelencia.org.br\\\/wp-content\\\/uploads\\\/2026\\\/01\\\/Sem-titulo-1_Prancheta-1-1.png\",\"contentUrl\":\"https:\\\/\\\/centrodeexcelencia.org.br\\\/wp-content\\\/uploads\\\/2026\\\/01\\\/Sem-titulo-1_Prancheta-1-1.png\",\"width\":259,\"height\":395,\"caption\":\"WFP\"},\"image\":{\"@id\":\"https:\\\/\\\/centrodeexcelencia.org.br\\\/#\\\/schema\\\/logo\\\/image\\\/\"}},{\"@type\":\"Person\",\"@id\":\"https:\\\/\\\/centrodeexcelencia.org.br\\\/#\\\/schema\\\/person\\\/08300f099291340999d9b1517a5bc2dc\",\"name\":\"Ana Mascarenhas\",\"image\":{\"@type\":\"ImageObject\",\"inLanguage\":\"en-US\",\"@id\":\"https:\\\/\\\/secure.gravatar.com\\\/avatar\\\/cab29c31195c1aa6966399e3d16eb9e38d5abe94a289113e78e4c519561d6131?s=96&d=mm&r=g\",\"url\":\"https:\\\/\\\/secure.gravatar.com\\\/avatar\\\/cab29c31195c1aa6966399e3d16eb9e38d5abe94a289113e78e4c519561d6131?s=96&d=mm&r=g\",\"contentUrl\":\"https:\\\/\\\/secure.gravatar.com\\\/avatar\\\/cab29c31195c1aa6966399e3d16eb9e38d5abe94a289113e78e4c519561d6131?s=96&d=mm&r=g\",\"caption\":\"Ana Mascarenhas\"},\"url\":\"https:\\\/\\\/centrodeexcelencia.org.br\\\/en\\\/author\\\/ana-mascarenhas\\\/\"}]}<\/script>\n<!-- \/ Yoast SEO plugin. -->","yoast_head_json":{"title":"Congolese delegation learns about the Brazilian school feeding programme during study visit - WFP","robots":{"index":"index","follow":"follow","max-snippet":"max-snippet:-1","max-image-preview":"max-image-preview:large","max-video-preview":"max-video-preview:-1"},"canonical":"https:\/\/centrodeexcelencia.org.br\/delegacao-congolesa-conhece-programa-brasileiro-de-alimentacao-escolar-durante-visita-de-estudos\/","og_locale":"en_US","og_type":"article","og_title":"Congolese delegation learns about the Brazilian school feeding programme during study visit - WFP","og_description":"On Friday, 14 April, a delegation composed of government officials&hellip;  Read more","og_url":"https:\/\/centrodeexcelencia.org.br\/delegacao-congolesa-conhece-programa-brasileiro-de-alimentacao-escolar-durante-visita-de-estudos\/","og_site_name":"WFP","article_published_time":"2023-04-14T15:12:41+00:00","article_modified_time":"2024-10-10T21:59:37+00:00","og_image":[{"width":2560,"height":1707,"url":"https:\/\/centrodeexcelencia.org.br\/wp-content\/uploads\/2023\/04\/IMG_4763-2-scaled.jpg","type":"image\/jpeg"}],"author":"Ana Mascarenhas","twitter_card":"summary_large_image","twitter_misc":{"Written by":"Ana Mascarenhas","Est. reading time":"8 minutes"},"schema":{"@context":"https:\/\/schema.org","@graph":[{"@type":"Article","@id":"https:\/\/centrodeexcelencia.org.br\/delegacao-congolesa-conhece-programa-brasileiro-de-alimentacao-escolar-durante-visita-de-estudos\/#article","isPartOf":{"@id":"https:\/\/centrodeexcelencia.org.br\/delegacao-congolesa-conhece-programa-brasileiro-de-alimentacao-escolar-durante-visita-de-estudos\/"},"author":{"name":"Ana Mascarenhas","@id":"https:\/\/centrodeexcelencia.org.br\/#\/schema\/person\/08300f099291340999d9b1517a5bc2dc"},"headline":"Congolese delegation learns about the Brazilian school feeding programme during study visit","datePublished":"2023-04-14T15:12:41+00:00","dateModified":"2024-10-10T21:59:37+00:00","mainEntityOfPage":{"@id":"https:\/\/centrodeexcelencia.org.br\/delegacao-congolesa-conhece-programa-brasileiro-de-alimentacao-escolar-durante-visita-de-estudos\/"},"wordCount":2684,"publisher":{"@id":"https:\/\/centrodeexcelencia.org.br\/#organization"},"image":{"@id":"https:\/\/centrodeexcelencia.org.br\/delegacao-congolesa-conhece-programa-brasileiro-de-alimentacao-escolar-durante-visita-de-estudos\/#primaryimage"},"thumbnailUrl":"https:\/\/centrodeexcelencia.org.br\/wp-content\/uploads\/2023\/04\/IMG_4763-2-scaled.jpg","keywords":["Congo","study visti","visita de estudos"],"articleSection":["Virtual Exchanges","News"],"inLanguage":"en-US"},{"@type":"WebPage","@id":"https:\/\/centrodeexcelencia.org.br\/delegacao-congolesa-conhece-programa-brasileiro-de-alimentacao-escolar-durante-visita-de-estudos\/","url":"https:\/\/centrodeexcelencia.org.br\/delegacao-congolesa-conhece-programa-brasileiro-de-alimentacao-escolar-durante-visita-de-estudos\/","name":"Congolese delegation learns about the Brazilian school feeding programme during study visit - WFP","isPartOf":{"@id":"https:\/\/centrodeexcelencia.org.br\/#website"},"primaryImageOfPage":{"@id":"https:\/\/centrodeexcelencia.org.br\/delegacao-congolesa-conhece-programa-brasileiro-de-alimentacao-escolar-durante-visita-de-estudos\/#primaryimage"},"image":{"@id":"https:\/\/centrodeexcelencia.org.br\/delegacao-congolesa-conhece-programa-brasileiro-de-alimentacao-escolar-durante-visita-de-estudos\/#primaryimage"},"thumbnailUrl":"https:\/\/centrodeexcelencia.org.br\/wp-content\/uploads\/2023\/04\/IMG_4763-2-scaled.jpg","datePublished":"2023-04-14T15:12:41+00:00","dateModified":"2024-10-10T21:59:37+00:00","breadcrumb":{"@id":"https:\/\/centrodeexcelencia.org.br\/delegacao-congolesa-conhece-programa-brasileiro-de-alimentacao-escolar-durante-visita-de-estudos\/#breadcrumb"},"inLanguage":"en-US","potentialAction":[{"@type":"ReadAction","target":["https:\/\/centrodeexcelencia.org.br\/delegacao-congolesa-conhece-programa-brasileiro-de-alimentacao-escolar-durante-visita-de-estudos\/"]}]},{"@type":"ImageObject","inLanguage":"en-US","@id":"https:\/\/centrodeexcelencia.org.br\/delegacao-congolesa-conhece-programa-brasileiro-de-alimentacao-escolar-durante-visita-de-estudos\/#primaryimage","url":"https:\/\/centrodeexcelencia.org.br\/wp-content\/uploads\/2023\/04\/IMG_4763-2-scaled.jpg","contentUrl":"https:\/\/centrodeexcelencia.org.br\/wp-content\/uploads\/2023\/04\/IMG_4763-2-scaled.jpg","width":2560,"height":1707,"caption":"The photo shows Social Affairs Minister Irene Marie Cecile Mboukou Kimbtasa, left, and Center of Excellence Director Daniel Balaban, right. Credit: WFP\/ Ana Mascarenhas"},{"@type":"BreadcrumbList","@id":"https:\/\/centrodeexcelencia.org.br\/delegacao-congolesa-conhece-programa-brasileiro-de-alimentacao-escolar-durante-visita-de-estudos\/#breadcrumb","itemListElement":[{"@type":"ListItem","position":1,"name":"In\u00edcio","item":"https:\/\/centrodeexcelencia.org.br\/"},{"@type":"ListItem","position":2,"name":"Delega\u00e7\u00e3o congolesa conhece programa brasileiro de alimenta\u00e7\u00e3o escolar durante visita de estudos"}]},{"@type":"WebSite","@id":"https:\/\/centrodeexcelencia.org.br\/#website","url":"https:\/\/centrodeexcelencia.org.br\/","name":"WFP","description":"Centre of Excellence against Hunger","publisher":{"@id":"https:\/\/centrodeexcelencia.org.br\/#organization"},"potentialAction":[{"@type":"SearchAction","target":{"@type":"EntryPoint","urlTemplate":"https:\/\/centrodeexcelencia.org.br\/?s={search_term_string}"},"query-input":{"@type":"PropertyValueSpecification","valueRequired":true,"valueName":"search_term_string"}}],"inLanguage":"en-US"},{"@type":"Organization","@id":"https:\/\/centrodeexcelencia.org.br\/#organization","name":"WFP","url":"https:\/\/centrodeexcelencia.org.br\/","logo":{"@type":"ImageObject","inLanguage":"en-US","@id":"https:\/\/centrodeexcelencia.org.br\/#\/schema\/logo\/image\/","url":"https:\/\/centrodeexcelencia.org.br\/wp-content\/uploads\/2026\/01\/Sem-titulo-1_Prancheta-1-1.png","contentUrl":"https:\/\/centrodeexcelencia.org.br\/wp-content\/uploads\/2026\/01\/Sem-titulo-1_Prancheta-1-1.png","width":259,"height":395,"caption":"WFP"},"image":{"@id":"https:\/\/centrodeexcelencia.org.br\/#\/schema\/logo\/image\/"}},{"@type":"Person","@id":"https:\/\/centrodeexcelencia.org.br\/#\/schema\/person\/08300f099291340999d9b1517a5bc2dc","name":"Ana Mascarenhas","image":{"@type":"ImageObject","inLanguage":"en-US","@id":"https:\/\/secure.gravatar.com\/avatar\/cab29c31195c1aa6966399e3d16eb9e38d5abe94a289113e78e4c519561d6131?s=96&d=mm&r=g","url":"https:\/\/secure.gravatar.com\/avatar\/cab29c31195c1aa6966399e3d16eb9e38d5abe94a289113e78e4c519561d6131?s=96&d=mm&r=g","contentUrl":"https:\/\/secure.gravatar.com\/avatar\/cab29c31195c1aa6966399e3d16eb9e38d5abe94a289113e78e4c519561d6131?s=96&d=mm&r=g","caption":"Ana Mascarenhas"},"url":"https:\/\/centrodeexcelencia.org.br\/en\/author\/ana-mascarenhas\/"}]}},"_links":{"self":[{"href":"https:\/\/centrodeexcelencia.org.br\/en\/wp-json\/wp\/v2\/posts\/25902","targetHints":{"allow":["GET"]}}],"collection":[{"href":"https:\/\/centrodeexcelencia.org.br\/en\/wp-json\/wp\/v2\/posts"}],"about":[{"href":"https:\/\/centrodeexcelencia.org.br\/en\/wp-json\/wp\/v2\/types\/post"}],"author":[{"embeddable":true,"href":"https:\/\/centrodeexcelencia.org.br\/en\/wp-json\/wp\/v2\/users\/133"}],"replies":[{"embeddable":true,"href":"https:\/\/centrodeexcelencia.org.br\/en\/wp-json\/wp\/v2\/comments?post=25902"}],"version-history":[{"count":0,"href":"https:\/\/centrodeexcelencia.org.br\/en\/wp-json\/wp\/v2\/posts\/25902\/revisions"}],"wp:featuredmedia":[{"embeddable":true,"href":"https:\/\/centrodeexcelencia.org.br\/en\/wp-json\/wp\/v2\/media\/25903"}],"wp:attachment":[{"href":"https:\/\/centrodeexcelencia.org.br\/en\/wp-json\/wp\/v2\/media?parent=25902"}],"wp:term":[{"taxonomy":"category","embeddable":true,"href":"https:\/\/centrodeexcelencia.org.br\/en\/wp-json\/wp\/v2\/categories?post=25902"},{"taxonomy":"post_tag","embeddable":true,"href":"https:\/\/centrodeexcelencia.org.br\/en\/wp-json\/wp\/v2\/tags?post=25902"}],"curies":[{"name":"wp","href":"https:\/\/api.w.org\/{rel}","templated":true}]}}