{"id":25970,"date":"2023-05-11T12:59:36","date_gmt":"2023-05-11T15:59:36","guid":{"rendered":"https:\/\/centrodeexcelencia.org.br\/?p=25970"},"modified":"2024-10-10T18:59:35","modified_gmt":"2024-10-10T21:59:35","slug":"equipe-do-nutrir-o-futuro-participa-de-conferencia-nacional-de-nutricao","status":"publish","type":"post","link":"https:\/\/centrodeexcelencia.org.br\/en\/equipe-do-nutrir-o-futuro-participa-de-conferencia-nacional-de-nutricao\/","title":{"rendered":"Nurture the Future team participates in national nutrition conference"},"content":{"rendered":"<p><figure id=\"attachment_25972\" aria-describedby=\"caption-attachment-25972\" style=\"width: 2560px\" class=\"wp-caption alignleft\"><img fetchpriority=\"high\" decoding=\"async\" class=\"size-full wp-image-25972\" src=\"https:\/\/centrodeexcelencia.org.br\/wp-content\/uploads\/2023\/05\/foto-ceasa-editada-scaled.jpg\" alt=\"Frutas e legumes em caixotes de pl\u00e1stico verdes\" width=\"2560\" height=\"1707\" srcset=\"https:\/\/centrodeexcelencia.org.br\/wp-content\/uploads\/2023\/05\/foto-ceasa-editada-scaled.jpg 2560w, https:\/\/centrodeexcelencia.org.br\/wp-content\/uploads\/2023\/05\/foto-ceasa-editada-300x200.jpg 300w, https:\/\/centrodeexcelencia.org.br\/wp-content\/uploads\/2023\/05\/foto-ceasa-editada-1024x683.jpg 1024w, https:\/\/centrodeexcelencia.org.br\/wp-content\/uploads\/2023\/05\/foto-ceasa-editada-768x512.jpg 768w, https:\/\/centrodeexcelencia.org.br\/wp-content\/uploads\/2023\/05\/foto-ceasa-editada-1536x1024.jpg 1536w, https:\/\/centrodeexcelencia.org.br\/wp-content\/uploads\/2023\/05\/foto-ceasa-editada-2048x1365.jpg 2048w, https:\/\/centrodeexcelencia.org.br\/wp-content\/uploads\/2023\/05\/foto-ceasa-editada-600x400.jpg 600w\" sizes=\"(max-width: 2560px) 100vw, 2560px\" \/><figcaption id=\"caption-attachment-25972\" class=\"wp-caption-text\"><em>WFP\/ Ana Mascarenhas<\/em><\/figcaption><\/figure><\/p>\n<p>Nutritionists from the World Food Programme (WFP) Centre of Excellence against Hunger project team in Brazil participated in the National Nutrition Conference, held on May 5. Albaneide Peixinho and Eliene Sousa, who are part of the Nurture the Future project team, together with managers, workers and users of the Brazilian public health service (SUS in Portuguese), participated in discussions and supported the formulation of proposals for the consolidation and strengthening of food and nutrition.<\/p>\n<p>Issues such as hunger and food insecurity, access to nutritional care at all levels of health care, the impact of the global syndemic (malnutrition, obesity, nutritional deficiencies and consequences of climate change) on people&#8217;s lives were widely discussed. The program also highlighted the issues of financing food and nutrition policies, which presents a challenge for all countries.<\/p>\n<figure id=\"attachment_25971\" aria-describedby=\"caption-attachment-25971\" style=\"width: 1869px\" class=\"wp-caption alignleft\"><img decoding=\"async\" class=\"wp-image-25971 size-full\" src=\"https:\/\/centrodeexcelencia.org.br\/wp-content\/uploads\/2023\/05\/Print-Eliene-e1683820882567.png\" alt=\"Eliene Souza, a light-skinned black woman with long curly hair wearing a dark blue blouse and glasses in front of a white background.\" width=\"1869\" height=\"980\" srcset=\"https:\/\/centrodeexcelencia.org.br\/wp-content\/uploads\/2023\/05\/Print-Eliene-e1683820882567.png 1869w, https:\/\/centrodeexcelencia.org.br\/wp-content\/uploads\/2023\/05\/Print-Eliene-e1683820882567-300x157.png 300w, https:\/\/centrodeexcelencia.org.br\/wp-content\/uploads\/2023\/05\/Print-Eliene-e1683820882567-1024x537.png 1024w, https:\/\/centrodeexcelencia.org.br\/wp-content\/uploads\/2023\/05\/Print-Eliene-e1683820882567-768x403.png 768w, https:\/\/centrodeexcelencia.org.br\/wp-content\/uploads\/2023\/05\/Print-Eliene-e1683820882567-1536x805.png 1536w, https:\/\/centrodeexcelencia.org.br\/wp-content\/uploads\/2023\/05\/Print-Eliene-e1683820882567-600x315.png 600w\" sizes=\"(max-width: 1869px) 100vw, 1869px\" \/><figcaption id=\"caption-attachment-25971\" class=\"wp-caption-text\"><em>Photo: reproduction<\/em><\/figcaption><\/figure>\n<p>As a result of the Conference, propositions such as the guarantee of the right and access to nutrition and health care, the strengthening of food and nutritional surveillance, the strengthening of the Food Guide for the Brazilian Population and the Food Guide for children under two years of age were identified as priorities to be observed, especially by the government. &#8220;The Centre of Excellence, in addition to participating in these discussions, supports countries in developing capacities for the implementation of public food and nutrition policies through the Nurture the Future Project,&#8221; said Eliene Sousa.<\/p>\n<p>The project aims to support processes to strengthen national public institutions and the nutrition and health sectors considered fundamental for the management of public food and nutrition policies in countries. Specifically, the project aims to foster the exchange of experiences on the multiple burden of malnutrition in Brazil with other developing countries and to strengthen multilateral actions within the framework of the Decade of Action for Nutrition of the United Nations (UN) and Sustainable Development Goals 2 and 3.<\/p>\n<p>The South-South Cooperation initiative is based on the exchange of experiences between Brazil, Colombia and Peru and is carried out in partnership with the Ministry of Health and the Brazilian Cooperation Agency (ABC, in Portuguese). Learn more <a href=\"https:\/\/centrodeexcelencia.org.br\/nutrir-o-futuro\/\">here<\/a>.<\/p>\n<p><strong>About the Conference<\/strong> &#8211; The National Free Conference on Nutrition is a preparatory meeting for the 17th National Health Conference. Conferences are important spaces for participation and social control of Brazilian society and are responsible for shaping important public policies. The Brazilian national health system (SUS), for example, was created at one of these conferences. Watch the full National Nutrition Free Conference <a href=\"https:\/\/eur03.safelinks.protection.outlook.com\/?url=https%3A%2F%2Fwww.youtube.com%2Fwatch%3Fv%3D-i2N742MyH4%26t%3D6710s&amp;data=05%7C01%7Cericka.galindo%40wfp.org%7C6018eb441b994dbc94a708db514841e7%7C462ad9aed7d94206b87471b1e079776f%7C0%7C0%7C638193143001014445%7CUnknown%7CTWFpbGZsb3d8eyJWIjoiMC4wLjAwMDAiLCJQIjoiV2luMzIiLCJBTiI6Ik1haWwiLCJXVCI6Mn0%3D%7C3000%7C%7C%7C&amp;sdata=eiXoy6ZcTi5rDdeUO6yVq%2F9996xHlys8ThHzEUYD2IQ%3D&amp;reserved=0\">here<\/a>.<\/p>","protected":false},"excerpt":{"rendered":"<p>Nutritionists from the World Food Programme (WFP) Centre of Excellence&hellip;<\/p>\n<p> <a class=\"more-link\" href=\"https:\/\/centrodeexcelencia.org.br\/en\/equipe-do-nutrir-o-futuro-participa-de-conferencia-nacional-de-nutricao\/\">Read more<\/a><\/p>\n","protected":false},"author":133,"featured_media":25972,"comment_status":"closed","ping_status":"open","sticky":false,"template":"","format":"standard","meta":{"_monsterinsights_skip_tracking":false,"_monsterinsights_sitenote_active":false,"_monsterinsights_sitenote_note":"","_monsterinsights_sitenote_category":0,"footnotes":""},"categories":[188,187,191],"tags":[],"class_list":{"0":"post-25970","1":"post","2":"type-post","3":"status-publish","4":"format-standard","5":"has-post-thumbnail","7":"category-geral-noticias","8":"category-noticias","9":"category-nutricao-noticias"},"yoast_head":"<!-- This site is optimized with the Yoast SEO plugin v27.3 - https:\/\/yoast.com\/product\/yoast-seo-wordpress\/ -->\n<title>Nurture the Future team participates in national nutrition conference - WFP<\/title>\n<meta name=\"robots\" content=\"index, follow, max-snippet:-1, max-image-preview:large, max-video-preview:-1\" \/>\n<link rel=\"canonical\" href=\"https:\/\/centrodeexcelencia.org.br\/equipe-do-nutrir-o-futuro-participa-de-conferencia-nacional-de-nutricao\/\" \/>\n<meta property=\"og:locale\" content=\"en_US\" \/>\n<meta property=\"og:type\" content=\"article\" \/>\n<meta property=\"og:title\" content=\"Nurture the Future team participates in national nutrition conference - WFP\" \/>\n<meta property=\"og:description\" content=\"Nutritionists from the World Food Programme (WFP) Centre of Excellence&hellip;  Read more\" \/>\n<meta property=\"og:url\" content=\"https:\/\/centrodeexcelencia.org.br\/equipe-do-nutrir-o-futuro-participa-de-conferencia-nacional-de-nutricao\/\" \/>\n<meta property=\"og:site_name\" content=\"WFP\" \/>\n<meta property=\"article:published_time\" content=\"2023-05-11T15:59:36+00:00\" \/>\n<meta property=\"article:modified_time\" content=\"2024-10-10T21:59:35+00:00\" \/>\n<meta property=\"og:image\" content=\"https:\/\/centrodeexcelencia.org.br\/wp-content\/uploads\/2023\/05\/foto-ceasa-editada-scaled.jpg\" \/>\n\t<meta property=\"og:image:width\" content=\"2560\" \/>\n\t<meta property=\"og:image:height\" content=\"1707\" \/>\n\t<meta property=\"og:image:type\" content=\"image\/jpeg\" \/>\n<meta name=\"author\" content=\"Ana Mascarenhas\" \/>\n<meta name=\"twitter:card\" content=\"summary_large_image\" \/>\n<meta name=\"twitter:label1\" content=\"Written by\" \/>\n\t<meta name=\"twitter:data1\" content=\"Ana Mascarenhas\" \/>\n\t<meta name=\"twitter:label2\" content=\"Est. reading time\" \/>\n\t<meta name=\"twitter:data2\" content=\"3 minutes\" \/>\n<script type=\"application\/ld+json\" class=\"yoast-schema-graph\">{\"@context\":\"https:\\\/\\\/schema.org\",\"@graph\":[{\"@type\":\"Article\",\"@id\":\"https:\\\/\\\/centrodeexcelencia.org.br\\\/equipe-do-nutrir-o-futuro-participa-de-conferencia-nacional-de-nutricao\\\/#article\",\"isPartOf\":{\"@id\":\"https:\\\/\\\/centrodeexcelencia.org.br\\\/equipe-do-nutrir-o-futuro-participa-de-conferencia-nacional-de-nutricao\\\/\"},\"author\":{\"name\":\"Ana Mascarenhas\",\"@id\":\"https:\\\/\\\/centrodeexcelencia.org.br\\\/#\\\/schema\\\/person\\\/08300f099291340999d9b1517a5bc2dc\"},\"headline\":\"Nurture the Future team participates in national nutrition conference\",\"datePublished\":\"2023-05-11T15:59:36+00:00\",\"dateModified\":\"2024-10-10T21:59:35+00:00\",\"mainEntityOfPage\":{\"@id\":\"https:\\\/\\\/centrodeexcelencia.org.br\\\/equipe-do-nutrir-o-futuro-participa-de-conferencia-nacional-de-nutricao\\\/\"},\"wordCount\":976,\"publisher\":{\"@id\":\"https:\\\/\\\/centrodeexcelencia.org.br\\\/#organization\"},\"image\":{\"@id\":\"https:\\\/\\\/centrodeexcelencia.org.br\\\/equipe-do-nutrir-o-futuro-participa-de-conferencia-nacional-de-nutricao\\\/#primaryimage\"},\"thumbnailUrl\":\"https:\\\/\\\/centrodeexcelencia.org.br\\\/wp-content\\\/uploads\\\/2023\\\/05\\\/foto-ceasa-editada-scaled.jpg\",\"articleSection\":[\"General\",\"News\",\"Nutrition\"],\"inLanguage\":\"en-US\"},{\"@type\":\"WebPage\",\"@id\":\"https:\\\/\\\/centrodeexcelencia.org.br\\\/equipe-do-nutrir-o-futuro-participa-de-conferencia-nacional-de-nutricao\\\/\",\"url\":\"https:\\\/\\\/centrodeexcelencia.org.br\\\/equipe-do-nutrir-o-futuro-participa-de-conferencia-nacional-de-nutricao\\\/\",\"name\":\"Nurture the Future team participates in national nutrition conference - WFP\",\"isPartOf\":{\"@id\":\"https:\\\/\\\/centrodeexcelencia.org.br\\\/#website\"},\"primaryImageOfPage\":{\"@id\":\"https:\\\/\\\/centrodeexcelencia.org.br\\\/equipe-do-nutrir-o-futuro-participa-de-conferencia-nacional-de-nutricao\\\/#primaryimage\"},\"image\":{\"@id\":\"https:\\\/\\\/centrodeexcelencia.org.br\\\/equipe-do-nutrir-o-futuro-participa-de-conferencia-nacional-de-nutricao\\\/#primaryimage\"},\"thumbnailUrl\":\"https:\\\/\\\/centrodeexcelencia.org.br\\\/wp-content\\\/uploads\\\/2023\\\/05\\\/foto-ceasa-editada-scaled.jpg\",\"datePublished\":\"2023-05-11T15:59:36+00:00\",\"dateModified\":\"2024-10-10T21:59:35+00:00\",\"breadcrumb\":{\"@id\":\"https:\\\/\\\/centrodeexcelencia.org.br\\\/equipe-do-nutrir-o-futuro-participa-de-conferencia-nacional-de-nutricao\\\/#breadcrumb\"},\"inLanguage\":\"en-US\",\"potentialAction\":[{\"@type\":\"ReadAction\",\"target\":[\"https:\\\/\\\/centrodeexcelencia.org.br\\\/equipe-do-nutrir-o-futuro-participa-de-conferencia-nacional-de-nutricao\\\/\"]}]},{\"@type\":\"ImageObject\",\"inLanguage\":\"en-US\",\"@id\":\"https:\\\/\\\/centrodeexcelencia.org.br\\\/equipe-do-nutrir-o-futuro-participa-de-conferencia-nacional-de-nutricao\\\/#primaryimage\",\"url\":\"https:\\\/\\\/centrodeexcelencia.org.br\\\/wp-content\\\/uploads\\\/2023\\\/05\\\/foto-ceasa-editada-scaled.jpg\",\"contentUrl\":\"https:\\\/\\\/centrodeexcelencia.org.br\\\/wp-content\\\/uploads\\\/2023\\\/05\\\/foto-ceasa-editada-scaled.jpg\",\"width\":2560,\"height\":1707,\"caption\":\"WFP\\\/ Ana Mascarenhas\"},{\"@type\":\"BreadcrumbList\",\"@id\":\"https:\\\/\\\/centrodeexcelencia.org.br\\\/equipe-do-nutrir-o-futuro-participa-de-conferencia-nacional-de-nutricao\\\/#breadcrumb\",\"itemListElement\":[{\"@type\":\"ListItem\",\"position\":1,\"name\":\"In\u00edcio\",\"item\":\"https:\\\/\\\/centrodeexcelencia.org.br\\\/\"},{\"@type\":\"ListItem\",\"position\":2,\"name\":\"Equipe do Nutrir o Futuro participa de confer\u00eancia nacional de nutri\u00e7\u00e3o\"}]},{\"@type\":\"WebSite\",\"@id\":\"https:\\\/\\\/centrodeexcelencia.org.br\\\/#website\",\"url\":\"https:\\\/\\\/centrodeexcelencia.org.br\\\/\",\"name\":\"WFP\",\"description\":\"Centre of Excellence against Hunger\",\"publisher\":{\"@id\":\"https:\\\/\\\/centrodeexcelencia.org.br\\\/#organization\"},\"potentialAction\":[{\"@type\":\"SearchAction\",\"target\":{\"@type\":\"EntryPoint\",\"urlTemplate\":\"https:\\\/\\\/centrodeexcelencia.org.br\\\/?s={search_term_string}\"},\"query-input\":{\"@type\":\"PropertyValueSpecification\",\"valueRequired\":true,\"valueName\":\"search_term_string\"}}],\"inLanguage\":\"en-US\"},{\"@type\":\"Organization\",\"@id\":\"https:\\\/\\\/centrodeexcelencia.org.br\\\/#organization\",\"name\":\"WFP\",\"url\":\"https:\\\/\\\/centrodeexcelencia.org.br\\\/\",\"logo\":{\"@type\":\"ImageObject\",\"inLanguage\":\"en-US\",\"@id\":\"https:\\\/\\\/centrodeexcelencia.org.br\\\/#\\\/schema\\\/logo\\\/image\\\/\",\"url\":\"https:\\\/\\\/centrodeexcelencia.org.br\\\/wp-content\\\/uploads\\\/2026\\\/01\\\/Sem-titulo-1_Prancheta-1-1.png\",\"contentUrl\":\"https:\\\/\\\/centrodeexcelencia.org.br\\\/wp-content\\\/uploads\\\/2026\\\/01\\\/Sem-titulo-1_Prancheta-1-1.png\",\"width\":259,\"height\":395,\"caption\":\"WFP\"},\"image\":{\"@id\":\"https:\\\/\\\/centrodeexcelencia.org.br\\\/#\\\/schema\\\/logo\\\/image\\\/\"}},{\"@type\":\"Person\",\"@id\":\"https:\\\/\\\/centrodeexcelencia.org.br\\\/#\\\/schema\\\/person\\\/08300f099291340999d9b1517a5bc2dc\",\"name\":\"Ana Mascarenhas\",\"image\":{\"@type\":\"ImageObject\",\"inLanguage\":\"en-US\",\"@id\":\"https:\\\/\\\/secure.gravatar.com\\\/avatar\\\/cab29c31195c1aa6966399e3d16eb9e38d5abe94a289113e78e4c519561d6131?s=96&d=mm&r=g\",\"url\":\"https:\\\/\\\/secure.gravatar.com\\\/avatar\\\/cab29c31195c1aa6966399e3d16eb9e38d5abe94a289113e78e4c519561d6131?s=96&d=mm&r=g\",\"contentUrl\":\"https:\\\/\\\/secure.gravatar.com\\\/avatar\\\/cab29c31195c1aa6966399e3d16eb9e38d5abe94a289113e78e4c519561d6131?s=96&d=mm&r=g\",\"caption\":\"Ana Mascarenhas\"},\"url\":\"https:\\\/\\\/centrodeexcelencia.org.br\\\/en\\\/author\\\/ana-mascarenhas\\\/\"}]}<\/script>\n<!-- \/ Yoast SEO plugin. -->","yoast_head_json":{"title":"Nurture the Future team participates in national nutrition conference - WFP","robots":{"index":"index","follow":"follow","max-snippet":"max-snippet:-1","max-image-preview":"max-image-preview:large","max-video-preview":"max-video-preview:-1"},"canonical":"https:\/\/centrodeexcelencia.org.br\/equipe-do-nutrir-o-futuro-participa-de-conferencia-nacional-de-nutricao\/","og_locale":"en_US","og_type":"article","og_title":"Nurture the Future team participates in national nutrition conference - WFP","og_description":"Nutritionists from the World Food Programme (WFP) Centre of Excellence&hellip;  Read more","og_url":"https:\/\/centrodeexcelencia.org.br\/equipe-do-nutrir-o-futuro-participa-de-conferencia-nacional-de-nutricao\/","og_site_name":"WFP","article_published_time":"2023-05-11T15:59:36+00:00","article_modified_time":"2024-10-10T21:59:35+00:00","og_image":[{"width":2560,"height":1707,"url":"https:\/\/centrodeexcelencia.org.br\/wp-content\/uploads\/2023\/05\/foto-ceasa-editada-scaled.jpg","type":"image\/jpeg"}],"author":"Ana Mascarenhas","twitter_card":"summary_large_image","twitter_misc":{"Written by":"Ana Mascarenhas","Est. reading time":"3 minutes"},"schema":{"@context":"https:\/\/schema.org","@graph":[{"@type":"Article","@id":"https:\/\/centrodeexcelencia.org.br\/equipe-do-nutrir-o-futuro-participa-de-conferencia-nacional-de-nutricao\/#article","isPartOf":{"@id":"https:\/\/centrodeexcelencia.org.br\/equipe-do-nutrir-o-futuro-participa-de-conferencia-nacional-de-nutricao\/"},"author":{"name":"Ana Mascarenhas","@id":"https:\/\/centrodeexcelencia.org.br\/#\/schema\/person\/08300f099291340999d9b1517a5bc2dc"},"headline":"Nurture the Future team participates in national nutrition conference","datePublished":"2023-05-11T15:59:36+00:00","dateModified":"2024-10-10T21:59:35+00:00","mainEntityOfPage":{"@id":"https:\/\/centrodeexcelencia.org.br\/equipe-do-nutrir-o-futuro-participa-de-conferencia-nacional-de-nutricao\/"},"wordCount":976,"publisher":{"@id":"https:\/\/centrodeexcelencia.org.br\/#organization"},"image":{"@id":"https:\/\/centrodeexcelencia.org.br\/equipe-do-nutrir-o-futuro-participa-de-conferencia-nacional-de-nutricao\/#primaryimage"},"thumbnailUrl":"https:\/\/centrodeexcelencia.org.br\/wp-content\/uploads\/2023\/05\/foto-ceasa-editada-scaled.jpg","articleSection":["General","News","Nutrition"],"inLanguage":"en-US"},{"@type":"WebPage","@id":"https:\/\/centrodeexcelencia.org.br\/equipe-do-nutrir-o-futuro-participa-de-conferencia-nacional-de-nutricao\/","url":"https:\/\/centrodeexcelencia.org.br\/equipe-do-nutrir-o-futuro-participa-de-conferencia-nacional-de-nutricao\/","name":"Nurture the Future team participates in national nutrition conference - WFP","isPartOf":{"@id":"https:\/\/centrodeexcelencia.org.br\/#website"},"primaryImageOfPage":{"@id":"https:\/\/centrodeexcelencia.org.br\/equipe-do-nutrir-o-futuro-participa-de-conferencia-nacional-de-nutricao\/#primaryimage"},"image":{"@id":"https:\/\/centrodeexcelencia.org.br\/equipe-do-nutrir-o-futuro-participa-de-conferencia-nacional-de-nutricao\/#primaryimage"},"thumbnailUrl":"https:\/\/centrodeexcelencia.org.br\/wp-content\/uploads\/2023\/05\/foto-ceasa-editada-scaled.jpg","datePublished":"2023-05-11T15:59:36+00:00","dateModified":"2024-10-10T21:59:35+00:00","breadcrumb":{"@id":"https:\/\/centrodeexcelencia.org.br\/equipe-do-nutrir-o-futuro-participa-de-conferencia-nacional-de-nutricao\/#breadcrumb"},"inLanguage":"en-US","potentialAction":[{"@type":"ReadAction","target":["https:\/\/centrodeexcelencia.org.br\/equipe-do-nutrir-o-futuro-participa-de-conferencia-nacional-de-nutricao\/"]}]},{"@type":"ImageObject","inLanguage":"en-US","@id":"https:\/\/centrodeexcelencia.org.br\/equipe-do-nutrir-o-futuro-participa-de-conferencia-nacional-de-nutricao\/#primaryimage","url":"https:\/\/centrodeexcelencia.org.br\/wp-content\/uploads\/2023\/05\/foto-ceasa-editada-scaled.jpg","contentUrl":"https:\/\/centrodeexcelencia.org.br\/wp-content\/uploads\/2023\/05\/foto-ceasa-editada-scaled.jpg","width":2560,"height":1707,"caption":"WFP\/ Ana Mascarenhas"},{"@type":"BreadcrumbList","@id":"https:\/\/centrodeexcelencia.org.br\/equipe-do-nutrir-o-futuro-participa-de-conferencia-nacional-de-nutricao\/#breadcrumb","itemListElement":[{"@type":"ListItem","position":1,"name":"In\u00edcio","item":"https:\/\/centrodeexcelencia.org.br\/"},{"@type":"ListItem","position":2,"name":"Equipe do Nutrir o Futuro participa de confer\u00eancia nacional de nutri\u00e7\u00e3o"}]},{"@type":"WebSite","@id":"https:\/\/centrodeexcelencia.org.br\/#website","url":"https:\/\/centrodeexcelencia.org.br\/","name":"WFP","description":"Centre of Excellence against Hunger","publisher":{"@id":"https:\/\/centrodeexcelencia.org.br\/#organization"},"potentialAction":[{"@type":"SearchAction","target":{"@type":"EntryPoint","urlTemplate":"https:\/\/centrodeexcelencia.org.br\/?s={search_term_string}"},"query-input":{"@type":"PropertyValueSpecification","valueRequired":true,"valueName":"search_term_string"}}],"inLanguage":"en-US"},{"@type":"Organization","@id":"https:\/\/centrodeexcelencia.org.br\/#organization","name":"WFP","url":"https:\/\/centrodeexcelencia.org.br\/","logo":{"@type":"ImageObject","inLanguage":"en-US","@id":"https:\/\/centrodeexcelencia.org.br\/#\/schema\/logo\/image\/","url":"https:\/\/centrodeexcelencia.org.br\/wp-content\/uploads\/2026\/01\/Sem-titulo-1_Prancheta-1-1.png","contentUrl":"https:\/\/centrodeexcelencia.org.br\/wp-content\/uploads\/2026\/01\/Sem-titulo-1_Prancheta-1-1.png","width":259,"height":395,"caption":"WFP"},"image":{"@id":"https:\/\/centrodeexcelencia.org.br\/#\/schema\/logo\/image\/"}},{"@type":"Person","@id":"https:\/\/centrodeexcelencia.org.br\/#\/schema\/person\/08300f099291340999d9b1517a5bc2dc","name":"Ana Mascarenhas","image":{"@type":"ImageObject","inLanguage":"en-US","@id":"https:\/\/secure.gravatar.com\/avatar\/cab29c31195c1aa6966399e3d16eb9e38d5abe94a289113e78e4c519561d6131?s=96&d=mm&r=g","url":"https:\/\/secure.gravatar.com\/avatar\/cab29c31195c1aa6966399e3d16eb9e38d5abe94a289113e78e4c519561d6131?s=96&d=mm&r=g","contentUrl":"https:\/\/secure.gravatar.com\/avatar\/cab29c31195c1aa6966399e3d16eb9e38d5abe94a289113e78e4c519561d6131?s=96&d=mm&r=g","caption":"Ana Mascarenhas"},"url":"https:\/\/centrodeexcelencia.org.br\/en\/author\/ana-mascarenhas\/"}]}},"_links":{"self":[{"href":"https:\/\/centrodeexcelencia.org.br\/en\/wp-json\/wp\/v2\/posts\/25970","targetHints":{"allow":["GET"]}}],"collection":[{"href":"https:\/\/centrodeexcelencia.org.br\/en\/wp-json\/wp\/v2\/posts"}],"about":[{"href":"https:\/\/centrodeexcelencia.org.br\/en\/wp-json\/wp\/v2\/types\/post"}],"author":[{"embeddable":true,"href":"https:\/\/centrodeexcelencia.org.br\/en\/wp-json\/wp\/v2\/users\/133"}],"replies":[{"embeddable":true,"href":"https:\/\/centrodeexcelencia.org.br\/en\/wp-json\/wp\/v2\/comments?post=25970"}],"version-history":[{"count":0,"href":"https:\/\/centrodeexcelencia.org.br\/en\/wp-json\/wp\/v2\/posts\/25970\/revisions"}],"wp:featuredmedia":[{"embeddable":true,"href":"https:\/\/centrodeexcelencia.org.br\/en\/wp-json\/wp\/v2\/media\/25972"}],"wp:attachment":[{"href":"https:\/\/centrodeexcelencia.org.br\/en\/wp-json\/wp\/v2\/media?parent=25970"}],"wp:term":[{"taxonomy":"category","embeddable":true,"href":"https:\/\/centrodeexcelencia.org.br\/en\/wp-json\/wp\/v2\/categories?post=25970"},{"taxonomy":"post_tag","embeddable":true,"href":"https:\/\/centrodeexcelencia.org.br\/en\/wp-json\/wp\/v2\/tags?post=25970"}],"curies":[{"name":"wp","href":"https:\/\/api.w.org\/{rel}","templated":true}]}}