{"id":25985,"date":"2023-05-18T17:10:12","date_gmt":"2023-05-18T20:10:12","guid":{"rendered":"https:\/\/centrodeexcelencia.org.br\/?p=25985"},"modified":"2024-10-10T18:59:35","modified_gmt":"2024-10-10T21:59:35","slug":"missao-ao-congo-da-continuidade-a-visita-de-campo-a-brasilia-em-abril","status":"publish","type":"post","link":"https:\/\/centrodeexcelencia.org.br\/en\/missao-ao-congo-da-continuidade-a-visita-de-campo-a-brasilia-em-abril\/","title":{"rendered":"Mission to Congo continues work started during visit to Bras\u00edlia in April"},"content":{"rendered":"<p><figure id=\"attachment_25986\" aria-describedby=\"caption-attachment-25986\" style=\"width: 2560px\" class=\"wp-caption alignleft\"><img decoding=\"async\" class=\"wp-image-25986 size-full\" src=\"https:\/\/centrodeexcelencia.org.br\/wp-content\/uploads\/2023\/05\/SCA00920-scaled.jpg\" alt=\"\" width=\"2560\" height=\"1707\" srcset=\"https:\/\/centrodeexcelencia.org.br\/wp-content\/uploads\/2023\/05\/SCA00920-scaled.jpg 2560w, https:\/\/centrodeexcelencia.org.br\/wp-content\/uploads\/2023\/05\/SCA00920-300x200.jpg 300w, https:\/\/centrodeexcelencia.org.br\/wp-content\/uploads\/2023\/05\/SCA00920-1024x683.jpg 1024w, https:\/\/centrodeexcelencia.org.br\/wp-content\/uploads\/2023\/05\/SCA00920-768x512.jpg 768w, https:\/\/centrodeexcelencia.org.br\/wp-content\/uploads\/2023\/05\/SCA00920-1536x1024.jpg 1536w, https:\/\/centrodeexcelencia.org.br\/wp-content\/uploads\/2023\/05\/SCA00920-2048x1365.jpg 2048w, https:\/\/centrodeexcelencia.org.br\/wp-content\/uploads\/2023\/05\/SCA00920-600x400.jpg 600w\" sizes=\"(max-width: 2560px) 100vw, 2560px\" \/><figcaption id=\"caption-attachment-25986\" class=\"wp-caption-text\"><em>Pupils at the WFP-supported Yamba primary school, eating their school meal made from locally produced products. Photo: WFP\/DIGITS.<\/em><\/figcaption><\/figure><\/p>\n<p>Between 10 and 14 April 2023, the World Food Programme (WFP) Centre of Excellence against Hunger in Brazil, in partnership with the National Education Development Fund (FNDE in Portuguese) and the Brazilian Cooperation Agency (ABC in Portuguese), hosted a mission from the government of the Republic of Congo to Brazil. The delegation included representatives from the African country&#8217;s government, including high level officials from the Ministries of Education, Social Affairs, Agriculture, and Planning.<\/p>\n<figure id=\"attachment_25987\" aria-describedby=\"caption-attachment-25987\" style=\"width: 1326px\" class=\"wp-caption alignleft\"><img loading=\"lazy\" decoding=\"async\" class=\"wp-image-25987\" src=\"https:\/\/centrodeexcelencia.org.br\/wp-content\/uploads\/2023\/05\/Imagem1.jpg\" alt=\"\" width=\"1326\" height=\"991\" srcset=\"https:\/\/centrodeexcelencia.org.br\/wp-content\/uploads\/2023\/05\/Imagem1.jpg 451w, https:\/\/centrodeexcelencia.org.br\/wp-content\/uploads\/2023\/05\/Imagem1-300x224.jpg 300w\" sizes=\"(max-width: 1326px) 100vw, 1326px\" \/><figcaption id=\"caption-attachment-25987\" class=\"wp-caption-text\"><em>Visit to the Directors of the Imvouba School Department, in Pool District, in the Republic of Congo. Photo: WFP. <\/em><\/figcaption><\/figure>\n<p>The main subjects of learning interest were the Brazilian institutional and legal frameworks and management mechanisms for school feeding in Brazil, its links with family farming, the role of civil society and multi-sectoral arrangements in the success of food and nutritional security programmes.<\/p>\n<p>In May, in order to give continuity to the exchange of learning made during the mission, Maria Giulia Senesi, Programme Officer at the World Food Programme (WFP) Centre of Excellence against Hunger, carried out a mission to the Republic of Congo WFP country office. During the trip, the team visited six schools in the Pool District and interviewed school managers and directors to update the needs of these school regarding the school feeding programme.<\/p>\n<p>&#8220;It is very enriching to get to know in practice the details of school feeding in the Republic of Congo, which recently visited Brazil. I believe that with the experience seen here, the exchanges can be more specific and focused on improvements needed for the local context\u201d, says Maria Giulia Senesi. Learn more about the visit of the Republic of Congo <a href=\"https:\/\/centrodeexcelencia.org.br\/en\/delegacao-congolesa-conhece-programa-brasileiro-de-alimentacao-escolar-durante-visita-de-estudos\/\">here<\/a>.<\/p>\n<p>&nbsp;<\/p>","protected":false},"excerpt":{"rendered":"<p>Between 10 and 14 April 2023, the World Food Programme&hellip;<\/p>\n<p> <a class=\"more-link\" href=\"https:\/\/centrodeexcelencia.org.br\/en\/missao-ao-congo-da-continuidade-a-visita-de-campo-a-brasilia-em-abril\/\">Read more<\/a><\/p>\n","protected":false},"author":133,"featured_media":25986,"comment_status":"closed","ping_status":"open","sticky":false,"template":"","format":"standard","meta":{"_monsterinsights_skip_tracking":false,"_monsterinsights_sitenote_active":false,"_monsterinsights_sitenote_note":"","_monsterinsights_sitenote_category":0,"footnotes":""},"categories":[189,187],"tags":[],"class_list":{"0":"post-25985","1":"post","2":"type-post","3":"status-publish","4":"format-standard","5":"has-post-thumbnail","7":"category-intercambios-virtuais-noticias","8":"category-noticias"},"yoast_head":"<!-- This site is optimized with the Yoast SEO plugin v27.3 - https:\/\/yoast.com\/product\/yoast-seo-wordpress\/ -->\n<title>Mission to Congo continues work started during visit to Bras\u00edlia in April - WFP<\/title>\n<meta name=\"robots\" content=\"index, follow, max-snippet:-1, max-image-preview:large, max-video-preview:-1\" \/>\n<link rel=\"canonical\" href=\"https:\/\/centrodeexcelencia.org.br\/missao-ao-congo-da-continuidade-a-visita-de-campo-a-brasilia-em-abril\/\" \/>\n<meta property=\"og:locale\" content=\"en_US\" \/>\n<meta property=\"og:type\" content=\"article\" \/>\n<meta property=\"og:title\" content=\"Mission to Congo continues work started during visit to Bras\u00edlia in April - WFP\" \/>\n<meta property=\"og:description\" content=\"Between 10 and 14 April 2023, the World Food Programme&hellip;  Read more\" \/>\n<meta property=\"og:url\" content=\"https:\/\/centrodeexcelencia.org.br\/missao-ao-congo-da-continuidade-a-visita-de-campo-a-brasilia-em-abril\/\" \/>\n<meta property=\"og:site_name\" content=\"WFP\" \/>\n<meta property=\"article:published_time\" content=\"2023-05-18T20:10:12+00:00\" \/>\n<meta property=\"article:modified_time\" content=\"2024-10-10T21:59:35+00:00\" \/>\n<meta property=\"og:image\" content=\"https:\/\/centrodeexcelencia.org.br\/wp-content\/uploads\/2023\/05\/SCA00920-scaled.jpg\" \/>\n\t<meta property=\"og:image:width\" content=\"2560\" \/>\n\t<meta property=\"og:image:height\" content=\"1707\" \/>\n\t<meta property=\"og:image:type\" content=\"image\/jpeg\" \/>\n<meta name=\"author\" content=\"Ana Mascarenhas\" \/>\n<meta name=\"twitter:card\" content=\"summary_large_image\" \/>\n<meta name=\"twitter:label1\" content=\"Written by\" \/>\n\t<meta name=\"twitter:data1\" content=\"Ana Mascarenhas\" \/>\n\t<meta name=\"twitter:label2\" content=\"Est. reading time\" \/>\n\t<meta name=\"twitter:data2\" content=\"3 minutes\" \/>\n<script type=\"application\/ld+json\" class=\"yoast-schema-graph\">{\"@context\":\"https:\\\/\\\/schema.org\",\"@graph\":[{\"@type\":\"Article\",\"@id\":\"https:\\\/\\\/centrodeexcelencia.org.br\\\/missao-ao-congo-da-continuidade-a-visita-de-campo-a-brasilia-em-abril\\\/#article\",\"isPartOf\":{\"@id\":\"https:\\\/\\\/centrodeexcelencia.org.br\\\/missao-ao-congo-da-continuidade-a-visita-de-campo-a-brasilia-em-abril\\\/\"},\"author\":{\"name\":\"Ana Mascarenhas\",\"@id\":\"https:\\\/\\\/centrodeexcelencia.org.br\\\/#\\\/schema\\\/person\\\/08300f099291340999d9b1517a5bc2dc\"},\"headline\":\"Mission to Congo continues work started during visit to Bras\u00edlia in April\",\"datePublished\":\"2023-05-18T20:10:12+00:00\",\"dateModified\":\"2024-10-10T21:59:35+00:00\",\"mainEntityOfPage\":{\"@id\":\"https:\\\/\\\/centrodeexcelencia.org.br\\\/missao-ao-congo-da-continuidade-a-visita-de-campo-a-brasilia-em-abril\\\/\"},\"wordCount\":690,\"publisher\":{\"@id\":\"https:\\\/\\\/centrodeexcelencia.org.br\\\/#organization\"},\"image\":{\"@id\":\"https:\\\/\\\/centrodeexcelencia.org.br\\\/missao-ao-congo-da-continuidade-a-visita-de-campo-a-brasilia-em-abril\\\/#primaryimage\"},\"thumbnailUrl\":\"https:\\\/\\\/centrodeexcelencia.org.br\\\/wp-content\\\/uploads\\\/2023\\\/05\\\/SCA00920-scaled.jpg\",\"articleSection\":[\"Virtual Exchanges\",\"News\"],\"inLanguage\":\"en-US\"},{\"@type\":\"WebPage\",\"@id\":\"https:\\\/\\\/centrodeexcelencia.org.br\\\/missao-ao-congo-da-continuidade-a-visita-de-campo-a-brasilia-em-abril\\\/\",\"url\":\"https:\\\/\\\/centrodeexcelencia.org.br\\\/missao-ao-congo-da-continuidade-a-visita-de-campo-a-brasilia-em-abril\\\/\",\"name\":\"Mission to Congo continues work started during visit to Bras\u00edlia in April - WFP\",\"isPartOf\":{\"@id\":\"https:\\\/\\\/centrodeexcelencia.org.br\\\/#website\"},\"primaryImageOfPage\":{\"@id\":\"https:\\\/\\\/centrodeexcelencia.org.br\\\/missao-ao-congo-da-continuidade-a-visita-de-campo-a-brasilia-em-abril\\\/#primaryimage\"},\"image\":{\"@id\":\"https:\\\/\\\/centrodeexcelencia.org.br\\\/missao-ao-congo-da-continuidade-a-visita-de-campo-a-brasilia-em-abril\\\/#primaryimage\"},\"thumbnailUrl\":\"https:\\\/\\\/centrodeexcelencia.org.br\\\/wp-content\\\/uploads\\\/2023\\\/05\\\/SCA00920-scaled.jpg\",\"datePublished\":\"2023-05-18T20:10:12+00:00\",\"dateModified\":\"2024-10-10T21:59:35+00:00\",\"breadcrumb\":{\"@id\":\"https:\\\/\\\/centrodeexcelencia.org.br\\\/missao-ao-congo-da-continuidade-a-visita-de-campo-a-brasilia-em-abril\\\/#breadcrumb\"},\"inLanguage\":\"en-US\",\"potentialAction\":[{\"@type\":\"ReadAction\",\"target\":[\"https:\\\/\\\/centrodeexcelencia.org.br\\\/missao-ao-congo-da-continuidade-a-visita-de-campo-a-brasilia-em-abril\\\/\"]}]},{\"@type\":\"ImageObject\",\"inLanguage\":\"en-US\",\"@id\":\"https:\\\/\\\/centrodeexcelencia.org.br\\\/missao-ao-congo-da-continuidade-a-visita-de-campo-a-brasilia-em-abril\\\/#primaryimage\",\"url\":\"https:\\\/\\\/centrodeexcelencia.org.br\\\/wp-content\\\/uploads\\\/2023\\\/05\\\/SCA00920-scaled.jpg\",\"contentUrl\":\"https:\\\/\\\/centrodeexcelencia.org.br\\\/wp-content\\\/uploads\\\/2023\\\/05\\\/SCA00920-scaled.jpg\",\"width\":2560,\"height\":1707,\"caption\":\"Estudantes da escola prim\u00e1ria Yamba, apoiada pelo WFP, comendo uma refei\u00e7\u00e3o feita com ingredientes produzidos localmente. Foto: WFP\\\/DIGITS\"},{\"@type\":\"BreadcrumbList\",\"@id\":\"https:\\\/\\\/centrodeexcelencia.org.br\\\/missao-ao-congo-da-continuidade-a-visita-de-campo-a-brasilia-em-abril\\\/#breadcrumb\",\"itemListElement\":[{\"@type\":\"ListItem\",\"position\":1,\"name\":\"In\u00edcio\",\"item\":\"https:\\\/\\\/centrodeexcelencia.org.br\\\/\"},{\"@type\":\"ListItem\",\"position\":2,\"name\":\"Miss\u00e3o ao Congo d\u00e1 continuidade a visita de campo a Bras\u00edlia em abril\"}]},{\"@type\":\"WebSite\",\"@id\":\"https:\\\/\\\/centrodeexcelencia.org.br\\\/#website\",\"url\":\"https:\\\/\\\/centrodeexcelencia.org.br\\\/\",\"name\":\"WFP\",\"description\":\"Centre of Excellence against Hunger\",\"publisher\":{\"@id\":\"https:\\\/\\\/centrodeexcelencia.org.br\\\/#organization\"},\"potentialAction\":[{\"@type\":\"SearchAction\",\"target\":{\"@type\":\"EntryPoint\",\"urlTemplate\":\"https:\\\/\\\/centrodeexcelencia.org.br\\\/?s={search_term_string}\"},\"query-input\":{\"@type\":\"PropertyValueSpecification\",\"valueRequired\":true,\"valueName\":\"search_term_string\"}}],\"inLanguage\":\"en-US\"},{\"@type\":\"Organization\",\"@id\":\"https:\\\/\\\/centrodeexcelencia.org.br\\\/#organization\",\"name\":\"WFP\",\"url\":\"https:\\\/\\\/centrodeexcelencia.org.br\\\/\",\"logo\":{\"@type\":\"ImageObject\",\"inLanguage\":\"en-US\",\"@id\":\"https:\\\/\\\/centrodeexcelencia.org.br\\\/#\\\/schema\\\/logo\\\/image\\\/\",\"url\":\"https:\\\/\\\/centrodeexcelencia.org.br\\\/wp-content\\\/uploads\\\/2026\\\/01\\\/Sem-titulo-1_Prancheta-1-1.png\",\"contentUrl\":\"https:\\\/\\\/centrodeexcelencia.org.br\\\/wp-content\\\/uploads\\\/2026\\\/01\\\/Sem-titulo-1_Prancheta-1-1.png\",\"width\":259,\"height\":395,\"caption\":\"WFP\"},\"image\":{\"@id\":\"https:\\\/\\\/centrodeexcelencia.org.br\\\/#\\\/schema\\\/logo\\\/image\\\/\"}},{\"@type\":\"Person\",\"@id\":\"https:\\\/\\\/centrodeexcelencia.org.br\\\/#\\\/schema\\\/person\\\/08300f099291340999d9b1517a5bc2dc\",\"name\":\"Ana Mascarenhas\",\"image\":{\"@type\":\"ImageObject\",\"inLanguage\":\"en-US\",\"@id\":\"https:\\\/\\\/secure.gravatar.com\\\/avatar\\\/cab29c31195c1aa6966399e3d16eb9e38d5abe94a289113e78e4c519561d6131?s=96&d=mm&r=g\",\"url\":\"https:\\\/\\\/secure.gravatar.com\\\/avatar\\\/cab29c31195c1aa6966399e3d16eb9e38d5abe94a289113e78e4c519561d6131?s=96&d=mm&r=g\",\"contentUrl\":\"https:\\\/\\\/secure.gravatar.com\\\/avatar\\\/cab29c31195c1aa6966399e3d16eb9e38d5abe94a289113e78e4c519561d6131?s=96&d=mm&r=g\",\"caption\":\"Ana Mascarenhas\"},\"url\":\"https:\\\/\\\/centrodeexcelencia.org.br\\\/en\\\/author\\\/ana-mascarenhas\\\/\"}]}<\/script>\n<!-- \/ Yoast SEO plugin. -->","yoast_head_json":{"title":"Mission to Congo continues work started during visit to Bras\u00edlia in April - WFP","robots":{"index":"index","follow":"follow","max-snippet":"max-snippet:-1","max-image-preview":"max-image-preview:large","max-video-preview":"max-video-preview:-1"},"canonical":"https:\/\/centrodeexcelencia.org.br\/missao-ao-congo-da-continuidade-a-visita-de-campo-a-brasilia-em-abril\/","og_locale":"en_US","og_type":"article","og_title":"Mission to Congo continues work started during visit to Bras\u00edlia in April - WFP","og_description":"Between 10 and 14 April 2023, the World Food Programme&hellip;  Read more","og_url":"https:\/\/centrodeexcelencia.org.br\/missao-ao-congo-da-continuidade-a-visita-de-campo-a-brasilia-em-abril\/","og_site_name":"WFP","article_published_time":"2023-05-18T20:10:12+00:00","article_modified_time":"2024-10-10T21:59:35+00:00","og_image":[{"width":2560,"height":1707,"url":"https:\/\/centrodeexcelencia.org.br\/wp-content\/uploads\/2023\/05\/SCA00920-scaled.jpg","type":"image\/jpeg"}],"author":"Ana Mascarenhas","twitter_card":"summary_large_image","twitter_misc":{"Written by":"Ana Mascarenhas","Est. reading time":"3 minutes"},"schema":{"@context":"https:\/\/schema.org","@graph":[{"@type":"Article","@id":"https:\/\/centrodeexcelencia.org.br\/missao-ao-congo-da-continuidade-a-visita-de-campo-a-brasilia-em-abril\/#article","isPartOf":{"@id":"https:\/\/centrodeexcelencia.org.br\/missao-ao-congo-da-continuidade-a-visita-de-campo-a-brasilia-em-abril\/"},"author":{"name":"Ana Mascarenhas","@id":"https:\/\/centrodeexcelencia.org.br\/#\/schema\/person\/08300f099291340999d9b1517a5bc2dc"},"headline":"Mission to Congo continues work started during visit to Bras\u00edlia in April","datePublished":"2023-05-18T20:10:12+00:00","dateModified":"2024-10-10T21:59:35+00:00","mainEntityOfPage":{"@id":"https:\/\/centrodeexcelencia.org.br\/missao-ao-congo-da-continuidade-a-visita-de-campo-a-brasilia-em-abril\/"},"wordCount":690,"publisher":{"@id":"https:\/\/centrodeexcelencia.org.br\/#organization"},"image":{"@id":"https:\/\/centrodeexcelencia.org.br\/missao-ao-congo-da-continuidade-a-visita-de-campo-a-brasilia-em-abril\/#primaryimage"},"thumbnailUrl":"https:\/\/centrodeexcelencia.org.br\/wp-content\/uploads\/2023\/05\/SCA00920-scaled.jpg","articleSection":["Virtual Exchanges","News"],"inLanguage":"en-US"},{"@type":"WebPage","@id":"https:\/\/centrodeexcelencia.org.br\/missao-ao-congo-da-continuidade-a-visita-de-campo-a-brasilia-em-abril\/","url":"https:\/\/centrodeexcelencia.org.br\/missao-ao-congo-da-continuidade-a-visita-de-campo-a-brasilia-em-abril\/","name":"Mission to Congo continues work started during visit to Bras\u00edlia in April - WFP","isPartOf":{"@id":"https:\/\/centrodeexcelencia.org.br\/#website"},"primaryImageOfPage":{"@id":"https:\/\/centrodeexcelencia.org.br\/missao-ao-congo-da-continuidade-a-visita-de-campo-a-brasilia-em-abril\/#primaryimage"},"image":{"@id":"https:\/\/centrodeexcelencia.org.br\/missao-ao-congo-da-continuidade-a-visita-de-campo-a-brasilia-em-abril\/#primaryimage"},"thumbnailUrl":"https:\/\/centrodeexcelencia.org.br\/wp-content\/uploads\/2023\/05\/SCA00920-scaled.jpg","datePublished":"2023-05-18T20:10:12+00:00","dateModified":"2024-10-10T21:59:35+00:00","breadcrumb":{"@id":"https:\/\/centrodeexcelencia.org.br\/missao-ao-congo-da-continuidade-a-visita-de-campo-a-brasilia-em-abril\/#breadcrumb"},"inLanguage":"en-US","potentialAction":[{"@type":"ReadAction","target":["https:\/\/centrodeexcelencia.org.br\/missao-ao-congo-da-continuidade-a-visita-de-campo-a-brasilia-em-abril\/"]}]},{"@type":"ImageObject","inLanguage":"en-US","@id":"https:\/\/centrodeexcelencia.org.br\/missao-ao-congo-da-continuidade-a-visita-de-campo-a-brasilia-em-abril\/#primaryimage","url":"https:\/\/centrodeexcelencia.org.br\/wp-content\/uploads\/2023\/05\/SCA00920-scaled.jpg","contentUrl":"https:\/\/centrodeexcelencia.org.br\/wp-content\/uploads\/2023\/05\/SCA00920-scaled.jpg","width":2560,"height":1707,"caption":"Estudantes da escola prim\u00e1ria Yamba, apoiada pelo WFP, comendo uma refei\u00e7\u00e3o feita com ingredientes produzidos localmente. Foto: WFP\/DIGITS"},{"@type":"BreadcrumbList","@id":"https:\/\/centrodeexcelencia.org.br\/missao-ao-congo-da-continuidade-a-visita-de-campo-a-brasilia-em-abril\/#breadcrumb","itemListElement":[{"@type":"ListItem","position":1,"name":"In\u00edcio","item":"https:\/\/centrodeexcelencia.org.br\/"},{"@type":"ListItem","position":2,"name":"Miss\u00e3o ao Congo d\u00e1 continuidade a visita de campo a Bras\u00edlia em abril"}]},{"@type":"WebSite","@id":"https:\/\/centrodeexcelencia.org.br\/#website","url":"https:\/\/centrodeexcelencia.org.br\/","name":"WFP","description":"Centre of Excellence against Hunger","publisher":{"@id":"https:\/\/centrodeexcelencia.org.br\/#organization"},"potentialAction":[{"@type":"SearchAction","target":{"@type":"EntryPoint","urlTemplate":"https:\/\/centrodeexcelencia.org.br\/?s={search_term_string}"},"query-input":{"@type":"PropertyValueSpecification","valueRequired":true,"valueName":"search_term_string"}}],"inLanguage":"en-US"},{"@type":"Organization","@id":"https:\/\/centrodeexcelencia.org.br\/#organization","name":"WFP","url":"https:\/\/centrodeexcelencia.org.br\/","logo":{"@type":"ImageObject","inLanguage":"en-US","@id":"https:\/\/centrodeexcelencia.org.br\/#\/schema\/logo\/image\/","url":"https:\/\/centrodeexcelencia.org.br\/wp-content\/uploads\/2026\/01\/Sem-titulo-1_Prancheta-1-1.png","contentUrl":"https:\/\/centrodeexcelencia.org.br\/wp-content\/uploads\/2026\/01\/Sem-titulo-1_Prancheta-1-1.png","width":259,"height":395,"caption":"WFP"},"image":{"@id":"https:\/\/centrodeexcelencia.org.br\/#\/schema\/logo\/image\/"}},{"@type":"Person","@id":"https:\/\/centrodeexcelencia.org.br\/#\/schema\/person\/08300f099291340999d9b1517a5bc2dc","name":"Ana Mascarenhas","image":{"@type":"ImageObject","inLanguage":"en-US","@id":"https:\/\/secure.gravatar.com\/avatar\/cab29c31195c1aa6966399e3d16eb9e38d5abe94a289113e78e4c519561d6131?s=96&d=mm&r=g","url":"https:\/\/secure.gravatar.com\/avatar\/cab29c31195c1aa6966399e3d16eb9e38d5abe94a289113e78e4c519561d6131?s=96&d=mm&r=g","contentUrl":"https:\/\/secure.gravatar.com\/avatar\/cab29c31195c1aa6966399e3d16eb9e38d5abe94a289113e78e4c519561d6131?s=96&d=mm&r=g","caption":"Ana Mascarenhas"},"url":"https:\/\/centrodeexcelencia.org.br\/en\/author\/ana-mascarenhas\/"}]}},"_links":{"self":[{"href":"https:\/\/centrodeexcelencia.org.br\/en\/wp-json\/wp\/v2\/posts\/25985","targetHints":{"allow":["GET"]}}],"collection":[{"href":"https:\/\/centrodeexcelencia.org.br\/en\/wp-json\/wp\/v2\/posts"}],"about":[{"href":"https:\/\/centrodeexcelencia.org.br\/en\/wp-json\/wp\/v2\/types\/post"}],"author":[{"embeddable":true,"href":"https:\/\/centrodeexcelencia.org.br\/en\/wp-json\/wp\/v2\/users\/133"}],"replies":[{"embeddable":true,"href":"https:\/\/centrodeexcelencia.org.br\/en\/wp-json\/wp\/v2\/comments?post=25985"}],"version-history":[{"count":0,"href":"https:\/\/centrodeexcelencia.org.br\/en\/wp-json\/wp\/v2\/posts\/25985\/revisions"}],"wp:featuredmedia":[{"embeddable":true,"href":"https:\/\/centrodeexcelencia.org.br\/en\/wp-json\/wp\/v2\/media\/25986"}],"wp:attachment":[{"href":"https:\/\/centrodeexcelencia.org.br\/en\/wp-json\/wp\/v2\/media?parent=25985"}],"wp:term":[{"taxonomy":"category","embeddable":true,"href":"https:\/\/centrodeexcelencia.org.br\/en\/wp-json\/wp\/v2\/categories?post=25985"},{"taxonomy":"post_tag","embeddable":true,"href":"https:\/\/centrodeexcelencia.org.br\/en\/wp-json\/wp\/v2\/tags?post=25985"}],"curies":[{"name":"wp","href":"https:\/\/api.w.org\/{rel}","templated":true}]}}