{"id":26002,"date":"2023-05-24T12:20:12","date_gmt":"2023-05-24T15:20:12","guid":{"rendered":"https:\/\/centrodeexcelencia.org.br\/?p=26002"},"modified":"2024-10-10T18:59:34","modified_gmt":"2024-10-10T21:59:34","slug":"centro-de-excelencia-do-wfp-e-ministerio-do-desenvolvimento-discutem-fortalecimento-da-agricultura-familiar","status":"publish","type":"post","link":"https:\/\/centrodeexcelencia.org.br\/en\/centro-de-excelencia-do-wfp-e-ministerio-do-desenvolvimento-discutem-fortalecimento-da-agricultura-familiar\/","title":{"rendered":"WFP Centre of Excellence and Ministry of Agrarian Development discuss activities to strengthen family farming"},"content":{"rendered":"<p><figure id=\"attachment_26003\" aria-describedby=\"caption-attachment-26003\" style=\"width: 1024px\" class=\"wp-caption alignleft\"><img decoding=\"async\" class=\"size-full wp-image-26003\" src=\"https:\/\/centrodeexcelencia.org.br\/wp-content\/uploads\/2023\/05\/MDA.jpeg\" alt=\"Staff from the WFP Centre of Excellence and the Ministry of Agrarian Development attend a meeting in Brasilia. Photo: MDA. \" width=\"1024\" height=\"768\" srcset=\"https:\/\/centrodeexcelencia.org.br\/wp-content\/uploads\/2023\/05\/MDA.jpeg 1024w, https:\/\/centrodeexcelencia.org.br\/wp-content\/uploads\/2023\/05\/MDA-300x225.jpeg 300w, https:\/\/centrodeexcelencia.org.br\/wp-content\/uploads\/2023\/05\/MDA-768x576.jpeg 768w, https:\/\/centrodeexcelencia.org.br\/wp-content\/uploads\/2023\/05\/MDA-600x450.jpeg 600w\" sizes=\"(max-width: 1024px) 100vw, 1024px\" \/><figcaption id=\"caption-attachment-26003\" class=\"wp-caption-text\"><em>Staff from the WFP Centre of Excellence and the Ministry of Agrarian Development attend a meeting in Brasilia. Photo: MDA.<\/em><\/figcaption><\/figure><\/p>\n<p>On Tuesday, May 23, Daniel Balaban, Director of the WFP Centre of Excellence against Hunger in Brazil, accompanied by the technical project team, met with Fernanda Machiaveli, Executive \u00a0Secretary of the Ministry of Agrarian Development and Family Agriculture. During the meeting, the Director detailed WFP&#8217;s work in the world, especially in the area of food logistics, and presented the activities of the Centre of Excellence against Hunger, which has among its aims the strengthening of family farming.<\/p>\n<p>&#8220;It was an excellent opportunity to identify the common goals and concrete opportunities for cooperation, especially in the modernization and support of family farming in the world, inspired by the Brazilian experience,&#8221; said Daniel Balaban. Among the projects presented is the <a href=\"https:\/\/centrodeexcelencia.org.br\/alem-do-algodao\/\">Beyond Cotton<\/a> project, which aims to support small cotton farmers in the production of intercropped food.<\/p>\n<p>During the meeting, the technical team of the Centre of Excellence also presented details about the mechanisms used by WFP to purchase food for distribution in emergency operations and in school feeding programmes it operates in countries in Africa, Asia and Latin America. This is a topic that is also being discussed with the Brazilian National Supply Company (CONAB, in Portuguese), which plans to support Brazilian family farmers \u00a0\u2013 through training and other actions \u2013 so that they can participate in global competitive procurement processes launched by WFP.<\/p>\n<p>In addition, the teams from the Centre of Excellence and the Ministry also discussed strategies for tracing the origin of food purchased from family farming and the development of simple \u00a0technologies to improve farmers\u2019 lives. Among the examples are solutions for planting, preparing the soil and <a href=\"https:\/\/centrodeexcelencia.org.br\/cisternas-tecnologia-brasileira-mudando-vidas-na-tanzania\/\">store water (cisterns)<\/a>, solutions that are being presented by the Centre of Excellence and its partners to the countries participating in the Beyond Cotton project in Africa. The project is a joint initiative of the WFP Centre of Excellence, the Brazilian Cooperation Agency and the Brazilian Cotton Institute. Learn more about the Beyond Cotton project <a href=\"https:\/\/centrodeexcelencia.org.br\/alem-do-algodao\/\">here<\/a>.<\/p>","protected":false},"excerpt":{"rendered":"<p>On Tuesday, May 23, Daniel Balaban, Director of the WFP&hellip;<\/p>\n<p> <a class=\"more-link\" href=\"https:\/\/centrodeexcelencia.org.br\/en\/centro-de-excelencia-do-wfp-e-ministerio-do-desenvolvimento-discutem-fortalecimento-da-agricultura-familiar\/\">Read more<\/a><\/p>\n","protected":false},"author":133,"featured_media":26003,"comment_status":"closed","ping_status":"open","sticky":false,"template":"","format":"standard","meta":{"_monsterinsights_skip_tracking":false,"_monsterinsights_sitenote_active":false,"_monsterinsights_sitenote_note":"","_monsterinsights_sitenote_category":0,"footnotes":""},"categories":[193,188,187],"tags":[],"class_list":{"0":"post-26002","1":"post","2":"type-post","3":"status-publish","4":"format-standard","5":"has-post-thumbnail","7":"category-eventos","8":"category-geral-noticias","9":"category-noticias"},"yoast_head":"<!-- This site is optimized with the Yoast SEO plugin v27.3 - https:\/\/yoast.com\/product\/yoast-seo-wordpress\/ -->\n<title>WFP Centre of Excellence and Ministry of Agrarian Development discuss activities to strengthen family farming - WFP<\/title>\n<meta name=\"robots\" content=\"index, follow, max-snippet:-1, max-image-preview:large, max-video-preview:-1\" \/>\n<link rel=\"canonical\" href=\"https:\/\/centrodeexcelencia.org.br\/centro-de-excelencia-do-wfp-e-ministerio-do-desenvolvimento-discutem-fortalecimento-da-agricultura-familiar\/\" \/>\n<meta property=\"og:locale\" content=\"en_US\" \/>\n<meta property=\"og:type\" content=\"article\" \/>\n<meta property=\"og:title\" content=\"WFP Centre of Excellence and Ministry of Agrarian Development discuss activities to strengthen family farming - WFP\" \/>\n<meta property=\"og:description\" content=\"On Tuesday, May 23, Daniel Balaban, Director of the WFP&hellip;  Read more\" \/>\n<meta property=\"og:url\" content=\"https:\/\/centrodeexcelencia.org.br\/centro-de-excelencia-do-wfp-e-ministerio-do-desenvolvimento-discutem-fortalecimento-da-agricultura-familiar\/\" \/>\n<meta property=\"og:site_name\" content=\"WFP\" \/>\n<meta property=\"article:published_time\" content=\"2023-05-24T15:20:12+00:00\" \/>\n<meta property=\"article:modified_time\" content=\"2024-10-10T21:59:34+00:00\" \/>\n<meta property=\"og:image\" content=\"https:\/\/centrodeexcelencia.org.br\/wp-content\/uploads\/2023\/05\/MDA.jpeg\" \/>\n\t<meta property=\"og:image:width\" content=\"1024\" \/>\n\t<meta property=\"og:image:height\" content=\"768\" \/>\n\t<meta property=\"og:image:type\" content=\"image\/jpeg\" \/>\n<meta name=\"author\" content=\"Ana Mascarenhas\" \/>\n<meta name=\"twitter:card\" content=\"summary_large_image\" \/>\n<meta name=\"twitter:label1\" content=\"Written by\" \/>\n\t<meta name=\"twitter:data1\" content=\"Ana Mascarenhas\" \/>\n\t<meta name=\"twitter:label2\" content=\"Est. reading time\" \/>\n\t<meta name=\"twitter:data2\" content=\"3 minutes\" \/>\n<script type=\"application\/ld+json\" class=\"yoast-schema-graph\">{\"@context\":\"https:\\\/\\\/schema.org\",\"@graph\":[{\"@type\":\"Article\",\"@id\":\"https:\\\/\\\/centrodeexcelencia.org.br\\\/centro-de-excelencia-do-wfp-e-ministerio-do-desenvolvimento-discutem-fortalecimento-da-agricultura-familiar\\\/#article\",\"isPartOf\":{\"@id\":\"https:\\\/\\\/centrodeexcelencia.org.br\\\/centro-de-excelencia-do-wfp-e-ministerio-do-desenvolvimento-discutem-fortalecimento-da-agricultura-familiar\\\/\"},\"author\":{\"name\":\"Ana Mascarenhas\",\"@id\":\"https:\\\/\\\/centrodeexcelencia.org.br\\\/#\\\/schema\\\/person\\\/08300f099291340999d9b1517a5bc2dc\"},\"headline\":\"WFP Centre of Excellence and Ministry of Agrarian Development discuss activities to strengthen family farming\",\"datePublished\":\"2023-05-24T15:20:12+00:00\",\"dateModified\":\"2024-10-10T21:59:34+00:00\",\"mainEntityOfPage\":{\"@id\":\"https:\\\/\\\/centrodeexcelencia.org.br\\\/centro-de-excelencia-do-wfp-e-ministerio-do-desenvolvimento-discutem-fortalecimento-da-agricultura-familiar\\\/\"},\"wordCount\":796,\"publisher\":{\"@id\":\"https:\\\/\\\/centrodeexcelencia.org.br\\\/#organization\"},\"image\":{\"@id\":\"https:\\\/\\\/centrodeexcelencia.org.br\\\/centro-de-excelencia-do-wfp-e-ministerio-do-desenvolvimento-discutem-fortalecimento-da-agricultura-familiar\\\/#primaryimage\"},\"thumbnailUrl\":\"https:\\\/\\\/centrodeexcelencia.org.br\\\/wp-content\\\/uploads\\\/2023\\\/05\\\/MDA.jpeg\",\"articleSection\":[\"Events\",\"General\",\"News\"],\"inLanguage\":\"en-US\"},{\"@type\":\"WebPage\",\"@id\":\"https:\\\/\\\/centrodeexcelencia.org.br\\\/centro-de-excelencia-do-wfp-e-ministerio-do-desenvolvimento-discutem-fortalecimento-da-agricultura-familiar\\\/\",\"url\":\"https:\\\/\\\/centrodeexcelencia.org.br\\\/centro-de-excelencia-do-wfp-e-ministerio-do-desenvolvimento-discutem-fortalecimento-da-agricultura-familiar\\\/\",\"name\":\"WFP Centre of Excellence and Ministry of Agrarian Development discuss activities to strengthen family farming - WFP\",\"isPartOf\":{\"@id\":\"https:\\\/\\\/centrodeexcelencia.org.br\\\/#website\"},\"primaryImageOfPage\":{\"@id\":\"https:\\\/\\\/centrodeexcelencia.org.br\\\/centro-de-excelencia-do-wfp-e-ministerio-do-desenvolvimento-discutem-fortalecimento-da-agricultura-familiar\\\/#primaryimage\"},\"image\":{\"@id\":\"https:\\\/\\\/centrodeexcelencia.org.br\\\/centro-de-excelencia-do-wfp-e-ministerio-do-desenvolvimento-discutem-fortalecimento-da-agricultura-familiar\\\/#primaryimage\"},\"thumbnailUrl\":\"https:\\\/\\\/centrodeexcelencia.org.br\\\/wp-content\\\/uploads\\\/2023\\\/05\\\/MDA.jpeg\",\"datePublished\":\"2023-05-24T15:20:12+00:00\",\"dateModified\":\"2024-10-10T21:59:34+00:00\",\"breadcrumb\":{\"@id\":\"https:\\\/\\\/centrodeexcelencia.org.br\\\/centro-de-excelencia-do-wfp-e-ministerio-do-desenvolvimento-discutem-fortalecimento-da-agricultura-familiar\\\/#breadcrumb\"},\"inLanguage\":\"en-US\",\"potentialAction\":[{\"@type\":\"ReadAction\",\"target\":[\"https:\\\/\\\/centrodeexcelencia.org.br\\\/centro-de-excelencia-do-wfp-e-ministerio-do-desenvolvimento-discutem-fortalecimento-da-agricultura-familiar\\\/\"]}]},{\"@type\":\"ImageObject\",\"inLanguage\":\"en-US\",\"@id\":\"https:\\\/\\\/centrodeexcelencia.org.br\\\/centro-de-excelencia-do-wfp-e-ministerio-do-desenvolvimento-discutem-fortalecimento-da-agricultura-familiar\\\/#primaryimage\",\"url\":\"https:\\\/\\\/centrodeexcelencia.org.br\\\/wp-content\\\/uploads\\\/2023\\\/05\\\/MDA.jpeg\",\"contentUrl\":\"https:\\\/\\\/centrodeexcelencia.org.br\\\/wp-content\\\/uploads\\\/2023\\\/05\\\/MDA.jpeg\",\"width\":1024,\"height\":768,\"caption\":\"Staff from the WFP Centre of Excellence and the Ministry of Agrarian Development attend a meeting in Brasilia. Photo: MDA.\"},{\"@type\":\"BreadcrumbList\",\"@id\":\"https:\\\/\\\/centrodeexcelencia.org.br\\\/centro-de-excelencia-do-wfp-e-ministerio-do-desenvolvimento-discutem-fortalecimento-da-agricultura-familiar\\\/#breadcrumb\",\"itemListElement\":[{\"@type\":\"ListItem\",\"position\":1,\"name\":\"In\u00edcio\",\"item\":\"https:\\\/\\\/centrodeexcelencia.org.br\\\/\"},{\"@type\":\"ListItem\",\"position\":2,\"name\":\"Centro de Excel\u00eancia do WFP e Minist\u00e9rio do Desenvolvimento Agr\u00e1rio discutem fortalecimento da agricultura familiar\"}]},{\"@type\":\"WebSite\",\"@id\":\"https:\\\/\\\/centrodeexcelencia.org.br\\\/#website\",\"url\":\"https:\\\/\\\/centrodeexcelencia.org.br\\\/\",\"name\":\"WFP\",\"description\":\"Centre of Excellence against Hunger\",\"publisher\":{\"@id\":\"https:\\\/\\\/centrodeexcelencia.org.br\\\/#organization\"},\"potentialAction\":[{\"@type\":\"SearchAction\",\"target\":{\"@type\":\"EntryPoint\",\"urlTemplate\":\"https:\\\/\\\/centrodeexcelencia.org.br\\\/?s={search_term_string}\"},\"query-input\":{\"@type\":\"PropertyValueSpecification\",\"valueRequired\":true,\"valueName\":\"search_term_string\"}}],\"inLanguage\":\"en-US\"},{\"@type\":\"Organization\",\"@id\":\"https:\\\/\\\/centrodeexcelencia.org.br\\\/#organization\",\"name\":\"WFP\",\"url\":\"https:\\\/\\\/centrodeexcelencia.org.br\\\/\",\"logo\":{\"@type\":\"ImageObject\",\"inLanguage\":\"en-US\",\"@id\":\"https:\\\/\\\/centrodeexcelencia.org.br\\\/#\\\/schema\\\/logo\\\/image\\\/\",\"url\":\"https:\\\/\\\/centrodeexcelencia.org.br\\\/wp-content\\\/uploads\\\/2026\\\/01\\\/Sem-titulo-1_Prancheta-1-1.png\",\"contentUrl\":\"https:\\\/\\\/centrodeexcelencia.org.br\\\/wp-content\\\/uploads\\\/2026\\\/01\\\/Sem-titulo-1_Prancheta-1-1.png\",\"width\":259,\"height\":395,\"caption\":\"WFP\"},\"image\":{\"@id\":\"https:\\\/\\\/centrodeexcelencia.org.br\\\/#\\\/schema\\\/logo\\\/image\\\/\"}},{\"@type\":\"Person\",\"@id\":\"https:\\\/\\\/centrodeexcelencia.org.br\\\/#\\\/schema\\\/person\\\/08300f099291340999d9b1517a5bc2dc\",\"name\":\"Ana Mascarenhas\",\"image\":{\"@type\":\"ImageObject\",\"inLanguage\":\"en-US\",\"@id\":\"https:\\\/\\\/secure.gravatar.com\\\/avatar\\\/cab29c31195c1aa6966399e3d16eb9e38d5abe94a289113e78e4c519561d6131?s=96&d=mm&r=g\",\"url\":\"https:\\\/\\\/secure.gravatar.com\\\/avatar\\\/cab29c31195c1aa6966399e3d16eb9e38d5abe94a289113e78e4c519561d6131?s=96&d=mm&r=g\",\"contentUrl\":\"https:\\\/\\\/secure.gravatar.com\\\/avatar\\\/cab29c31195c1aa6966399e3d16eb9e38d5abe94a289113e78e4c519561d6131?s=96&d=mm&r=g\",\"caption\":\"Ana Mascarenhas\"},\"url\":\"https:\\\/\\\/centrodeexcelencia.org.br\\\/en\\\/author\\\/ana-mascarenhas\\\/\"}]}<\/script>\n<!-- \/ Yoast SEO plugin. -->","yoast_head_json":{"title":"WFP Centre of Excellence and Ministry of Agrarian Development discuss activities to strengthen family farming - WFP","robots":{"index":"index","follow":"follow","max-snippet":"max-snippet:-1","max-image-preview":"max-image-preview:large","max-video-preview":"max-video-preview:-1"},"canonical":"https:\/\/centrodeexcelencia.org.br\/centro-de-excelencia-do-wfp-e-ministerio-do-desenvolvimento-discutem-fortalecimento-da-agricultura-familiar\/","og_locale":"en_US","og_type":"article","og_title":"WFP Centre of Excellence and Ministry of Agrarian Development discuss activities to strengthen family farming - WFP","og_description":"On Tuesday, May 23, Daniel Balaban, Director of the WFP&hellip;  Read more","og_url":"https:\/\/centrodeexcelencia.org.br\/centro-de-excelencia-do-wfp-e-ministerio-do-desenvolvimento-discutem-fortalecimento-da-agricultura-familiar\/","og_site_name":"WFP","article_published_time":"2023-05-24T15:20:12+00:00","article_modified_time":"2024-10-10T21:59:34+00:00","og_image":[{"width":1024,"height":768,"url":"https:\/\/centrodeexcelencia.org.br\/wp-content\/uploads\/2023\/05\/MDA.jpeg","type":"image\/jpeg"}],"author":"Ana Mascarenhas","twitter_card":"summary_large_image","twitter_misc":{"Written by":"Ana Mascarenhas","Est. reading time":"3 minutes"},"schema":{"@context":"https:\/\/schema.org","@graph":[{"@type":"Article","@id":"https:\/\/centrodeexcelencia.org.br\/centro-de-excelencia-do-wfp-e-ministerio-do-desenvolvimento-discutem-fortalecimento-da-agricultura-familiar\/#article","isPartOf":{"@id":"https:\/\/centrodeexcelencia.org.br\/centro-de-excelencia-do-wfp-e-ministerio-do-desenvolvimento-discutem-fortalecimento-da-agricultura-familiar\/"},"author":{"name":"Ana Mascarenhas","@id":"https:\/\/centrodeexcelencia.org.br\/#\/schema\/person\/08300f099291340999d9b1517a5bc2dc"},"headline":"WFP Centre of Excellence and Ministry of Agrarian Development discuss activities to strengthen family farming","datePublished":"2023-05-24T15:20:12+00:00","dateModified":"2024-10-10T21:59:34+00:00","mainEntityOfPage":{"@id":"https:\/\/centrodeexcelencia.org.br\/centro-de-excelencia-do-wfp-e-ministerio-do-desenvolvimento-discutem-fortalecimento-da-agricultura-familiar\/"},"wordCount":796,"publisher":{"@id":"https:\/\/centrodeexcelencia.org.br\/#organization"},"image":{"@id":"https:\/\/centrodeexcelencia.org.br\/centro-de-excelencia-do-wfp-e-ministerio-do-desenvolvimento-discutem-fortalecimento-da-agricultura-familiar\/#primaryimage"},"thumbnailUrl":"https:\/\/centrodeexcelencia.org.br\/wp-content\/uploads\/2023\/05\/MDA.jpeg","articleSection":["Events","General","News"],"inLanguage":"en-US"},{"@type":"WebPage","@id":"https:\/\/centrodeexcelencia.org.br\/centro-de-excelencia-do-wfp-e-ministerio-do-desenvolvimento-discutem-fortalecimento-da-agricultura-familiar\/","url":"https:\/\/centrodeexcelencia.org.br\/centro-de-excelencia-do-wfp-e-ministerio-do-desenvolvimento-discutem-fortalecimento-da-agricultura-familiar\/","name":"WFP Centre of Excellence and Ministry of Agrarian Development discuss activities to strengthen family farming - WFP","isPartOf":{"@id":"https:\/\/centrodeexcelencia.org.br\/#website"},"primaryImageOfPage":{"@id":"https:\/\/centrodeexcelencia.org.br\/centro-de-excelencia-do-wfp-e-ministerio-do-desenvolvimento-discutem-fortalecimento-da-agricultura-familiar\/#primaryimage"},"image":{"@id":"https:\/\/centrodeexcelencia.org.br\/centro-de-excelencia-do-wfp-e-ministerio-do-desenvolvimento-discutem-fortalecimento-da-agricultura-familiar\/#primaryimage"},"thumbnailUrl":"https:\/\/centrodeexcelencia.org.br\/wp-content\/uploads\/2023\/05\/MDA.jpeg","datePublished":"2023-05-24T15:20:12+00:00","dateModified":"2024-10-10T21:59:34+00:00","breadcrumb":{"@id":"https:\/\/centrodeexcelencia.org.br\/centro-de-excelencia-do-wfp-e-ministerio-do-desenvolvimento-discutem-fortalecimento-da-agricultura-familiar\/#breadcrumb"},"inLanguage":"en-US","potentialAction":[{"@type":"ReadAction","target":["https:\/\/centrodeexcelencia.org.br\/centro-de-excelencia-do-wfp-e-ministerio-do-desenvolvimento-discutem-fortalecimento-da-agricultura-familiar\/"]}]},{"@type":"ImageObject","inLanguage":"en-US","@id":"https:\/\/centrodeexcelencia.org.br\/centro-de-excelencia-do-wfp-e-ministerio-do-desenvolvimento-discutem-fortalecimento-da-agricultura-familiar\/#primaryimage","url":"https:\/\/centrodeexcelencia.org.br\/wp-content\/uploads\/2023\/05\/MDA.jpeg","contentUrl":"https:\/\/centrodeexcelencia.org.br\/wp-content\/uploads\/2023\/05\/MDA.jpeg","width":1024,"height":768,"caption":"Staff from the WFP Centre of Excellence and the Ministry of Agrarian Development attend a meeting in Brasilia. Photo: MDA."},{"@type":"BreadcrumbList","@id":"https:\/\/centrodeexcelencia.org.br\/centro-de-excelencia-do-wfp-e-ministerio-do-desenvolvimento-discutem-fortalecimento-da-agricultura-familiar\/#breadcrumb","itemListElement":[{"@type":"ListItem","position":1,"name":"In\u00edcio","item":"https:\/\/centrodeexcelencia.org.br\/"},{"@type":"ListItem","position":2,"name":"Centro de Excel\u00eancia do WFP e Minist\u00e9rio do Desenvolvimento Agr\u00e1rio discutem fortalecimento da agricultura familiar"}]},{"@type":"WebSite","@id":"https:\/\/centrodeexcelencia.org.br\/#website","url":"https:\/\/centrodeexcelencia.org.br\/","name":"WFP","description":"Centre of Excellence against Hunger","publisher":{"@id":"https:\/\/centrodeexcelencia.org.br\/#organization"},"potentialAction":[{"@type":"SearchAction","target":{"@type":"EntryPoint","urlTemplate":"https:\/\/centrodeexcelencia.org.br\/?s={search_term_string}"},"query-input":{"@type":"PropertyValueSpecification","valueRequired":true,"valueName":"search_term_string"}}],"inLanguage":"en-US"},{"@type":"Organization","@id":"https:\/\/centrodeexcelencia.org.br\/#organization","name":"WFP","url":"https:\/\/centrodeexcelencia.org.br\/","logo":{"@type":"ImageObject","inLanguage":"en-US","@id":"https:\/\/centrodeexcelencia.org.br\/#\/schema\/logo\/image\/","url":"https:\/\/centrodeexcelencia.org.br\/wp-content\/uploads\/2026\/01\/Sem-titulo-1_Prancheta-1-1.png","contentUrl":"https:\/\/centrodeexcelencia.org.br\/wp-content\/uploads\/2026\/01\/Sem-titulo-1_Prancheta-1-1.png","width":259,"height":395,"caption":"WFP"},"image":{"@id":"https:\/\/centrodeexcelencia.org.br\/#\/schema\/logo\/image\/"}},{"@type":"Person","@id":"https:\/\/centrodeexcelencia.org.br\/#\/schema\/person\/08300f099291340999d9b1517a5bc2dc","name":"Ana Mascarenhas","image":{"@type":"ImageObject","inLanguage":"en-US","@id":"https:\/\/secure.gravatar.com\/avatar\/cab29c31195c1aa6966399e3d16eb9e38d5abe94a289113e78e4c519561d6131?s=96&d=mm&r=g","url":"https:\/\/secure.gravatar.com\/avatar\/cab29c31195c1aa6966399e3d16eb9e38d5abe94a289113e78e4c519561d6131?s=96&d=mm&r=g","contentUrl":"https:\/\/secure.gravatar.com\/avatar\/cab29c31195c1aa6966399e3d16eb9e38d5abe94a289113e78e4c519561d6131?s=96&d=mm&r=g","caption":"Ana Mascarenhas"},"url":"https:\/\/centrodeexcelencia.org.br\/en\/author\/ana-mascarenhas\/"}]}},"_links":{"self":[{"href":"https:\/\/centrodeexcelencia.org.br\/en\/wp-json\/wp\/v2\/posts\/26002","targetHints":{"allow":["GET"]}}],"collection":[{"href":"https:\/\/centrodeexcelencia.org.br\/en\/wp-json\/wp\/v2\/posts"}],"about":[{"href":"https:\/\/centrodeexcelencia.org.br\/en\/wp-json\/wp\/v2\/types\/post"}],"author":[{"embeddable":true,"href":"https:\/\/centrodeexcelencia.org.br\/en\/wp-json\/wp\/v2\/users\/133"}],"replies":[{"embeddable":true,"href":"https:\/\/centrodeexcelencia.org.br\/en\/wp-json\/wp\/v2\/comments?post=26002"}],"version-history":[{"count":0,"href":"https:\/\/centrodeexcelencia.org.br\/en\/wp-json\/wp\/v2\/posts\/26002\/revisions"}],"wp:featuredmedia":[{"embeddable":true,"href":"https:\/\/centrodeexcelencia.org.br\/en\/wp-json\/wp\/v2\/media\/26003"}],"wp:attachment":[{"href":"https:\/\/centrodeexcelencia.org.br\/en\/wp-json\/wp\/v2\/media?parent=26002"}],"wp:term":[{"taxonomy":"category","embeddable":true,"href":"https:\/\/centrodeexcelencia.org.br\/en\/wp-json\/wp\/v2\/categories?post=26002"},{"taxonomy":"post_tag","embeddable":true,"href":"https:\/\/centrodeexcelencia.org.br\/en\/wp-json\/wp\/v2\/tags?post=26002"}],"curies":[{"name":"wp","href":"https:\/\/api.w.org\/{rel}","templated":true}]}}