{"id":26176,"date":"2023-08-18T10:18:54","date_gmt":"2023-08-18T13:18:54","guid":{"rendered":"https:\/\/centrodeexcelencia.org.br\/?p=26176"},"modified":"2024-10-10T18:59:29","modified_gmt":"2024-10-10T21:59:29","slug":"centro-de-excelencia-participa-do-primeiro-encontro-de-sustentabilidade-promovido-pelo-ministerio-das-comunicacoes","status":"publish","type":"post","link":"https:\/\/centrodeexcelencia.org.br\/en\/centro-de-excelencia-participa-do-primeiro-encontro-de-sustentabilidade-promovido-pelo-ministerio-das-comunicacoes\/","title":{"rendered":"Centre of Excellence participates in the first sustainability meeting promoted by the Ministry of Communications"},"content":{"rendered":"<p><figure id=\"attachment_26178\" aria-describedby=\"caption-attachment-26178\" style=\"width: 768px\" class=\"wp-caption alignleft\"><img fetchpriority=\"high\" decoding=\"async\" class=\"size-full wp-image-26178\" src=\"https:\/\/centrodeexcelencia.org.br\/wp-content\/uploads\/2023\/08\/494022f1-f95a-402f-b3de-3009a83f3f15.jpeg\" alt=\"\" width=\"768\" height=\"398\" srcset=\"https:\/\/centrodeexcelencia.org.br\/wp-content\/uploads\/2023\/08\/494022f1-f95a-402f-b3de-3009a83f3f15.jpeg 768w, https:\/\/centrodeexcelencia.org.br\/wp-content\/uploads\/2023\/08\/494022f1-f95a-402f-b3de-3009a83f3f15-300x155.jpeg 300w, https:\/\/centrodeexcelencia.org.br\/wp-content\/uploads\/2023\/08\/494022f1-f95a-402f-b3de-3009a83f3f15-600x311.jpeg 600w\" sizes=\"(max-width: 768px) 100vw, 768px\" \/><figcaption id=\"caption-attachment-26178\" class=\"wp-caption-text\"><em>Sustainability in education and business was discussed at ESG MCom 2023 &#8211; Photo: Pablo Le Roy\/MCom<\/em><\/figcaption><\/figure><\/p>\n<p>On 18 August, the World Food Programme (WFP) Centre of Excellence against Hunger was present at the 1<sup>st<\/sup> Sustainability Meeting, a pioneering event organised by the Ministry of Communications in collaboration with ANATEL, Correios and Telebr\u00e1s. During the event, experts came together to explore sustainability in various dimensions, with an emphasis on the acronym ESG, representing environment, social and governance.<\/p>\n<p>During the panel &#8220;ESG as Protection and Value Generation&#8221;, the director of the Centre of Excellence, Daniel Balaban, highlighted the essential connection between social inclusion and sustainability. He emphasised the need to tackle inequality in order to achieve a sustainable future, pointing to Brazil&#8217;s long history as one of the most unequal countries in the world.<\/p>\n<p>&#8220;There is no sustainability as long as we have great inequality. We must work on reducing social inequalities,&#8221; Balaban said. He also emphasised the role of the WFP and the Centre of Excellence in South-South cooperation, enabling African nations to develop public policies that combat food insecurity and hunger in the long term. In this context, it was proposed that Northern hemisphere nations extend support to Southern countries, which still maintain valuable natural ecosystems.<\/p>\n<p>The former Minister of Education and current director of the Centre for the Development of Public Management and Educational Policies at the Get\u00falio Vargas Foundation (FGV), Henrique Paim, shared reflections on the link between inequality and sustainability in the educational sphere. He illustrated two crucial challenges generated by inequality in Brazilian public education, highlighting the importance of efficient governance and management. &#8220;The public policies that are designed needed to have a fundamental concern for sustainability, both environmental and social,&#8221; said Paim.<\/p>\n<p>The panel also included contributions from Carlos Loureiro, director of Diligent Corporation, and Elisa Vieira Leonel, Secretary for the Coordination of State-Owned Companies. The full dialogue can be watched <a href=\"https:\/\/www.youtube.com\/watch?v=PiF0XTeLRXg\">here.<\/a><\/p>","protected":false},"excerpt":{"rendered":"<p>On 18 August, the World Food Programme (WFP) Centre of&hellip;<\/p>\n<p> <a class=\"more-link\" href=\"https:\/\/centrodeexcelencia.org.br\/en\/centro-de-excelencia-participa-do-primeiro-encontro-de-sustentabilidade-promovido-pelo-ministerio-das-comunicacoes\/\">Read more<\/a><\/p>\n","protected":false},"author":133,"featured_media":26178,"comment_status":"closed","ping_status":"open","sticky":false,"template":"","format":"standard","meta":{"_monsterinsights_skip_tracking":false,"_monsterinsights_sitenote_active":false,"_monsterinsights_sitenote_note":"","_monsterinsights_sitenote_category":0,"footnotes":""},"categories":[193,188,187],"tags":[],"class_list":{"0":"post-26176","1":"post","2":"type-post","3":"status-publish","4":"format-standard","5":"has-post-thumbnail","7":"category-eventos","8":"category-geral-noticias","9":"category-noticias"},"yoast_head":"<!-- This site is optimized with the Yoast SEO plugin v27.3 - https:\/\/yoast.com\/product\/yoast-seo-wordpress\/ -->\n<title>Centre of Excellence participates in the first sustainability meeting promoted by the Ministry of Communications - WFP<\/title>\n<meta name=\"robots\" content=\"index, follow, max-snippet:-1, max-image-preview:large, max-video-preview:-1\" \/>\n<link rel=\"canonical\" href=\"https:\/\/centrodeexcelencia.org.br\/centro-de-excelencia-participa-do-primeiro-encontro-de-sustentabilidade-promovido-pelo-ministerio-das-comunicacoes\/\" \/>\n<meta property=\"og:locale\" content=\"en_US\" \/>\n<meta property=\"og:type\" content=\"article\" \/>\n<meta property=\"og:title\" content=\"Centre of Excellence participates in the first sustainability meeting promoted by the Ministry of Communications - WFP\" \/>\n<meta property=\"og:description\" content=\"On 18 August, the World Food Programme (WFP) Centre of&hellip;  Read more\" \/>\n<meta property=\"og:url\" content=\"https:\/\/centrodeexcelencia.org.br\/centro-de-excelencia-participa-do-primeiro-encontro-de-sustentabilidade-promovido-pelo-ministerio-das-comunicacoes\/\" \/>\n<meta property=\"og:site_name\" content=\"WFP\" \/>\n<meta property=\"article:published_time\" content=\"2023-08-18T13:18:54+00:00\" \/>\n<meta property=\"article:modified_time\" content=\"2024-10-10T21:59:29+00:00\" \/>\n<meta property=\"og:image\" content=\"https:\/\/centrodeexcelencia.org.br\/wp-content\/uploads\/2023\/08\/494022f1-f95a-402f-b3de-3009a83f3f15.jpeg\" \/>\n\t<meta property=\"og:image:width\" content=\"768\" \/>\n\t<meta property=\"og:image:height\" content=\"398\" \/>\n\t<meta property=\"og:image:type\" content=\"image\/jpeg\" \/>\n<meta name=\"author\" content=\"Ana Mascarenhas\" \/>\n<meta name=\"twitter:card\" content=\"summary_large_image\" \/>\n<meta name=\"twitter:label1\" content=\"Written by\" \/>\n\t<meta name=\"twitter:data1\" content=\"Ana Mascarenhas\" \/>\n\t<meta name=\"twitter:label2\" content=\"Est. reading time\" \/>\n\t<meta name=\"twitter:data2\" content=\"2 minutes\" \/>\n<script type=\"application\/ld+json\" class=\"yoast-schema-graph\">{\"@context\":\"https:\\\/\\\/schema.org\",\"@graph\":[{\"@type\":\"Article\",\"@id\":\"https:\\\/\\\/centrodeexcelencia.org.br\\\/centro-de-excelencia-participa-do-primeiro-encontro-de-sustentabilidade-promovido-pelo-ministerio-das-comunicacoes\\\/#article\",\"isPartOf\":{\"@id\":\"https:\\\/\\\/centrodeexcelencia.org.br\\\/centro-de-excelencia-participa-do-primeiro-encontro-de-sustentabilidade-promovido-pelo-ministerio-das-comunicacoes\\\/\"},\"author\":{\"name\":\"Ana Mascarenhas\",\"@id\":\"https:\\\/\\\/centrodeexcelencia.org.br\\\/#\\\/schema\\\/person\\\/08300f099291340999d9b1517a5bc2dc\"},\"headline\":\"Centre of Excellence participates in the first sustainability meeting promoted by the Ministry of Communications\",\"datePublished\":\"2023-08-18T13:18:54+00:00\",\"dateModified\":\"2024-10-10T21:59:29+00:00\",\"mainEntityOfPage\":{\"@id\":\"https:\\\/\\\/centrodeexcelencia.org.br\\\/centro-de-excelencia-participa-do-primeiro-encontro-de-sustentabilidade-promovido-pelo-ministerio-das-comunicacoes\\\/\"},\"wordCount\":744,\"publisher\":{\"@id\":\"https:\\\/\\\/centrodeexcelencia.org.br\\\/#organization\"},\"image\":{\"@id\":\"https:\\\/\\\/centrodeexcelencia.org.br\\\/centro-de-excelencia-participa-do-primeiro-encontro-de-sustentabilidade-promovido-pelo-ministerio-das-comunicacoes\\\/#primaryimage\"},\"thumbnailUrl\":\"https:\\\/\\\/centrodeexcelencia.org.br\\\/wp-content\\\/uploads\\\/2023\\\/08\\\/494022f1-f95a-402f-b3de-3009a83f3f15.jpeg\",\"articleSection\":[\"Events\",\"General\",\"News\"],\"inLanguage\":\"en-US\"},{\"@type\":\"WebPage\",\"@id\":\"https:\\\/\\\/centrodeexcelencia.org.br\\\/centro-de-excelencia-participa-do-primeiro-encontro-de-sustentabilidade-promovido-pelo-ministerio-das-comunicacoes\\\/\",\"url\":\"https:\\\/\\\/centrodeexcelencia.org.br\\\/centro-de-excelencia-participa-do-primeiro-encontro-de-sustentabilidade-promovido-pelo-ministerio-das-comunicacoes\\\/\",\"name\":\"Centre of Excellence participates in the first sustainability meeting promoted by the Ministry of Communications - WFP\",\"isPartOf\":{\"@id\":\"https:\\\/\\\/centrodeexcelencia.org.br\\\/#website\"},\"primaryImageOfPage\":{\"@id\":\"https:\\\/\\\/centrodeexcelencia.org.br\\\/centro-de-excelencia-participa-do-primeiro-encontro-de-sustentabilidade-promovido-pelo-ministerio-das-comunicacoes\\\/#primaryimage\"},\"image\":{\"@id\":\"https:\\\/\\\/centrodeexcelencia.org.br\\\/centro-de-excelencia-participa-do-primeiro-encontro-de-sustentabilidade-promovido-pelo-ministerio-das-comunicacoes\\\/#primaryimage\"},\"thumbnailUrl\":\"https:\\\/\\\/centrodeexcelencia.org.br\\\/wp-content\\\/uploads\\\/2023\\\/08\\\/494022f1-f95a-402f-b3de-3009a83f3f15.jpeg\",\"datePublished\":\"2023-08-18T13:18:54+00:00\",\"dateModified\":\"2024-10-10T21:59:29+00:00\",\"breadcrumb\":{\"@id\":\"https:\\\/\\\/centrodeexcelencia.org.br\\\/centro-de-excelencia-participa-do-primeiro-encontro-de-sustentabilidade-promovido-pelo-ministerio-das-comunicacoes\\\/#breadcrumb\"},\"inLanguage\":\"en-US\",\"potentialAction\":[{\"@type\":\"ReadAction\",\"target\":[\"https:\\\/\\\/centrodeexcelencia.org.br\\\/centro-de-excelencia-participa-do-primeiro-encontro-de-sustentabilidade-promovido-pelo-ministerio-das-comunicacoes\\\/\"]}]},{\"@type\":\"ImageObject\",\"inLanguage\":\"en-US\",\"@id\":\"https:\\\/\\\/centrodeexcelencia.org.br\\\/centro-de-excelencia-participa-do-primeiro-encontro-de-sustentabilidade-promovido-pelo-ministerio-das-comunicacoes\\\/#primaryimage\",\"url\":\"https:\\\/\\\/centrodeexcelencia.org.br\\\/wp-content\\\/uploads\\\/2023\\\/08\\\/494022f1-f95a-402f-b3de-3009a83f3f15.jpeg\",\"contentUrl\":\"https:\\\/\\\/centrodeexcelencia.org.br\\\/wp-content\\\/uploads\\\/2023\\\/08\\\/494022f1-f95a-402f-b3de-3009a83f3f15.jpeg\",\"width\":768,\"height\":398,\"caption\":\"Sustainability in education and business was discussed at ESG MCom 2023 - Photo: Pablo Le Roy\\\/MCom\"},{\"@type\":\"BreadcrumbList\",\"@id\":\"https:\\\/\\\/centrodeexcelencia.org.br\\\/centro-de-excelencia-participa-do-primeiro-encontro-de-sustentabilidade-promovido-pelo-ministerio-das-comunicacoes\\\/#breadcrumb\",\"itemListElement\":[{\"@type\":\"ListItem\",\"position\":1,\"name\":\"In\u00edcio\",\"item\":\"https:\\\/\\\/centrodeexcelencia.org.br\\\/\"},{\"@type\":\"ListItem\",\"position\":2,\"name\":\"Centro de Excel\u00eancia participa do primeiro encontro de sustentabilidade promovido pelo Minist\u00e9rio das Comunica\u00e7\u00f5es\"}]},{\"@type\":\"WebSite\",\"@id\":\"https:\\\/\\\/centrodeexcelencia.org.br\\\/#website\",\"url\":\"https:\\\/\\\/centrodeexcelencia.org.br\\\/\",\"name\":\"WFP\",\"description\":\"Centre of Excellence against Hunger\",\"publisher\":{\"@id\":\"https:\\\/\\\/centrodeexcelencia.org.br\\\/#organization\"},\"potentialAction\":[{\"@type\":\"SearchAction\",\"target\":{\"@type\":\"EntryPoint\",\"urlTemplate\":\"https:\\\/\\\/centrodeexcelencia.org.br\\\/?s={search_term_string}\"},\"query-input\":{\"@type\":\"PropertyValueSpecification\",\"valueRequired\":true,\"valueName\":\"search_term_string\"}}],\"inLanguage\":\"en-US\"},{\"@type\":\"Organization\",\"@id\":\"https:\\\/\\\/centrodeexcelencia.org.br\\\/#organization\",\"name\":\"WFP\",\"url\":\"https:\\\/\\\/centrodeexcelencia.org.br\\\/\",\"logo\":{\"@type\":\"ImageObject\",\"inLanguage\":\"en-US\",\"@id\":\"https:\\\/\\\/centrodeexcelencia.org.br\\\/#\\\/schema\\\/logo\\\/image\\\/\",\"url\":\"https:\\\/\\\/centrodeexcelencia.org.br\\\/wp-content\\\/uploads\\\/2026\\\/01\\\/Sem-titulo-1_Prancheta-1-1.png\",\"contentUrl\":\"https:\\\/\\\/centrodeexcelencia.org.br\\\/wp-content\\\/uploads\\\/2026\\\/01\\\/Sem-titulo-1_Prancheta-1-1.png\",\"width\":259,\"height\":395,\"caption\":\"WFP\"},\"image\":{\"@id\":\"https:\\\/\\\/centrodeexcelencia.org.br\\\/#\\\/schema\\\/logo\\\/image\\\/\"}},{\"@type\":\"Person\",\"@id\":\"https:\\\/\\\/centrodeexcelencia.org.br\\\/#\\\/schema\\\/person\\\/08300f099291340999d9b1517a5bc2dc\",\"name\":\"Ana Mascarenhas\",\"image\":{\"@type\":\"ImageObject\",\"inLanguage\":\"en-US\",\"@id\":\"https:\\\/\\\/secure.gravatar.com\\\/avatar\\\/cab29c31195c1aa6966399e3d16eb9e38d5abe94a289113e78e4c519561d6131?s=96&d=mm&r=g\",\"url\":\"https:\\\/\\\/secure.gravatar.com\\\/avatar\\\/cab29c31195c1aa6966399e3d16eb9e38d5abe94a289113e78e4c519561d6131?s=96&d=mm&r=g\",\"contentUrl\":\"https:\\\/\\\/secure.gravatar.com\\\/avatar\\\/cab29c31195c1aa6966399e3d16eb9e38d5abe94a289113e78e4c519561d6131?s=96&d=mm&r=g\",\"caption\":\"Ana Mascarenhas\"},\"url\":\"https:\\\/\\\/centrodeexcelencia.org.br\\\/en\\\/author\\\/ana-mascarenhas\\\/\"}]}<\/script>\n<!-- \/ Yoast SEO plugin. -->","yoast_head_json":{"title":"Centre of Excellence participates in the first sustainability meeting promoted by the Ministry of Communications - WFP","robots":{"index":"index","follow":"follow","max-snippet":"max-snippet:-1","max-image-preview":"max-image-preview:large","max-video-preview":"max-video-preview:-1"},"canonical":"https:\/\/centrodeexcelencia.org.br\/centro-de-excelencia-participa-do-primeiro-encontro-de-sustentabilidade-promovido-pelo-ministerio-das-comunicacoes\/","og_locale":"en_US","og_type":"article","og_title":"Centre of Excellence participates in the first sustainability meeting promoted by the Ministry of Communications - WFP","og_description":"On 18 August, the World Food Programme (WFP) Centre of&hellip;  Read more","og_url":"https:\/\/centrodeexcelencia.org.br\/centro-de-excelencia-participa-do-primeiro-encontro-de-sustentabilidade-promovido-pelo-ministerio-das-comunicacoes\/","og_site_name":"WFP","article_published_time":"2023-08-18T13:18:54+00:00","article_modified_time":"2024-10-10T21:59:29+00:00","og_image":[{"width":768,"height":398,"url":"https:\/\/centrodeexcelencia.org.br\/wp-content\/uploads\/2023\/08\/494022f1-f95a-402f-b3de-3009a83f3f15.jpeg","type":"image\/jpeg"}],"author":"Ana Mascarenhas","twitter_card":"summary_large_image","twitter_misc":{"Written by":"Ana Mascarenhas","Est. reading time":"2 minutes"},"schema":{"@context":"https:\/\/schema.org","@graph":[{"@type":"Article","@id":"https:\/\/centrodeexcelencia.org.br\/centro-de-excelencia-participa-do-primeiro-encontro-de-sustentabilidade-promovido-pelo-ministerio-das-comunicacoes\/#article","isPartOf":{"@id":"https:\/\/centrodeexcelencia.org.br\/centro-de-excelencia-participa-do-primeiro-encontro-de-sustentabilidade-promovido-pelo-ministerio-das-comunicacoes\/"},"author":{"name":"Ana Mascarenhas","@id":"https:\/\/centrodeexcelencia.org.br\/#\/schema\/person\/08300f099291340999d9b1517a5bc2dc"},"headline":"Centre of Excellence participates in the first sustainability meeting promoted by the Ministry of Communications","datePublished":"2023-08-18T13:18:54+00:00","dateModified":"2024-10-10T21:59:29+00:00","mainEntityOfPage":{"@id":"https:\/\/centrodeexcelencia.org.br\/centro-de-excelencia-participa-do-primeiro-encontro-de-sustentabilidade-promovido-pelo-ministerio-das-comunicacoes\/"},"wordCount":744,"publisher":{"@id":"https:\/\/centrodeexcelencia.org.br\/#organization"},"image":{"@id":"https:\/\/centrodeexcelencia.org.br\/centro-de-excelencia-participa-do-primeiro-encontro-de-sustentabilidade-promovido-pelo-ministerio-das-comunicacoes\/#primaryimage"},"thumbnailUrl":"https:\/\/centrodeexcelencia.org.br\/wp-content\/uploads\/2023\/08\/494022f1-f95a-402f-b3de-3009a83f3f15.jpeg","articleSection":["Events","General","News"],"inLanguage":"en-US"},{"@type":"WebPage","@id":"https:\/\/centrodeexcelencia.org.br\/centro-de-excelencia-participa-do-primeiro-encontro-de-sustentabilidade-promovido-pelo-ministerio-das-comunicacoes\/","url":"https:\/\/centrodeexcelencia.org.br\/centro-de-excelencia-participa-do-primeiro-encontro-de-sustentabilidade-promovido-pelo-ministerio-das-comunicacoes\/","name":"Centre of Excellence participates in the first sustainability meeting promoted by the Ministry of Communications - WFP","isPartOf":{"@id":"https:\/\/centrodeexcelencia.org.br\/#website"},"primaryImageOfPage":{"@id":"https:\/\/centrodeexcelencia.org.br\/centro-de-excelencia-participa-do-primeiro-encontro-de-sustentabilidade-promovido-pelo-ministerio-das-comunicacoes\/#primaryimage"},"image":{"@id":"https:\/\/centrodeexcelencia.org.br\/centro-de-excelencia-participa-do-primeiro-encontro-de-sustentabilidade-promovido-pelo-ministerio-das-comunicacoes\/#primaryimage"},"thumbnailUrl":"https:\/\/centrodeexcelencia.org.br\/wp-content\/uploads\/2023\/08\/494022f1-f95a-402f-b3de-3009a83f3f15.jpeg","datePublished":"2023-08-18T13:18:54+00:00","dateModified":"2024-10-10T21:59:29+00:00","breadcrumb":{"@id":"https:\/\/centrodeexcelencia.org.br\/centro-de-excelencia-participa-do-primeiro-encontro-de-sustentabilidade-promovido-pelo-ministerio-das-comunicacoes\/#breadcrumb"},"inLanguage":"en-US","potentialAction":[{"@type":"ReadAction","target":["https:\/\/centrodeexcelencia.org.br\/centro-de-excelencia-participa-do-primeiro-encontro-de-sustentabilidade-promovido-pelo-ministerio-das-comunicacoes\/"]}]},{"@type":"ImageObject","inLanguage":"en-US","@id":"https:\/\/centrodeexcelencia.org.br\/centro-de-excelencia-participa-do-primeiro-encontro-de-sustentabilidade-promovido-pelo-ministerio-das-comunicacoes\/#primaryimage","url":"https:\/\/centrodeexcelencia.org.br\/wp-content\/uploads\/2023\/08\/494022f1-f95a-402f-b3de-3009a83f3f15.jpeg","contentUrl":"https:\/\/centrodeexcelencia.org.br\/wp-content\/uploads\/2023\/08\/494022f1-f95a-402f-b3de-3009a83f3f15.jpeg","width":768,"height":398,"caption":"Sustainability in education and business was discussed at ESG MCom 2023 - Photo: Pablo Le Roy\/MCom"},{"@type":"BreadcrumbList","@id":"https:\/\/centrodeexcelencia.org.br\/centro-de-excelencia-participa-do-primeiro-encontro-de-sustentabilidade-promovido-pelo-ministerio-das-comunicacoes\/#breadcrumb","itemListElement":[{"@type":"ListItem","position":1,"name":"In\u00edcio","item":"https:\/\/centrodeexcelencia.org.br\/"},{"@type":"ListItem","position":2,"name":"Centro de Excel\u00eancia participa do primeiro encontro de sustentabilidade promovido pelo Minist\u00e9rio das Comunica\u00e7\u00f5es"}]},{"@type":"WebSite","@id":"https:\/\/centrodeexcelencia.org.br\/#website","url":"https:\/\/centrodeexcelencia.org.br\/","name":"WFP","description":"Centre of Excellence against Hunger","publisher":{"@id":"https:\/\/centrodeexcelencia.org.br\/#organization"},"potentialAction":[{"@type":"SearchAction","target":{"@type":"EntryPoint","urlTemplate":"https:\/\/centrodeexcelencia.org.br\/?s={search_term_string}"},"query-input":{"@type":"PropertyValueSpecification","valueRequired":true,"valueName":"search_term_string"}}],"inLanguage":"en-US"},{"@type":"Organization","@id":"https:\/\/centrodeexcelencia.org.br\/#organization","name":"WFP","url":"https:\/\/centrodeexcelencia.org.br\/","logo":{"@type":"ImageObject","inLanguage":"en-US","@id":"https:\/\/centrodeexcelencia.org.br\/#\/schema\/logo\/image\/","url":"https:\/\/centrodeexcelencia.org.br\/wp-content\/uploads\/2026\/01\/Sem-titulo-1_Prancheta-1-1.png","contentUrl":"https:\/\/centrodeexcelencia.org.br\/wp-content\/uploads\/2026\/01\/Sem-titulo-1_Prancheta-1-1.png","width":259,"height":395,"caption":"WFP"},"image":{"@id":"https:\/\/centrodeexcelencia.org.br\/#\/schema\/logo\/image\/"}},{"@type":"Person","@id":"https:\/\/centrodeexcelencia.org.br\/#\/schema\/person\/08300f099291340999d9b1517a5bc2dc","name":"Ana Mascarenhas","image":{"@type":"ImageObject","inLanguage":"en-US","@id":"https:\/\/secure.gravatar.com\/avatar\/cab29c31195c1aa6966399e3d16eb9e38d5abe94a289113e78e4c519561d6131?s=96&d=mm&r=g","url":"https:\/\/secure.gravatar.com\/avatar\/cab29c31195c1aa6966399e3d16eb9e38d5abe94a289113e78e4c519561d6131?s=96&d=mm&r=g","contentUrl":"https:\/\/secure.gravatar.com\/avatar\/cab29c31195c1aa6966399e3d16eb9e38d5abe94a289113e78e4c519561d6131?s=96&d=mm&r=g","caption":"Ana Mascarenhas"},"url":"https:\/\/centrodeexcelencia.org.br\/en\/author\/ana-mascarenhas\/"}]}},"_links":{"self":[{"href":"https:\/\/centrodeexcelencia.org.br\/en\/wp-json\/wp\/v2\/posts\/26176","targetHints":{"allow":["GET"]}}],"collection":[{"href":"https:\/\/centrodeexcelencia.org.br\/en\/wp-json\/wp\/v2\/posts"}],"about":[{"href":"https:\/\/centrodeexcelencia.org.br\/en\/wp-json\/wp\/v2\/types\/post"}],"author":[{"embeddable":true,"href":"https:\/\/centrodeexcelencia.org.br\/en\/wp-json\/wp\/v2\/users\/133"}],"replies":[{"embeddable":true,"href":"https:\/\/centrodeexcelencia.org.br\/en\/wp-json\/wp\/v2\/comments?post=26176"}],"version-history":[{"count":0,"href":"https:\/\/centrodeexcelencia.org.br\/en\/wp-json\/wp\/v2\/posts\/26176\/revisions"}],"wp:featuredmedia":[{"embeddable":true,"href":"https:\/\/centrodeexcelencia.org.br\/en\/wp-json\/wp\/v2\/media\/26178"}],"wp:attachment":[{"href":"https:\/\/centrodeexcelencia.org.br\/en\/wp-json\/wp\/v2\/media?parent=26176"}],"wp:term":[{"taxonomy":"category","embeddable":true,"href":"https:\/\/centrodeexcelencia.org.br\/en\/wp-json\/wp\/v2\/categories?post=26176"},{"taxonomy":"post_tag","embeddable":true,"href":"https:\/\/centrodeexcelencia.org.br\/en\/wp-json\/wp\/v2\/tags?post=26176"}],"curies":[{"name":"wp","href":"https:\/\/api.w.org\/{rel}","templated":true}]}}