{"id":26292,"date":"2023-09-01T11:03:19","date_gmt":"2023-09-01T14:03:19","guid":{"rendered":"https:\/\/centrodeexcelencia.org.br\/?p=26292"},"modified":"2024-10-10T18:59:28","modified_gmt":"2024-10-10T21:59:28","slug":"evento-em-brasilia-termina-com-propostas-para-proxima-reuniao-da-coalizao-global-de-alimentacao-escolar","status":"publish","type":"post","link":"https:\/\/centrodeexcelencia.org.br\/en\/evento-em-brasilia-termina-com-propostas-para-proxima-reuniao-da-coalizao-global-de-alimentacao-escolar\/","title":{"rendered":"Event in Bras\u00edlia ends with inputs for next Global School Meals Coalition meeting"},"content":{"rendered":"<p><figure id=\"attachment_26293\" aria-describedby=\"caption-attachment-26293\" style=\"width: 2560px\" class=\"wp-caption alignleft\"><img loading=\"lazy\" decoding=\"async\" class=\"size-full wp-image-26293\" src=\"https:\/\/centrodeexcelencia.org.br\/wp-content\/uploads\/2023\/09\/20230831_WFPThiagoLustosa-scaled.jpg\" alt=\"\" width=\"2560\" height=\"1707\" srcset=\"https:\/\/centrodeexcelencia.org.br\/wp-content\/uploads\/2023\/09\/20230831_WFPThiagoLustosa-scaled.jpg 2560w, https:\/\/centrodeexcelencia.org.br\/wp-content\/uploads\/2023\/09\/20230831_WFPThiagoLustosa-300x200.jpg 300w, https:\/\/centrodeexcelencia.org.br\/wp-content\/uploads\/2023\/09\/20230831_WFPThiagoLustosa-1024x683.jpg 1024w, https:\/\/centrodeexcelencia.org.br\/wp-content\/uploads\/2023\/09\/20230831_WFPThiagoLustosa-768x512.jpg 768w, https:\/\/centrodeexcelencia.org.br\/wp-content\/uploads\/2023\/09\/20230831_WFPThiagoLustosa-1536x1024.jpg 1536w, https:\/\/centrodeexcelencia.org.br\/wp-content\/uploads\/2023\/09\/20230831_WFPThiagoLustosa-2048x1365.jpg 2048w, https:\/\/centrodeexcelencia.org.br\/wp-content\/uploads\/2023\/09\/20230831_WFPThiagoLustosa-600x400.jpg 600w\" sizes=\"(max-width: 2560px) 100vw, 2560px\" \/><figcaption id=\"caption-attachment-26293\" class=\"wp-caption-text\"><em>WFP\/Thiago Lustosa<\/em><\/figcaption><\/figure><\/p>\n<p><span data-contrast=\"auto\">Around 200 participants from more than 20 countries, including government ministers, representatives from international financial institutions and the United Nations, met in Bras\u00edlia, Brazil, for a three-day event to discuss multi-sector approaches linking education, food security and nutrition for human capital development. The <a href=\"https:\/\/capitalhumano2023.com\/\">\u201cPower of Multi-sector Approaches for Human Capital Development\u201d<\/a> event, convened by the United Nations World Food Programme (WFP) and the Inter-American Development Bank (IDB), was organized in close collaboration with the government of Brazil and took place from 29 to 31 August.<\/span><span data-ccp-props=\"{&quot;201341983&quot;:0,&quot;335559739&quot;:160,&quot;335559740&quot;:259}\">\u00a0<\/span><\/p>\n<p><span data-contrast=\"auto\">At the end of the event, participants agreed on a document with inputs for the October 2023 Global Coalition for School Meals meeting, which will take place in Paris.\u202fThe document has ten technical inputs on themes such as innovative solutions for financing mechanisms on school meals programmes, norms for a percentage of purchases from smallholder farmers and the connection between school meals programmes and the goals of the Global School Meals Coalition. It also highlights the importance of strengthening the design of those programmes so they can be at the centre of inclusive social protection systems. <\/span><span data-ccp-props=\"{&quot;201341983&quot;:0,&quot;335559739&quot;:160,&quot;335559740&quot;:259}\">\u00a0<\/span><\/p>\n<p><span data-contrast=\"auto\">\u201cWe need strong public investment in order for public policies to work\u201d, said Daniel Balaban, Director of the WFP Centre of Excellence against Hunger in Brazil. \u201cThis is why it is important that we are here alongside international financial institutions and specially with ministries of finance\u201d, he added.\u00a0<\/span><span data-ccp-props=\"{&quot;201341983&quot;:0,&quot;335559739&quot;:160,&quot;335559740&quot;:259}\">\u00a0<\/span><\/p>\n<p><span data-contrast=\"auto\">During the closing panel, delegations from Jamaica and Belize announced that they are joining the Global School Meals Coalition, and the Mexican delegation invited participants to the 10<\/span><span data-contrast=\"auto\">th<\/span><span data-contrast=\"auto\"> Regional School Feeding Forum for Latin America and the Caribbean, which will take place in the country in 2024.<\/span><span data-ccp-props=\"{&quot;201341983&quot;:0,&quot;335559739&quot;:160,&quot;335559740&quot;:259}\">\u00a0<\/span><\/p>\n<p><strong>School visits\u00a0<\/strong><\/p>\n<figure id=\"attachment_26294\" aria-describedby=\"caption-attachment-26294\" style=\"width: 1504px\" class=\"wp-caption alignleft\"><img decoding=\"async\" class=\"wp-image-26294 size-full\" src=\"https:\/\/centrodeexcelencia.org.br\/wp-content\/uploads\/2023\/09\/20230831_WFPThiagoLustosa2.jpg\" alt=\"\" width=\"1504\" height=\"1004\" srcset=\"https:\/\/centrodeexcelencia.org.br\/wp-content\/uploads\/2023\/09\/20230831_WFPThiagoLustosa2.jpg 1504w, https:\/\/centrodeexcelencia.org.br\/wp-content\/uploads\/2023\/09\/20230831_WFPThiagoLustosa2-300x200.jpg 300w, https:\/\/centrodeexcelencia.org.br\/wp-content\/uploads\/2023\/09\/20230831_WFPThiagoLustosa2-1024x684.jpg 1024w, https:\/\/centrodeexcelencia.org.br\/wp-content\/uploads\/2023\/09\/20230831_WFPThiagoLustosa2-768x513.jpg 768w, https:\/\/centrodeexcelencia.org.br\/wp-content\/uploads\/2023\/09\/20230831_WFPThiagoLustosa2-600x401.jpg 600w\" sizes=\"(max-width: 1504px) 100vw, 1504px\" \/><figcaption id=\"caption-attachment-26294\" class=\"wp-caption-text\"><em>WFP \/ Thiago Lustosa<\/em><\/figcaption><\/figure>\n<p><span data-contrast=\"auto\">In addition to the technical panels and discussions, the event programme also included a field visit to five public schools in Bras\u00edlia so participants could get a closer look at how the Brazilian National School Feeding Programme (PNAE, in Portuguese) is run. The Brazilian programme is the second largest in the world assisting over 40 million students with hot meals each day. Through South-South Cooperation work facilitated by the WFP Centre of Excellence against Hunger, the programme has inspired dozens of other countries in their journeys to create or expand their own school meal programmes.\u00a0<\/span><span data-ccp-props=\"{&quot;201341983&quot;:0,&quot;335559739&quot;:160,&quot;335559740&quot;:259}\">\u00a0<\/span><\/p>\n<p><span data-contrast=\"none\">&#8220;In Brazil, we believe in public policy on school feeding led by education,&#8221; said Fernanda Pacobahyba, president of the National Fund for the Development of Education. &#8220;School feeding is a prerequisite for educational policy to take place in the best possible way. This in Brazil has produced excellent results,&#8221; she added.\u00a0<\/span><span data-ccp-props=\"{&quot;201341983&quot;:0,&quot;335559739&quot;:160,&quot;335559740&quot;:259}\">\u00a0<\/span><\/p>\n<p><span data-contrast=\"auto\">The PNAE is mostly run by local administrations, which manage menus, food purchases and nutritional education activities. The Federal District government, where Bras\u00edlia is located, serves over 500,000 meals a day to over 520,000 students. The region also employs 52 nutritionists, who are in charge of implementing nutritious menus and incorporating local and seasonal foods to the meals.<\/span><span data-ccp-props=\"{&quot;201341983&quot;:0,&quot;335559739&quot;:160,&quot;335559740&quot;:259}\">\u00a0<\/span><\/p>\n<p><span data-contrast=\"auto\">At a primary school in the sub-region of S\u00e3o Sebasti\u00e3o, delegations heard from Michelly Slanny, part of family farming association of over 50 members. Around 90% of what is produced by the association is sold to government programmes, including PNAE. &#8220;Winning a public bid is cause for celebration in our community,&#8221; Michelly said. &#8220;We have been providing food to PNAE since 2018 and this is one of the biggest sources of income for family farming, it means security for us, we work all year round for this,&#8221; she added.\u00a0<\/span><span data-ccp-props=\"{&quot;201341983&quot;:0,&quot;335559739&quot;:160,&quot;335559740&quot;:259}\">\u00a0<\/span><\/p>\n<p><strong>New publications\u00a0<\/strong><\/p>\n<figure id=\"attachment_26295\" aria-describedby=\"caption-attachment-26295\" style=\"width: 2560px\" class=\"wp-caption alignleft\"><img decoding=\"async\" class=\"size-full wp-image-26295\" src=\"https:\/\/centrodeexcelencia.org.br\/wp-content\/uploads\/2023\/09\/20230831_WFP-GabrielaCladellas_Escola3-49-scaled.jpeg\" alt=\"\" width=\"2560\" height=\"1920\" srcset=\"https:\/\/centrodeexcelencia.org.br\/wp-content\/uploads\/2023\/09\/20230831_WFP-GabrielaCladellas_Escola3-49-scaled.jpeg 2560w, https:\/\/centrodeexcelencia.org.br\/wp-content\/uploads\/2023\/09\/20230831_WFP-GabrielaCladellas_Escola3-49-300x225.jpeg 300w, https:\/\/centrodeexcelencia.org.br\/wp-content\/uploads\/2023\/09\/20230831_WFP-GabrielaCladellas_Escola3-49-1024x768.jpeg 1024w, https:\/\/centrodeexcelencia.org.br\/wp-content\/uploads\/2023\/09\/20230831_WFP-GabrielaCladellas_Escola3-49-768x576.jpeg 768w, https:\/\/centrodeexcelencia.org.br\/wp-content\/uploads\/2023\/09\/20230831_WFP-GabrielaCladellas_Escola3-49-1536x1152.jpeg 1536w, https:\/\/centrodeexcelencia.org.br\/wp-content\/uploads\/2023\/09\/20230831_WFP-GabrielaCladellas_Escola3-49-2048x1536.jpeg 2048w, https:\/\/centrodeexcelencia.org.br\/wp-content\/uploads\/2023\/09\/20230831_WFP-GabrielaCladellas_Escola3-49-600x450.jpeg 600w\" sizes=\"(max-width: 2560px) 100vw, 2560px\" \/><figcaption id=\"caption-attachment-26295\" class=\"wp-caption-text\"><em>WFP\/ Gabriela Cladellas<\/em><\/figcaption><\/figure>\n<p><span data-contrast=\"auto\">The event also marked the launch of the report on \u201c<\/span><a href=\"https:\/\/es.wfp.org\/publicaciones\/estado-de-la-alimentacion-escolar-en-america-latina-y-el-caribe-2022\"><span data-contrast=\"none\">State of School Feeding in Latin America and the Caribbean 2022<\/span><\/a><span data-contrast=\"auto\">\u201d produced by WFP and the IDB, which offers comprehensive insights into the state of school feeding in the region: scale, coverage, components, and impacts. It emphasizes the need to reach vulnerable children to prevent dropouts and promote holistic development. The publication emphasizes the importance of integrating health and nutrition interventions along with school meals programmes via multisectoral approaches.<\/span><span data-ccp-props=\"{&quot;201341983&quot;:0,&quot;335559739&quot;:160,&quot;335559740&quot;:259}\">\u00a0<\/span><\/p>\n<p><span data-contrast=\"auto\">Another regional study on \u201c<\/span><a href=\"https:\/\/es.wfp.org\/publicaciones\/rutas-de-proteccion-social-para-la-nutricion\"><span data-contrast=\"none\">Social Protection Pathways to Nutrition<\/span><\/a><span data-contrast=\"auto\">\u201d, created in partnership between the Institute of Development Studies (IDS), International Food Policy Research Institute (IFPRI) and the World Food Programme (WFP), was also launched during the event. The overarching goal of the study is to review the evidence and propose an analytical and operational framework that links social protection to better nutrition outcomes.<\/span><span data-ccp-props=\"{&quot;201341983&quot;:0,&quot;335559739&quot;:160,&quot;335559740&quot;:259}\">\u00a0<\/span><\/p>","protected":false},"excerpt":{"rendered":"<p>Around 200 participants from more than 20 countries, including government&hellip;<\/p>\n<p> <a class=\"more-link\" href=\"https:\/\/centrodeexcelencia.org.br\/en\/evento-em-brasilia-termina-com-propostas-para-proxima-reuniao-da-coalizao-global-de-alimentacao-escolar\/\">Read more<\/a><\/p>\n","protected":false},"author":133,"featured_media":26293,"comment_status":"closed","ping_status":"open","sticky":false,"template":"","format":"standard","meta":{"_monsterinsights_skip_tracking":false,"_monsterinsights_sitenote_active":false,"_monsterinsights_sitenote_note":"","_monsterinsights_sitenote_category":0,"footnotes":""},"categories":[193,188,187],"tags":[],"class_list":{"0":"post-26292","1":"post","2":"type-post","3":"status-publish","4":"format-standard","5":"has-post-thumbnail","7":"category-eventos","8":"category-geral-noticias","9":"category-noticias"},"yoast_head":"<!-- This site is optimized with the Yoast SEO plugin v27.3 - https:\/\/yoast.com\/product\/yoast-seo-wordpress\/ -->\n<title>Event in Bras\u00edlia ends with inputs for next Global School Meals Coalition meeting - WFP<\/title>\n<meta name=\"robots\" content=\"index, follow, max-snippet:-1, max-image-preview:large, max-video-preview:-1\" \/>\n<link rel=\"canonical\" href=\"https:\/\/centrodeexcelencia.org.br\/evento-em-brasilia-termina-com-propostas-para-proxima-reuniao-da-coalizao-global-de-alimentacao-escolar\/\" \/>\n<meta property=\"og:locale\" content=\"en_US\" \/>\n<meta property=\"og:type\" content=\"article\" \/>\n<meta property=\"og:title\" content=\"Event in Bras\u00edlia ends with inputs for next Global School Meals Coalition meeting - WFP\" \/>\n<meta property=\"og:description\" content=\"Around 200 participants from more than 20 countries, including government&hellip;  Read more\" \/>\n<meta property=\"og:url\" content=\"https:\/\/centrodeexcelencia.org.br\/evento-em-brasilia-termina-com-propostas-para-proxima-reuniao-da-coalizao-global-de-alimentacao-escolar\/\" \/>\n<meta property=\"og:site_name\" content=\"WFP\" \/>\n<meta property=\"article:published_time\" content=\"2023-09-01T14:03:19+00:00\" \/>\n<meta property=\"article:modified_time\" content=\"2024-10-10T21:59:28+00:00\" \/>\n<meta property=\"og:image\" content=\"https:\/\/centrodeexcelencia.org.br\/wp-content\/uploads\/2023\/09\/20230831_WFPThiagoLustosa-scaled.jpg\" \/>\n\t<meta property=\"og:image:width\" content=\"2560\" \/>\n\t<meta property=\"og:image:height\" content=\"1707\" \/>\n\t<meta property=\"og:image:type\" content=\"image\/jpeg\" \/>\n<meta name=\"author\" content=\"Ana Mascarenhas\" \/>\n<meta name=\"twitter:card\" content=\"summary_large_image\" \/>\n<meta name=\"twitter:label1\" content=\"Written by\" \/>\n\t<meta name=\"twitter:data1\" content=\"Ana Mascarenhas\" \/>\n\t<meta name=\"twitter:label2\" content=\"Est. reading time\" \/>\n\t<meta name=\"twitter:data2\" content=\"5 minutes\" \/>\n<script type=\"application\/ld+json\" class=\"yoast-schema-graph\">{\"@context\":\"https:\\\/\\\/schema.org\",\"@graph\":[{\"@type\":\"Article\",\"@id\":\"https:\\\/\\\/centrodeexcelencia.org.br\\\/evento-em-brasilia-termina-com-propostas-para-proxima-reuniao-da-coalizao-global-de-alimentacao-escolar\\\/#article\",\"isPartOf\":{\"@id\":\"https:\\\/\\\/centrodeexcelencia.org.br\\\/evento-em-brasilia-termina-com-propostas-para-proxima-reuniao-da-coalizao-global-de-alimentacao-escolar\\\/\"},\"author\":{\"name\":\"Ana Mascarenhas\",\"@id\":\"https:\\\/\\\/centrodeexcelencia.org.br\\\/#\\\/schema\\\/person\\\/08300f099291340999d9b1517a5bc2dc\"},\"headline\":\"Event in Bras\u00edlia ends with inputs for next Global School Meals Coalition meeting\",\"datePublished\":\"2023-09-01T14:03:19+00:00\",\"dateModified\":\"2024-10-10T21:59:28+00:00\",\"mainEntityOfPage\":{\"@id\":\"https:\\\/\\\/centrodeexcelencia.org.br\\\/evento-em-brasilia-termina-com-propostas-para-proxima-reuniao-da-coalizao-global-de-alimentacao-escolar\\\/\"},\"wordCount\":1626,\"publisher\":{\"@id\":\"https:\\\/\\\/centrodeexcelencia.org.br\\\/#organization\"},\"image\":{\"@id\":\"https:\\\/\\\/centrodeexcelencia.org.br\\\/evento-em-brasilia-termina-com-propostas-para-proxima-reuniao-da-coalizao-global-de-alimentacao-escolar\\\/#primaryimage\"},\"thumbnailUrl\":\"https:\\\/\\\/centrodeexcelencia.org.br\\\/wp-content\\\/uploads\\\/2023\\\/09\\\/20230831_WFPThiagoLustosa-scaled.jpg\",\"articleSection\":[\"Events\",\"General\",\"News\"],\"inLanguage\":\"en-US\"},{\"@type\":\"WebPage\",\"@id\":\"https:\\\/\\\/centrodeexcelencia.org.br\\\/evento-em-brasilia-termina-com-propostas-para-proxima-reuniao-da-coalizao-global-de-alimentacao-escolar\\\/\",\"url\":\"https:\\\/\\\/centrodeexcelencia.org.br\\\/evento-em-brasilia-termina-com-propostas-para-proxima-reuniao-da-coalizao-global-de-alimentacao-escolar\\\/\",\"name\":\"Event in Bras\u00edlia ends with inputs for next Global School Meals Coalition meeting - WFP\",\"isPartOf\":{\"@id\":\"https:\\\/\\\/centrodeexcelencia.org.br\\\/#website\"},\"primaryImageOfPage\":{\"@id\":\"https:\\\/\\\/centrodeexcelencia.org.br\\\/evento-em-brasilia-termina-com-propostas-para-proxima-reuniao-da-coalizao-global-de-alimentacao-escolar\\\/#primaryimage\"},\"image\":{\"@id\":\"https:\\\/\\\/centrodeexcelencia.org.br\\\/evento-em-brasilia-termina-com-propostas-para-proxima-reuniao-da-coalizao-global-de-alimentacao-escolar\\\/#primaryimage\"},\"thumbnailUrl\":\"https:\\\/\\\/centrodeexcelencia.org.br\\\/wp-content\\\/uploads\\\/2023\\\/09\\\/20230831_WFPThiagoLustosa-scaled.jpg\",\"datePublished\":\"2023-09-01T14:03:19+00:00\",\"dateModified\":\"2024-10-10T21:59:28+00:00\",\"breadcrumb\":{\"@id\":\"https:\\\/\\\/centrodeexcelencia.org.br\\\/evento-em-brasilia-termina-com-propostas-para-proxima-reuniao-da-coalizao-global-de-alimentacao-escolar\\\/#breadcrumb\"},\"inLanguage\":\"en-US\",\"potentialAction\":[{\"@type\":\"ReadAction\",\"target\":[\"https:\\\/\\\/centrodeexcelencia.org.br\\\/evento-em-brasilia-termina-com-propostas-para-proxima-reuniao-da-coalizao-global-de-alimentacao-escolar\\\/\"]}]},{\"@type\":\"ImageObject\",\"inLanguage\":\"en-US\",\"@id\":\"https:\\\/\\\/centrodeexcelencia.org.br\\\/evento-em-brasilia-termina-com-propostas-para-proxima-reuniao-da-coalizao-global-de-alimentacao-escolar\\\/#primaryimage\",\"url\":\"https:\\\/\\\/centrodeexcelencia.org.br\\\/wp-content\\\/uploads\\\/2023\\\/09\\\/20230831_WFPThiagoLustosa-scaled.jpg\",\"contentUrl\":\"https:\\\/\\\/centrodeexcelencia.org.br\\\/wp-content\\\/uploads\\\/2023\\\/09\\\/20230831_WFPThiagoLustosa-scaled.jpg\",\"width\":2560,\"height\":1707,\"caption\":\"WFP\\\/Thiago Lustosa\"},{\"@type\":\"BreadcrumbList\",\"@id\":\"https:\\\/\\\/centrodeexcelencia.org.br\\\/evento-em-brasilia-termina-com-propostas-para-proxima-reuniao-da-coalizao-global-de-alimentacao-escolar\\\/#breadcrumb\",\"itemListElement\":[{\"@type\":\"ListItem\",\"position\":1,\"name\":\"In\u00edcio\",\"item\":\"https:\\\/\\\/centrodeexcelencia.org.br\\\/\"},{\"@type\":\"ListItem\",\"position\":2,\"name\":\"Evento em Bras\u00edlia termina com propostas para pr\u00f3xima reuni\u00e3o da Coaliz\u00e3o Global de Alimenta\u00e7\u00e3o Escolar\"}]},{\"@type\":\"WebSite\",\"@id\":\"https:\\\/\\\/centrodeexcelencia.org.br\\\/#website\",\"url\":\"https:\\\/\\\/centrodeexcelencia.org.br\\\/\",\"name\":\"WFP\",\"description\":\"Centre of Excellence against Hunger\",\"publisher\":{\"@id\":\"https:\\\/\\\/centrodeexcelencia.org.br\\\/#organization\"},\"potentialAction\":[{\"@type\":\"SearchAction\",\"target\":{\"@type\":\"EntryPoint\",\"urlTemplate\":\"https:\\\/\\\/centrodeexcelencia.org.br\\\/?s={search_term_string}\"},\"query-input\":{\"@type\":\"PropertyValueSpecification\",\"valueRequired\":true,\"valueName\":\"search_term_string\"}}],\"inLanguage\":\"en-US\"},{\"@type\":\"Organization\",\"@id\":\"https:\\\/\\\/centrodeexcelencia.org.br\\\/#organization\",\"name\":\"WFP\",\"url\":\"https:\\\/\\\/centrodeexcelencia.org.br\\\/\",\"logo\":{\"@type\":\"ImageObject\",\"inLanguage\":\"en-US\",\"@id\":\"https:\\\/\\\/centrodeexcelencia.org.br\\\/#\\\/schema\\\/logo\\\/image\\\/\",\"url\":\"https:\\\/\\\/centrodeexcelencia.org.br\\\/wp-content\\\/uploads\\\/2026\\\/01\\\/Sem-titulo-1_Prancheta-1-1.png\",\"contentUrl\":\"https:\\\/\\\/centrodeexcelencia.org.br\\\/wp-content\\\/uploads\\\/2026\\\/01\\\/Sem-titulo-1_Prancheta-1-1.png\",\"width\":259,\"height\":395,\"caption\":\"WFP\"},\"image\":{\"@id\":\"https:\\\/\\\/centrodeexcelencia.org.br\\\/#\\\/schema\\\/logo\\\/image\\\/\"}},{\"@type\":\"Person\",\"@id\":\"https:\\\/\\\/centrodeexcelencia.org.br\\\/#\\\/schema\\\/person\\\/08300f099291340999d9b1517a5bc2dc\",\"name\":\"Ana Mascarenhas\",\"image\":{\"@type\":\"ImageObject\",\"inLanguage\":\"en-US\",\"@id\":\"https:\\\/\\\/secure.gravatar.com\\\/avatar\\\/cab29c31195c1aa6966399e3d16eb9e38d5abe94a289113e78e4c519561d6131?s=96&d=mm&r=g\",\"url\":\"https:\\\/\\\/secure.gravatar.com\\\/avatar\\\/cab29c31195c1aa6966399e3d16eb9e38d5abe94a289113e78e4c519561d6131?s=96&d=mm&r=g\",\"contentUrl\":\"https:\\\/\\\/secure.gravatar.com\\\/avatar\\\/cab29c31195c1aa6966399e3d16eb9e38d5abe94a289113e78e4c519561d6131?s=96&d=mm&r=g\",\"caption\":\"Ana Mascarenhas\"},\"url\":\"https:\\\/\\\/centrodeexcelencia.org.br\\\/en\\\/author\\\/ana-mascarenhas\\\/\"}]}<\/script>\n<!-- \/ Yoast SEO plugin. -->","yoast_head_json":{"title":"Event in Bras\u00edlia ends with inputs for next Global School Meals Coalition meeting - WFP","robots":{"index":"index","follow":"follow","max-snippet":"max-snippet:-1","max-image-preview":"max-image-preview:large","max-video-preview":"max-video-preview:-1"},"canonical":"https:\/\/centrodeexcelencia.org.br\/evento-em-brasilia-termina-com-propostas-para-proxima-reuniao-da-coalizao-global-de-alimentacao-escolar\/","og_locale":"en_US","og_type":"article","og_title":"Event in Bras\u00edlia ends with inputs for next Global School Meals Coalition meeting - WFP","og_description":"Around 200 participants from more than 20 countries, including government&hellip;  Read more","og_url":"https:\/\/centrodeexcelencia.org.br\/evento-em-brasilia-termina-com-propostas-para-proxima-reuniao-da-coalizao-global-de-alimentacao-escolar\/","og_site_name":"WFP","article_published_time":"2023-09-01T14:03:19+00:00","article_modified_time":"2024-10-10T21:59:28+00:00","og_image":[{"width":2560,"height":1707,"url":"https:\/\/centrodeexcelencia.org.br\/wp-content\/uploads\/2023\/09\/20230831_WFPThiagoLustosa-scaled.jpg","type":"image\/jpeg"}],"author":"Ana Mascarenhas","twitter_card":"summary_large_image","twitter_misc":{"Written by":"Ana Mascarenhas","Est. reading time":"5 minutes"},"schema":{"@context":"https:\/\/schema.org","@graph":[{"@type":"Article","@id":"https:\/\/centrodeexcelencia.org.br\/evento-em-brasilia-termina-com-propostas-para-proxima-reuniao-da-coalizao-global-de-alimentacao-escolar\/#article","isPartOf":{"@id":"https:\/\/centrodeexcelencia.org.br\/evento-em-brasilia-termina-com-propostas-para-proxima-reuniao-da-coalizao-global-de-alimentacao-escolar\/"},"author":{"name":"Ana Mascarenhas","@id":"https:\/\/centrodeexcelencia.org.br\/#\/schema\/person\/08300f099291340999d9b1517a5bc2dc"},"headline":"Event in Bras\u00edlia ends with inputs for next Global School Meals Coalition meeting","datePublished":"2023-09-01T14:03:19+00:00","dateModified":"2024-10-10T21:59:28+00:00","mainEntityOfPage":{"@id":"https:\/\/centrodeexcelencia.org.br\/evento-em-brasilia-termina-com-propostas-para-proxima-reuniao-da-coalizao-global-de-alimentacao-escolar\/"},"wordCount":1626,"publisher":{"@id":"https:\/\/centrodeexcelencia.org.br\/#organization"},"image":{"@id":"https:\/\/centrodeexcelencia.org.br\/evento-em-brasilia-termina-com-propostas-para-proxima-reuniao-da-coalizao-global-de-alimentacao-escolar\/#primaryimage"},"thumbnailUrl":"https:\/\/centrodeexcelencia.org.br\/wp-content\/uploads\/2023\/09\/20230831_WFPThiagoLustosa-scaled.jpg","articleSection":["Events","General","News"],"inLanguage":"en-US"},{"@type":"WebPage","@id":"https:\/\/centrodeexcelencia.org.br\/evento-em-brasilia-termina-com-propostas-para-proxima-reuniao-da-coalizao-global-de-alimentacao-escolar\/","url":"https:\/\/centrodeexcelencia.org.br\/evento-em-brasilia-termina-com-propostas-para-proxima-reuniao-da-coalizao-global-de-alimentacao-escolar\/","name":"Event in Bras\u00edlia ends with inputs for next Global School Meals Coalition meeting - WFP","isPartOf":{"@id":"https:\/\/centrodeexcelencia.org.br\/#website"},"primaryImageOfPage":{"@id":"https:\/\/centrodeexcelencia.org.br\/evento-em-brasilia-termina-com-propostas-para-proxima-reuniao-da-coalizao-global-de-alimentacao-escolar\/#primaryimage"},"image":{"@id":"https:\/\/centrodeexcelencia.org.br\/evento-em-brasilia-termina-com-propostas-para-proxima-reuniao-da-coalizao-global-de-alimentacao-escolar\/#primaryimage"},"thumbnailUrl":"https:\/\/centrodeexcelencia.org.br\/wp-content\/uploads\/2023\/09\/20230831_WFPThiagoLustosa-scaled.jpg","datePublished":"2023-09-01T14:03:19+00:00","dateModified":"2024-10-10T21:59:28+00:00","breadcrumb":{"@id":"https:\/\/centrodeexcelencia.org.br\/evento-em-brasilia-termina-com-propostas-para-proxima-reuniao-da-coalizao-global-de-alimentacao-escolar\/#breadcrumb"},"inLanguage":"en-US","potentialAction":[{"@type":"ReadAction","target":["https:\/\/centrodeexcelencia.org.br\/evento-em-brasilia-termina-com-propostas-para-proxima-reuniao-da-coalizao-global-de-alimentacao-escolar\/"]}]},{"@type":"ImageObject","inLanguage":"en-US","@id":"https:\/\/centrodeexcelencia.org.br\/evento-em-brasilia-termina-com-propostas-para-proxima-reuniao-da-coalizao-global-de-alimentacao-escolar\/#primaryimage","url":"https:\/\/centrodeexcelencia.org.br\/wp-content\/uploads\/2023\/09\/20230831_WFPThiagoLustosa-scaled.jpg","contentUrl":"https:\/\/centrodeexcelencia.org.br\/wp-content\/uploads\/2023\/09\/20230831_WFPThiagoLustosa-scaled.jpg","width":2560,"height":1707,"caption":"WFP\/Thiago Lustosa"},{"@type":"BreadcrumbList","@id":"https:\/\/centrodeexcelencia.org.br\/evento-em-brasilia-termina-com-propostas-para-proxima-reuniao-da-coalizao-global-de-alimentacao-escolar\/#breadcrumb","itemListElement":[{"@type":"ListItem","position":1,"name":"In\u00edcio","item":"https:\/\/centrodeexcelencia.org.br\/"},{"@type":"ListItem","position":2,"name":"Evento em Bras\u00edlia termina com propostas para pr\u00f3xima reuni\u00e3o da Coaliz\u00e3o Global de Alimenta\u00e7\u00e3o Escolar"}]},{"@type":"WebSite","@id":"https:\/\/centrodeexcelencia.org.br\/#website","url":"https:\/\/centrodeexcelencia.org.br\/","name":"WFP","description":"Centre of Excellence against Hunger","publisher":{"@id":"https:\/\/centrodeexcelencia.org.br\/#organization"},"potentialAction":[{"@type":"SearchAction","target":{"@type":"EntryPoint","urlTemplate":"https:\/\/centrodeexcelencia.org.br\/?s={search_term_string}"},"query-input":{"@type":"PropertyValueSpecification","valueRequired":true,"valueName":"search_term_string"}}],"inLanguage":"en-US"},{"@type":"Organization","@id":"https:\/\/centrodeexcelencia.org.br\/#organization","name":"WFP","url":"https:\/\/centrodeexcelencia.org.br\/","logo":{"@type":"ImageObject","inLanguage":"en-US","@id":"https:\/\/centrodeexcelencia.org.br\/#\/schema\/logo\/image\/","url":"https:\/\/centrodeexcelencia.org.br\/wp-content\/uploads\/2026\/01\/Sem-titulo-1_Prancheta-1-1.png","contentUrl":"https:\/\/centrodeexcelencia.org.br\/wp-content\/uploads\/2026\/01\/Sem-titulo-1_Prancheta-1-1.png","width":259,"height":395,"caption":"WFP"},"image":{"@id":"https:\/\/centrodeexcelencia.org.br\/#\/schema\/logo\/image\/"}},{"@type":"Person","@id":"https:\/\/centrodeexcelencia.org.br\/#\/schema\/person\/08300f099291340999d9b1517a5bc2dc","name":"Ana Mascarenhas","image":{"@type":"ImageObject","inLanguage":"en-US","@id":"https:\/\/secure.gravatar.com\/avatar\/cab29c31195c1aa6966399e3d16eb9e38d5abe94a289113e78e4c519561d6131?s=96&d=mm&r=g","url":"https:\/\/secure.gravatar.com\/avatar\/cab29c31195c1aa6966399e3d16eb9e38d5abe94a289113e78e4c519561d6131?s=96&d=mm&r=g","contentUrl":"https:\/\/secure.gravatar.com\/avatar\/cab29c31195c1aa6966399e3d16eb9e38d5abe94a289113e78e4c519561d6131?s=96&d=mm&r=g","caption":"Ana Mascarenhas"},"url":"https:\/\/centrodeexcelencia.org.br\/en\/author\/ana-mascarenhas\/"}]}},"_links":{"self":[{"href":"https:\/\/centrodeexcelencia.org.br\/en\/wp-json\/wp\/v2\/posts\/26292","targetHints":{"allow":["GET"]}}],"collection":[{"href":"https:\/\/centrodeexcelencia.org.br\/en\/wp-json\/wp\/v2\/posts"}],"about":[{"href":"https:\/\/centrodeexcelencia.org.br\/en\/wp-json\/wp\/v2\/types\/post"}],"author":[{"embeddable":true,"href":"https:\/\/centrodeexcelencia.org.br\/en\/wp-json\/wp\/v2\/users\/133"}],"replies":[{"embeddable":true,"href":"https:\/\/centrodeexcelencia.org.br\/en\/wp-json\/wp\/v2\/comments?post=26292"}],"version-history":[{"count":0,"href":"https:\/\/centrodeexcelencia.org.br\/en\/wp-json\/wp\/v2\/posts\/26292\/revisions"}],"wp:featuredmedia":[{"embeddable":true,"href":"https:\/\/centrodeexcelencia.org.br\/en\/wp-json\/wp\/v2\/media\/26293"}],"wp:attachment":[{"href":"https:\/\/centrodeexcelencia.org.br\/en\/wp-json\/wp\/v2\/media?parent=26292"}],"wp:term":[{"taxonomy":"category","embeddable":true,"href":"https:\/\/centrodeexcelencia.org.br\/en\/wp-json\/wp\/v2\/categories?post=26292"},{"taxonomy":"post_tag","embeddable":true,"href":"https:\/\/centrodeexcelencia.org.br\/en\/wp-json\/wp\/v2\/tags?post=26292"}],"curies":[{"name":"wp","href":"https:\/\/api.w.org\/{rel}","templated":true}]}}