{"id":26322,"date":"2023-09-14T17:32:47","date_gmt":"2023-09-14T20:32:47","guid":{"rendered":"https:\/\/centrodeexcelencia.org.br\/?p=26322"},"modified":"2024-10-10T18:59:27","modified_gmt":"2024-10-10T21:59:27","slug":"16-de-setembro-dia-internacional-para-a-preservacao-da-camada-de-ozonio","status":"publish","type":"post","link":"https:\/\/centrodeexcelencia.org.br\/en\/16-de-setembro-dia-internacional-para-a-preservacao-da-camada-de-ozonio\/","title":{"rendered":"September 16: International Day for the Preservation of the Ozone Layer"},"content":{"rendered":"<p><figure id=\"attachment_26323\" aria-describedby=\"caption-attachment-26323\" style=\"width: 2560px\" class=\"wp-caption alignleft\"><img decoding=\"async\" class=\"size-full wp-image-26323\" src=\"https:\/\/centrodeexcelencia.org.br\/wp-content\/uploads\/2023\/09\/AdobeStock_126991141-scaled.jpeg\" alt=\"\" width=\"2560\" height=\"1120\" srcset=\"https:\/\/centrodeexcelencia.org.br\/wp-content\/uploads\/2023\/09\/AdobeStock_126991141-scaled.jpeg 2560w, https:\/\/centrodeexcelencia.org.br\/wp-content\/uploads\/2023\/09\/AdobeStock_126991141-300x131.jpeg 300w, https:\/\/centrodeexcelencia.org.br\/wp-content\/uploads\/2023\/09\/AdobeStock_126991141-1024x448.jpeg 1024w, https:\/\/centrodeexcelencia.org.br\/wp-content\/uploads\/2023\/09\/AdobeStock_126991141-768x336.jpeg 768w, https:\/\/centrodeexcelencia.org.br\/wp-content\/uploads\/2023\/09\/AdobeStock_126991141-1536x672.jpeg 1536w, https:\/\/centrodeexcelencia.org.br\/wp-content\/uploads\/2023\/09\/AdobeStock_126991141-2048x896.jpeg 2048w, https:\/\/centrodeexcelencia.org.br\/wp-content\/uploads\/2023\/09\/AdobeStock_126991141-600x263.jpeg 600w\" sizes=\"(max-width: 2560px) 100vw, 2560px\" \/><figcaption id=\"caption-attachment-26323\" class=\"wp-caption-text\"><em>Photo: Adobe Stock<\/em><\/figcaption><\/figure><\/p>\n<p>The International Day for the Preservation of the Ozone Layer was created on September 16, 1987 by the United Nations General Assembly, when 46 countries signed the international treaty in which signatories promised to replace substances capable of destroying this protection. But why is the ozone layer important and how does it relate to food production?<\/p>\n<p>The ozone layer is an atmospheric portion located between the troposphere and the stratosphere, about 20 kilometers from the Earth&#8217;s surface. With the frequent use of chlorofluorocarbons, known as CFCs, humanity has been destroying the ozone layer, contributing to the increase in ultraviolet radiation reaching the Earth&#8217;s surface. Humans are not the only ones affected by these radiation rays.<\/p>\n<p>All forms of life, including plants, could be weakened and higher levels of radiation could decrease agricultural production, which would reduce the food supply. Among the most critical consequences are a decrease in biodiversity, migration and extinction of species; loss of productivity; rising sea levels with the consequent loss of coastal regions; warming of surface waters; alteration of sea currents; loss of water quality due to the entry of sea water; extreme weather events; proliferation and emergence of new pests (epidemics and pandemics).<\/p>\n<p>The World Food Programme (WFP), thanks to the development of the global food purchasing and distribution network, has for years been making a significant contribution to minimizing the impacts caused by the destruction of the ozone layer. By promoting local purchases of food from family farms, as well as generating work and income for local farmers and distributing food to people in situations of food and nutritional insecurity, the WFP reduces the logistical flow of food transportation by stimulating short production circuits.<\/p>\n<p>In addition, the WFP Centre of Excellence against Hunger in Brazil, in partnership with the Brazilian Cooperation Agency and with the support of the Brazilian Cotton Institute, supports family cotton farmers and public institutions in African countries to link cotton by-products (seed oil, bran) and intercropped crops such as corn, sorghum and beans. The project encourages and intermediates the formation of partnerships that ensure access to stable markets and contributes to the formation of short marketing circuits, as well as promoting better use of land and water, increasing local biodiversity, reusing waste, producing food and generating work and income. Find out more about the project <a href=\"https:\/\/centrodeexcelencia.org.br\/en\/alem-do-algodao\/\">here.<\/a><\/p>","protected":false},"excerpt":{"rendered":"<p>The International Day for the Preservation of the Ozone Layer&hellip;<\/p>\n<p> <a class=\"more-link\" href=\"https:\/\/centrodeexcelencia.org.br\/en\/16-de-setembro-dia-internacional-para-a-preservacao-da-camada-de-ozonio\/\">Read more<\/a><\/p>\n","protected":false},"author":133,"featured_media":26323,"comment_status":"closed","ping_status":"open","sticky":false,"template":"","format":"standard","meta":{"_monsterinsights_skip_tracking":false,"_monsterinsights_sitenote_active":false,"_monsterinsights_sitenote_note":"","_monsterinsights_sitenote_category":0,"footnotes":""},"categories":[190,188,187],"tags":[],"class_list":{"0":"post-26322","1":"post","2":"type-post","3":"status-publish","4":"format-standard","5":"has-post-thumbnail","7":"category-alem-do-algodao-noticias","8":"category-geral-noticias","9":"category-noticias"},"yoast_head":"<!-- This site is optimized with the Yoast SEO plugin v27.3 - https:\/\/yoast.com\/product\/yoast-seo-wordpress\/ -->\n<title>September 16: International Day for the Preservation of the Ozone Layer - WFP<\/title>\n<meta name=\"robots\" content=\"index, follow, max-snippet:-1, max-image-preview:large, max-video-preview:-1\" \/>\n<link rel=\"canonical\" href=\"https:\/\/centrodeexcelencia.org.br\/16-de-setembro-dia-internacional-para-a-preservacao-da-camada-de-ozonio\/\" \/>\n<meta property=\"og:locale\" content=\"en_US\" \/>\n<meta property=\"og:type\" content=\"article\" \/>\n<meta property=\"og:title\" content=\"September 16: International Day for the Preservation of the Ozone Layer - WFP\" \/>\n<meta property=\"og:description\" content=\"The International Day for the Preservation of the Ozone Layer&hellip;  Read more\" \/>\n<meta property=\"og:url\" content=\"https:\/\/centrodeexcelencia.org.br\/16-de-setembro-dia-internacional-para-a-preservacao-da-camada-de-ozonio\/\" \/>\n<meta property=\"og:site_name\" content=\"WFP\" \/>\n<meta property=\"article:published_time\" content=\"2023-09-14T20:32:47+00:00\" \/>\n<meta property=\"article:modified_time\" content=\"2024-10-10T21:59:27+00:00\" \/>\n<meta property=\"og:image\" content=\"https:\/\/centrodeexcelencia.org.br\/wp-content\/uploads\/2023\/09\/AdobeStock_126991141-scaled.jpeg\" \/>\n\t<meta property=\"og:image:width\" content=\"2560\" \/>\n\t<meta property=\"og:image:height\" content=\"1120\" \/>\n\t<meta property=\"og:image:type\" content=\"image\/jpeg\" \/>\n<meta name=\"author\" content=\"Ana Mascarenhas\" \/>\n<meta name=\"twitter:card\" content=\"summary_large_image\" \/>\n<meta name=\"twitter:label1\" content=\"Written by\" \/>\n\t<meta name=\"twitter:data1\" content=\"Ana Mascarenhas\" \/>\n\t<meta name=\"twitter:label2\" content=\"Est. reading time\" \/>\n\t<meta name=\"twitter:data2\" content=\"3 minutes\" \/>\n<script type=\"application\/ld+json\" class=\"yoast-schema-graph\">{\"@context\":\"https:\\\/\\\/schema.org\",\"@graph\":[{\"@type\":\"Article\",\"@id\":\"https:\\\/\\\/centrodeexcelencia.org.br\\\/16-de-setembro-dia-internacional-para-a-preservacao-da-camada-de-ozonio\\\/#article\",\"isPartOf\":{\"@id\":\"https:\\\/\\\/centrodeexcelencia.org.br\\\/16-de-setembro-dia-internacional-para-a-preservacao-da-camada-de-ozonio\\\/\"},\"author\":{\"name\":\"Ana Mascarenhas\",\"@id\":\"https:\\\/\\\/centrodeexcelencia.org.br\\\/#\\\/schema\\\/person\\\/08300f099291340999d9b1517a5bc2dc\"},\"headline\":\"September 16: International Day for the Preservation of the Ozone Layer\",\"datePublished\":\"2023-09-14T20:32:47+00:00\",\"dateModified\":\"2024-10-10T21:59:27+00:00\",\"mainEntityOfPage\":{\"@id\":\"https:\\\/\\\/centrodeexcelencia.org.br\\\/16-de-setembro-dia-internacional-para-a-preservacao-da-camada-de-ozonio\\\/\"},\"wordCount\":899,\"publisher\":{\"@id\":\"https:\\\/\\\/centrodeexcelencia.org.br\\\/#organization\"},\"image\":{\"@id\":\"https:\\\/\\\/centrodeexcelencia.org.br\\\/16-de-setembro-dia-internacional-para-a-preservacao-da-camada-de-ozonio\\\/#primaryimage\"},\"thumbnailUrl\":\"https:\\\/\\\/centrodeexcelencia.org.br\\\/wp-content\\\/uploads\\\/2023\\\/09\\\/AdobeStock_126991141-scaled.jpeg\",\"articleSection\":[\"Beyond Cotton\",\"General\",\"News\"],\"inLanguage\":\"en-US\"},{\"@type\":\"WebPage\",\"@id\":\"https:\\\/\\\/centrodeexcelencia.org.br\\\/16-de-setembro-dia-internacional-para-a-preservacao-da-camada-de-ozonio\\\/\",\"url\":\"https:\\\/\\\/centrodeexcelencia.org.br\\\/16-de-setembro-dia-internacional-para-a-preservacao-da-camada-de-ozonio\\\/\",\"name\":\"September 16: International Day for the Preservation of the Ozone Layer - WFP\",\"isPartOf\":{\"@id\":\"https:\\\/\\\/centrodeexcelencia.org.br\\\/#website\"},\"primaryImageOfPage\":{\"@id\":\"https:\\\/\\\/centrodeexcelencia.org.br\\\/16-de-setembro-dia-internacional-para-a-preservacao-da-camada-de-ozonio\\\/#primaryimage\"},\"image\":{\"@id\":\"https:\\\/\\\/centrodeexcelencia.org.br\\\/16-de-setembro-dia-internacional-para-a-preservacao-da-camada-de-ozonio\\\/#primaryimage\"},\"thumbnailUrl\":\"https:\\\/\\\/centrodeexcelencia.org.br\\\/wp-content\\\/uploads\\\/2023\\\/09\\\/AdobeStock_126991141-scaled.jpeg\",\"datePublished\":\"2023-09-14T20:32:47+00:00\",\"dateModified\":\"2024-10-10T21:59:27+00:00\",\"breadcrumb\":{\"@id\":\"https:\\\/\\\/centrodeexcelencia.org.br\\\/16-de-setembro-dia-internacional-para-a-preservacao-da-camada-de-ozonio\\\/#breadcrumb\"},\"inLanguage\":\"en-US\",\"potentialAction\":[{\"@type\":\"ReadAction\",\"target\":[\"https:\\\/\\\/centrodeexcelencia.org.br\\\/16-de-setembro-dia-internacional-para-a-preservacao-da-camada-de-ozonio\\\/\"]}]},{\"@type\":\"ImageObject\",\"inLanguage\":\"en-US\",\"@id\":\"https:\\\/\\\/centrodeexcelencia.org.br\\\/16-de-setembro-dia-internacional-para-a-preservacao-da-camada-de-ozonio\\\/#primaryimage\",\"url\":\"https:\\\/\\\/centrodeexcelencia.org.br\\\/wp-content\\\/uploads\\\/2023\\\/09\\\/AdobeStock_126991141-scaled.jpeg\",\"contentUrl\":\"https:\\\/\\\/centrodeexcelencia.org.br\\\/wp-content\\\/uploads\\\/2023\\\/09\\\/AdobeStock_126991141-scaled.jpeg\",\"width\":2560,\"height\":1120,\"caption\":\"Photo: Adobe Stock\"},{\"@type\":\"BreadcrumbList\",\"@id\":\"https:\\\/\\\/centrodeexcelencia.org.br\\\/16-de-setembro-dia-internacional-para-a-preservacao-da-camada-de-ozonio\\\/#breadcrumb\",\"itemListElement\":[{\"@type\":\"ListItem\",\"position\":1,\"name\":\"In\u00edcio\",\"item\":\"https:\\\/\\\/centrodeexcelencia.org.br\\\/\"},{\"@type\":\"ListItem\",\"position\":2,\"name\":\"16 de setembro: Dia Internacional para a Preserva\u00e7\u00e3o da Camada de Oz\u00f4nio\"}]},{\"@type\":\"WebSite\",\"@id\":\"https:\\\/\\\/centrodeexcelencia.org.br\\\/#website\",\"url\":\"https:\\\/\\\/centrodeexcelencia.org.br\\\/\",\"name\":\"WFP\",\"description\":\"Centre of Excellence against Hunger\",\"publisher\":{\"@id\":\"https:\\\/\\\/centrodeexcelencia.org.br\\\/#organization\"},\"potentialAction\":[{\"@type\":\"SearchAction\",\"target\":{\"@type\":\"EntryPoint\",\"urlTemplate\":\"https:\\\/\\\/centrodeexcelencia.org.br\\\/?s={search_term_string}\"},\"query-input\":{\"@type\":\"PropertyValueSpecification\",\"valueRequired\":true,\"valueName\":\"search_term_string\"}}],\"inLanguage\":\"en-US\"},{\"@type\":\"Organization\",\"@id\":\"https:\\\/\\\/centrodeexcelencia.org.br\\\/#organization\",\"name\":\"WFP\",\"url\":\"https:\\\/\\\/centrodeexcelencia.org.br\\\/\",\"logo\":{\"@type\":\"ImageObject\",\"inLanguage\":\"en-US\",\"@id\":\"https:\\\/\\\/centrodeexcelencia.org.br\\\/#\\\/schema\\\/logo\\\/image\\\/\",\"url\":\"https:\\\/\\\/centrodeexcelencia.org.br\\\/wp-content\\\/uploads\\\/2026\\\/01\\\/Sem-titulo-1_Prancheta-1-1.png\",\"contentUrl\":\"https:\\\/\\\/centrodeexcelencia.org.br\\\/wp-content\\\/uploads\\\/2026\\\/01\\\/Sem-titulo-1_Prancheta-1-1.png\",\"width\":259,\"height\":395,\"caption\":\"WFP\"},\"image\":{\"@id\":\"https:\\\/\\\/centrodeexcelencia.org.br\\\/#\\\/schema\\\/logo\\\/image\\\/\"}},{\"@type\":\"Person\",\"@id\":\"https:\\\/\\\/centrodeexcelencia.org.br\\\/#\\\/schema\\\/person\\\/08300f099291340999d9b1517a5bc2dc\",\"name\":\"Ana Mascarenhas\",\"image\":{\"@type\":\"ImageObject\",\"inLanguage\":\"en-US\",\"@id\":\"https:\\\/\\\/secure.gravatar.com\\\/avatar\\\/cab29c31195c1aa6966399e3d16eb9e38d5abe94a289113e78e4c519561d6131?s=96&d=mm&r=g\",\"url\":\"https:\\\/\\\/secure.gravatar.com\\\/avatar\\\/cab29c31195c1aa6966399e3d16eb9e38d5abe94a289113e78e4c519561d6131?s=96&d=mm&r=g\",\"contentUrl\":\"https:\\\/\\\/secure.gravatar.com\\\/avatar\\\/cab29c31195c1aa6966399e3d16eb9e38d5abe94a289113e78e4c519561d6131?s=96&d=mm&r=g\",\"caption\":\"Ana Mascarenhas\"},\"url\":\"https:\\\/\\\/centrodeexcelencia.org.br\\\/en\\\/author\\\/ana-mascarenhas\\\/\"}]}<\/script>\n<!-- \/ Yoast SEO plugin. -->","yoast_head_json":{"title":"September 16: International Day for the Preservation of the Ozone Layer - WFP","robots":{"index":"index","follow":"follow","max-snippet":"max-snippet:-1","max-image-preview":"max-image-preview:large","max-video-preview":"max-video-preview:-1"},"canonical":"https:\/\/centrodeexcelencia.org.br\/16-de-setembro-dia-internacional-para-a-preservacao-da-camada-de-ozonio\/","og_locale":"en_US","og_type":"article","og_title":"September 16: International Day for the Preservation of the Ozone Layer - WFP","og_description":"The International Day for the Preservation of the Ozone Layer&hellip;  Read more","og_url":"https:\/\/centrodeexcelencia.org.br\/16-de-setembro-dia-internacional-para-a-preservacao-da-camada-de-ozonio\/","og_site_name":"WFP","article_published_time":"2023-09-14T20:32:47+00:00","article_modified_time":"2024-10-10T21:59:27+00:00","og_image":[{"width":2560,"height":1120,"url":"https:\/\/centrodeexcelencia.org.br\/wp-content\/uploads\/2023\/09\/AdobeStock_126991141-scaled.jpeg","type":"image\/jpeg"}],"author":"Ana Mascarenhas","twitter_card":"summary_large_image","twitter_misc":{"Written by":"Ana Mascarenhas","Est. reading time":"3 minutes"},"schema":{"@context":"https:\/\/schema.org","@graph":[{"@type":"Article","@id":"https:\/\/centrodeexcelencia.org.br\/16-de-setembro-dia-internacional-para-a-preservacao-da-camada-de-ozonio\/#article","isPartOf":{"@id":"https:\/\/centrodeexcelencia.org.br\/16-de-setembro-dia-internacional-para-a-preservacao-da-camada-de-ozonio\/"},"author":{"name":"Ana Mascarenhas","@id":"https:\/\/centrodeexcelencia.org.br\/#\/schema\/person\/08300f099291340999d9b1517a5bc2dc"},"headline":"September 16: International Day for the Preservation of the Ozone Layer","datePublished":"2023-09-14T20:32:47+00:00","dateModified":"2024-10-10T21:59:27+00:00","mainEntityOfPage":{"@id":"https:\/\/centrodeexcelencia.org.br\/16-de-setembro-dia-internacional-para-a-preservacao-da-camada-de-ozonio\/"},"wordCount":899,"publisher":{"@id":"https:\/\/centrodeexcelencia.org.br\/#organization"},"image":{"@id":"https:\/\/centrodeexcelencia.org.br\/16-de-setembro-dia-internacional-para-a-preservacao-da-camada-de-ozonio\/#primaryimage"},"thumbnailUrl":"https:\/\/centrodeexcelencia.org.br\/wp-content\/uploads\/2023\/09\/AdobeStock_126991141-scaled.jpeg","articleSection":["Beyond Cotton","General","News"],"inLanguage":"en-US"},{"@type":"WebPage","@id":"https:\/\/centrodeexcelencia.org.br\/16-de-setembro-dia-internacional-para-a-preservacao-da-camada-de-ozonio\/","url":"https:\/\/centrodeexcelencia.org.br\/16-de-setembro-dia-internacional-para-a-preservacao-da-camada-de-ozonio\/","name":"September 16: International Day for the Preservation of the Ozone Layer - WFP","isPartOf":{"@id":"https:\/\/centrodeexcelencia.org.br\/#website"},"primaryImageOfPage":{"@id":"https:\/\/centrodeexcelencia.org.br\/16-de-setembro-dia-internacional-para-a-preservacao-da-camada-de-ozonio\/#primaryimage"},"image":{"@id":"https:\/\/centrodeexcelencia.org.br\/16-de-setembro-dia-internacional-para-a-preservacao-da-camada-de-ozonio\/#primaryimage"},"thumbnailUrl":"https:\/\/centrodeexcelencia.org.br\/wp-content\/uploads\/2023\/09\/AdobeStock_126991141-scaled.jpeg","datePublished":"2023-09-14T20:32:47+00:00","dateModified":"2024-10-10T21:59:27+00:00","breadcrumb":{"@id":"https:\/\/centrodeexcelencia.org.br\/16-de-setembro-dia-internacional-para-a-preservacao-da-camada-de-ozonio\/#breadcrumb"},"inLanguage":"en-US","potentialAction":[{"@type":"ReadAction","target":["https:\/\/centrodeexcelencia.org.br\/16-de-setembro-dia-internacional-para-a-preservacao-da-camada-de-ozonio\/"]}]},{"@type":"ImageObject","inLanguage":"en-US","@id":"https:\/\/centrodeexcelencia.org.br\/16-de-setembro-dia-internacional-para-a-preservacao-da-camada-de-ozonio\/#primaryimage","url":"https:\/\/centrodeexcelencia.org.br\/wp-content\/uploads\/2023\/09\/AdobeStock_126991141-scaled.jpeg","contentUrl":"https:\/\/centrodeexcelencia.org.br\/wp-content\/uploads\/2023\/09\/AdobeStock_126991141-scaled.jpeg","width":2560,"height":1120,"caption":"Photo: Adobe Stock"},{"@type":"BreadcrumbList","@id":"https:\/\/centrodeexcelencia.org.br\/16-de-setembro-dia-internacional-para-a-preservacao-da-camada-de-ozonio\/#breadcrumb","itemListElement":[{"@type":"ListItem","position":1,"name":"In\u00edcio","item":"https:\/\/centrodeexcelencia.org.br\/"},{"@type":"ListItem","position":2,"name":"16 de setembro: Dia Internacional para a Preserva\u00e7\u00e3o da Camada de Oz\u00f4nio"}]},{"@type":"WebSite","@id":"https:\/\/centrodeexcelencia.org.br\/#website","url":"https:\/\/centrodeexcelencia.org.br\/","name":"WFP","description":"Centre of Excellence against Hunger","publisher":{"@id":"https:\/\/centrodeexcelencia.org.br\/#organization"},"potentialAction":[{"@type":"SearchAction","target":{"@type":"EntryPoint","urlTemplate":"https:\/\/centrodeexcelencia.org.br\/?s={search_term_string}"},"query-input":{"@type":"PropertyValueSpecification","valueRequired":true,"valueName":"search_term_string"}}],"inLanguage":"en-US"},{"@type":"Organization","@id":"https:\/\/centrodeexcelencia.org.br\/#organization","name":"WFP","url":"https:\/\/centrodeexcelencia.org.br\/","logo":{"@type":"ImageObject","inLanguage":"en-US","@id":"https:\/\/centrodeexcelencia.org.br\/#\/schema\/logo\/image\/","url":"https:\/\/centrodeexcelencia.org.br\/wp-content\/uploads\/2026\/01\/Sem-titulo-1_Prancheta-1-1.png","contentUrl":"https:\/\/centrodeexcelencia.org.br\/wp-content\/uploads\/2026\/01\/Sem-titulo-1_Prancheta-1-1.png","width":259,"height":395,"caption":"WFP"},"image":{"@id":"https:\/\/centrodeexcelencia.org.br\/#\/schema\/logo\/image\/"}},{"@type":"Person","@id":"https:\/\/centrodeexcelencia.org.br\/#\/schema\/person\/08300f099291340999d9b1517a5bc2dc","name":"Ana Mascarenhas","image":{"@type":"ImageObject","inLanguage":"en-US","@id":"https:\/\/secure.gravatar.com\/avatar\/cab29c31195c1aa6966399e3d16eb9e38d5abe94a289113e78e4c519561d6131?s=96&d=mm&r=g","url":"https:\/\/secure.gravatar.com\/avatar\/cab29c31195c1aa6966399e3d16eb9e38d5abe94a289113e78e4c519561d6131?s=96&d=mm&r=g","contentUrl":"https:\/\/secure.gravatar.com\/avatar\/cab29c31195c1aa6966399e3d16eb9e38d5abe94a289113e78e4c519561d6131?s=96&d=mm&r=g","caption":"Ana Mascarenhas"},"url":"https:\/\/centrodeexcelencia.org.br\/en\/author\/ana-mascarenhas\/"}]}},"_links":{"self":[{"href":"https:\/\/centrodeexcelencia.org.br\/en\/wp-json\/wp\/v2\/posts\/26322","targetHints":{"allow":["GET"]}}],"collection":[{"href":"https:\/\/centrodeexcelencia.org.br\/en\/wp-json\/wp\/v2\/posts"}],"about":[{"href":"https:\/\/centrodeexcelencia.org.br\/en\/wp-json\/wp\/v2\/types\/post"}],"author":[{"embeddable":true,"href":"https:\/\/centrodeexcelencia.org.br\/en\/wp-json\/wp\/v2\/users\/133"}],"replies":[{"embeddable":true,"href":"https:\/\/centrodeexcelencia.org.br\/en\/wp-json\/wp\/v2\/comments?post=26322"}],"version-history":[{"count":0,"href":"https:\/\/centrodeexcelencia.org.br\/en\/wp-json\/wp\/v2\/posts\/26322\/revisions"}],"wp:featuredmedia":[{"embeddable":true,"href":"https:\/\/centrodeexcelencia.org.br\/en\/wp-json\/wp\/v2\/media\/26323"}],"wp:attachment":[{"href":"https:\/\/centrodeexcelencia.org.br\/en\/wp-json\/wp\/v2\/media?parent=26322"}],"wp:term":[{"taxonomy":"category","embeddable":true,"href":"https:\/\/centrodeexcelencia.org.br\/en\/wp-json\/wp\/v2\/categories?post=26322"},{"taxonomy":"post_tag","embeddable":true,"href":"https:\/\/centrodeexcelencia.org.br\/en\/wp-json\/wp\/v2\/tags?post=26322"}],"curies":[{"name":"wp","href":"https:\/\/api.w.org\/{rel}","templated":true}]}}