{"id":27466,"date":"2024-05-16T15:27:22","date_gmt":"2024-05-16T18:27:22","guid":{"rendered":"https:\/\/centrodeexcelencia.org.br\/?p=27466"},"modified":"2024-11-22T11:18:38","modified_gmt":"2024-11-22T14:18:38","slug":"projeto-sementes-para-o-amanha-fortalecimento-da-agricultura-local-e-alimentacao-escolar-na-republica-do-congo","status":"publish","type":"post","link":"https:\/\/centrodeexcelencia.org.br\/en\/projeto-sementes-para-o-amanha-fortalecimento-da-agricultura-local-e-alimentacao-escolar-na-republica-do-congo\/","title":{"rendered":"Seeds for Tomorrow Project: Strengthening Local Agriculture and School Feeding in the Republic of Congo"},"content":{"rendered":"<p><\/p>\n<p style=\"text-align: center;\"><img fetchpriority=\"high\" decoding=\"async\" class=\"alignnone size-large wp-image-27467\" src=\"https:\/\/centrodeexcelencia.org.br\/wp-content\/uploads\/2024\/05\/20240510_113701-1024x768.jpg\" alt=\"\" width=\"800\" height=\"600\" srcset=\"https:\/\/centrodeexcelencia.org.br\/wp-content\/uploads\/2024\/05\/20240510_113701-1024x768.jpg 1024w, https:\/\/centrodeexcelencia.org.br\/wp-content\/uploads\/2024\/05\/20240510_113701-300x225.jpg 300w, https:\/\/centrodeexcelencia.org.br\/wp-content\/uploads\/2024\/05\/20240510_113701-768x576.jpg 768w, https:\/\/centrodeexcelencia.org.br\/wp-content\/uploads\/2024\/05\/20240510_113701-1536x1152.jpg 1536w, https:\/\/centrodeexcelencia.org.br\/wp-content\/uploads\/2024\/05\/20240510_113701-600x450.jpg 600w, https:\/\/centrodeexcelencia.org.br\/wp-content\/uploads\/2024\/05\/20240510_113701.jpg 2048w\" sizes=\"(max-width: 800px) 100vw, 800px\" \/><em><span class=\"NormalTextRun SCXW108211831 BCX0\">Mbemba<\/span> <span class=\"NormalTextRun SpellingErrorV2Themed SCXW108211831 BCX0\">Mahoungou<\/span><span class=\"NormalTextRun SCXW108211831 BCX0\"> School in <\/span><span class=\"NormalTextRun SpellingErrorV2Themed SCXW108211831 BCX0\">Mindouli<\/span><span class=\"NormalTextRun SCXW108211831 BCX0\">, in the Pool department. \u00a9 WFP\/Gabriel Specht<\/span><\/em><\/p>\n<p><em><span class=\"NormalTextRun SCXW108211831 BCX0\">\u00a0<\/span><\/em><\/p>\n<p><span data-contrast=\"none\">Between May 6th and 14th, the Seeds for Tomorrow, also known as <\/span><span data-contrast=\"auto\">\u2018<\/span><i><span data-contrast=\"auto\">Enhancing Family Farmers access to local markets in the Republic of Congo through South-South Cooperation\u2019,<\/span><\/i><span data-contrast=\"none\"> project team embarked on a pivotal mission across the Republic of Congo, targeting the departments of Bouenza, Pool, and Plateaux. This initiative, aimed at enhancing family farmers&#8217; access to local markets through South-South cooperation, seeks to bridge the gap between local agricultural production and school feeding programmes.<\/span><span data-ccp-props=\"{&quot;201341983&quot;:0,&quot;335551550&quot;:6,&quot;335551620&quot;:6,&quot;335557856&quot;:16777215,&quot;335559739&quot;:0,&quot;335559740&quot;:276}\">\u00a0<\/span><\/p>\n<p><span data-contrast=\"none\">The mission&#8217;s primary goal was to visit 10 schools and 10 producer groups, all pre-identified for the implementation of homegrown school feeding. Throughout their journey, the team engaged in comprehensive assessments to identify challenges and opportunities in connecting local farms with school feeding initiatives.<\/span><span data-ccp-props=\"{&quot;201341983&quot;:0,&quot;335551550&quot;:6,&quot;335551620&quot;:6,&quot;335557856&quot;:16777215,&quot;335559739&quot;:0,&quot;335559740&quot;:276}\">\u00a0<\/span><\/p>\n<p><b><span data-contrast=\"none\">Connecting Communities: Conversations and Collaborations<\/span><\/b><span data-ccp-props=\"{&quot;201341983&quot;:0,&quot;335551550&quot;:6,&quot;335551620&quot;:6,&quot;335557856&quot;:16777215,&quot;335559739&quot;:0,&quot;335559740&quot;:276}\"><br \/>\n<\/span><span data-ccp-props=\"{&quot;335551550&quot;:1,&quot;335551620&quot;:1}\"><span class=\"TextRun SCXW76826403 BCX0\" lang=\"EN-GB\" xml:lang=\"EN-GB\" data-contrast=\"none\"><span class=\"NormalTextRun SCXW76826403 BCX0\">During the visits, the Seeds for Tomorrow team held meaningful discussions with community representatives, including local authorities, technical staff, inspectors, school principals, and producer group representatives. These conversations were crucial in understanding the unique dynamics of each region and tailoring the project&#8217;s implementation to meet local needs effectively.<\/span><\/span> <\/span><\/p>\n<p><img decoding=\"async\" class=\"alignleft wp-image-27468\" src=\"https:\/\/centrodeexcelencia.org.br\/wp-content\/uploads\/2024\/05\/IMG_0495-768x1024.jpg\" alt=\"\" width=\"266\" height=\"354\" \/><\/p>\n<p><span class=\"NormalTextRun SCXW231716296 BCX0\">In <\/span><span class=\"NormalTextRun SpellingErrorV2Themed SCXW231716296 BCX0\">Mindouli<\/span><span class=\"NormalTextRun SCXW231716296 BCX0\">, <\/span><span class=\"NormalTextRun SCXW231716296 BCX0\">located<\/span><span class=\"NormalTextRun SCXW231716296 BCX0\"> in the Pool district, local smallholder farmer Franco Dennis <\/span><span class=\"NormalTextRun SpellingErrorV2Themed SCXW231716296 BCX0\">Nkuka<\/span><span class=\"NormalTextRun SCXW231716296 BCX0\"> shared his enthusiasm for the project, <\/span><span class=\"NormalTextRun SCXW231716296 BCX0\">stating<\/span><span class=\"NormalTextRun SCXW231716296 BCX0\">, &#8220;The implementation of this project will be a real opportunity for us. <\/span><span class=\"NormalTextRun AdvancedProofingIssueV2Themed SCXW231716296 BCX0\">We will be able to sell our vegetables locally and to schools where children will eat locally produced food.<\/span><span class=\"NormalTextRun SCXW231716296 BCX0\"> And when you produce a good product, the demand for supply can also increase.&#8221; His words underscore the potential for local farmers to thrive while contributing to the nourishment of schoolchildren<\/span><span class=\"NormalTextRun SCXW231716296 BCX0\">.<\/span><span class=\"NormalTextRun SCXW231716296 BCX0\">\u00a0\u00a0<\/span><span class=\"NormalTextRun SCXW231716296 BCX0\">\u00a0 \u00a0\u00a0<\/span><\/p>\n<p>&nbsp;<\/p>\n<p>&nbsp;<\/p>\n<p><i><span data-contrast=\"none\">Franco Dennis Nkuka \u00a9WFP\/Nadia Goodman<\/span><\/i><span data-ccp-props=\"{&quot;201341983&quot;:0,&quot;335551550&quot;:6,&quot;335551620&quot;:6,&quot;335557856&quot;:16777215,&quot;335559739&quot;:0,&quot;335559740&quot;:276}\">\u00a0<\/span><\/p>\n<p><b><span data-contrast=\"none\">Strategic Selection and Criteria<\/span><\/b><span data-ccp-props=\"{&quot;201341983&quot;:0,&quot;335551550&quot;:6,&quot;335551620&quot;:6,&quot;335557856&quot;:16777215,&quot;335559739&quot;:0,&quot;335559740&quot;:276}\"><br \/>\n<\/span><span data-contrast=\"none\">The selection of schools and smallholder farmers follows specific criteria established during the Technical Committee meeting in March 2024. These criteria include the proximity between schools and producers, the productivity of the groups, and the diversity of school locations, encompassing urban, rural, and peri-urban areas. This strategic approach ensures that the project&#8217;s benefits are widespread and inclusive.<\/span><span data-ccp-props=\"{&quot;201341983&quot;:0,&quot;335551550&quot;:6,&quot;335551620&quot;:6,&quot;335557856&quot;:16777215,&quot;335559739&quot;:0,&quot;335559740&quot;:276}\">\u00a0<\/span><\/p>\n<p><b><span data-contrast=\"none\">About the Seeds for Tomorrow Project<\/span><\/b><span data-ccp-props=\"{&quot;201341983&quot;:0,&quot;335551550&quot;:6,&quot;335551620&quot;:6,&quot;335557856&quot;:16777215,&quot;335559739&quot;:0,&quot;335559740&quot;:276}\"><br \/>\n<\/span><span data-contrast=\"none\">Launched in September 2023, the Seeds for Tomorrow project is a collaborative effort spearheaded by the Centre of Excellence against Hunger of the World Food Programme (WFP) in Brazil and WFP Congo. It partners with the Government of the Republic of Congo, the Government of Brazil, and the United Nations Office for South-South Cooperation (UNOSSC). The project is financed by India, Brazil, and South Africa Fund for Poverty and Hunger Alleviation (IBSA Fund).<\/span><span data-ccp-props=\"{&quot;201341983&quot;:0,&quot;335551550&quot;:6,&quot;335551620&quot;:6,&quot;335557856&quot;:16777215,&quot;335559739&quot;:0,&quot;335559740&quot;:276}\">\u00a0<\/span><\/p>\n<p><span data-ccp-props=\"{&quot;201341983&quot;:0,&quot;335551550&quot;:6,&quot;335551620&quot;:6,&quot;335557856&quot;:16777215,&quot;335559739&quot;:0,&quot;335559740&quot;:276}\">\u00a0<\/span><span data-contrast=\"none\">The primary aim of the project is to share with the Ministry of Agriculture, Livestock, and Fisheries (MAEP) and the Ministry of Preschool, Primary, Secondary, and Literacy Education (MEPPSA) to leverage knowledge and innovations from Brazil and other IBSA partners. By integrating these insights into family farming and school feeding programs, the project seeks to enhance food security and educational outcomes in the Republic of Congo.<\/span><span data-ccp-props=\"{&quot;201341983&quot;:0,&quot;335551550&quot;:6,&quot;335551620&quot;:6,&quot;335557856&quot;:16777215,&quot;335559739&quot;:0,&quot;335559740&quot;:276}\">\u00a0<\/span><\/p>\n<p><span data-ccp-props=\"{&quot;201341983&quot;:0,&quot;335551550&quot;:6,&quot;335551620&quot;:6,&quot;335557856&quot;:16777215,&quot;335559739&quot;:0,&quot;335559740&quot;:276}\">\u00a0<\/span><span data-contrast=\"none\">Over the course of two years, the project will focus on the departments of Bouenza, Plateaux, and Pool. It will involve institutional strengthening of relevant ministries and extensive training for family farmer cooperatives and schools.<\/span><span data-ccp-props=\"{&quot;201341983&quot;:0,&quot;335551550&quot;:6,&quot;335551620&quot;:6,&quot;335557856&quot;:16777215,&quot;335559739&quot;:0,&quot;335559740&quot;:276}\">\u00a0<\/span><\/p>\n<p><span data-ccp-props=\"{&quot;201341983&quot;:0,&quot;335551550&quot;:6,&quot;335551620&quot;:6,&quot;335557856&quot;:16777215,&quot;335559739&quot;:0,&quot;335559740&quot;:276}\">\u00a0<\/span><b><span data-contrast=\"none\">Looking Ahead<\/span><\/b><span data-ccp-props=\"{&quot;201341983&quot;:0,&quot;335551550&quot;:6,&quot;335551620&quot;:6,&quot;335557856&quot;:16777215,&quot;335559739&quot;:0,&quot;335559740&quot;:276}\"><br \/>\n<\/span><span data-ccp-props=\"{&quot;201341983&quot;:0,&quot;335551550&quot;:6,&quot;335551620&quot;:6,&quot;335557856&quot;:16777215,&quot;335559739&quot;:0,&quot;335559740&quot;:276}\">\u00a0<\/span><span data-contrast=\"none\">As Seeds for Tomorrow progresses, it promises to transform local agricultural landscapes and school feeding programmes in the Republic of Congo. By fostering strong links between local farmers and schools, the project aims to create a sustainable model that not only boosts local economies but also ensures that children receive nutritious, locally produced food. The journey has just begun, and the Seeds for Tomorrow project stands as a beacon of hope and progress for communities across the Republic of Congo.<\/span><span data-ccp-props=\"{&quot;201341983&quot;:0,&quot;335551550&quot;:6,&quot;335551620&quot;:6,&quot;335557856&quot;:16777215,&quot;335559739&quot;:0,&quot;335559740&quot;:276}\">\u00a0<\/span><\/p>","protected":false},"excerpt":{"rendered":"<p>Mbemba Mahoungou School in Mindouli, in the Pool department. \u00a9&hellip;<\/p>\n<p> <a class=\"more-link\" href=\"https:\/\/centrodeexcelencia.org.br\/en\/projeto-sementes-para-o-amanha-fortalecimento-da-agricultura-local-e-alimentacao-escolar-na-republica-do-congo\/\">Read more<\/a><\/p>\n","protected":false},"author":187,"featured_media":27467,"comment_status":"closed","ping_status":"open","sticky":false,"template":"","format":"standard","meta":{"_monsterinsights_skip_tracking":false,"_monsterinsights_sitenote_active":false,"_monsterinsights_sitenote_note":"","_monsterinsights_sitenote_category":0,"footnotes":""},"categories":[187,341],"tags":[329],"class_list":{"0":"post-27466","1":"post","2":"type-post","3":"status-publish","4":"format-standard","5":"has-post-thumbnail","7":"category-noticias","8":"category-sft","9":"tag-ibsa"},"yoast_head":"<!-- This site is optimized with the Yoast SEO plugin v27.3 - https:\/\/yoast.com\/product\/yoast-seo-wordpress\/ -->\n<title>Seeds for Tomorrow Project: Strengthening Local Agriculture and School Feeding in the Republic of Congo - WFP<\/title>\n<meta name=\"robots\" content=\"index, follow, max-snippet:-1, max-image-preview:large, max-video-preview:-1\" \/>\n<link rel=\"canonical\" href=\"https:\/\/centrodeexcelencia.org.br\/projeto-sementes-para-o-amanha-fortalecimento-da-agricultura-local-e-alimentacao-escolar-na-republica-do-congo\/\" \/>\n<meta property=\"og:locale\" content=\"en_US\" \/>\n<meta property=\"og:type\" content=\"article\" \/>\n<meta property=\"og:title\" content=\"Seeds for Tomorrow Project: Strengthening Local Agriculture and School Feeding in the Republic of Congo - WFP\" \/>\n<meta property=\"og:description\" content=\"Mbemba Mahoungou School in Mindouli, in the Pool department. \u00a9&hellip;  Read more\" \/>\n<meta property=\"og:url\" content=\"https:\/\/centrodeexcelencia.org.br\/projeto-sementes-para-o-amanha-fortalecimento-da-agricultura-local-e-alimentacao-escolar-na-republica-do-congo\/\" \/>\n<meta property=\"og:site_name\" content=\"WFP\" \/>\n<meta property=\"article:published_time\" content=\"2024-05-16T18:27:22+00:00\" \/>\n<meta property=\"article:modified_time\" content=\"2024-11-22T14:18:38+00:00\" \/>\n<meta property=\"og:image\" content=\"https:\/\/centrodeexcelencia.org.br\/wp-content\/uploads\/2024\/05\/20240510_113701-1024x768.jpg\" \/>\n\t<meta property=\"og:image:width\" content=\"1024\" \/>\n\t<meta property=\"og:image:height\" content=\"768\" \/>\n\t<meta property=\"og:image:type\" content=\"image\/jpeg\" \/>\n<meta name=\"author\" content=\"Maria Clara Franco\" \/>\n<meta name=\"twitter:card\" content=\"summary_large_image\" \/>\n<meta name=\"twitter:label1\" content=\"Written by\" \/>\n\t<meta name=\"twitter:data1\" content=\"Maria Clara Franco\" \/>\n\t<meta name=\"twitter:label2\" content=\"Est. reading time\" \/>\n\t<meta name=\"twitter:data2\" content=\"7 minutes\" \/>\n<script type=\"application\/ld+json\" class=\"yoast-schema-graph\">{\"@context\":\"https:\\\/\\\/schema.org\",\"@graph\":[{\"@type\":\"Article\",\"@id\":\"https:\\\/\\\/centrodeexcelencia.org.br\\\/projeto-sementes-para-o-amanha-fortalecimento-da-agricultura-local-e-alimentacao-escolar-na-republica-do-congo\\\/#article\",\"isPartOf\":{\"@id\":\"https:\\\/\\\/centrodeexcelencia.org.br\\\/projeto-sementes-para-o-amanha-fortalecimento-da-agricultura-local-e-alimentacao-escolar-na-republica-do-congo\\\/\"},\"author\":{\"name\":\"Maria Clara Franco\",\"@id\":\"https:\\\/\\\/centrodeexcelencia.org.br\\\/#\\\/schema\\\/person\\\/626fcfd94c49053062937868dbb17543\"},\"headline\":\"Seeds for Tomorrow Project: Strengthening Local Agriculture and School Feeding in the Republic of Congo\",\"datePublished\":\"2024-05-16T18:27:22+00:00\",\"dateModified\":\"2024-11-22T14:18:38+00:00\",\"mainEntityOfPage\":{\"@id\":\"https:\\\/\\\/centrodeexcelencia.org.br\\\/projeto-sementes-para-o-amanha-fortalecimento-da-agricultura-local-e-alimentacao-escolar-na-republica-do-congo\\\/\"},\"wordCount\":1346,\"publisher\":{\"@id\":\"https:\\\/\\\/centrodeexcelencia.org.br\\\/#organization\"},\"image\":{\"@id\":\"https:\\\/\\\/centrodeexcelencia.org.br\\\/projeto-sementes-para-o-amanha-fortalecimento-da-agricultura-local-e-alimentacao-escolar-na-republica-do-congo\\\/#primaryimage\"},\"thumbnailUrl\":\"https:\\\/\\\/centrodeexcelencia.org.br\\\/wp-content\\\/uploads\\\/2024\\\/05\\\/20240510_113701.jpg\",\"keywords\":[\"IBSA\"],\"articleSection\":[\"News\",\"\"],\"inLanguage\":\"en-US\"},{\"@type\":\"WebPage\",\"@id\":\"https:\\\/\\\/centrodeexcelencia.org.br\\\/projeto-sementes-para-o-amanha-fortalecimento-da-agricultura-local-e-alimentacao-escolar-na-republica-do-congo\\\/\",\"url\":\"https:\\\/\\\/centrodeexcelencia.org.br\\\/projeto-sementes-para-o-amanha-fortalecimento-da-agricultura-local-e-alimentacao-escolar-na-republica-do-congo\\\/\",\"name\":\"Seeds for Tomorrow Project: Strengthening Local Agriculture and School Feeding in the Republic of Congo - WFP\",\"isPartOf\":{\"@id\":\"https:\\\/\\\/centrodeexcelencia.org.br\\\/#website\"},\"primaryImageOfPage\":{\"@id\":\"https:\\\/\\\/centrodeexcelencia.org.br\\\/projeto-sementes-para-o-amanha-fortalecimento-da-agricultura-local-e-alimentacao-escolar-na-republica-do-congo\\\/#primaryimage\"},\"image\":{\"@id\":\"https:\\\/\\\/centrodeexcelencia.org.br\\\/projeto-sementes-para-o-amanha-fortalecimento-da-agricultura-local-e-alimentacao-escolar-na-republica-do-congo\\\/#primaryimage\"},\"thumbnailUrl\":\"https:\\\/\\\/centrodeexcelencia.org.br\\\/wp-content\\\/uploads\\\/2024\\\/05\\\/20240510_113701.jpg\",\"datePublished\":\"2024-05-16T18:27:22+00:00\",\"dateModified\":\"2024-11-22T14:18:38+00:00\",\"breadcrumb\":{\"@id\":\"https:\\\/\\\/centrodeexcelencia.org.br\\\/projeto-sementes-para-o-amanha-fortalecimento-da-agricultura-local-e-alimentacao-escolar-na-republica-do-congo\\\/#breadcrumb\"},\"inLanguage\":\"en-US\",\"potentialAction\":[{\"@type\":\"ReadAction\",\"target\":[\"https:\\\/\\\/centrodeexcelencia.org.br\\\/projeto-sementes-para-o-amanha-fortalecimento-da-agricultura-local-e-alimentacao-escolar-na-republica-do-congo\\\/\"]}]},{\"@type\":\"ImageObject\",\"inLanguage\":\"en-US\",\"@id\":\"https:\\\/\\\/centrodeexcelencia.org.br\\\/projeto-sementes-para-o-amanha-fortalecimento-da-agricultura-local-e-alimentacao-escolar-na-republica-do-congo\\\/#primaryimage\",\"url\":\"https:\\\/\\\/centrodeexcelencia.org.br\\\/wp-content\\\/uploads\\\/2024\\\/05\\\/20240510_113701.jpg\",\"contentUrl\":\"https:\\\/\\\/centrodeexcelencia.org.br\\\/wp-content\\\/uploads\\\/2024\\\/05\\\/20240510_113701.jpg\",\"width\":2048,\"height\":1536},{\"@type\":\"BreadcrumbList\",\"@id\":\"https:\\\/\\\/centrodeexcelencia.org.br\\\/projeto-sementes-para-o-amanha-fortalecimento-da-agricultura-local-e-alimentacao-escolar-na-republica-do-congo\\\/#breadcrumb\",\"itemListElement\":[{\"@type\":\"ListItem\",\"position\":1,\"name\":\"In\u00edcio\",\"item\":\"https:\\\/\\\/centrodeexcelencia.org.br\\\/\"},{\"@type\":\"ListItem\",\"position\":2,\"name\":\"Projeto Sementes para o Amanh\u00e3: Fortalecimento da Agricultura Local e Alimenta\u00e7\u00e3o Escolar na Rep\u00fablica do Congo\"}]},{\"@type\":\"WebSite\",\"@id\":\"https:\\\/\\\/centrodeexcelencia.org.br\\\/#website\",\"url\":\"https:\\\/\\\/centrodeexcelencia.org.br\\\/\",\"name\":\"WFP\",\"description\":\"Centre of Excellence against Hunger\",\"publisher\":{\"@id\":\"https:\\\/\\\/centrodeexcelencia.org.br\\\/#organization\"},\"potentialAction\":[{\"@type\":\"SearchAction\",\"target\":{\"@type\":\"EntryPoint\",\"urlTemplate\":\"https:\\\/\\\/centrodeexcelencia.org.br\\\/?s={search_term_string}\"},\"query-input\":{\"@type\":\"PropertyValueSpecification\",\"valueRequired\":true,\"valueName\":\"search_term_string\"}}],\"inLanguage\":\"en-US\"},{\"@type\":\"Organization\",\"@id\":\"https:\\\/\\\/centrodeexcelencia.org.br\\\/#organization\",\"name\":\"WFP\",\"url\":\"https:\\\/\\\/centrodeexcelencia.org.br\\\/\",\"logo\":{\"@type\":\"ImageObject\",\"inLanguage\":\"en-US\",\"@id\":\"https:\\\/\\\/centrodeexcelencia.org.br\\\/#\\\/schema\\\/logo\\\/image\\\/\",\"url\":\"https:\\\/\\\/centrodeexcelencia.org.br\\\/wp-content\\\/uploads\\\/2026\\\/01\\\/Sem-titulo-1_Prancheta-1-1.png\",\"contentUrl\":\"https:\\\/\\\/centrodeexcelencia.org.br\\\/wp-content\\\/uploads\\\/2026\\\/01\\\/Sem-titulo-1_Prancheta-1-1.png\",\"width\":259,\"height\":395,\"caption\":\"WFP\"},\"image\":{\"@id\":\"https:\\\/\\\/centrodeexcelencia.org.br\\\/#\\\/schema\\\/logo\\\/image\\\/\"}},{\"@type\":\"Person\",\"@id\":\"https:\\\/\\\/centrodeexcelencia.org.br\\\/#\\\/schema\\\/person\\\/626fcfd94c49053062937868dbb17543\",\"name\":\"Maria Clara Franco\",\"image\":{\"@type\":\"ImageObject\",\"inLanguage\":\"en-US\",\"@id\":\"https:\\\/\\\/secure.gravatar.com\\\/avatar\\\/343df77c2fc4b6a0fbaf71ce647632dc671b592062c20c120fd154061c915e86?s=96&d=mm&r=g\",\"url\":\"https:\\\/\\\/secure.gravatar.com\\\/avatar\\\/343df77c2fc4b6a0fbaf71ce647632dc671b592062c20c120fd154061c915e86?s=96&d=mm&r=g\",\"contentUrl\":\"https:\\\/\\\/secure.gravatar.com\\\/avatar\\\/343df77c2fc4b6a0fbaf71ce647632dc671b592062c20c120fd154061c915e86?s=96&d=mm&r=g\",\"caption\":\"Maria Clara Franco\"},\"url\":\"https:\\\/\\\/centrodeexcelencia.org.br\\\/en\\\/author\\\/maferreira\\\/\"}]}<\/script>\n<!-- \/ Yoast SEO plugin. -->","yoast_head_json":{"title":"Seeds for Tomorrow Project: Strengthening Local Agriculture and School Feeding in the Republic of Congo - WFP","robots":{"index":"index","follow":"follow","max-snippet":"max-snippet:-1","max-image-preview":"max-image-preview:large","max-video-preview":"max-video-preview:-1"},"canonical":"https:\/\/centrodeexcelencia.org.br\/projeto-sementes-para-o-amanha-fortalecimento-da-agricultura-local-e-alimentacao-escolar-na-republica-do-congo\/","og_locale":"en_US","og_type":"article","og_title":"Seeds for Tomorrow Project: Strengthening Local Agriculture and School Feeding in the Republic of Congo - WFP","og_description":"Mbemba Mahoungou School in Mindouli, in the Pool department. \u00a9&hellip;  Read more","og_url":"https:\/\/centrodeexcelencia.org.br\/projeto-sementes-para-o-amanha-fortalecimento-da-agricultura-local-e-alimentacao-escolar-na-republica-do-congo\/","og_site_name":"WFP","article_published_time":"2024-05-16T18:27:22+00:00","article_modified_time":"2024-11-22T14:18:38+00:00","og_image":[{"width":1024,"height":768,"url":"https:\/\/centrodeexcelencia.org.br\/wp-content\/uploads\/2024\/05\/20240510_113701-1024x768.jpg","type":"image\/jpeg"}],"author":"Maria Clara Franco","twitter_card":"summary_large_image","twitter_misc":{"Written by":"Maria Clara Franco","Est. reading time":"7 minutes"},"schema":{"@context":"https:\/\/schema.org","@graph":[{"@type":"Article","@id":"https:\/\/centrodeexcelencia.org.br\/projeto-sementes-para-o-amanha-fortalecimento-da-agricultura-local-e-alimentacao-escolar-na-republica-do-congo\/#article","isPartOf":{"@id":"https:\/\/centrodeexcelencia.org.br\/projeto-sementes-para-o-amanha-fortalecimento-da-agricultura-local-e-alimentacao-escolar-na-republica-do-congo\/"},"author":{"name":"Maria Clara Franco","@id":"https:\/\/centrodeexcelencia.org.br\/#\/schema\/person\/626fcfd94c49053062937868dbb17543"},"headline":"Seeds for Tomorrow Project: Strengthening Local Agriculture and School Feeding in the Republic of Congo","datePublished":"2024-05-16T18:27:22+00:00","dateModified":"2024-11-22T14:18:38+00:00","mainEntityOfPage":{"@id":"https:\/\/centrodeexcelencia.org.br\/projeto-sementes-para-o-amanha-fortalecimento-da-agricultura-local-e-alimentacao-escolar-na-republica-do-congo\/"},"wordCount":1346,"publisher":{"@id":"https:\/\/centrodeexcelencia.org.br\/#organization"},"image":{"@id":"https:\/\/centrodeexcelencia.org.br\/projeto-sementes-para-o-amanha-fortalecimento-da-agricultura-local-e-alimentacao-escolar-na-republica-do-congo\/#primaryimage"},"thumbnailUrl":"https:\/\/centrodeexcelencia.org.br\/wp-content\/uploads\/2024\/05\/20240510_113701.jpg","keywords":["IBSA"],"articleSection":["News",""],"inLanguage":"en-US"},{"@type":"WebPage","@id":"https:\/\/centrodeexcelencia.org.br\/projeto-sementes-para-o-amanha-fortalecimento-da-agricultura-local-e-alimentacao-escolar-na-republica-do-congo\/","url":"https:\/\/centrodeexcelencia.org.br\/projeto-sementes-para-o-amanha-fortalecimento-da-agricultura-local-e-alimentacao-escolar-na-republica-do-congo\/","name":"Seeds for Tomorrow Project: Strengthening Local Agriculture and School Feeding in the Republic of Congo - WFP","isPartOf":{"@id":"https:\/\/centrodeexcelencia.org.br\/#website"},"primaryImageOfPage":{"@id":"https:\/\/centrodeexcelencia.org.br\/projeto-sementes-para-o-amanha-fortalecimento-da-agricultura-local-e-alimentacao-escolar-na-republica-do-congo\/#primaryimage"},"image":{"@id":"https:\/\/centrodeexcelencia.org.br\/projeto-sementes-para-o-amanha-fortalecimento-da-agricultura-local-e-alimentacao-escolar-na-republica-do-congo\/#primaryimage"},"thumbnailUrl":"https:\/\/centrodeexcelencia.org.br\/wp-content\/uploads\/2024\/05\/20240510_113701.jpg","datePublished":"2024-05-16T18:27:22+00:00","dateModified":"2024-11-22T14:18:38+00:00","breadcrumb":{"@id":"https:\/\/centrodeexcelencia.org.br\/projeto-sementes-para-o-amanha-fortalecimento-da-agricultura-local-e-alimentacao-escolar-na-republica-do-congo\/#breadcrumb"},"inLanguage":"en-US","potentialAction":[{"@type":"ReadAction","target":["https:\/\/centrodeexcelencia.org.br\/projeto-sementes-para-o-amanha-fortalecimento-da-agricultura-local-e-alimentacao-escolar-na-republica-do-congo\/"]}]},{"@type":"ImageObject","inLanguage":"en-US","@id":"https:\/\/centrodeexcelencia.org.br\/projeto-sementes-para-o-amanha-fortalecimento-da-agricultura-local-e-alimentacao-escolar-na-republica-do-congo\/#primaryimage","url":"https:\/\/centrodeexcelencia.org.br\/wp-content\/uploads\/2024\/05\/20240510_113701.jpg","contentUrl":"https:\/\/centrodeexcelencia.org.br\/wp-content\/uploads\/2024\/05\/20240510_113701.jpg","width":2048,"height":1536},{"@type":"BreadcrumbList","@id":"https:\/\/centrodeexcelencia.org.br\/projeto-sementes-para-o-amanha-fortalecimento-da-agricultura-local-e-alimentacao-escolar-na-republica-do-congo\/#breadcrumb","itemListElement":[{"@type":"ListItem","position":1,"name":"In\u00edcio","item":"https:\/\/centrodeexcelencia.org.br\/"},{"@type":"ListItem","position":2,"name":"Projeto Sementes para o Amanh\u00e3: Fortalecimento da Agricultura Local e Alimenta\u00e7\u00e3o Escolar na Rep\u00fablica do Congo"}]},{"@type":"WebSite","@id":"https:\/\/centrodeexcelencia.org.br\/#website","url":"https:\/\/centrodeexcelencia.org.br\/","name":"WFP","description":"Centre of Excellence against Hunger","publisher":{"@id":"https:\/\/centrodeexcelencia.org.br\/#organization"},"potentialAction":[{"@type":"SearchAction","target":{"@type":"EntryPoint","urlTemplate":"https:\/\/centrodeexcelencia.org.br\/?s={search_term_string}"},"query-input":{"@type":"PropertyValueSpecification","valueRequired":true,"valueName":"search_term_string"}}],"inLanguage":"en-US"},{"@type":"Organization","@id":"https:\/\/centrodeexcelencia.org.br\/#organization","name":"WFP","url":"https:\/\/centrodeexcelencia.org.br\/","logo":{"@type":"ImageObject","inLanguage":"en-US","@id":"https:\/\/centrodeexcelencia.org.br\/#\/schema\/logo\/image\/","url":"https:\/\/centrodeexcelencia.org.br\/wp-content\/uploads\/2026\/01\/Sem-titulo-1_Prancheta-1-1.png","contentUrl":"https:\/\/centrodeexcelencia.org.br\/wp-content\/uploads\/2026\/01\/Sem-titulo-1_Prancheta-1-1.png","width":259,"height":395,"caption":"WFP"},"image":{"@id":"https:\/\/centrodeexcelencia.org.br\/#\/schema\/logo\/image\/"}},{"@type":"Person","@id":"https:\/\/centrodeexcelencia.org.br\/#\/schema\/person\/626fcfd94c49053062937868dbb17543","name":"Maria Clara Franco","image":{"@type":"ImageObject","inLanguage":"en-US","@id":"https:\/\/secure.gravatar.com\/avatar\/343df77c2fc4b6a0fbaf71ce647632dc671b592062c20c120fd154061c915e86?s=96&d=mm&r=g","url":"https:\/\/secure.gravatar.com\/avatar\/343df77c2fc4b6a0fbaf71ce647632dc671b592062c20c120fd154061c915e86?s=96&d=mm&r=g","contentUrl":"https:\/\/secure.gravatar.com\/avatar\/343df77c2fc4b6a0fbaf71ce647632dc671b592062c20c120fd154061c915e86?s=96&d=mm&r=g","caption":"Maria Clara Franco"},"url":"https:\/\/centrodeexcelencia.org.br\/en\/author\/maferreira\/"}]}},"_links":{"self":[{"href":"https:\/\/centrodeexcelencia.org.br\/en\/wp-json\/wp\/v2\/posts\/27466","targetHints":{"allow":["GET"]}}],"collection":[{"href":"https:\/\/centrodeexcelencia.org.br\/en\/wp-json\/wp\/v2\/posts"}],"about":[{"href":"https:\/\/centrodeexcelencia.org.br\/en\/wp-json\/wp\/v2\/types\/post"}],"author":[{"embeddable":true,"href":"https:\/\/centrodeexcelencia.org.br\/en\/wp-json\/wp\/v2\/users\/187"}],"replies":[{"embeddable":true,"href":"https:\/\/centrodeexcelencia.org.br\/en\/wp-json\/wp\/v2\/comments?post=27466"}],"version-history":[{"count":0,"href":"https:\/\/centrodeexcelencia.org.br\/en\/wp-json\/wp\/v2\/posts\/27466\/revisions"}],"wp:featuredmedia":[{"embeddable":true,"href":"https:\/\/centrodeexcelencia.org.br\/en\/wp-json\/wp\/v2\/media\/27467"}],"wp:attachment":[{"href":"https:\/\/centrodeexcelencia.org.br\/en\/wp-json\/wp\/v2\/media?parent=27466"}],"wp:term":[{"taxonomy":"category","embeddable":true,"href":"https:\/\/centrodeexcelencia.org.br\/en\/wp-json\/wp\/v2\/categories?post=27466"},{"taxonomy":"post_tag","embeddable":true,"href":"https:\/\/centrodeexcelencia.org.br\/en\/wp-json\/wp\/v2\/tags?post=27466"}],"curies":[{"name":"wp","href":"https:\/\/api.w.org\/{rel}","templated":true}]}}