{"id":27625,"date":"2024-07-10T15:25:41","date_gmt":"2024-07-10T18:25:41","guid":{"rendered":"https:\/\/centrodeexcelencia.org.br\/?p=27625"},"modified":"2024-10-10T18:59:05","modified_gmt":"2024-10-10T21:59:05","slug":"publicacao-sobre-hortas-escolares-reune-experiencias-de-seis-paises","status":"publish","type":"post","link":"https:\/\/centrodeexcelencia.org.br\/en\/publicacao-sobre-hortas-escolares-reune-experiencias-de-seis-paises\/","title":{"rendered":"Publication on school gardens brings together experiences from six countries"},"content":{"rendered":"<p><figure id=\"attachment_27626\" aria-describedby=\"caption-attachment-27626\" style=\"width: 1024px\" class=\"wp-caption alignleft\"><img fetchpriority=\"high\" decoding=\"async\" class=\"size-full wp-image-27626\" src=\"https:\/\/centrodeexcelencia.org.br\/wp-content\/uploads\/2024\/07\/FAO.jpg\" alt=\"\" width=\"1024\" height=\"683\" srcset=\"https:\/\/centrodeexcelencia.org.br\/wp-content\/uploads\/2024\/07\/FAO.jpg 1024w, https:\/\/centrodeexcelencia.org.br\/wp-content\/uploads\/2024\/07\/FAO-300x200.jpg 300w, https:\/\/centrodeexcelencia.org.br\/wp-content\/uploads\/2024\/07\/FAO-768x512.jpg 768w, https:\/\/centrodeexcelencia.org.br\/wp-content\/uploads\/2024\/07\/FAO-600x400.jpg 600w\" sizes=\"(max-width: 1024px) 100vw, 1024px\" \/><figcaption id=\"caption-attachment-27626\" class=\"wp-caption-text\"><em>The document was elaborated by the WFP Centre of Excellence Against Hunger Brazil in partnership with FAO, FNDE, and ABC. Photo: FAO\/Max Val\u00eancia<\/em><\/figcaption><\/figure><\/p>\n<p><strong>Bras\u00edlia, Brazil, July 8th, 2024 \u2013<\/strong> Showing how school gardens can contribute to the improvement of school meal programmes on different continents and identify good practices in management, design, and implementation. These are the main objectives of the document \u2018Good practices in school gardens and school meals: Africa, Asia and Latin America and the Caribbean\u2019.<\/p>\n<p>The publication was written jointly by the World Food Programme (WFP) Centre of Excellence Against Hunger Brazil, the National Fund for Education Development (FNDE), the Brazilian Cooperation Agency (ABC), and the Brazil-FAO International School Meals Cooperation Programme, implemented by ABC, FNDE, and the United Nations Food and Agriculture Organization (FAO).<\/p>\n<p>The document presents successful experiences and innovations from Armenia, Benin, Brazil (two), El Salvador, and Saint Lucia. On its introduction, the publication highlights how school gardens play a fundamental role in school meal programmes, as they function as a strategic tool for food and nutrition education, creating healthy and sustainable eating habits for students and the entire school community. In addition to food and nutrition education tools, school meal programmes can be complemented by the food produced in the gardens.<\/p>\n<p>The publication also highlights that, although they are used in various contexts in Africa, Latin America and the Caribbean, and Asia, examples of school gardens that have become effective pedagogical tools and sources of inputs for school meal programmes in a perennial way are uncommon.<\/p>\n<p>It also emphasizes that school gardens have proven to be a teaching and knowledge-building methodology that introduces students to the basic foundations of food and nature, while enriching the school curriculum through integration of practical activities.<\/p>\n<p>&#8220;In many cases, there is little institutionalisation and resource flow for projects involving the development of school gardens. However, there are successful examples around the world, with countries that have achieved integration and articulation of gardens and orchards with school meal programmes.&#8221;, the publication states.<\/p>\n<p>In this sense, the document contributes to generating knowledge and exchanging successful experiences on the subject by shedding light on actions executed in different contexts, disseminating good practices in the implementation of gardens that can serve as a reference for public managers in other countries.<\/p>\n<p>The full publication <a href=\"https:\/\/centrodeexcelencia.org.br\/wp-content\/uploads\/2024\/07\/pub_hortas_escolares.pdf\">is available at this link<\/a>.<\/p>","protected":false},"excerpt":{"rendered":"<p>Bras\u00edlia, Brazil, July 8th, 2024 \u2013 Showing how school gardens&hellip;<\/p>\n<p> <a class=\"more-link\" href=\"https:\/\/centrodeexcelencia.org.br\/en\/publicacao-sobre-hortas-escolares-reune-experiencias-de-seis-paises\/\">Read more<\/a><\/p>\n","protected":false},"author":133,"featured_media":27626,"comment_status":"closed","ping_status":"open","sticky":false,"template":"","format":"standard","meta":{"_monsterinsights_skip_tracking":false,"_monsterinsights_sitenote_active":false,"_monsterinsights_sitenote_note":"","_monsterinsights_sitenote_category":0,"footnotes":""},"categories":[188,187,192],"tags":[],"class_list":{"0":"post-27625","1":"post","2":"type-post","3":"status-publish","4":"format-standard","5":"has-post-thumbnail","7":"category-geral-noticias","8":"category-noticias","9":"category-parcerias"},"yoast_head":"<!-- This site is optimized with the Yoast SEO plugin v27.3 - https:\/\/yoast.com\/product\/yoast-seo-wordpress\/ -->\n<title>Publication on school gardens brings together experiences from six countries - WFP<\/title>\n<meta name=\"robots\" content=\"index, follow, max-snippet:-1, max-image-preview:large, max-video-preview:-1\" \/>\n<link rel=\"canonical\" href=\"https:\/\/centrodeexcelencia.org.br\/publicacao-sobre-hortas-escolares-reune-experiencias-de-seis-paises\/\" \/>\n<meta property=\"og:locale\" content=\"en_US\" \/>\n<meta property=\"og:type\" content=\"article\" \/>\n<meta property=\"og:title\" content=\"Publication on school gardens brings together experiences from six countries - WFP\" \/>\n<meta property=\"og:description\" content=\"Bras\u00edlia, Brazil, July 8th, 2024 \u2013 Showing how school gardens&hellip;  Read more\" \/>\n<meta property=\"og:url\" content=\"https:\/\/centrodeexcelencia.org.br\/publicacao-sobre-hortas-escolares-reune-experiencias-de-seis-paises\/\" \/>\n<meta property=\"og:site_name\" content=\"WFP\" \/>\n<meta property=\"article:published_time\" content=\"2024-07-10T18:25:41+00:00\" \/>\n<meta property=\"article:modified_time\" content=\"2024-10-10T21:59:05+00:00\" \/>\n<meta property=\"og:image\" content=\"https:\/\/centrodeexcelencia.org.br\/wp-content\/uploads\/2024\/07\/FAO.jpg\" \/>\n\t<meta property=\"og:image:width\" content=\"1024\" \/>\n\t<meta property=\"og:image:height\" content=\"683\" \/>\n\t<meta property=\"og:image:type\" content=\"image\/jpeg\" \/>\n<meta name=\"author\" content=\"Ana Mascarenhas\" \/>\n<meta name=\"twitter:card\" content=\"summary_large_image\" \/>\n<meta name=\"twitter:label1\" content=\"Written by\" \/>\n\t<meta name=\"twitter:data1\" content=\"Ana Mascarenhas\" \/>\n\t<meta name=\"twitter:label2\" content=\"Est. reading time\" \/>\n\t<meta name=\"twitter:data2\" content=\"5 minutes\" \/>\n<script type=\"application\/ld+json\" class=\"yoast-schema-graph\">{\"@context\":\"https:\\\/\\\/schema.org\",\"@graph\":[{\"@type\":\"Article\",\"@id\":\"https:\\\/\\\/centrodeexcelencia.org.br\\\/publicacao-sobre-hortas-escolares-reune-experiencias-de-seis-paises\\\/#article\",\"isPartOf\":{\"@id\":\"https:\\\/\\\/centrodeexcelencia.org.br\\\/publicacao-sobre-hortas-escolares-reune-experiencias-de-seis-paises\\\/\"},\"author\":{\"name\":\"Ana Mascarenhas\",\"@id\":\"https:\\\/\\\/centrodeexcelencia.org.br\\\/#\\\/schema\\\/person\\\/08300f099291340999d9b1517a5bc2dc\"},\"headline\":\"Publication on school gardens brings together experiences from six countries\",\"datePublished\":\"2024-07-10T18:25:41+00:00\",\"dateModified\":\"2024-10-10T21:59:05+00:00\",\"mainEntityOfPage\":{\"@id\":\"https:\\\/\\\/centrodeexcelencia.org.br\\\/publicacao-sobre-hortas-escolares-reune-experiencias-de-seis-paises\\\/\"},\"wordCount\":930,\"publisher\":{\"@id\":\"https:\\\/\\\/centrodeexcelencia.org.br\\\/#organization\"},\"image\":{\"@id\":\"https:\\\/\\\/centrodeexcelencia.org.br\\\/publicacao-sobre-hortas-escolares-reune-experiencias-de-seis-paises\\\/#primaryimage\"},\"thumbnailUrl\":\"https:\\\/\\\/centrodeexcelencia.org.br\\\/wp-content\\\/uploads\\\/2024\\\/07\\\/FAO.jpg\",\"articleSection\":[\"General\",\"News\",\"Partnerships\"],\"inLanguage\":\"en-US\"},{\"@type\":\"WebPage\",\"@id\":\"https:\\\/\\\/centrodeexcelencia.org.br\\\/publicacao-sobre-hortas-escolares-reune-experiencias-de-seis-paises\\\/\",\"url\":\"https:\\\/\\\/centrodeexcelencia.org.br\\\/publicacao-sobre-hortas-escolares-reune-experiencias-de-seis-paises\\\/\",\"name\":\"Publication on school gardens brings together experiences from six countries - WFP\",\"isPartOf\":{\"@id\":\"https:\\\/\\\/centrodeexcelencia.org.br\\\/#website\"},\"primaryImageOfPage\":{\"@id\":\"https:\\\/\\\/centrodeexcelencia.org.br\\\/publicacao-sobre-hortas-escolares-reune-experiencias-de-seis-paises\\\/#primaryimage\"},\"image\":{\"@id\":\"https:\\\/\\\/centrodeexcelencia.org.br\\\/publicacao-sobre-hortas-escolares-reune-experiencias-de-seis-paises\\\/#primaryimage\"},\"thumbnailUrl\":\"https:\\\/\\\/centrodeexcelencia.org.br\\\/wp-content\\\/uploads\\\/2024\\\/07\\\/FAO.jpg\",\"datePublished\":\"2024-07-10T18:25:41+00:00\",\"dateModified\":\"2024-10-10T21:59:05+00:00\",\"breadcrumb\":{\"@id\":\"https:\\\/\\\/centrodeexcelencia.org.br\\\/publicacao-sobre-hortas-escolares-reune-experiencias-de-seis-paises\\\/#breadcrumb\"},\"inLanguage\":\"en-US\",\"potentialAction\":[{\"@type\":\"ReadAction\",\"target\":[\"https:\\\/\\\/centrodeexcelencia.org.br\\\/publicacao-sobre-hortas-escolares-reune-experiencias-de-seis-paises\\\/\"]}]},{\"@type\":\"ImageObject\",\"inLanguage\":\"en-US\",\"@id\":\"https:\\\/\\\/centrodeexcelencia.org.br\\\/publicacao-sobre-hortas-escolares-reune-experiencias-de-seis-paises\\\/#primaryimage\",\"url\":\"https:\\\/\\\/centrodeexcelencia.org.br\\\/wp-content\\\/uploads\\\/2024\\\/07\\\/FAO.jpg\",\"contentUrl\":\"https:\\\/\\\/centrodeexcelencia.org.br\\\/wp-content\\\/uploads\\\/2024\\\/07\\\/FAO.jpg\",\"width\":1024,\"height\":683,\"caption\":\"O documento foi realizado pelo Centro de Excel\u00eancia contra a Fome do WFP no Brasil em parceria com a FAO, o FNDE e a ABC. Foto: FAO\\\/ Max Val\u00eancia\"},{\"@type\":\"BreadcrumbList\",\"@id\":\"https:\\\/\\\/centrodeexcelencia.org.br\\\/publicacao-sobre-hortas-escolares-reune-experiencias-de-seis-paises\\\/#breadcrumb\",\"itemListElement\":[{\"@type\":\"ListItem\",\"position\":1,\"name\":\"In\u00edcio\",\"item\":\"https:\\\/\\\/centrodeexcelencia.org.br\\\/\"},{\"@type\":\"ListItem\",\"position\":2,\"name\":\"Publica\u00e7\u00e3o sobre hortas escolares re\u00fane experi\u00eancias de seis pa\u00edses\"}]},{\"@type\":\"WebSite\",\"@id\":\"https:\\\/\\\/centrodeexcelencia.org.br\\\/#website\",\"url\":\"https:\\\/\\\/centrodeexcelencia.org.br\\\/\",\"name\":\"WFP\",\"description\":\"Centre of Excellence against Hunger\",\"publisher\":{\"@id\":\"https:\\\/\\\/centrodeexcelencia.org.br\\\/#organization\"},\"potentialAction\":[{\"@type\":\"SearchAction\",\"target\":{\"@type\":\"EntryPoint\",\"urlTemplate\":\"https:\\\/\\\/centrodeexcelencia.org.br\\\/?s={search_term_string}\"},\"query-input\":{\"@type\":\"PropertyValueSpecification\",\"valueRequired\":true,\"valueName\":\"search_term_string\"}}],\"inLanguage\":\"en-US\"},{\"@type\":\"Organization\",\"@id\":\"https:\\\/\\\/centrodeexcelencia.org.br\\\/#organization\",\"name\":\"WFP\",\"url\":\"https:\\\/\\\/centrodeexcelencia.org.br\\\/\",\"logo\":{\"@type\":\"ImageObject\",\"inLanguage\":\"en-US\",\"@id\":\"https:\\\/\\\/centrodeexcelencia.org.br\\\/#\\\/schema\\\/logo\\\/image\\\/\",\"url\":\"https:\\\/\\\/centrodeexcelencia.org.br\\\/wp-content\\\/uploads\\\/2026\\\/01\\\/Sem-titulo-1_Prancheta-1-1.png\",\"contentUrl\":\"https:\\\/\\\/centrodeexcelencia.org.br\\\/wp-content\\\/uploads\\\/2026\\\/01\\\/Sem-titulo-1_Prancheta-1-1.png\",\"width\":259,\"height\":395,\"caption\":\"WFP\"},\"image\":{\"@id\":\"https:\\\/\\\/centrodeexcelencia.org.br\\\/#\\\/schema\\\/logo\\\/image\\\/\"}},{\"@type\":\"Person\",\"@id\":\"https:\\\/\\\/centrodeexcelencia.org.br\\\/#\\\/schema\\\/person\\\/08300f099291340999d9b1517a5bc2dc\",\"name\":\"Ana Mascarenhas\",\"image\":{\"@type\":\"ImageObject\",\"inLanguage\":\"en-US\",\"@id\":\"https:\\\/\\\/secure.gravatar.com\\\/avatar\\\/cab29c31195c1aa6966399e3d16eb9e38d5abe94a289113e78e4c519561d6131?s=96&d=mm&r=g\",\"url\":\"https:\\\/\\\/secure.gravatar.com\\\/avatar\\\/cab29c31195c1aa6966399e3d16eb9e38d5abe94a289113e78e4c519561d6131?s=96&d=mm&r=g\",\"contentUrl\":\"https:\\\/\\\/secure.gravatar.com\\\/avatar\\\/cab29c31195c1aa6966399e3d16eb9e38d5abe94a289113e78e4c519561d6131?s=96&d=mm&r=g\",\"caption\":\"Ana Mascarenhas\"},\"url\":\"https:\\\/\\\/centrodeexcelencia.org.br\\\/en\\\/author\\\/ana-mascarenhas\\\/\"}]}<\/script>\n<!-- \/ Yoast SEO plugin. -->","yoast_head_json":{"title":"Publication on school gardens brings together experiences from six countries - WFP","robots":{"index":"index","follow":"follow","max-snippet":"max-snippet:-1","max-image-preview":"max-image-preview:large","max-video-preview":"max-video-preview:-1"},"canonical":"https:\/\/centrodeexcelencia.org.br\/publicacao-sobre-hortas-escolares-reune-experiencias-de-seis-paises\/","og_locale":"en_US","og_type":"article","og_title":"Publication on school gardens brings together experiences from six countries - WFP","og_description":"Bras\u00edlia, Brazil, July 8th, 2024 \u2013 Showing how school gardens&hellip;  Read more","og_url":"https:\/\/centrodeexcelencia.org.br\/publicacao-sobre-hortas-escolares-reune-experiencias-de-seis-paises\/","og_site_name":"WFP","article_published_time":"2024-07-10T18:25:41+00:00","article_modified_time":"2024-10-10T21:59:05+00:00","og_image":[{"width":1024,"height":683,"url":"https:\/\/centrodeexcelencia.org.br\/wp-content\/uploads\/2024\/07\/FAO.jpg","type":"image\/jpeg"}],"author":"Ana Mascarenhas","twitter_card":"summary_large_image","twitter_misc":{"Written by":"Ana Mascarenhas","Est. reading time":"5 minutes"},"schema":{"@context":"https:\/\/schema.org","@graph":[{"@type":"Article","@id":"https:\/\/centrodeexcelencia.org.br\/publicacao-sobre-hortas-escolares-reune-experiencias-de-seis-paises\/#article","isPartOf":{"@id":"https:\/\/centrodeexcelencia.org.br\/publicacao-sobre-hortas-escolares-reune-experiencias-de-seis-paises\/"},"author":{"name":"Ana Mascarenhas","@id":"https:\/\/centrodeexcelencia.org.br\/#\/schema\/person\/08300f099291340999d9b1517a5bc2dc"},"headline":"Publication on school gardens brings together experiences from six countries","datePublished":"2024-07-10T18:25:41+00:00","dateModified":"2024-10-10T21:59:05+00:00","mainEntityOfPage":{"@id":"https:\/\/centrodeexcelencia.org.br\/publicacao-sobre-hortas-escolares-reune-experiencias-de-seis-paises\/"},"wordCount":930,"publisher":{"@id":"https:\/\/centrodeexcelencia.org.br\/#organization"},"image":{"@id":"https:\/\/centrodeexcelencia.org.br\/publicacao-sobre-hortas-escolares-reune-experiencias-de-seis-paises\/#primaryimage"},"thumbnailUrl":"https:\/\/centrodeexcelencia.org.br\/wp-content\/uploads\/2024\/07\/FAO.jpg","articleSection":["General","News","Partnerships"],"inLanguage":"en-US"},{"@type":"WebPage","@id":"https:\/\/centrodeexcelencia.org.br\/publicacao-sobre-hortas-escolares-reune-experiencias-de-seis-paises\/","url":"https:\/\/centrodeexcelencia.org.br\/publicacao-sobre-hortas-escolares-reune-experiencias-de-seis-paises\/","name":"Publication on school gardens brings together experiences from six countries - WFP","isPartOf":{"@id":"https:\/\/centrodeexcelencia.org.br\/#website"},"primaryImageOfPage":{"@id":"https:\/\/centrodeexcelencia.org.br\/publicacao-sobre-hortas-escolares-reune-experiencias-de-seis-paises\/#primaryimage"},"image":{"@id":"https:\/\/centrodeexcelencia.org.br\/publicacao-sobre-hortas-escolares-reune-experiencias-de-seis-paises\/#primaryimage"},"thumbnailUrl":"https:\/\/centrodeexcelencia.org.br\/wp-content\/uploads\/2024\/07\/FAO.jpg","datePublished":"2024-07-10T18:25:41+00:00","dateModified":"2024-10-10T21:59:05+00:00","breadcrumb":{"@id":"https:\/\/centrodeexcelencia.org.br\/publicacao-sobre-hortas-escolares-reune-experiencias-de-seis-paises\/#breadcrumb"},"inLanguage":"en-US","potentialAction":[{"@type":"ReadAction","target":["https:\/\/centrodeexcelencia.org.br\/publicacao-sobre-hortas-escolares-reune-experiencias-de-seis-paises\/"]}]},{"@type":"ImageObject","inLanguage":"en-US","@id":"https:\/\/centrodeexcelencia.org.br\/publicacao-sobre-hortas-escolares-reune-experiencias-de-seis-paises\/#primaryimage","url":"https:\/\/centrodeexcelencia.org.br\/wp-content\/uploads\/2024\/07\/FAO.jpg","contentUrl":"https:\/\/centrodeexcelencia.org.br\/wp-content\/uploads\/2024\/07\/FAO.jpg","width":1024,"height":683,"caption":"O documento foi realizado pelo Centro de Excel\u00eancia contra a Fome do WFP no Brasil em parceria com a FAO, o FNDE e a ABC. Foto: FAO\/ Max Val\u00eancia"},{"@type":"BreadcrumbList","@id":"https:\/\/centrodeexcelencia.org.br\/publicacao-sobre-hortas-escolares-reune-experiencias-de-seis-paises\/#breadcrumb","itemListElement":[{"@type":"ListItem","position":1,"name":"In\u00edcio","item":"https:\/\/centrodeexcelencia.org.br\/"},{"@type":"ListItem","position":2,"name":"Publica\u00e7\u00e3o sobre hortas escolares re\u00fane experi\u00eancias de seis pa\u00edses"}]},{"@type":"WebSite","@id":"https:\/\/centrodeexcelencia.org.br\/#website","url":"https:\/\/centrodeexcelencia.org.br\/","name":"WFP","description":"Centre of Excellence against Hunger","publisher":{"@id":"https:\/\/centrodeexcelencia.org.br\/#organization"},"potentialAction":[{"@type":"SearchAction","target":{"@type":"EntryPoint","urlTemplate":"https:\/\/centrodeexcelencia.org.br\/?s={search_term_string}"},"query-input":{"@type":"PropertyValueSpecification","valueRequired":true,"valueName":"search_term_string"}}],"inLanguage":"en-US"},{"@type":"Organization","@id":"https:\/\/centrodeexcelencia.org.br\/#organization","name":"WFP","url":"https:\/\/centrodeexcelencia.org.br\/","logo":{"@type":"ImageObject","inLanguage":"en-US","@id":"https:\/\/centrodeexcelencia.org.br\/#\/schema\/logo\/image\/","url":"https:\/\/centrodeexcelencia.org.br\/wp-content\/uploads\/2026\/01\/Sem-titulo-1_Prancheta-1-1.png","contentUrl":"https:\/\/centrodeexcelencia.org.br\/wp-content\/uploads\/2026\/01\/Sem-titulo-1_Prancheta-1-1.png","width":259,"height":395,"caption":"WFP"},"image":{"@id":"https:\/\/centrodeexcelencia.org.br\/#\/schema\/logo\/image\/"}},{"@type":"Person","@id":"https:\/\/centrodeexcelencia.org.br\/#\/schema\/person\/08300f099291340999d9b1517a5bc2dc","name":"Ana Mascarenhas","image":{"@type":"ImageObject","inLanguage":"en-US","@id":"https:\/\/secure.gravatar.com\/avatar\/cab29c31195c1aa6966399e3d16eb9e38d5abe94a289113e78e4c519561d6131?s=96&d=mm&r=g","url":"https:\/\/secure.gravatar.com\/avatar\/cab29c31195c1aa6966399e3d16eb9e38d5abe94a289113e78e4c519561d6131?s=96&d=mm&r=g","contentUrl":"https:\/\/secure.gravatar.com\/avatar\/cab29c31195c1aa6966399e3d16eb9e38d5abe94a289113e78e4c519561d6131?s=96&d=mm&r=g","caption":"Ana Mascarenhas"},"url":"https:\/\/centrodeexcelencia.org.br\/en\/author\/ana-mascarenhas\/"}]}},"_links":{"self":[{"href":"https:\/\/centrodeexcelencia.org.br\/en\/wp-json\/wp\/v2\/posts\/27625","targetHints":{"allow":["GET"]}}],"collection":[{"href":"https:\/\/centrodeexcelencia.org.br\/en\/wp-json\/wp\/v2\/posts"}],"about":[{"href":"https:\/\/centrodeexcelencia.org.br\/en\/wp-json\/wp\/v2\/types\/post"}],"author":[{"embeddable":true,"href":"https:\/\/centrodeexcelencia.org.br\/en\/wp-json\/wp\/v2\/users\/133"}],"replies":[{"embeddable":true,"href":"https:\/\/centrodeexcelencia.org.br\/en\/wp-json\/wp\/v2\/comments?post=27625"}],"version-history":[{"count":0,"href":"https:\/\/centrodeexcelencia.org.br\/en\/wp-json\/wp\/v2\/posts\/27625\/revisions"}],"wp:featuredmedia":[{"embeddable":true,"href":"https:\/\/centrodeexcelencia.org.br\/en\/wp-json\/wp\/v2\/media\/27626"}],"wp:attachment":[{"href":"https:\/\/centrodeexcelencia.org.br\/en\/wp-json\/wp\/v2\/media?parent=27625"}],"wp:term":[{"taxonomy":"category","embeddable":true,"href":"https:\/\/centrodeexcelencia.org.br\/en\/wp-json\/wp\/v2\/categories?post=27625"},{"taxonomy":"post_tag","embeddable":true,"href":"https:\/\/centrodeexcelencia.org.br\/en\/wp-json\/wp\/v2\/tags?post=27625"}],"curies":[{"name":"wp","href":"https:\/\/api.w.org\/{rel}","templated":true}]}}