{"id":28455,"date":"2024-11-19T14:32:36","date_gmt":"2024-11-19T17:32:36","guid":{"rendered":"https:\/\/centrodeexcelencia.org.br\/?p=28455"},"modified":"2024-11-19T16:14:26","modified_gmt":"2024-11-19T19:14:26","slug":"centro-de-excelencia-destaca-a-importancia-da-alianca-global-contra-a-fome-e-a-pobreza","status":"publish","type":"post","link":"https:\/\/centrodeexcelencia.org.br\/en\/centro-de-excelencia-destaca-a-importancia-da-alianca-global-contra-a-fome-e-a-pobreza\/","title":{"rendered":"Centre of Excellence highlights the importance of the Global Alliance against Hunger and Poverty"},"content":{"rendered":"<p><figure id=\"attachment_28460\" aria-describedby=\"caption-attachment-28460\" style=\"width: 1179px\" class=\"wp-caption alignleft\"><img fetchpriority=\"high\" decoding=\"async\" class=\"size-full wp-image-28460\" src=\"https:\/\/centrodeexcelencia.org.br\/wp-content\/uploads\/2024\/11\/IMG_0490.jpg\" alt=\"\" width=\"1179\" height=\"900\" srcset=\"https:\/\/centrodeexcelencia.org.br\/wp-content\/uploads\/2024\/11\/IMG_0490.jpg 1179w, https:\/\/centrodeexcelencia.org.br\/wp-content\/uploads\/2024\/11\/IMG_0490-300x229.jpg 300w, https:\/\/centrodeexcelencia.org.br\/wp-content\/uploads\/2024\/11\/IMG_0490-1024x782.jpg 1024w, https:\/\/centrodeexcelencia.org.br\/wp-content\/uploads\/2024\/11\/IMG_0490-768x586.jpg 768w, https:\/\/centrodeexcelencia.org.br\/wp-content\/uploads\/2024\/11\/IMG_0490-600x458.jpg 600w\" sizes=\"(max-width: 1179px) 100vw, 1179px\" \/><figcaption id=\"caption-attachment-28460\" class=\"wp-caption-text\">WFP\/ Daniela Costa<\/figcaption><\/figure><\/p>\n<p>The World Food Programme (WFP) Centre of Excellence against Hunger in Brazil was present at the G20 Social, held from November 14 to 16 in Rio de Janeiro. At the invitation of Wellington Dias, Minister of Social Development and Fight against Hunger, the director of the Centre of Excellence, Daniel Balaban, represented the United Nations agencies at a press conference on the Global Alliance against Hunger and Poverty.<\/p>\n<p>\u201cWe at the United Nations are very pleased with the launch, within the G20, of the Global Alliance against Hunger and Poverty. This is an opportunity for us to solve this problem, with the historic involvement of all the countries and various organizations that have already joined,\u201d said Balaban.<\/p>\n<p>For Minister Wellington Dias, this moment culminates a dialog that began a year ago. \u201cWe see that the Alliance has come to mark each country&#8217;s commitment to meeting Sustainable Development Goals 1 and 2. This is the moment when countries once again prioritize policies to eradicate poverty and hunger by 2030,\u201d he said.<\/p>\n<p>South Africa&#8217;s Ambassador to the United Nations Agencies in Rome, Nosipho Nausca-Jean Jezile, who is also Chair of the UN Committee on World Food Security, said that the basket of policies presented enables shared access to knowledge. \u201cThis accelerates the implementation of food security policies,\u201d she said. South Africa will hold the presidency of the G20 from 2025. \u201cWe are committed to continuing this movement to eradicate hunger and poverty in the world.\u201d<\/p>\n<p>Social inclusion programs give hope back to the most vulnerable. This is the opinion of Heidi McAnnally-Linz, global representative of the Policy and Partnerships area of BRAC, which brings together initiatives to tackle extreme poverty. \u201cWe have included six key policies in the policy basket, and we know how to make them work. We want to collaborate with concrete actions,\u201d he said.<\/p>\n<p>The Global Alliance presented a basket of policies structured around three axes: political viability, knowledge sharing and financial viability. In all, 82 countries have already joined the Global Alliance and announced concrete measures in their national programs.<\/p>\n<p>In addition, 66 organizations from different fields of knowledge have made their research and best practices available for common use, including 24 international organizations and 31 foundations and NGOs.<\/p>\n<p>In the third axis, financial institutions such as the IADB and the World Bank and 7 other international banks are participating financially in implementation. A plan has been structured indicating the participation of each country with its targets and actions, with budgets and donors already defined.<\/p>\n<figure id=\"attachment_28464\" aria-describedby=\"caption-attachment-28464\" style=\"width: 2560px\" class=\"wp-caption alignleft\"><img decoding=\"async\" class=\"size-full wp-image-28464\" src=\"https:\/\/centrodeexcelencia.org.br\/wp-content\/uploads\/2024\/11\/IMG_0309-2-scaled.jpeg\" alt=\"\" width=\"2560\" height=\"1644\" srcset=\"https:\/\/centrodeexcelencia.org.br\/wp-content\/uploads\/2024\/11\/IMG_0309-2-scaled.jpeg 2560w, https:\/\/centrodeexcelencia.org.br\/wp-content\/uploads\/2024\/11\/IMG_0309-2-300x193.jpeg 300w, https:\/\/centrodeexcelencia.org.br\/wp-content\/uploads\/2024\/11\/IMG_0309-2-1024x658.jpeg 1024w, https:\/\/centrodeexcelencia.org.br\/wp-content\/uploads\/2024\/11\/IMG_0309-2-768x493.jpeg 768w, https:\/\/centrodeexcelencia.org.br\/wp-content\/uploads\/2024\/11\/IMG_0309-2-1536x986.jpeg 1536w, https:\/\/centrodeexcelencia.org.br\/wp-content\/uploads\/2024\/11\/IMG_0309-2-2048x1315.jpeg 2048w, https:\/\/centrodeexcelencia.org.br\/wp-content\/uploads\/2024\/11\/IMG_0309-2-600x385.jpeg 600w\" sizes=\"(max-width: 2560px) 100vw, 2560px\" \/><figcaption id=\"caption-attachment-28464\" class=\"wp-caption-text\">WFP\/ Daniela Costa<\/figcaption><\/figure>\n<p><strong>Sprints<\/strong><\/p>\n<p>Six thematic axes were addressed during meetings called Sprints 2030, an event in which governments, civil society organizations, international organizations and financial institutions presented their support for actions to combat hunger and poverty.<\/p>\n<p>The proposed objectives are: to reach 500 million people with cash transfer programs and social protection systems in low- and lower-middle-income countries by 2030; to expand quality school meals to an additional 150 million children in countries with endemic child hunger and poverty; maternal health and early childhood initiatives will aim to reach 200 million women and children aged 0 to 6; and socio-economic inclusion programs aim to reach an additional 100 million people, with a focus on women.<\/p>\n<p>Daniel Balaban led the Sprint on school feeding. \u201cThe school feeding program is one of the proven ways to fight hunger. In this space, countries commit to extending their programs to more children or to creating their own national programs, which is already a very important step,\u201d he said.<\/p>\n<p>Other topics presented at the Sprints were: Cash Transfer Programs; Maternal and Early Childhood Interventions; Socioeconomic Inclusion Programs; Support Programs for Small Farmers and Family Farming; Water Access Solutions for Vulnerable Communities.<\/p>\n<p><strong>Policy in Focus<\/strong><\/p>\n<p>During the Sprints, the special issue of Policy in Focus was launched, an initiative of the International Policy Center for Inclusive Development of the Institute for Applied Economic Research, in partnership with the WFP and with the support of the <a href=\"https:\/\/eur03.safelinks.protection.outlook.com\/?url=http%3A%2F%2Fsocialprotection.org%2F&amp;data=05%7C02%7Cdaniela.costa%40wfp.org%7Cc9f229ffff5d463a769908dd08a14543%7C462ad9aed7d94206b87471b1e079776f%7C0%7C0%7C638676213787994495%7CUnknown%7CTWFpbGZsb3d8eyJFbXB0eU1hcGkiOnRydWUsIlYiOiIwLjAuMDAwMCIsIlAiOiJXaW4zMiIsIkFOIjoiTWFpbCIsIldUIjoyfQ%3D%3D%7C0%7C%7C%7C&amp;sdata=NyHS%2BwdUKBSgNVj%2BYJHBlCodvAzWmps%2FAUTnNt9EsgY%3D&amp;reserved=0\">socialprotection.org<\/a> platform, which is now part of the United Nations Research Institute for Social Development.<\/p>\n<p>This special issue of Policy in Focus highlights the urgent need to build complementarities within national social protection systems to achieve greater food and nutrition security. The magazine can be accessed in <a href=\"https:\/\/centrodeexcelencia.org.br\/publicacao-policy-in-focus\/#more-28449\">Policy in Focus<\/a>.<\/p>","protected":false},"excerpt":{"rendered":"<p>The World Food Programme (WFP) Centre of Excellence against Hunger&hellip;<\/p>\n<p> <a class=\"more-link\" href=\"https:\/\/centrodeexcelencia.org.br\/en\/centro-de-excelencia-destaca-a-importancia-da-alianca-global-contra-a-fome-e-a-pobreza\/\">Read more<\/a><\/p>\n","protected":false},"author":197,"featured_media":28460,"comment_status":"closed","ping_status":"open","sticky":false,"template":"","format":"standard","meta":{"_monsterinsights_skip_tracking":false,"_monsterinsights_sitenote_active":false,"_monsterinsights_sitenote_note":"","_monsterinsights_sitenote_category":0,"footnotes":""},"categories":[193,188,187],"tags":[],"class_list":{"0":"post-28455","1":"post","2":"type-post","3":"status-publish","4":"format-standard","5":"has-post-thumbnail","7":"category-eventos","8":"category-geral-noticias","9":"category-noticias"},"yoast_head":"<!-- This site is optimized with the Yoast SEO plugin v27.3 - https:\/\/yoast.com\/product\/yoast-seo-wordpress\/ -->\n<title>Centre of Excellence highlights the importance of the Global Alliance against Hunger and Poverty - WFP<\/title>\n<meta name=\"robots\" content=\"index, follow, max-snippet:-1, max-image-preview:large, max-video-preview:-1\" \/>\n<link rel=\"canonical\" href=\"https:\/\/centrodeexcelencia.org.br\/centro-de-excelencia-destaca-a-importancia-da-alianca-global-contra-a-fome-e-a-pobreza\/\" \/>\n<meta property=\"og:locale\" content=\"en_US\" \/>\n<meta property=\"og:type\" content=\"article\" \/>\n<meta property=\"og:title\" content=\"Centre of Excellence highlights the importance of the Global Alliance against Hunger and Poverty - WFP\" \/>\n<meta property=\"og:description\" content=\"The World Food Programme (WFP) Centre of Excellence against Hunger&hellip;  Read more\" \/>\n<meta property=\"og:url\" content=\"https:\/\/centrodeexcelencia.org.br\/centro-de-excelencia-destaca-a-importancia-da-alianca-global-contra-a-fome-e-a-pobreza\/\" \/>\n<meta property=\"og:site_name\" content=\"WFP\" \/>\n<meta property=\"article:published_time\" content=\"2024-11-19T17:32:36+00:00\" \/>\n<meta property=\"article:modified_time\" content=\"2024-11-19T19:14:26+00:00\" \/>\n<meta property=\"og:image\" content=\"https:\/\/centrodeexcelencia.org.br\/wp-content\/uploads\/2024\/11\/IMG_0490.jpg\" \/>\n\t<meta property=\"og:image:width\" content=\"1179\" \/>\n\t<meta property=\"og:image:height\" content=\"900\" \/>\n\t<meta property=\"og:image:type\" content=\"image\/jpeg\" \/>\n<meta name=\"author\" content=\"Daniela Costa\" \/>\n<meta name=\"twitter:card\" content=\"summary_large_image\" \/>\n<meta name=\"twitter:label1\" content=\"Written by\" \/>\n\t<meta name=\"twitter:data1\" content=\"Daniela Costa\" \/>\n\t<meta name=\"twitter:label2\" content=\"Est. reading time\" \/>\n\t<meta name=\"twitter:data2\" content=\"8 minutes\" \/>\n<script type=\"application\/ld+json\" class=\"yoast-schema-graph\">{\"@context\":\"https:\\\/\\\/schema.org\",\"@graph\":[{\"@type\":\"Article\",\"@id\":\"https:\\\/\\\/centrodeexcelencia.org.br\\\/centro-de-excelencia-destaca-a-importancia-da-alianca-global-contra-a-fome-e-a-pobreza\\\/#article\",\"isPartOf\":{\"@id\":\"https:\\\/\\\/centrodeexcelencia.org.br\\\/centro-de-excelencia-destaca-a-importancia-da-alianca-global-contra-a-fome-e-a-pobreza\\\/\"},\"author\":{\"name\":\"Daniela Costa\",\"@id\":\"https:\\\/\\\/centrodeexcelencia.org.br\\\/#\\\/schema\\\/person\\\/2abfac03d877accded957496ee4791fa\"},\"headline\":\"Centre of Excellence highlights the importance of the Global Alliance against Hunger and Poverty\",\"datePublished\":\"2024-11-19T17:32:36+00:00\",\"dateModified\":\"2024-11-19T19:14:26+00:00\",\"mainEntityOfPage\":{\"@id\":\"https:\\\/\\\/centrodeexcelencia.org.br\\\/centro-de-excelencia-destaca-a-importancia-da-alianca-global-contra-a-fome-e-a-pobreza\\\/\"},\"wordCount\":1576,\"publisher\":{\"@id\":\"https:\\\/\\\/centrodeexcelencia.org.br\\\/#organization\"},\"image\":{\"@id\":\"https:\\\/\\\/centrodeexcelencia.org.br\\\/centro-de-excelencia-destaca-a-importancia-da-alianca-global-contra-a-fome-e-a-pobreza\\\/#primaryimage\"},\"thumbnailUrl\":\"https:\\\/\\\/centrodeexcelencia.org.br\\\/wp-content\\\/uploads\\\/2024\\\/11\\\/IMG_0490.jpg\",\"articleSection\":[\"Events\",\"General\",\"News\"],\"inLanguage\":\"en-US\"},{\"@type\":\"WebPage\",\"@id\":\"https:\\\/\\\/centrodeexcelencia.org.br\\\/centro-de-excelencia-destaca-a-importancia-da-alianca-global-contra-a-fome-e-a-pobreza\\\/\",\"url\":\"https:\\\/\\\/centrodeexcelencia.org.br\\\/centro-de-excelencia-destaca-a-importancia-da-alianca-global-contra-a-fome-e-a-pobreza\\\/\",\"name\":\"Centre of Excellence highlights the importance of the Global Alliance against Hunger and Poverty - WFP\",\"isPartOf\":{\"@id\":\"https:\\\/\\\/centrodeexcelencia.org.br\\\/#website\"},\"primaryImageOfPage\":{\"@id\":\"https:\\\/\\\/centrodeexcelencia.org.br\\\/centro-de-excelencia-destaca-a-importancia-da-alianca-global-contra-a-fome-e-a-pobreza\\\/#primaryimage\"},\"image\":{\"@id\":\"https:\\\/\\\/centrodeexcelencia.org.br\\\/centro-de-excelencia-destaca-a-importancia-da-alianca-global-contra-a-fome-e-a-pobreza\\\/#primaryimage\"},\"thumbnailUrl\":\"https:\\\/\\\/centrodeexcelencia.org.br\\\/wp-content\\\/uploads\\\/2024\\\/11\\\/IMG_0490.jpg\",\"datePublished\":\"2024-11-19T17:32:36+00:00\",\"dateModified\":\"2024-11-19T19:14:26+00:00\",\"breadcrumb\":{\"@id\":\"https:\\\/\\\/centrodeexcelencia.org.br\\\/centro-de-excelencia-destaca-a-importancia-da-alianca-global-contra-a-fome-e-a-pobreza\\\/#breadcrumb\"},\"inLanguage\":\"en-US\",\"potentialAction\":[{\"@type\":\"ReadAction\",\"target\":[\"https:\\\/\\\/centrodeexcelencia.org.br\\\/centro-de-excelencia-destaca-a-importancia-da-alianca-global-contra-a-fome-e-a-pobreza\\\/\"]}]},{\"@type\":\"ImageObject\",\"inLanguage\":\"en-US\",\"@id\":\"https:\\\/\\\/centrodeexcelencia.org.br\\\/centro-de-excelencia-destaca-a-importancia-da-alianca-global-contra-a-fome-e-a-pobreza\\\/#primaryimage\",\"url\":\"https:\\\/\\\/centrodeexcelencia.org.br\\\/wp-content\\\/uploads\\\/2024\\\/11\\\/IMG_0490.jpg\",\"contentUrl\":\"https:\\\/\\\/centrodeexcelencia.org.br\\\/wp-content\\\/uploads\\\/2024\\\/11\\\/IMG_0490.jpg\",\"width\":1179,\"height\":900,\"caption\":\"WFP\\\/ Daniela Costa\"},{\"@type\":\"BreadcrumbList\",\"@id\":\"https:\\\/\\\/centrodeexcelencia.org.br\\\/centro-de-excelencia-destaca-a-importancia-da-alianca-global-contra-a-fome-e-a-pobreza\\\/#breadcrumb\",\"itemListElement\":[{\"@type\":\"ListItem\",\"position\":1,\"name\":\"In\u00edcio\",\"item\":\"https:\\\/\\\/centrodeexcelencia.org.br\\\/\"},{\"@type\":\"ListItem\",\"position\":2,\"name\":\"Centro de Excel\u00eancia destaca a import\u00e2ncia da Alian\u00e7a Global contra a Fome e a Pobreza\"}]},{\"@type\":\"WebSite\",\"@id\":\"https:\\\/\\\/centrodeexcelencia.org.br\\\/#website\",\"url\":\"https:\\\/\\\/centrodeexcelencia.org.br\\\/\",\"name\":\"WFP\",\"description\":\"Centre of Excellence against Hunger\",\"publisher\":{\"@id\":\"https:\\\/\\\/centrodeexcelencia.org.br\\\/#organization\"},\"potentialAction\":[{\"@type\":\"SearchAction\",\"target\":{\"@type\":\"EntryPoint\",\"urlTemplate\":\"https:\\\/\\\/centrodeexcelencia.org.br\\\/?s={search_term_string}\"},\"query-input\":{\"@type\":\"PropertyValueSpecification\",\"valueRequired\":true,\"valueName\":\"search_term_string\"}}],\"inLanguage\":\"en-US\"},{\"@type\":\"Organization\",\"@id\":\"https:\\\/\\\/centrodeexcelencia.org.br\\\/#organization\",\"name\":\"WFP\",\"url\":\"https:\\\/\\\/centrodeexcelencia.org.br\\\/\",\"logo\":{\"@type\":\"ImageObject\",\"inLanguage\":\"en-US\",\"@id\":\"https:\\\/\\\/centrodeexcelencia.org.br\\\/#\\\/schema\\\/logo\\\/image\\\/\",\"url\":\"https:\\\/\\\/centrodeexcelencia.org.br\\\/wp-content\\\/uploads\\\/2026\\\/01\\\/Sem-titulo-1_Prancheta-1-1.png\",\"contentUrl\":\"https:\\\/\\\/centrodeexcelencia.org.br\\\/wp-content\\\/uploads\\\/2026\\\/01\\\/Sem-titulo-1_Prancheta-1-1.png\",\"width\":259,\"height\":395,\"caption\":\"WFP\"},\"image\":{\"@id\":\"https:\\\/\\\/centrodeexcelencia.org.br\\\/#\\\/schema\\\/logo\\\/image\\\/\"}},{\"@type\":\"Person\",\"@id\":\"https:\\\/\\\/centrodeexcelencia.org.br\\\/#\\\/schema\\\/person\\\/2abfac03d877accded957496ee4791fa\",\"name\":\"Daniela Costa\",\"image\":{\"@type\":\"ImageObject\",\"inLanguage\":\"en-US\",\"@id\":\"https:\\\/\\\/secure.gravatar.com\\\/avatar\\\/f50437f5f9510c75abc5b27c90dd82fe3fd390a88f22c1cdb42cd793b3721f86?s=96&d=mm&r=g\",\"url\":\"https:\\\/\\\/secure.gravatar.com\\\/avatar\\\/f50437f5f9510c75abc5b27c90dd82fe3fd390a88f22c1cdb42cd793b3721f86?s=96&d=mm&r=g\",\"contentUrl\":\"https:\\\/\\\/secure.gravatar.com\\\/avatar\\\/f50437f5f9510c75abc5b27c90dd82fe3fd390a88f22c1cdb42cd793b3721f86?s=96&d=mm&r=g\",\"caption\":\"Daniela Costa\"},\"url\":\"https:\\\/\\\/centrodeexcelencia.org.br\\\/en\\\/author\\\/danielarocha\\\/\"}]}<\/script>\n<!-- \/ Yoast SEO plugin. -->","yoast_head_json":{"title":"Centre of Excellence highlights the importance of the Global Alliance against Hunger and Poverty - WFP","robots":{"index":"index","follow":"follow","max-snippet":"max-snippet:-1","max-image-preview":"max-image-preview:large","max-video-preview":"max-video-preview:-1"},"canonical":"https:\/\/centrodeexcelencia.org.br\/centro-de-excelencia-destaca-a-importancia-da-alianca-global-contra-a-fome-e-a-pobreza\/","og_locale":"en_US","og_type":"article","og_title":"Centre of Excellence highlights the importance of the Global Alliance against Hunger and Poverty - WFP","og_description":"The World Food Programme (WFP) Centre of Excellence against Hunger&hellip;  Read more","og_url":"https:\/\/centrodeexcelencia.org.br\/centro-de-excelencia-destaca-a-importancia-da-alianca-global-contra-a-fome-e-a-pobreza\/","og_site_name":"WFP","article_published_time":"2024-11-19T17:32:36+00:00","article_modified_time":"2024-11-19T19:14:26+00:00","og_image":[{"width":1179,"height":900,"url":"https:\/\/centrodeexcelencia.org.br\/wp-content\/uploads\/2024\/11\/IMG_0490.jpg","type":"image\/jpeg"}],"author":"Daniela Costa","twitter_card":"summary_large_image","twitter_misc":{"Written by":"Daniela Costa","Est. reading time":"8 minutes"},"schema":{"@context":"https:\/\/schema.org","@graph":[{"@type":"Article","@id":"https:\/\/centrodeexcelencia.org.br\/centro-de-excelencia-destaca-a-importancia-da-alianca-global-contra-a-fome-e-a-pobreza\/#article","isPartOf":{"@id":"https:\/\/centrodeexcelencia.org.br\/centro-de-excelencia-destaca-a-importancia-da-alianca-global-contra-a-fome-e-a-pobreza\/"},"author":{"name":"Daniela Costa","@id":"https:\/\/centrodeexcelencia.org.br\/#\/schema\/person\/2abfac03d877accded957496ee4791fa"},"headline":"Centre of Excellence highlights the importance of the Global Alliance against Hunger and Poverty","datePublished":"2024-11-19T17:32:36+00:00","dateModified":"2024-11-19T19:14:26+00:00","mainEntityOfPage":{"@id":"https:\/\/centrodeexcelencia.org.br\/centro-de-excelencia-destaca-a-importancia-da-alianca-global-contra-a-fome-e-a-pobreza\/"},"wordCount":1576,"publisher":{"@id":"https:\/\/centrodeexcelencia.org.br\/#organization"},"image":{"@id":"https:\/\/centrodeexcelencia.org.br\/centro-de-excelencia-destaca-a-importancia-da-alianca-global-contra-a-fome-e-a-pobreza\/#primaryimage"},"thumbnailUrl":"https:\/\/centrodeexcelencia.org.br\/wp-content\/uploads\/2024\/11\/IMG_0490.jpg","articleSection":["Events","General","News"],"inLanguage":"en-US"},{"@type":"WebPage","@id":"https:\/\/centrodeexcelencia.org.br\/centro-de-excelencia-destaca-a-importancia-da-alianca-global-contra-a-fome-e-a-pobreza\/","url":"https:\/\/centrodeexcelencia.org.br\/centro-de-excelencia-destaca-a-importancia-da-alianca-global-contra-a-fome-e-a-pobreza\/","name":"Centre of Excellence highlights the importance of the Global Alliance against Hunger and Poverty - WFP","isPartOf":{"@id":"https:\/\/centrodeexcelencia.org.br\/#website"},"primaryImageOfPage":{"@id":"https:\/\/centrodeexcelencia.org.br\/centro-de-excelencia-destaca-a-importancia-da-alianca-global-contra-a-fome-e-a-pobreza\/#primaryimage"},"image":{"@id":"https:\/\/centrodeexcelencia.org.br\/centro-de-excelencia-destaca-a-importancia-da-alianca-global-contra-a-fome-e-a-pobreza\/#primaryimage"},"thumbnailUrl":"https:\/\/centrodeexcelencia.org.br\/wp-content\/uploads\/2024\/11\/IMG_0490.jpg","datePublished":"2024-11-19T17:32:36+00:00","dateModified":"2024-11-19T19:14:26+00:00","breadcrumb":{"@id":"https:\/\/centrodeexcelencia.org.br\/centro-de-excelencia-destaca-a-importancia-da-alianca-global-contra-a-fome-e-a-pobreza\/#breadcrumb"},"inLanguage":"en-US","potentialAction":[{"@type":"ReadAction","target":["https:\/\/centrodeexcelencia.org.br\/centro-de-excelencia-destaca-a-importancia-da-alianca-global-contra-a-fome-e-a-pobreza\/"]}]},{"@type":"ImageObject","inLanguage":"en-US","@id":"https:\/\/centrodeexcelencia.org.br\/centro-de-excelencia-destaca-a-importancia-da-alianca-global-contra-a-fome-e-a-pobreza\/#primaryimage","url":"https:\/\/centrodeexcelencia.org.br\/wp-content\/uploads\/2024\/11\/IMG_0490.jpg","contentUrl":"https:\/\/centrodeexcelencia.org.br\/wp-content\/uploads\/2024\/11\/IMG_0490.jpg","width":1179,"height":900,"caption":"WFP\/ Daniela Costa"},{"@type":"BreadcrumbList","@id":"https:\/\/centrodeexcelencia.org.br\/centro-de-excelencia-destaca-a-importancia-da-alianca-global-contra-a-fome-e-a-pobreza\/#breadcrumb","itemListElement":[{"@type":"ListItem","position":1,"name":"In\u00edcio","item":"https:\/\/centrodeexcelencia.org.br\/"},{"@type":"ListItem","position":2,"name":"Centro de Excel\u00eancia destaca a import\u00e2ncia da Alian\u00e7a Global contra a Fome e a Pobreza"}]},{"@type":"WebSite","@id":"https:\/\/centrodeexcelencia.org.br\/#website","url":"https:\/\/centrodeexcelencia.org.br\/","name":"WFP","description":"Centre of Excellence against Hunger","publisher":{"@id":"https:\/\/centrodeexcelencia.org.br\/#organization"},"potentialAction":[{"@type":"SearchAction","target":{"@type":"EntryPoint","urlTemplate":"https:\/\/centrodeexcelencia.org.br\/?s={search_term_string}"},"query-input":{"@type":"PropertyValueSpecification","valueRequired":true,"valueName":"search_term_string"}}],"inLanguage":"en-US"},{"@type":"Organization","@id":"https:\/\/centrodeexcelencia.org.br\/#organization","name":"WFP","url":"https:\/\/centrodeexcelencia.org.br\/","logo":{"@type":"ImageObject","inLanguage":"en-US","@id":"https:\/\/centrodeexcelencia.org.br\/#\/schema\/logo\/image\/","url":"https:\/\/centrodeexcelencia.org.br\/wp-content\/uploads\/2026\/01\/Sem-titulo-1_Prancheta-1-1.png","contentUrl":"https:\/\/centrodeexcelencia.org.br\/wp-content\/uploads\/2026\/01\/Sem-titulo-1_Prancheta-1-1.png","width":259,"height":395,"caption":"WFP"},"image":{"@id":"https:\/\/centrodeexcelencia.org.br\/#\/schema\/logo\/image\/"}},{"@type":"Person","@id":"https:\/\/centrodeexcelencia.org.br\/#\/schema\/person\/2abfac03d877accded957496ee4791fa","name":"Daniela Costa","image":{"@type":"ImageObject","inLanguage":"en-US","@id":"https:\/\/secure.gravatar.com\/avatar\/f50437f5f9510c75abc5b27c90dd82fe3fd390a88f22c1cdb42cd793b3721f86?s=96&d=mm&r=g","url":"https:\/\/secure.gravatar.com\/avatar\/f50437f5f9510c75abc5b27c90dd82fe3fd390a88f22c1cdb42cd793b3721f86?s=96&d=mm&r=g","contentUrl":"https:\/\/secure.gravatar.com\/avatar\/f50437f5f9510c75abc5b27c90dd82fe3fd390a88f22c1cdb42cd793b3721f86?s=96&d=mm&r=g","caption":"Daniela Costa"},"url":"https:\/\/centrodeexcelencia.org.br\/en\/author\/danielarocha\/"}]}},"_links":{"self":[{"href":"https:\/\/centrodeexcelencia.org.br\/en\/wp-json\/wp\/v2\/posts\/28455","targetHints":{"allow":["GET"]}}],"collection":[{"href":"https:\/\/centrodeexcelencia.org.br\/en\/wp-json\/wp\/v2\/posts"}],"about":[{"href":"https:\/\/centrodeexcelencia.org.br\/en\/wp-json\/wp\/v2\/types\/post"}],"author":[{"embeddable":true,"href":"https:\/\/centrodeexcelencia.org.br\/en\/wp-json\/wp\/v2\/users\/197"}],"replies":[{"embeddable":true,"href":"https:\/\/centrodeexcelencia.org.br\/en\/wp-json\/wp\/v2\/comments?post=28455"}],"version-history":[{"count":0,"href":"https:\/\/centrodeexcelencia.org.br\/en\/wp-json\/wp\/v2\/posts\/28455\/revisions"}],"wp:featuredmedia":[{"embeddable":true,"href":"https:\/\/centrodeexcelencia.org.br\/en\/wp-json\/wp\/v2\/media\/28460"}],"wp:attachment":[{"href":"https:\/\/centrodeexcelencia.org.br\/en\/wp-json\/wp\/v2\/media?parent=28455"}],"wp:term":[{"taxonomy":"category","embeddable":true,"href":"https:\/\/centrodeexcelencia.org.br\/en\/wp-json\/wp\/v2\/categories?post=28455"},{"taxonomy":"post_tag","embeddable":true,"href":"https:\/\/centrodeexcelencia.org.br\/en\/wp-json\/wp\/v2\/tags?post=28455"}],"curies":[{"name":"wp","href":"https:\/\/api.w.org\/{rel}","templated":true}]}}