{"id":28825,"date":"2025-02-14T15:10:06","date_gmt":"2025-02-14T18:10:06","guid":{"rendered":"https:\/\/centrodeexcelencia.org.br\/?p=28825"},"modified":"2025-02-14T15:10:49","modified_gmt":"2025-02-14T18:10:49","slug":"visita-a-escolas-do-projeto-sementes-para-o-amanha-promove-alimentacao-escolar-com-produtos-locais","status":"publish","type":"post","link":"https:\/\/centrodeexcelencia.org.br\/en\/visita-a-escolas-do-projeto-sementes-para-o-amanha-promove-alimentacao-escolar-com-produtos-locais\/","title":{"rendered":"Visit to WFP &#8220;Seeds for Tomorrow&#8221; Project Schools Promotes School Feeding with Local Food"},"content":{"rendered":"<p><\/p>\n<p style=\"text-align: center;\"><span data-contrast=\"auto\"><img fetchpriority=\"high\" decoding=\"async\" class=\"size-large wp-image-28827 aligncenter\" src=\"https:\/\/centrodeexcelencia.org.br\/wp-content\/uploads\/2025\/02\/WF1842827-image-8-1024x683.png\" alt=\"\" width=\"800\" height=\"534\" srcset=\"https:\/\/centrodeexcelencia.org.br\/wp-content\/uploads\/2025\/02\/WF1842827-image-8-1024x683.png 1024w, https:\/\/centrodeexcelencia.org.br\/wp-content\/uploads\/2025\/02\/WF1842827-image-8-300x200.png 300w, https:\/\/centrodeexcelencia.org.br\/wp-content\/uploads\/2025\/02\/WF1842827-image-8-768x512.png 768w, https:\/\/centrodeexcelencia.org.br\/wp-content\/uploads\/2025\/02\/WF1842827-image-8-600x400.png 600w, https:\/\/centrodeexcelencia.org.br\/wp-content\/uploads\/2025\/02\/WF1842827-image-8.png 1200w\" sizes=\"(max-width: 800px) 100vw, 800px\" \/>\u00a9 WFP<\/span><\/p>\n<p><span data-contrast=\"auto\">From February 6 to 9, WFP and the Congolese Ministry of Education conducted a field mission in four schools in Gamboma, Republic of Congo, to monitor the use of locally grown foods in school feeding.<\/span><span data-ccp-props=\"{&quot;134233117&quot;:false,&quot;134233118&quot;:false,&quot;335559738&quot;:240,&quot;335559739&quot;:240}\">\u00a0<\/span><\/p>\n<p><span data-contrast=\"auto\">WFP technicians from the school feeding and &#8220;Seeds for Tomorrow&#8221; project discussed the planned menu with representatives from the Congolese Ministry for Education, schools and four agricultural cooperatives in the region.<\/span><span data-ccp-props=\"{&quot;134233117&quot;:false,&quot;134233118&quot;:false,&quot;335559738&quot;:240,&quot;335559739&quot;:240}\">\u00a0<\/span><\/p>\n<p><span data-contrast=\"auto\">Together with the school principals, the team analyzed the management of school canteens and the food delivery process, as well as the challenges of purchasing from small producers, menu adaptation, and food storage. Additionally, they verified whether the agricultural cooperatives have sufficient production to supply the schools.<\/span><span data-ccp-props=\"{&quot;134233117&quot;:false,&quot;134233118&quot;:false,&quot;201341983&quot;:0,&quot;335551550&quot;:1,&quot;335551620&quot;:1,&quot;335559685&quot;:0,&quot;335559737&quot;:0,&quot;335559738&quot;:240,&quot;335559739&quot;:240,&quot;335559740&quot;:279}\">\u00a0<\/span><\/p>\n<p><span data-contrast=\"auto\">School Management Committees (COGES) were formed, consisting of parents and school representatives, who will receive training in canteen management. In the Republic of Congo, the mothers of students serve as volunteer cooks, taking turns throughout the week to prepare meals for the children. Moreover, student attendance records and forms for periodic reporting were made available.<\/span><span data-ccp-props=\"{&quot;134233117&quot;:false,&quot;134233118&quot;:false,&quot;335559738&quot;:240,&quot;335559739&quot;:240}\">\u00a0<\/span><\/p>\n<p><span data-contrast=\"auto\">For next steps, the project aims to closely monitor the implementation of new guidelines, collect data from schools and small producers, and bring together stakeholders in workshops to create and implement new ideas for homegrown school feeding.<\/span><span data-ccp-props=\"{&quot;134233117&quot;:false,&quot;134233118&quot;:false,&quot;335559738&quot;:240,&quot;335559739&quot;:240}\">\u00a0<\/span><\/p>\n<p aria-level=\"3\"><b><span data-contrast=\"none\">About the Project<\/span><\/b><span data-ccp-props=\"{&quot;134233117&quot;:false,&quot;134233118&quot;:false,&quot;134245418&quot;:true,&quot;134245529&quot;:true,&quot;335559738&quot;:281,&quot;335559739&quot;:281}\">\u00a0<\/span><\/p>\n<p><span data-contrast=\"auto\">The project <\/span><span data-contrast=\"none\">Enhancing Family Farmers\u2019 Access to Local Markets in the Republic of Congo through South-South Cooperation\u201d\u00a0<\/span><span data-contrast=\"auto\"> is an initiative of the <\/span><b><span data-contrast=\"auto\">WFP Centre of Excellence against Hunger in Brazil and <\/span><\/b><span data-contrast=\"auto\">WFP Republic of Congo Country Office in partnership with the Government of the Republic of Congo, the Government of Brazil, and the <\/span><b><span data-contrast=\"auto\">United Nations Office for South-South Cooperation (UNOSSC)<\/span><\/b><span data-contrast=\"auto\">. Launched in June 2023, the project is funded by the <\/span><b><span data-contrast=\"auto\">IBSA Fund (India, Brazil, and South Africa Facility for Poverty and Hunger Alleviation) <\/span><\/b><span data-contrast=\"auto\">.<\/span><span data-ccp-props=\"{&quot;134233117&quot;:false,&quot;134233118&quot;:false,&quot;335559738&quot;:240,&quot;335559739&quot;:240}\">\u00a0<\/span><\/p>\n<p><span data-contrast=\"auto\">The initiative aims to empower the Congolese <\/span><b><span data-contrast=\"auto\">Ministry of Agriculture, Livestock, and Fisheries (MAEP)<\/span><\/b><span data-contrast=\"auto\"> and the <\/span><b><span data-contrast=\"auto\">Ministry of Preschool, Primary, Secondary Education, and Literacy (MEPPSA)<\/span><\/b><span data-contrast=\"auto\"> to utilize knowledge and innovations from Brazil and other IBSA partners in family farming and school feeding programs.<\/span><span data-ccp-props=\"{&quot;134233117&quot;:false,&quot;134233118&quot;:false,&quot;335559738&quot;:240,&quot;335559739&quot;:240}\">\u00a0<\/span><\/p>\n<p><span data-contrast=\"auto\">The project is being implemented over two years in the departments of <\/span><b><span data-contrast=\"auto\">Bouenza, Plateaux, and Pool<\/span><\/b><span data-contrast=\"auto\">, involving institutional strengthening of relevant ministries, training for family farming cooperatives, and support for schools.<\/span><span data-ccp-props=\"{&quot;134233117&quot;:false,&quot;134233118&quot;:false,&quot;335559738&quot;:240,&quot;335559739&quot;:240}\">\u00a0<\/span><\/p>","protected":false},"excerpt":{"rendered":"<p>\u00a9 WFP From February 6 to 9, WFP and the&hellip;<\/p>\n<p> <a class=\"more-link\" href=\"https:\/\/centrodeexcelencia.org.br\/en\/visita-a-escolas-do-projeto-sementes-para-o-amanha-promove-alimentacao-escolar-com-produtos-locais\/\">Read more<\/a><\/p>\n","protected":false},"author":187,"featured_media":28827,"comment_status":"closed","ping_status":"open","sticky":false,"template":"","format":"standard","meta":{"_monsterinsights_skip_tracking":false,"_monsterinsights_sitenote_active":false,"_monsterinsights_sitenote_note":"","_monsterinsights_sitenote_category":0,"footnotes":""},"categories":[341],"tags":[329],"class_list":{"0":"post-28825","1":"post","2":"type-post","3":"status-publish","4":"format-standard","5":"has-post-thumbnail","7":"category-sft","8":"tag-ibsa"},"yoast_head":"<!-- This site is optimized with the Yoast SEO plugin v27.3 - https:\/\/yoast.com\/product\/yoast-seo-wordpress\/ -->\n<title>Visit to WFP &quot;Seeds for Tomorrow&quot; Project Schools Promotes School Feeding with Local Food - WFP<\/title>\n<meta name=\"robots\" content=\"index, follow, max-snippet:-1, max-image-preview:large, max-video-preview:-1\" \/>\n<link rel=\"canonical\" href=\"https:\/\/centrodeexcelencia.org.br\/visita-a-escolas-do-projeto-sementes-para-o-amanha-promove-alimentacao-escolar-com-produtos-locais\/\" \/>\n<meta property=\"og:locale\" content=\"en_US\" \/>\n<meta property=\"og:type\" content=\"article\" \/>\n<meta property=\"og:title\" content=\"Visit to WFP &quot;Seeds for Tomorrow&quot; Project Schools Promotes School Feeding with Local Food - WFP\" \/>\n<meta property=\"og:description\" content=\"\u00a9 WFP From February 6 to 9, WFP and the&hellip;  Read more\" \/>\n<meta property=\"og:url\" content=\"https:\/\/centrodeexcelencia.org.br\/visita-a-escolas-do-projeto-sementes-para-o-amanha-promove-alimentacao-escolar-com-produtos-locais\/\" \/>\n<meta property=\"og:site_name\" content=\"WFP\" \/>\n<meta property=\"article:published_time\" content=\"2025-02-14T18:10:06+00:00\" \/>\n<meta property=\"article:modified_time\" content=\"2025-02-14T18:10:49+00:00\" \/>\n<meta property=\"og:image\" content=\"https:\/\/centrodeexcelencia.org.br\/wp-content\/uploads\/2025\/02\/WF1842827-image-8.png\" \/>\n\t<meta property=\"og:image:width\" content=\"1200\" \/>\n\t<meta property=\"og:image:height\" content=\"800\" \/>\n\t<meta property=\"og:image:type\" content=\"image\/png\" \/>\n<meta name=\"author\" content=\"Maria Clara Franco\" \/>\n<meta name=\"twitter:card\" content=\"summary_large_image\" \/>\n<meta name=\"twitter:label1\" content=\"Written by\" \/>\n\t<meta name=\"twitter:data1\" content=\"Maria Clara Franco\" \/>\n\t<meta name=\"twitter:label2\" content=\"Est. reading time\" \/>\n\t<meta name=\"twitter:data2\" content=\"4 minutes\" \/>\n<script type=\"application\/ld+json\" class=\"yoast-schema-graph\">{\"@context\":\"https:\\\/\\\/schema.org\",\"@graph\":[{\"@type\":\"Article\",\"@id\":\"https:\\\/\\\/centrodeexcelencia.org.br\\\/visita-a-escolas-do-projeto-sementes-para-o-amanha-promove-alimentacao-escolar-com-produtos-locais\\\/#article\",\"isPartOf\":{\"@id\":\"https:\\\/\\\/centrodeexcelencia.org.br\\\/visita-a-escolas-do-projeto-sementes-para-o-amanha-promove-alimentacao-escolar-com-produtos-locais\\\/\"},\"author\":{\"name\":\"Maria Clara Franco\",\"@id\":\"https:\\\/\\\/centrodeexcelencia.org.br\\\/#\\\/schema\\\/person\\\/626fcfd94c49053062937868dbb17543\"},\"headline\":\"Visit to WFP &#8220;Seeds for Tomorrow&#8221; Project Schools Promotes School Feeding with Local Food\",\"datePublished\":\"2025-02-14T18:10:06+00:00\",\"dateModified\":\"2025-02-14T18:10:49+00:00\",\"mainEntityOfPage\":{\"@id\":\"https:\\\/\\\/centrodeexcelencia.org.br\\\/visita-a-escolas-do-projeto-sementes-para-o-amanha-promove-alimentacao-escolar-com-produtos-locais\\\/\"},\"wordCount\":822,\"publisher\":{\"@id\":\"https:\\\/\\\/centrodeexcelencia.org.br\\\/#organization\"},\"image\":{\"@id\":\"https:\\\/\\\/centrodeexcelencia.org.br\\\/visita-a-escolas-do-projeto-sementes-para-o-amanha-promove-alimentacao-escolar-com-produtos-locais\\\/#primaryimage\"},\"thumbnailUrl\":\"https:\\\/\\\/centrodeexcelencia.org.br\\\/wp-content\\\/uploads\\\/2025\\\/02\\\/WF1842827-image-8.png\",\"keywords\":[\"IBSA\"],\"articleSection\":[\"\"],\"inLanguage\":\"en-US\"},{\"@type\":\"WebPage\",\"@id\":\"https:\\\/\\\/centrodeexcelencia.org.br\\\/visita-a-escolas-do-projeto-sementes-para-o-amanha-promove-alimentacao-escolar-com-produtos-locais\\\/\",\"url\":\"https:\\\/\\\/centrodeexcelencia.org.br\\\/visita-a-escolas-do-projeto-sementes-para-o-amanha-promove-alimentacao-escolar-com-produtos-locais\\\/\",\"name\":\"Visit to WFP \\\"Seeds for Tomorrow\\\" Project Schools Promotes School Feeding with Local Food - WFP\",\"isPartOf\":{\"@id\":\"https:\\\/\\\/centrodeexcelencia.org.br\\\/#website\"},\"primaryImageOfPage\":{\"@id\":\"https:\\\/\\\/centrodeexcelencia.org.br\\\/visita-a-escolas-do-projeto-sementes-para-o-amanha-promove-alimentacao-escolar-com-produtos-locais\\\/#primaryimage\"},\"image\":{\"@id\":\"https:\\\/\\\/centrodeexcelencia.org.br\\\/visita-a-escolas-do-projeto-sementes-para-o-amanha-promove-alimentacao-escolar-com-produtos-locais\\\/#primaryimage\"},\"thumbnailUrl\":\"https:\\\/\\\/centrodeexcelencia.org.br\\\/wp-content\\\/uploads\\\/2025\\\/02\\\/WF1842827-image-8.png\",\"datePublished\":\"2025-02-14T18:10:06+00:00\",\"dateModified\":\"2025-02-14T18:10:49+00:00\",\"breadcrumb\":{\"@id\":\"https:\\\/\\\/centrodeexcelencia.org.br\\\/visita-a-escolas-do-projeto-sementes-para-o-amanha-promove-alimentacao-escolar-com-produtos-locais\\\/#breadcrumb\"},\"inLanguage\":\"en-US\",\"potentialAction\":[{\"@type\":\"ReadAction\",\"target\":[\"https:\\\/\\\/centrodeexcelencia.org.br\\\/visita-a-escolas-do-projeto-sementes-para-o-amanha-promove-alimentacao-escolar-com-produtos-locais\\\/\"]}]},{\"@type\":\"ImageObject\",\"inLanguage\":\"en-US\",\"@id\":\"https:\\\/\\\/centrodeexcelencia.org.br\\\/visita-a-escolas-do-projeto-sementes-para-o-amanha-promove-alimentacao-escolar-com-produtos-locais\\\/#primaryimage\",\"url\":\"https:\\\/\\\/centrodeexcelencia.org.br\\\/wp-content\\\/uploads\\\/2025\\\/02\\\/WF1842827-image-8.png\",\"contentUrl\":\"https:\\\/\\\/centrodeexcelencia.org.br\\\/wp-content\\\/uploads\\\/2025\\\/02\\\/WF1842827-image-8.png\",\"width\":1200,\"height\":800},{\"@type\":\"BreadcrumbList\",\"@id\":\"https:\\\/\\\/centrodeexcelencia.org.br\\\/visita-a-escolas-do-projeto-sementes-para-o-amanha-promove-alimentacao-escolar-com-produtos-locais\\\/#breadcrumb\",\"itemListElement\":[{\"@type\":\"ListItem\",\"position\":1,\"name\":\"In\u00edcio\",\"item\":\"https:\\\/\\\/centrodeexcelencia.org.br\\\/\"},{\"@type\":\"ListItem\",\"position\":2,\"name\":\"Visita a escolas do Projeto Sementes para o Amanh\u00e3 promove alimenta\u00e7\u00e3o escolar com produtos locais\"}]},{\"@type\":\"WebSite\",\"@id\":\"https:\\\/\\\/centrodeexcelencia.org.br\\\/#website\",\"url\":\"https:\\\/\\\/centrodeexcelencia.org.br\\\/\",\"name\":\"WFP\",\"description\":\"Centre of Excellence against Hunger\",\"publisher\":{\"@id\":\"https:\\\/\\\/centrodeexcelencia.org.br\\\/#organization\"},\"potentialAction\":[{\"@type\":\"SearchAction\",\"target\":{\"@type\":\"EntryPoint\",\"urlTemplate\":\"https:\\\/\\\/centrodeexcelencia.org.br\\\/?s={search_term_string}\"},\"query-input\":{\"@type\":\"PropertyValueSpecification\",\"valueRequired\":true,\"valueName\":\"search_term_string\"}}],\"inLanguage\":\"en-US\"},{\"@type\":\"Organization\",\"@id\":\"https:\\\/\\\/centrodeexcelencia.org.br\\\/#organization\",\"name\":\"WFP\",\"url\":\"https:\\\/\\\/centrodeexcelencia.org.br\\\/\",\"logo\":{\"@type\":\"ImageObject\",\"inLanguage\":\"en-US\",\"@id\":\"https:\\\/\\\/centrodeexcelencia.org.br\\\/#\\\/schema\\\/logo\\\/image\\\/\",\"url\":\"https:\\\/\\\/centrodeexcelencia.org.br\\\/wp-content\\\/uploads\\\/2026\\\/01\\\/Sem-titulo-1_Prancheta-1-1.png\",\"contentUrl\":\"https:\\\/\\\/centrodeexcelencia.org.br\\\/wp-content\\\/uploads\\\/2026\\\/01\\\/Sem-titulo-1_Prancheta-1-1.png\",\"width\":259,\"height\":395,\"caption\":\"WFP\"},\"image\":{\"@id\":\"https:\\\/\\\/centrodeexcelencia.org.br\\\/#\\\/schema\\\/logo\\\/image\\\/\"}},{\"@type\":\"Person\",\"@id\":\"https:\\\/\\\/centrodeexcelencia.org.br\\\/#\\\/schema\\\/person\\\/626fcfd94c49053062937868dbb17543\",\"name\":\"Maria Clara Franco\",\"image\":{\"@type\":\"ImageObject\",\"inLanguage\":\"en-US\",\"@id\":\"https:\\\/\\\/secure.gravatar.com\\\/avatar\\\/343df77c2fc4b6a0fbaf71ce647632dc671b592062c20c120fd154061c915e86?s=96&d=mm&r=g\",\"url\":\"https:\\\/\\\/secure.gravatar.com\\\/avatar\\\/343df77c2fc4b6a0fbaf71ce647632dc671b592062c20c120fd154061c915e86?s=96&d=mm&r=g\",\"contentUrl\":\"https:\\\/\\\/secure.gravatar.com\\\/avatar\\\/343df77c2fc4b6a0fbaf71ce647632dc671b592062c20c120fd154061c915e86?s=96&d=mm&r=g\",\"caption\":\"Maria Clara Franco\"},\"url\":\"https:\\\/\\\/centrodeexcelencia.org.br\\\/en\\\/author\\\/maferreira\\\/\"}]}<\/script>\n<!-- \/ Yoast SEO plugin. -->","yoast_head_json":{"title":"Visit to WFP \"Seeds for Tomorrow\" Project Schools Promotes School Feeding with Local Food - WFP","robots":{"index":"index","follow":"follow","max-snippet":"max-snippet:-1","max-image-preview":"max-image-preview:large","max-video-preview":"max-video-preview:-1"},"canonical":"https:\/\/centrodeexcelencia.org.br\/visita-a-escolas-do-projeto-sementes-para-o-amanha-promove-alimentacao-escolar-com-produtos-locais\/","og_locale":"en_US","og_type":"article","og_title":"Visit to WFP \"Seeds for Tomorrow\" Project Schools Promotes School Feeding with Local Food - WFP","og_description":"\u00a9 WFP From February 6 to 9, WFP and the&hellip;  Read more","og_url":"https:\/\/centrodeexcelencia.org.br\/visita-a-escolas-do-projeto-sementes-para-o-amanha-promove-alimentacao-escolar-com-produtos-locais\/","og_site_name":"WFP","article_published_time":"2025-02-14T18:10:06+00:00","article_modified_time":"2025-02-14T18:10:49+00:00","og_image":[{"width":1200,"height":800,"url":"https:\/\/centrodeexcelencia.org.br\/wp-content\/uploads\/2025\/02\/WF1842827-image-8.png","type":"image\/png"}],"author":"Maria Clara Franco","twitter_card":"summary_large_image","twitter_misc":{"Written by":"Maria Clara Franco","Est. reading time":"4 minutes"},"schema":{"@context":"https:\/\/schema.org","@graph":[{"@type":"Article","@id":"https:\/\/centrodeexcelencia.org.br\/visita-a-escolas-do-projeto-sementes-para-o-amanha-promove-alimentacao-escolar-com-produtos-locais\/#article","isPartOf":{"@id":"https:\/\/centrodeexcelencia.org.br\/visita-a-escolas-do-projeto-sementes-para-o-amanha-promove-alimentacao-escolar-com-produtos-locais\/"},"author":{"name":"Maria Clara Franco","@id":"https:\/\/centrodeexcelencia.org.br\/#\/schema\/person\/626fcfd94c49053062937868dbb17543"},"headline":"Visit to WFP &#8220;Seeds for Tomorrow&#8221; Project Schools Promotes School Feeding with Local Food","datePublished":"2025-02-14T18:10:06+00:00","dateModified":"2025-02-14T18:10:49+00:00","mainEntityOfPage":{"@id":"https:\/\/centrodeexcelencia.org.br\/visita-a-escolas-do-projeto-sementes-para-o-amanha-promove-alimentacao-escolar-com-produtos-locais\/"},"wordCount":822,"publisher":{"@id":"https:\/\/centrodeexcelencia.org.br\/#organization"},"image":{"@id":"https:\/\/centrodeexcelencia.org.br\/visita-a-escolas-do-projeto-sementes-para-o-amanha-promove-alimentacao-escolar-com-produtos-locais\/#primaryimage"},"thumbnailUrl":"https:\/\/centrodeexcelencia.org.br\/wp-content\/uploads\/2025\/02\/WF1842827-image-8.png","keywords":["IBSA"],"articleSection":[""],"inLanguage":"en-US"},{"@type":"WebPage","@id":"https:\/\/centrodeexcelencia.org.br\/visita-a-escolas-do-projeto-sementes-para-o-amanha-promove-alimentacao-escolar-com-produtos-locais\/","url":"https:\/\/centrodeexcelencia.org.br\/visita-a-escolas-do-projeto-sementes-para-o-amanha-promove-alimentacao-escolar-com-produtos-locais\/","name":"Visit to WFP \"Seeds for Tomorrow\" Project Schools Promotes School Feeding with Local Food - WFP","isPartOf":{"@id":"https:\/\/centrodeexcelencia.org.br\/#website"},"primaryImageOfPage":{"@id":"https:\/\/centrodeexcelencia.org.br\/visita-a-escolas-do-projeto-sementes-para-o-amanha-promove-alimentacao-escolar-com-produtos-locais\/#primaryimage"},"image":{"@id":"https:\/\/centrodeexcelencia.org.br\/visita-a-escolas-do-projeto-sementes-para-o-amanha-promove-alimentacao-escolar-com-produtos-locais\/#primaryimage"},"thumbnailUrl":"https:\/\/centrodeexcelencia.org.br\/wp-content\/uploads\/2025\/02\/WF1842827-image-8.png","datePublished":"2025-02-14T18:10:06+00:00","dateModified":"2025-02-14T18:10:49+00:00","breadcrumb":{"@id":"https:\/\/centrodeexcelencia.org.br\/visita-a-escolas-do-projeto-sementes-para-o-amanha-promove-alimentacao-escolar-com-produtos-locais\/#breadcrumb"},"inLanguage":"en-US","potentialAction":[{"@type":"ReadAction","target":["https:\/\/centrodeexcelencia.org.br\/visita-a-escolas-do-projeto-sementes-para-o-amanha-promove-alimentacao-escolar-com-produtos-locais\/"]}]},{"@type":"ImageObject","inLanguage":"en-US","@id":"https:\/\/centrodeexcelencia.org.br\/visita-a-escolas-do-projeto-sementes-para-o-amanha-promove-alimentacao-escolar-com-produtos-locais\/#primaryimage","url":"https:\/\/centrodeexcelencia.org.br\/wp-content\/uploads\/2025\/02\/WF1842827-image-8.png","contentUrl":"https:\/\/centrodeexcelencia.org.br\/wp-content\/uploads\/2025\/02\/WF1842827-image-8.png","width":1200,"height":800},{"@type":"BreadcrumbList","@id":"https:\/\/centrodeexcelencia.org.br\/visita-a-escolas-do-projeto-sementes-para-o-amanha-promove-alimentacao-escolar-com-produtos-locais\/#breadcrumb","itemListElement":[{"@type":"ListItem","position":1,"name":"In\u00edcio","item":"https:\/\/centrodeexcelencia.org.br\/"},{"@type":"ListItem","position":2,"name":"Visita a escolas do Projeto Sementes para o Amanh\u00e3 promove alimenta\u00e7\u00e3o escolar com produtos locais"}]},{"@type":"WebSite","@id":"https:\/\/centrodeexcelencia.org.br\/#website","url":"https:\/\/centrodeexcelencia.org.br\/","name":"WFP","description":"Centre of Excellence against Hunger","publisher":{"@id":"https:\/\/centrodeexcelencia.org.br\/#organization"},"potentialAction":[{"@type":"SearchAction","target":{"@type":"EntryPoint","urlTemplate":"https:\/\/centrodeexcelencia.org.br\/?s={search_term_string}"},"query-input":{"@type":"PropertyValueSpecification","valueRequired":true,"valueName":"search_term_string"}}],"inLanguage":"en-US"},{"@type":"Organization","@id":"https:\/\/centrodeexcelencia.org.br\/#organization","name":"WFP","url":"https:\/\/centrodeexcelencia.org.br\/","logo":{"@type":"ImageObject","inLanguage":"en-US","@id":"https:\/\/centrodeexcelencia.org.br\/#\/schema\/logo\/image\/","url":"https:\/\/centrodeexcelencia.org.br\/wp-content\/uploads\/2026\/01\/Sem-titulo-1_Prancheta-1-1.png","contentUrl":"https:\/\/centrodeexcelencia.org.br\/wp-content\/uploads\/2026\/01\/Sem-titulo-1_Prancheta-1-1.png","width":259,"height":395,"caption":"WFP"},"image":{"@id":"https:\/\/centrodeexcelencia.org.br\/#\/schema\/logo\/image\/"}},{"@type":"Person","@id":"https:\/\/centrodeexcelencia.org.br\/#\/schema\/person\/626fcfd94c49053062937868dbb17543","name":"Maria Clara Franco","image":{"@type":"ImageObject","inLanguage":"en-US","@id":"https:\/\/secure.gravatar.com\/avatar\/343df77c2fc4b6a0fbaf71ce647632dc671b592062c20c120fd154061c915e86?s=96&d=mm&r=g","url":"https:\/\/secure.gravatar.com\/avatar\/343df77c2fc4b6a0fbaf71ce647632dc671b592062c20c120fd154061c915e86?s=96&d=mm&r=g","contentUrl":"https:\/\/secure.gravatar.com\/avatar\/343df77c2fc4b6a0fbaf71ce647632dc671b592062c20c120fd154061c915e86?s=96&d=mm&r=g","caption":"Maria Clara Franco"},"url":"https:\/\/centrodeexcelencia.org.br\/en\/author\/maferreira\/"}]}},"_links":{"self":[{"href":"https:\/\/centrodeexcelencia.org.br\/en\/wp-json\/wp\/v2\/posts\/28825","targetHints":{"allow":["GET"]}}],"collection":[{"href":"https:\/\/centrodeexcelencia.org.br\/en\/wp-json\/wp\/v2\/posts"}],"about":[{"href":"https:\/\/centrodeexcelencia.org.br\/en\/wp-json\/wp\/v2\/types\/post"}],"author":[{"embeddable":true,"href":"https:\/\/centrodeexcelencia.org.br\/en\/wp-json\/wp\/v2\/users\/187"}],"replies":[{"embeddable":true,"href":"https:\/\/centrodeexcelencia.org.br\/en\/wp-json\/wp\/v2\/comments?post=28825"}],"version-history":[{"count":0,"href":"https:\/\/centrodeexcelencia.org.br\/en\/wp-json\/wp\/v2\/posts\/28825\/revisions"}],"wp:featuredmedia":[{"embeddable":true,"href":"https:\/\/centrodeexcelencia.org.br\/en\/wp-json\/wp\/v2\/media\/28827"}],"wp:attachment":[{"href":"https:\/\/centrodeexcelencia.org.br\/en\/wp-json\/wp\/v2\/media?parent=28825"}],"wp:term":[{"taxonomy":"category","embeddable":true,"href":"https:\/\/centrodeexcelencia.org.br\/en\/wp-json\/wp\/v2\/categories?post=28825"},{"taxonomy":"post_tag","embeddable":true,"href":"https:\/\/centrodeexcelencia.org.br\/en\/wp-json\/wp\/v2\/tags?post=28825"}],"curies":[{"name":"wp","href":"https:\/\/api.w.org\/{rel}","templated":true}]}}