{"id":28860,"date":"2025-03-12T14:26:32","date_gmt":"2025-03-12T17:26:32","guid":{"rendered":"https:\/\/centrodeexcelencia.org.br\/?p=28860"},"modified":"2025-03-12T14:26:32","modified_gmt":"2025-03-12T17:26:32","slug":"centro-de-excelencia-participa-de-forum-sobre-modelo-sustentavel-do-agronegocio","status":"publish","type":"post","link":"https:\/\/centrodeexcelencia.org.br\/en\/centro-de-excelencia-participa-de-forum-sobre-modelo-sustentavel-do-agronegocio\/","title":{"rendered":"Centre of Excellence participates in forum on sustainable agribusiness model"},"content":{"rendered":"<p><img fetchpriority=\"high\" decoding=\"async\" class=\"alignleft size-full wp-image-28861\" src=\"https:\/\/centrodeexcelencia.org.br\/wp-content\/uploads\/2025\/03\/img_4730-2-scaled.jpg\" alt=\"\" width=\"2560\" height=\"1707\" srcset=\"https:\/\/centrodeexcelencia.org.br\/wp-content\/uploads\/2025\/03\/img_4730-2-scaled.jpg 2560w, https:\/\/centrodeexcelencia.org.br\/wp-content\/uploads\/2025\/03\/img_4730-2-300x200.jpg 300w, https:\/\/centrodeexcelencia.org.br\/wp-content\/uploads\/2025\/03\/img_4730-2-1024x683.jpg 1024w, https:\/\/centrodeexcelencia.org.br\/wp-content\/uploads\/2025\/03\/img_4730-2-768x512.jpg 768w, https:\/\/centrodeexcelencia.org.br\/wp-content\/uploads\/2025\/03\/img_4730-2-1536x1024.jpg 1536w, https:\/\/centrodeexcelencia.org.br\/wp-content\/uploads\/2025\/03\/img_4730-2-2048x1365.jpg 2048w, https:\/\/centrodeexcelencia.org.br\/wp-content\/uploads\/2025\/03\/img_4730-2-600x400.jpg 600w\" sizes=\"(max-width: 2560px) 100vw, 2560px\" \/><\/p>\n<p><span data-contrast=\"auto\">Rethink models, work with other markets and boost sustainable food production. This was the theme of the participation of the director of the WFP Centre of Excellence against Hunger in Brazil, Daniel Balaban, at the opening of the event Encontros com o Futuro &#8211; Agribusiness and Sustainable Livestock Forum, held on March 11 in S\u00e3o Paulo.<\/span><span data-ccp-props=\"{}\">\u00a0<\/span><\/p>\n<p><span data-contrast=\"auto\">During his online presentation, Daniel pointed out that Brazil has technology and know-how in the agricultural sector, and many countries in the Global South are interested. \u201cIt&#8217;s time for Brazil to place itself in these markets. Take it to Africa, in addition to the North American and European markets.\u201d\u00a0<\/span><span data-ccp-props=\"{}\">\u00a0<\/span><\/p>\n<p><span data-contrast=\"auto\">According to him, Brazil should participate more actively in international forums to spread the experiences of Brazilian producers who are committed to sustainable production. \u201cWe must rethink how we debate and take Brazil&#8217;s model to the rest of the world. Our agribusiness has a lot of good people doing good things. Producers must defend their means of sustainable production. And the new generations demand sustainable products.\u201d<\/span><span data-ccp-props=\"{}\">\u00a0<\/span><\/p>\n<p><span data-contrast=\"auto\">He said that Brazil is more important than we realize in terms of food production, in a world that is experiencing a humanitarian tragedy. \u201cToday there are 700 million people in the world suffering from hunger. And we know that where there is hunger there is susceptibility to war. Hunger leads to armed conflict.\u201d\u00a0<\/span><span data-ccp-props=\"{}\">\u00a0<\/span><\/p>\n<p><span data-contrast=\"auto\">There is a link between humanitarian work and peace, which led the World Food Program (WFP) to receive the Nobel Peace Prize in 2020. \u201cThe WFP is the largest humanitarian agency in the world and feeds 170 million people in situations of food and nutrition insecurity every day. Less hunger means less conflict. This is the link between peace and healthy food.\u201d\u00a0\u00a0<\/span><span data-ccp-props=\"{}\">\u00a0<\/span><\/p>\n<p><span data-contrast=\"auto\">In addition to Daniel Balaban, 11 other panelists spoke at the Forum to around 60 people. The initiative is promoted by World Observatory, the philanthropic arm of Produtora Brasileira, in partnership with PwC Brasil, PRIME (the UN&#8217;s arm for business universities in Brazil and around the world), Alumni FGV-EAESP, Sancor Seguros and the S\u00e3o Paulo Regional Administration Council (CRA-SP).<\/span><span data-ccp-props=\"{}\">\u00a0<\/span><\/p>\n<p><span data-ccp-props=\"{}\">\u00a0<\/span><\/p>","protected":false},"excerpt":{"rendered":"<p>Rethink models, work with other markets and boost sustainable food&hellip;<\/p>\n<p> <a class=\"more-link\" href=\"https:\/\/centrodeexcelencia.org.br\/en\/centro-de-excelencia-participa-de-forum-sobre-modelo-sustentavel-do-agronegocio\/\">Read more<\/a><\/p>\n","protected":false},"author":34,"featured_media":28861,"comment_status":"closed","ping_status":"open","sticky":false,"template":"","format":"standard","meta":{"_monsterinsights_skip_tracking":false,"_monsterinsights_sitenote_active":false,"_monsterinsights_sitenote_note":"","_monsterinsights_sitenote_category":0,"footnotes":""},"categories":[188,187],"tags":[],"class_list":{"0":"post-28860","1":"post","2":"type-post","3":"status-publish","4":"format-standard","5":"has-post-thumbnail","7":"category-geral-noticias","8":"category-noticias"},"yoast_head":"<!-- This site is optimized with the Yoast SEO plugin v27.3 - https:\/\/yoast.com\/product\/yoast-seo-wordpress\/ -->\n<title>Centre of Excellence participates in forum on sustainable agribusiness model - WFP<\/title>\n<meta name=\"robots\" content=\"index, follow, max-snippet:-1, max-image-preview:large, max-video-preview:-1\" \/>\n<link rel=\"canonical\" href=\"https:\/\/centrodeexcelencia.org.br\/centro-de-excelencia-participa-de-forum-sobre-modelo-sustentavel-do-agronegocio\/\" \/>\n<meta property=\"og:locale\" content=\"en_US\" \/>\n<meta property=\"og:type\" content=\"article\" \/>\n<meta property=\"og:title\" content=\"Centre of Excellence participates in forum on sustainable agribusiness model - WFP\" \/>\n<meta property=\"og:description\" content=\"Rethink models, work with other markets and boost sustainable food&hellip;  Read more\" \/>\n<meta property=\"og:url\" content=\"https:\/\/centrodeexcelencia.org.br\/centro-de-excelencia-participa-de-forum-sobre-modelo-sustentavel-do-agronegocio\/\" \/>\n<meta property=\"og:site_name\" content=\"WFP\" \/>\n<meta property=\"article:published_time\" content=\"2025-03-12T17:26:32+00:00\" \/>\n<meta property=\"og:image\" content=\"https:\/\/centrodeexcelencia.org.br\/wp-content\/uploads\/2025\/03\/img_4730-2-scaled.jpg\" \/>\n\t<meta property=\"og:image:width\" content=\"2560\" \/>\n\t<meta property=\"og:image:height\" content=\"1707\" \/>\n\t<meta property=\"og:image:type\" content=\"image\/jpeg\" \/>\n<meta name=\"author\" content=\"Caroline Melo\" \/>\n<meta name=\"twitter:card\" content=\"summary_large_image\" \/>\n<meta name=\"twitter:label1\" content=\"Written by\" \/>\n\t<meta name=\"twitter:data1\" content=\"Caroline Melo\" \/>\n\t<meta name=\"twitter:label2\" content=\"Est. reading time\" \/>\n\t<meta name=\"twitter:data2\" content=\"4 minutes\" \/>\n<script type=\"application\/ld+json\" class=\"yoast-schema-graph\">{\"@context\":\"https:\\\/\\\/schema.org\",\"@graph\":[{\"@type\":\"Article\",\"@id\":\"https:\\\/\\\/centrodeexcelencia.org.br\\\/centro-de-excelencia-participa-de-forum-sobre-modelo-sustentavel-do-agronegocio\\\/#article\",\"isPartOf\":{\"@id\":\"https:\\\/\\\/centrodeexcelencia.org.br\\\/centro-de-excelencia-participa-de-forum-sobre-modelo-sustentavel-do-agronegocio\\\/\"},\"author\":{\"name\":\"Caroline Melo\",\"@id\":\"https:\\\/\\\/centrodeexcelencia.org.br\\\/#\\\/schema\\\/person\\\/b9f3e0ad16a8968d7834a04c67c2530e\"},\"headline\":\"Centre of Excellence participates in forum on sustainable agribusiness model\",\"datePublished\":\"2025-03-12T17:26:32+00:00\",\"mainEntityOfPage\":{\"@id\":\"https:\\\/\\\/centrodeexcelencia.org.br\\\/centro-de-excelencia-participa-de-forum-sobre-modelo-sustentavel-do-agronegocio\\\/\"},\"wordCount\":758,\"publisher\":{\"@id\":\"https:\\\/\\\/centrodeexcelencia.org.br\\\/#organization\"},\"image\":{\"@id\":\"https:\\\/\\\/centrodeexcelencia.org.br\\\/centro-de-excelencia-participa-de-forum-sobre-modelo-sustentavel-do-agronegocio\\\/#primaryimage\"},\"thumbnailUrl\":\"https:\\\/\\\/centrodeexcelencia.org.br\\\/wp-content\\\/uploads\\\/2025\\\/03\\\/img_4730-2-scaled.jpg\",\"articleSection\":[\"General\",\"News\"],\"inLanguage\":\"en-US\"},{\"@type\":\"WebPage\",\"@id\":\"https:\\\/\\\/centrodeexcelencia.org.br\\\/centro-de-excelencia-participa-de-forum-sobre-modelo-sustentavel-do-agronegocio\\\/\",\"url\":\"https:\\\/\\\/centrodeexcelencia.org.br\\\/centro-de-excelencia-participa-de-forum-sobre-modelo-sustentavel-do-agronegocio\\\/\",\"name\":\"Centre of Excellence participates in forum on sustainable agribusiness model - WFP\",\"isPartOf\":{\"@id\":\"https:\\\/\\\/centrodeexcelencia.org.br\\\/#website\"},\"primaryImageOfPage\":{\"@id\":\"https:\\\/\\\/centrodeexcelencia.org.br\\\/centro-de-excelencia-participa-de-forum-sobre-modelo-sustentavel-do-agronegocio\\\/#primaryimage\"},\"image\":{\"@id\":\"https:\\\/\\\/centrodeexcelencia.org.br\\\/centro-de-excelencia-participa-de-forum-sobre-modelo-sustentavel-do-agronegocio\\\/#primaryimage\"},\"thumbnailUrl\":\"https:\\\/\\\/centrodeexcelencia.org.br\\\/wp-content\\\/uploads\\\/2025\\\/03\\\/img_4730-2-scaled.jpg\",\"datePublished\":\"2025-03-12T17:26:32+00:00\",\"breadcrumb\":{\"@id\":\"https:\\\/\\\/centrodeexcelencia.org.br\\\/centro-de-excelencia-participa-de-forum-sobre-modelo-sustentavel-do-agronegocio\\\/#breadcrumb\"},\"inLanguage\":\"en-US\",\"potentialAction\":[{\"@type\":\"ReadAction\",\"target\":[\"https:\\\/\\\/centrodeexcelencia.org.br\\\/centro-de-excelencia-participa-de-forum-sobre-modelo-sustentavel-do-agronegocio\\\/\"]}]},{\"@type\":\"ImageObject\",\"inLanguage\":\"en-US\",\"@id\":\"https:\\\/\\\/centrodeexcelencia.org.br\\\/centro-de-excelencia-participa-de-forum-sobre-modelo-sustentavel-do-agronegocio\\\/#primaryimage\",\"url\":\"https:\\\/\\\/centrodeexcelencia.org.br\\\/wp-content\\\/uploads\\\/2025\\\/03\\\/img_4730-2-scaled.jpg\",\"contentUrl\":\"https:\\\/\\\/centrodeexcelencia.org.br\\\/wp-content\\\/uploads\\\/2025\\\/03\\\/img_4730-2-scaled.jpg\",\"width\":2560,\"height\":1707},{\"@type\":\"BreadcrumbList\",\"@id\":\"https:\\\/\\\/centrodeexcelencia.org.br\\\/centro-de-excelencia-participa-de-forum-sobre-modelo-sustentavel-do-agronegocio\\\/#breadcrumb\",\"itemListElement\":[{\"@type\":\"ListItem\",\"position\":1,\"name\":\"In\u00edcio\",\"item\":\"https:\\\/\\\/centrodeexcelencia.org.br\\\/\"},{\"@type\":\"ListItem\",\"position\":2,\"name\":\"Centro de Excel\u00eancia participa de f\u00f3rum sobre modelo sustent\u00e1vel do agroneg\u00f3cio\"}]},{\"@type\":\"WebSite\",\"@id\":\"https:\\\/\\\/centrodeexcelencia.org.br\\\/#website\",\"url\":\"https:\\\/\\\/centrodeexcelencia.org.br\\\/\",\"name\":\"WFP\",\"description\":\"Centre of Excellence against Hunger\",\"publisher\":{\"@id\":\"https:\\\/\\\/centrodeexcelencia.org.br\\\/#organization\"},\"potentialAction\":[{\"@type\":\"SearchAction\",\"target\":{\"@type\":\"EntryPoint\",\"urlTemplate\":\"https:\\\/\\\/centrodeexcelencia.org.br\\\/?s={search_term_string}\"},\"query-input\":{\"@type\":\"PropertyValueSpecification\",\"valueRequired\":true,\"valueName\":\"search_term_string\"}}],\"inLanguage\":\"en-US\"},{\"@type\":\"Organization\",\"@id\":\"https:\\\/\\\/centrodeexcelencia.org.br\\\/#organization\",\"name\":\"WFP\",\"url\":\"https:\\\/\\\/centrodeexcelencia.org.br\\\/\",\"logo\":{\"@type\":\"ImageObject\",\"inLanguage\":\"en-US\",\"@id\":\"https:\\\/\\\/centrodeexcelencia.org.br\\\/#\\\/schema\\\/logo\\\/image\\\/\",\"url\":\"https:\\\/\\\/centrodeexcelencia.org.br\\\/wp-content\\\/uploads\\\/2026\\\/01\\\/Sem-titulo-1_Prancheta-1-1.png\",\"contentUrl\":\"https:\\\/\\\/centrodeexcelencia.org.br\\\/wp-content\\\/uploads\\\/2026\\\/01\\\/Sem-titulo-1_Prancheta-1-1.png\",\"width\":259,\"height\":395,\"caption\":\"WFP\"},\"image\":{\"@id\":\"https:\\\/\\\/centrodeexcelencia.org.br\\\/#\\\/schema\\\/logo\\\/image\\\/\"}},{\"@type\":\"Person\",\"@id\":\"https:\\\/\\\/centrodeexcelencia.org.br\\\/#\\\/schema\\\/person\\\/b9f3e0ad16a8968d7834a04c67c2530e\",\"name\":\"Caroline Melo\",\"image\":{\"@type\":\"ImageObject\",\"inLanguage\":\"en-US\",\"@id\":\"https:\\\/\\\/secure.gravatar.com\\\/avatar\\\/bbe7ee875fb8a53c53e42f9d40e5ec3578a98aa956f578c371712299f1118a7e?s=96&d=mm&r=g\",\"url\":\"https:\\\/\\\/secure.gravatar.com\\\/avatar\\\/bbe7ee875fb8a53c53e42f9d40e5ec3578a98aa956f578c371712299f1118a7e?s=96&d=mm&r=g\",\"contentUrl\":\"https:\\\/\\\/secure.gravatar.com\\\/avatar\\\/bbe7ee875fb8a53c53e42f9d40e5ec3578a98aa956f578c371712299f1118a7e?s=96&d=mm&r=g\",\"caption\":\"Caroline Melo\"},\"url\":\"https:\\\/\\\/centrodeexcelencia.org.br\\\/en\\\/author\\\/carolinemelo\\\/\"}]}<\/script>\n<!-- \/ Yoast SEO plugin. -->","yoast_head_json":{"title":"Centre of Excellence participates in forum on sustainable agribusiness model - WFP","robots":{"index":"index","follow":"follow","max-snippet":"max-snippet:-1","max-image-preview":"max-image-preview:large","max-video-preview":"max-video-preview:-1"},"canonical":"https:\/\/centrodeexcelencia.org.br\/centro-de-excelencia-participa-de-forum-sobre-modelo-sustentavel-do-agronegocio\/","og_locale":"en_US","og_type":"article","og_title":"Centre of Excellence participates in forum on sustainable agribusiness model - WFP","og_description":"Rethink models, work with other markets and boost sustainable food&hellip;  Read more","og_url":"https:\/\/centrodeexcelencia.org.br\/centro-de-excelencia-participa-de-forum-sobre-modelo-sustentavel-do-agronegocio\/","og_site_name":"WFP","article_published_time":"2025-03-12T17:26:32+00:00","og_image":[{"width":2560,"height":1707,"url":"https:\/\/centrodeexcelencia.org.br\/wp-content\/uploads\/2025\/03\/img_4730-2-scaled.jpg","type":"image\/jpeg"}],"author":"Caroline Melo","twitter_card":"summary_large_image","twitter_misc":{"Written by":"Caroline Melo","Est. reading time":"4 minutes"},"schema":{"@context":"https:\/\/schema.org","@graph":[{"@type":"Article","@id":"https:\/\/centrodeexcelencia.org.br\/centro-de-excelencia-participa-de-forum-sobre-modelo-sustentavel-do-agronegocio\/#article","isPartOf":{"@id":"https:\/\/centrodeexcelencia.org.br\/centro-de-excelencia-participa-de-forum-sobre-modelo-sustentavel-do-agronegocio\/"},"author":{"name":"Caroline Melo","@id":"https:\/\/centrodeexcelencia.org.br\/#\/schema\/person\/b9f3e0ad16a8968d7834a04c67c2530e"},"headline":"Centre of Excellence participates in forum on sustainable agribusiness model","datePublished":"2025-03-12T17:26:32+00:00","mainEntityOfPage":{"@id":"https:\/\/centrodeexcelencia.org.br\/centro-de-excelencia-participa-de-forum-sobre-modelo-sustentavel-do-agronegocio\/"},"wordCount":758,"publisher":{"@id":"https:\/\/centrodeexcelencia.org.br\/#organization"},"image":{"@id":"https:\/\/centrodeexcelencia.org.br\/centro-de-excelencia-participa-de-forum-sobre-modelo-sustentavel-do-agronegocio\/#primaryimage"},"thumbnailUrl":"https:\/\/centrodeexcelencia.org.br\/wp-content\/uploads\/2025\/03\/img_4730-2-scaled.jpg","articleSection":["General","News"],"inLanguage":"en-US"},{"@type":"WebPage","@id":"https:\/\/centrodeexcelencia.org.br\/centro-de-excelencia-participa-de-forum-sobre-modelo-sustentavel-do-agronegocio\/","url":"https:\/\/centrodeexcelencia.org.br\/centro-de-excelencia-participa-de-forum-sobre-modelo-sustentavel-do-agronegocio\/","name":"Centre of Excellence participates in forum on sustainable agribusiness model - WFP","isPartOf":{"@id":"https:\/\/centrodeexcelencia.org.br\/#website"},"primaryImageOfPage":{"@id":"https:\/\/centrodeexcelencia.org.br\/centro-de-excelencia-participa-de-forum-sobre-modelo-sustentavel-do-agronegocio\/#primaryimage"},"image":{"@id":"https:\/\/centrodeexcelencia.org.br\/centro-de-excelencia-participa-de-forum-sobre-modelo-sustentavel-do-agronegocio\/#primaryimage"},"thumbnailUrl":"https:\/\/centrodeexcelencia.org.br\/wp-content\/uploads\/2025\/03\/img_4730-2-scaled.jpg","datePublished":"2025-03-12T17:26:32+00:00","breadcrumb":{"@id":"https:\/\/centrodeexcelencia.org.br\/centro-de-excelencia-participa-de-forum-sobre-modelo-sustentavel-do-agronegocio\/#breadcrumb"},"inLanguage":"en-US","potentialAction":[{"@type":"ReadAction","target":["https:\/\/centrodeexcelencia.org.br\/centro-de-excelencia-participa-de-forum-sobre-modelo-sustentavel-do-agronegocio\/"]}]},{"@type":"ImageObject","inLanguage":"en-US","@id":"https:\/\/centrodeexcelencia.org.br\/centro-de-excelencia-participa-de-forum-sobre-modelo-sustentavel-do-agronegocio\/#primaryimage","url":"https:\/\/centrodeexcelencia.org.br\/wp-content\/uploads\/2025\/03\/img_4730-2-scaled.jpg","contentUrl":"https:\/\/centrodeexcelencia.org.br\/wp-content\/uploads\/2025\/03\/img_4730-2-scaled.jpg","width":2560,"height":1707},{"@type":"BreadcrumbList","@id":"https:\/\/centrodeexcelencia.org.br\/centro-de-excelencia-participa-de-forum-sobre-modelo-sustentavel-do-agronegocio\/#breadcrumb","itemListElement":[{"@type":"ListItem","position":1,"name":"In\u00edcio","item":"https:\/\/centrodeexcelencia.org.br\/"},{"@type":"ListItem","position":2,"name":"Centro de Excel\u00eancia participa de f\u00f3rum sobre modelo sustent\u00e1vel do agroneg\u00f3cio"}]},{"@type":"WebSite","@id":"https:\/\/centrodeexcelencia.org.br\/#website","url":"https:\/\/centrodeexcelencia.org.br\/","name":"WFP","description":"Centre of Excellence against Hunger","publisher":{"@id":"https:\/\/centrodeexcelencia.org.br\/#organization"},"potentialAction":[{"@type":"SearchAction","target":{"@type":"EntryPoint","urlTemplate":"https:\/\/centrodeexcelencia.org.br\/?s={search_term_string}"},"query-input":{"@type":"PropertyValueSpecification","valueRequired":true,"valueName":"search_term_string"}}],"inLanguage":"en-US"},{"@type":"Organization","@id":"https:\/\/centrodeexcelencia.org.br\/#organization","name":"WFP","url":"https:\/\/centrodeexcelencia.org.br\/","logo":{"@type":"ImageObject","inLanguage":"en-US","@id":"https:\/\/centrodeexcelencia.org.br\/#\/schema\/logo\/image\/","url":"https:\/\/centrodeexcelencia.org.br\/wp-content\/uploads\/2026\/01\/Sem-titulo-1_Prancheta-1-1.png","contentUrl":"https:\/\/centrodeexcelencia.org.br\/wp-content\/uploads\/2026\/01\/Sem-titulo-1_Prancheta-1-1.png","width":259,"height":395,"caption":"WFP"},"image":{"@id":"https:\/\/centrodeexcelencia.org.br\/#\/schema\/logo\/image\/"}},{"@type":"Person","@id":"https:\/\/centrodeexcelencia.org.br\/#\/schema\/person\/b9f3e0ad16a8968d7834a04c67c2530e","name":"Caroline Melo","image":{"@type":"ImageObject","inLanguage":"en-US","@id":"https:\/\/secure.gravatar.com\/avatar\/bbe7ee875fb8a53c53e42f9d40e5ec3578a98aa956f578c371712299f1118a7e?s=96&d=mm&r=g","url":"https:\/\/secure.gravatar.com\/avatar\/bbe7ee875fb8a53c53e42f9d40e5ec3578a98aa956f578c371712299f1118a7e?s=96&d=mm&r=g","contentUrl":"https:\/\/secure.gravatar.com\/avatar\/bbe7ee875fb8a53c53e42f9d40e5ec3578a98aa956f578c371712299f1118a7e?s=96&d=mm&r=g","caption":"Caroline Melo"},"url":"https:\/\/centrodeexcelencia.org.br\/en\/author\/carolinemelo\/"}]}},"_links":{"self":[{"href":"https:\/\/centrodeexcelencia.org.br\/en\/wp-json\/wp\/v2\/posts\/28860","targetHints":{"allow":["GET"]}}],"collection":[{"href":"https:\/\/centrodeexcelencia.org.br\/en\/wp-json\/wp\/v2\/posts"}],"about":[{"href":"https:\/\/centrodeexcelencia.org.br\/en\/wp-json\/wp\/v2\/types\/post"}],"author":[{"embeddable":true,"href":"https:\/\/centrodeexcelencia.org.br\/en\/wp-json\/wp\/v2\/users\/34"}],"replies":[{"embeddable":true,"href":"https:\/\/centrodeexcelencia.org.br\/en\/wp-json\/wp\/v2\/comments?post=28860"}],"version-history":[{"count":0,"href":"https:\/\/centrodeexcelencia.org.br\/en\/wp-json\/wp\/v2\/posts\/28860\/revisions"}],"wp:featuredmedia":[{"embeddable":true,"href":"https:\/\/centrodeexcelencia.org.br\/en\/wp-json\/wp\/v2\/media\/28861"}],"wp:attachment":[{"href":"https:\/\/centrodeexcelencia.org.br\/en\/wp-json\/wp\/v2\/media?parent=28860"}],"wp:term":[{"taxonomy":"category","embeddable":true,"href":"https:\/\/centrodeexcelencia.org.br\/en\/wp-json\/wp\/v2\/categories?post=28860"},{"taxonomy":"post_tag","embeddable":true,"href":"https:\/\/centrodeexcelencia.org.br\/en\/wp-json\/wp\/v2\/tags?post=28860"}],"curies":[{"name":"wp","href":"https:\/\/api.w.org\/{rel}","templated":true}]}}