{"id":29061,"date":"2025-04-16T21:10:45","date_gmt":"2025-04-17T00:10:45","guid":{"rendered":"https:\/\/centrodeexcelencia.org.br\/?p=29061"},"modified":"2025-04-17T13:34:57","modified_gmt":"2025-04-17T16:34:57","slug":"dia-dos-povos-indigenas-e-o-desafio-da-alimentacao-escolar-nas-escolas-indigenas","status":"publish","type":"post","link":"https:\/\/centrodeexcelencia.org.br\/en\/dia-dos-povos-indigenas-e-o-desafio-da-alimentacao-escolar-nas-escolas-indigenas\/","title":{"rendered":"Indigenous Peoples&#8217; Day and the challenge of school meals in indigenous schools"},"content":{"rendered":"<p><figure id=\"attachment_29062\" aria-describedby=\"caption-attachment-29062\" style=\"width: 2048px\" class=\"wp-caption alignleft\"><img fetchpriority=\"high\" decoding=\"async\" class=\"size-full wp-image-29062\" src=\"https:\/\/centrodeexcelencia.org.br\/wp-content\/uploads\/2025\/04\/TerraLivre-PaulaBrant-01.jpg\" alt=\"\" width=\"2048\" height=\"1365\" srcset=\"https:\/\/centrodeexcelencia.org.br\/wp-content\/uploads\/2025\/04\/TerraLivre-PaulaBrant-01.jpg 2048w, https:\/\/centrodeexcelencia.org.br\/wp-content\/uploads\/2025\/04\/TerraLivre-PaulaBrant-01-300x200.jpg 300w, https:\/\/centrodeexcelencia.org.br\/wp-content\/uploads\/2025\/04\/TerraLivre-PaulaBrant-01-1024x683.jpg 1024w, https:\/\/centrodeexcelencia.org.br\/wp-content\/uploads\/2025\/04\/TerraLivre-PaulaBrant-01-768x512.jpg 768w, https:\/\/centrodeexcelencia.org.br\/wp-content\/uploads\/2025\/04\/TerraLivre-PaulaBrant-01-1536x1024.jpg 1536w, https:\/\/centrodeexcelencia.org.br\/wp-content\/uploads\/2025\/04\/TerraLivre-PaulaBrant-01-600x400.jpg 600w\" sizes=\"(max-width: 2048px) 100vw, 2048px\" \/><figcaption id=\"caption-attachment-29062\" class=\"wp-caption-text\">WFP\/Paula Brant<\/figcaption><\/figure><\/p>\n<p><span data-contrast=\"auto\">Indigenous Peoples&#8217; Day, celebrated on 19 April, is an important date to reflect on valuing indigenous knowledge and respecting their rights, including the right to school meals adapted to their habits and customs. Within indigenous communities, the school is the place where they seek to preserve their language, culture and traditions. However, there are still challenges when it comes to school meals adapted to the communities.\u00a0\u00a0<\/span><span data-ccp-props=\"{}\">\u00a0<\/span><\/p>\n<p><span data-contrast=\"auto\">The WFP Centre of Excellence against Hunger spoke to indigenous leaders during the Terra Livre Camp, the largest assembly of Brazil&#8217;s Indigenous Peoples and Organisations, which has been taking place since 2004, in Brasilia in April. In common, the leaders warned that the food provided in indigenous schools, more often than not, does not respect the cultural and dietary specificities of each people.\u00a0\u00a0<\/span><span data-ccp-props=\"{}\">\u00a0<\/span><\/p>\n<p>\u2018The issue of indigenous school meals is very complex. In the territories, children eat naturally, with natural foods. But the schools receive tinned and sausage products and things that are not part of the indigenous child&#8217;s daily life. This is the big question for all the leaders of the organisations,\u2019 said Gracinha Manchineri, a specialist in Indigenous Anthropology and pedagogical director of the Amazon Centre for Indigenous Training (Cafi) of the Coordination of Indigenous Organisations of the Brazilian Amazon (Coiab).<\/p>\n<p>According to her, there are some initiatives from federal government programmes, which seek to buy the food that will be served to the students directly in the territory. \u2018However, it is still a very incipient initiative for the reality of indigenous peoples today,\u2019 she says.<\/p>\n<p>Wauana Manchineri, Cafi&#8217;s projects and programmes analyst, explains that the process of buying locally from indigenous people is very bureaucratic, even though there is a National Food Acquisition Programme that stipulates that at least 30% of food must be bought from the community.<\/p>\n<p>\u2018We end up bumping into some processes in order to make this purchase. I&#8217;m on the programme&#8217;s Advisory Committee. And there, we hear a lot of realities saying that it&#8217;s food that&#8217;s not safe for children, even though they eat it every day, and it&#8217;s the most natural food possible,\u2019 she said.<\/p>\n<p><b><span data-contrast=\"auto\">Variety\u00a0 <\/span><\/b><span data-ccp-props=\"{}\">\u00a0<\/span><\/p>\n<p><span data-contrast=\"auto\">Another issue to take into account is that eating habits vary greatly according to ethnicity and region. Concita S\u00f5pr\u00e9, president of the Federation of Indigenous Peoples of the State of Par\u00e1 and director of the Tatakti Kyikat\u00eaj\u00ea School (of the Gavi\u00e3o Kyikat\u00eaj\u00ea ethnic group), describes some of the most common foods that should be on the menu of indigenous school meals. <\/span><span data-ccp-props=\"{}\">\u00a0<\/span><\/p>\n<p><span data-contrast=\"auto\">\u2018We have cassava or manioc, sweet potatoes, peanuts, a\u00e7a\u00ed, Brazil nuts, we have fish and we also have our wild animals, which are also part of our people&#8217;s food chain\u2019. Other examples of food are seeds, bananas and corn, and game meat, such as capybara and tortoises, which some ethnic groups eat, others do not.\u00a0 <\/span><span data-ccp-props=\"{}\">\u00a0<\/span><\/p>\n<p><span data-contrast=\"auto\">For her, more dialogue is needed so that school meals are adapted to indigenous people. \u2018The problem is that the government draws up a food project for indigenous communities, but doesn&#8217;t invite the indigenous peoples to make suggestions,\u2019 she argues. <\/span><span data-ccp-props=\"{}\">\u00a0<\/span><\/p>\n<p><span data-contrast=\"auto\">The importance of this dialogue is fundamental to guaranteeing healthy habits for indigenous schoolchildren. Rose Apurin\u00e3, deputy director of the Indigenous Fund of the Brazilian Amazon, explains that the traditional diet of each people has a meaning. \u2018Food has to do with the strength of each people. And it has to do with preparing children for adulthood, to continue the traditional ways of life and to guarantee health,\u2019 she said.<\/span><span data-ccp-props=\"{}\">\u00a0<\/span><\/p>","protected":false},"excerpt":{"rendered":"<p>Indigenous Peoples&#8217; Day, celebrated on 19 April, is an important&hellip;<\/p>\n<p> <a class=\"more-link\" href=\"https:\/\/centrodeexcelencia.org.br\/en\/dia-dos-povos-indigenas-e-o-desafio-da-alimentacao-escolar-nas-escolas-indigenas\/\">Read more<\/a><\/p>\n","protected":false},"author":34,"featured_media":29062,"comment_status":"closed","ping_status":"open","sticky":false,"template":"","format":"standard","meta":{"_monsterinsights_skip_tracking":false,"_monsterinsights_sitenote_active":false,"_monsterinsights_sitenote_note":"","_monsterinsights_sitenote_category":0,"footnotes":""},"categories":[1],"tags":[],"class_list":{"0":"post-29061","1":"post","2":"type-post","3":"status-publish","4":"format-standard","5":"has-post-thumbnail","7":"category-uncategorized"},"yoast_head":"<!-- This site is optimized with the Yoast SEO plugin v27.3 - https:\/\/yoast.com\/product\/yoast-seo-wordpress\/ -->\n<title>Indigenous Peoples&#039; Day and the challenge of school meals in indigenous schools - WFP<\/title>\n<meta name=\"robots\" content=\"index, follow, max-snippet:-1, max-image-preview:large, max-video-preview:-1\" \/>\n<link rel=\"canonical\" href=\"https:\/\/centrodeexcelencia.org.br\/dia-dos-povos-indigenas-e-o-desafio-da-alimentacao-escolar-nas-escolas-indigenas\/\" \/>\n<meta property=\"og:locale\" content=\"en_US\" \/>\n<meta property=\"og:type\" content=\"article\" \/>\n<meta property=\"og:title\" content=\"Indigenous Peoples&#039; Day and the challenge of school meals in indigenous schools - WFP\" \/>\n<meta property=\"og:description\" content=\"Indigenous Peoples&#8217; Day, celebrated on 19 April, is an important&hellip;  Read more\" \/>\n<meta property=\"og:url\" content=\"https:\/\/centrodeexcelencia.org.br\/dia-dos-povos-indigenas-e-o-desafio-da-alimentacao-escolar-nas-escolas-indigenas\/\" \/>\n<meta property=\"og:site_name\" content=\"WFP\" \/>\n<meta property=\"article:published_time\" content=\"2025-04-17T00:10:45+00:00\" \/>\n<meta property=\"article:modified_time\" content=\"2025-04-17T16:34:57+00:00\" \/>\n<meta property=\"og:image\" content=\"https:\/\/centrodeexcelencia.org.br\/wp-content\/uploads\/2025\/04\/TerraLivre-PaulaBrant-01.jpg\" \/>\n\t<meta property=\"og:image:width\" content=\"2048\" \/>\n\t<meta property=\"og:image:height\" content=\"1365\" \/>\n\t<meta property=\"og:image:type\" content=\"image\/jpeg\" \/>\n<meta name=\"author\" content=\"Caroline Melo\" \/>\n<meta name=\"twitter:card\" content=\"summary_large_image\" \/>\n<meta name=\"twitter:label1\" content=\"Written by\" \/>\n\t<meta name=\"twitter:data1\" content=\"Caroline Melo\" \/>\n\t<meta name=\"twitter:label2\" content=\"Est. reading time\" \/>\n\t<meta name=\"twitter:data2\" content=\"6 minutes\" \/>\n<script type=\"application\/ld+json\" class=\"yoast-schema-graph\">{\"@context\":\"https:\\\/\\\/schema.org\",\"@graph\":[{\"@type\":\"Article\",\"@id\":\"https:\\\/\\\/centrodeexcelencia.org.br\\\/dia-dos-povos-indigenas-e-o-desafio-da-alimentacao-escolar-nas-escolas-indigenas\\\/#article\",\"isPartOf\":{\"@id\":\"https:\\\/\\\/centrodeexcelencia.org.br\\\/dia-dos-povos-indigenas-e-o-desafio-da-alimentacao-escolar-nas-escolas-indigenas\\\/\"},\"author\":{\"name\":\"Caroline Melo\",\"@id\":\"https:\\\/\\\/centrodeexcelencia.org.br\\\/#\\\/schema\\\/person\\\/b9f3e0ad16a8968d7834a04c67c2530e\"},\"headline\":\"Indigenous Peoples&#8217; Day and the challenge of school meals in indigenous schools\",\"datePublished\":\"2025-04-17T00:10:45+00:00\",\"dateModified\":\"2025-04-17T16:34:57+00:00\",\"mainEntityOfPage\":{\"@id\":\"https:\\\/\\\/centrodeexcelencia.org.br\\\/dia-dos-povos-indigenas-e-o-desafio-da-alimentacao-escolar-nas-escolas-indigenas\\\/\"},\"wordCount\":1305,\"publisher\":{\"@id\":\"https:\\\/\\\/centrodeexcelencia.org.br\\\/#organization\"},\"image\":{\"@id\":\"https:\\\/\\\/centrodeexcelencia.org.br\\\/dia-dos-povos-indigenas-e-o-desafio-da-alimentacao-escolar-nas-escolas-indigenas\\\/#primaryimage\"},\"thumbnailUrl\":\"https:\\\/\\\/centrodeexcelencia.org.br\\\/wp-content\\\/uploads\\\/2025\\\/04\\\/TerraLivre-PaulaBrant-01.jpg\",\"inLanguage\":\"en-US\"},{\"@type\":\"WebPage\",\"@id\":\"https:\\\/\\\/centrodeexcelencia.org.br\\\/dia-dos-povos-indigenas-e-o-desafio-da-alimentacao-escolar-nas-escolas-indigenas\\\/\",\"url\":\"https:\\\/\\\/centrodeexcelencia.org.br\\\/dia-dos-povos-indigenas-e-o-desafio-da-alimentacao-escolar-nas-escolas-indigenas\\\/\",\"name\":\"Indigenous Peoples' Day and the challenge of school meals in indigenous schools - WFP\",\"isPartOf\":{\"@id\":\"https:\\\/\\\/centrodeexcelencia.org.br\\\/#website\"},\"primaryImageOfPage\":{\"@id\":\"https:\\\/\\\/centrodeexcelencia.org.br\\\/dia-dos-povos-indigenas-e-o-desafio-da-alimentacao-escolar-nas-escolas-indigenas\\\/#primaryimage\"},\"image\":{\"@id\":\"https:\\\/\\\/centrodeexcelencia.org.br\\\/dia-dos-povos-indigenas-e-o-desafio-da-alimentacao-escolar-nas-escolas-indigenas\\\/#primaryimage\"},\"thumbnailUrl\":\"https:\\\/\\\/centrodeexcelencia.org.br\\\/wp-content\\\/uploads\\\/2025\\\/04\\\/TerraLivre-PaulaBrant-01.jpg\",\"datePublished\":\"2025-04-17T00:10:45+00:00\",\"dateModified\":\"2025-04-17T16:34:57+00:00\",\"breadcrumb\":{\"@id\":\"https:\\\/\\\/centrodeexcelencia.org.br\\\/dia-dos-povos-indigenas-e-o-desafio-da-alimentacao-escolar-nas-escolas-indigenas\\\/#breadcrumb\"},\"inLanguage\":\"en-US\",\"potentialAction\":[{\"@type\":\"ReadAction\",\"target\":[\"https:\\\/\\\/centrodeexcelencia.org.br\\\/dia-dos-povos-indigenas-e-o-desafio-da-alimentacao-escolar-nas-escolas-indigenas\\\/\"]}]},{\"@type\":\"ImageObject\",\"inLanguage\":\"en-US\",\"@id\":\"https:\\\/\\\/centrodeexcelencia.org.br\\\/dia-dos-povos-indigenas-e-o-desafio-da-alimentacao-escolar-nas-escolas-indigenas\\\/#primaryimage\",\"url\":\"https:\\\/\\\/centrodeexcelencia.org.br\\\/wp-content\\\/uploads\\\/2025\\\/04\\\/TerraLivre-PaulaBrant-01.jpg\",\"contentUrl\":\"https:\\\/\\\/centrodeexcelencia.org.br\\\/wp-content\\\/uploads\\\/2025\\\/04\\\/TerraLivre-PaulaBrant-01.jpg\",\"width\":2048,\"height\":1365,\"caption\":\"WFP\\\/Paula Brant\"},{\"@type\":\"BreadcrumbList\",\"@id\":\"https:\\\/\\\/centrodeexcelencia.org.br\\\/dia-dos-povos-indigenas-e-o-desafio-da-alimentacao-escolar-nas-escolas-indigenas\\\/#breadcrumb\",\"itemListElement\":[{\"@type\":\"ListItem\",\"position\":1,\"name\":\"In\u00edcio\",\"item\":\"https:\\\/\\\/centrodeexcelencia.org.br\\\/\"},{\"@type\":\"ListItem\",\"position\":2,\"name\":\"Dia dos Povos Ind\u00edgenas e o desafio da alimenta\u00e7\u00e3o escolar nas escolas ind\u00edgenas\"}]},{\"@type\":\"WebSite\",\"@id\":\"https:\\\/\\\/centrodeexcelencia.org.br\\\/#website\",\"url\":\"https:\\\/\\\/centrodeexcelencia.org.br\\\/\",\"name\":\"WFP\",\"description\":\"Centre of Excellence against Hunger\",\"publisher\":{\"@id\":\"https:\\\/\\\/centrodeexcelencia.org.br\\\/#organization\"},\"potentialAction\":[{\"@type\":\"SearchAction\",\"target\":{\"@type\":\"EntryPoint\",\"urlTemplate\":\"https:\\\/\\\/centrodeexcelencia.org.br\\\/?s={search_term_string}\"},\"query-input\":{\"@type\":\"PropertyValueSpecification\",\"valueRequired\":true,\"valueName\":\"search_term_string\"}}],\"inLanguage\":\"en-US\"},{\"@type\":\"Organization\",\"@id\":\"https:\\\/\\\/centrodeexcelencia.org.br\\\/#organization\",\"name\":\"WFP\",\"url\":\"https:\\\/\\\/centrodeexcelencia.org.br\\\/\",\"logo\":{\"@type\":\"ImageObject\",\"inLanguage\":\"en-US\",\"@id\":\"https:\\\/\\\/centrodeexcelencia.org.br\\\/#\\\/schema\\\/logo\\\/image\\\/\",\"url\":\"https:\\\/\\\/centrodeexcelencia.org.br\\\/wp-content\\\/uploads\\\/2026\\\/01\\\/Sem-titulo-1_Prancheta-1-1.png\",\"contentUrl\":\"https:\\\/\\\/centrodeexcelencia.org.br\\\/wp-content\\\/uploads\\\/2026\\\/01\\\/Sem-titulo-1_Prancheta-1-1.png\",\"width\":259,\"height\":395,\"caption\":\"WFP\"},\"image\":{\"@id\":\"https:\\\/\\\/centrodeexcelencia.org.br\\\/#\\\/schema\\\/logo\\\/image\\\/\"}},{\"@type\":\"Person\",\"@id\":\"https:\\\/\\\/centrodeexcelencia.org.br\\\/#\\\/schema\\\/person\\\/b9f3e0ad16a8968d7834a04c67c2530e\",\"name\":\"Caroline Melo\",\"image\":{\"@type\":\"ImageObject\",\"inLanguage\":\"en-US\",\"@id\":\"https:\\\/\\\/secure.gravatar.com\\\/avatar\\\/bbe7ee875fb8a53c53e42f9d40e5ec3578a98aa956f578c371712299f1118a7e?s=96&d=mm&r=g\",\"url\":\"https:\\\/\\\/secure.gravatar.com\\\/avatar\\\/bbe7ee875fb8a53c53e42f9d40e5ec3578a98aa956f578c371712299f1118a7e?s=96&d=mm&r=g\",\"contentUrl\":\"https:\\\/\\\/secure.gravatar.com\\\/avatar\\\/bbe7ee875fb8a53c53e42f9d40e5ec3578a98aa956f578c371712299f1118a7e?s=96&d=mm&r=g\",\"caption\":\"Caroline Melo\"},\"url\":\"https:\\\/\\\/centrodeexcelencia.org.br\\\/en\\\/author\\\/carolinemelo\\\/\"}]}<\/script>\n<!-- \/ Yoast SEO plugin. -->","yoast_head_json":{"title":"Indigenous Peoples' Day and the challenge of school meals in indigenous schools - WFP","robots":{"index":"index","follow":"follow","max-snippet":"max-snippet:-1","max-image-preview":"max-image-preview:large","max-video-preview":"max-video-preview:-1"},"canonical":"https:\/\/centrodeexcelencia.org.br\/dia-dos-povos-indigenas-e-o-desafio-da-alimentacao-escolar-nas-escolas-indigenas\/","og_locale":"en_US","og_type":"article","og_title":"Indigenous Peoples' Day and the challenge of school meals in indigenous schools - WFP","og_description":"Indigenous Peoples&#8217; Day, celebrated on 19 April, is an important&hellip;  Read more","og_url":"https:\/\/centrodeexcelencia.org.br\/dia-dos-povos-indigenas-e-o-desafio-da-alimentacao-escolar-nas-escolas-indigenas\/","og_site_name":"WFP","article_published_time":"2025-04-17T00:10:45+00:00","article_modified_time":"2025-04-17T16:34:57+00:00","og_image":[{"width":2048,"height":1365,"url":"https:\/\/centrodeexcelencia.org.br\/wp-content\/uploads\/2025\/04\/TerraLivre-PaulaBrant-01.jpg","type":"image\/jpeg"}],"author":"Caroline Melo","twitter_card":"summary_large_image","twitter_misc":{"Written by":"Caroline Melo","Est. reading time":"6 minutes"},"schema":{"@context":"https:\/\/schema.org","@graph":[{"@type":"Article","@id":"https:\/\/centrodeexcelencia.org.br\/dia-dos-povos-indigenas-e-o-desafio-da-alimentacao-escolar-nas-escolas-indigenas\/#article","isPartOf":{"@id":"https:\/\/centrodeexcelencia.org.br\/dia-dos-povos-indigenas-e-o-desafio-da-alimentacao-escolar-nas-escolas-indigenas\/"},"author":{"name":"Caroline Melo","@id":"https:\/\/centrodeexcelencia.org.br\/#\/schema\/person\/b9f3e0ad16a8968d7834a04c67c2530e"},"headline":"Indigenous Peoples&#8217; Day and the challenge of school meals in indigenous schools","datePublished":"2025-04-17T00:10:45+00:00","dateModified":"2025-04-17T16:34:57+00:00","mainEntityOfPage":{"@id":"https:\/\/centrodeexcelencia.org.br\/dia-dos-povos-indigenas-e-o-desafio-da-alimentacao-escolar-nas-escolas-indigenas\/"},"wordCount":1305,"publisher":{"@id":"https:\/\/centrodeexcelencia.org.br\/#organization"},"image":{"@id":"https:\/\/centrodeexcelencia.org.br\/dia-dos-povos-indigenas-e-o-desafio-da-alimentacao-escolar-nas-escolas-indigenas\/#primaryimage"},"thumbnailUrl":"https:\/\/centrodeexcelencia.org.br\/wp-content\/uploads\/2025\/04\/TerraLivre-PaulaBrant-01.jpg","inLanguage":"en-US"},{"@type":"WebPage","@id":"https:\/\/centrodeexcelencia.org.br\/dia-dos-povos-indigenas-e-o-desafio-da-alimentacao-escolar-nas-escolas-indigenas\/","url":"https:\/\/centrodeexcelencia.org.br\/dia-dos-povos-indigenas-e-o-desafio-da-alimentacao-escolar-nas-escolas-indigenas\/","name":"Indigenous Peoples' Day and the challenge of school meals in indigenous schools - WFP","isPartOf":{"@id":"https:\/\/centrodeexcelencia.org.br\/#website"},"primaryImageOfPage":{"@id":"https:\/\/centrodeexcelencia.org.br\/dia-dos-povos-indigenas-e-o-desafio-da-alimentacao-escolar-nas-escolas-indigenas\/#primaryimage"},"image":{"@id":"https:\/\/centrodeexcelencia.org.br\/dia-dos-povos-indigenas-e-o-desafio-da-alimentacao-escolar-nas-escolas-indigenas\/#primaryimage"},"thumbnailUrl":"https:\/\/centrodeexcelencia.org.br\/wp-content\/uploads\/2025\/04\/TerraLivre-PaulaBrant-01.jpg","datePublished":"2025-04-17T00:10:45+00:00","dateModified":"2025-04-17T16:34:57+00:00","breadcrumb":{"@id":"https:\/\/centrodeexcelencia.org.br\/dia-dos-povos-indigenas-e-o-desafio-da-alimentacao-escolar-nas-escolas-indigenas\/#breadcrumb"},"inLanguage":"en-US","potentialAction":[{"@type":"ReadAction","target":["https:\/\/centrodeexcelencia.org.br\/dia-dos-povos-indigenas-e-o-desafio-da-alimentacao-escolar-nas-escolas-indigenas\/"]}]},{"@type":"ImageObject","inLanguage":"en-US","@id":"https:\/\/centrodeexcelencia.org.br\/dia-dos-povos-indigenas-e-o-desafio-da-alimentacao-escolar-nas-escolas-indigenas\/#primaryimage","url":"https:\/\/centrodeexcelencia.org.br\/wp-content\/uploads\/2025\/04\/TerraLivre-PaulaBrant-01.jpg","contentUrl":"https:\/\/centrodeexcelencia.org.br\/wp-content\/uploads\/2025\/04\/TerraLivre-PaulaBrant-01.jpg","width":2048,"height":1365,"caption":"WFP\/Paula Brant"},{"@type":"BreadcrumbList","@id":"https:\/\/centrodeexcelencia.org.br\/dia-dos-povos-indigenas-e-o-desafio-da-alimentacao-escolar-nas-escolas-indigenas\/#breadcrumb","itemListElement":[{"@type":"ListItem","position":1,"name":"In\u00edcio","item":"https:\/\/centrodeexcelencia.org.br\/"},{"@type":"ListItem","position":2,"name":"Dia dos Povos Ind\u00edgenas e o desafio da alimenta\u00e7\u00e3o escolar nas escolas ind\u00edgenas"}]},{"@type":"WebSite","@id":"https:\/\/centrodeexcelencia.org.br\/#website","url":"https:\/\/centrodeexcelencia.org.br\/","name":"WFP","description":"Centre of Excellence against Hunger","publisher":{"@id":"https:\/\/centrodeexcelencia.org.br\/#organization"},"potentialAction":[{"@type":"SearchAction","target":{"@type":"EntryPoint","urlTemplate":"https:\/\/centrodeexcelencia.org.br\/?s={search_term_string}"},"query-input":{"@type":"PropertyValueSpecification","valueRequired":true,"valueName":"search_term_string"}}],"inLanguage":"en-US"},{"@type":"Organization","@id":"https:\/\/centrodeexcelencia.org.br\/#organization","name":"WFP","url":"https:\/\/centrodeexcelencia.org.br\/","logo":{"@type":"ImageObject","inLanguage":"en-US","@id":"https:\/\/centrodeexcelencia.org.br\/#\/schema\/logo\/image\/","url":"https:\/\/centrodeexcelencia.org.br\/wp-content\/uploads\/2026\/01\/Sem-titulo-1_Prancheta-1-1.png","contentUrl":"https:\/\/centrodeexcelencia.org.br\/wp-content\/uploads\/2026\/01\/Sem-titulo-1_Prancheta-1-1.png","width":259,"height":395,"caption":"WFP"},"image":{"@id":"https:\/\/centrodeexcelencia.org.br\/#\/schema\/logo\/image\/"}},{"@type":"Person","@id":"https:\/\/centrodeexcelencia.org.br\/#\/schema\/person\/b9f3e0ad16a8968d7834a04c67c2530e","name":"Caroline Melo","image":{"@type":"ImageObject","inLanguage":"en-US","@id":"https:\/\/secure.gravatar.com\/avatar\/bbe7ee875fb8a53c53e42f9d40e5ec3578a98aa956f578c371712299f1118a7e?s=96&d=mm&r=g","url":"https:\/\/secure.gravatar.com\/avatar\/bbe7ee875fb8a53c53e42f9d40e5ec3578a98aa956f578c371712299f1118a7e?s=96&d=mm&r=g","contentUrl":"https:\/\/secure.gravatar.com\/avatar\/bbe7ee875fb8a53c53e42f9d40e5ec3578a98aa956f578c371712299f1118a7e?s=96&d=mm&r=g","caption":"Caroline Melo"},"url":"https:\/\/centrodeexcelencia.org.br\/en\/author\/carolinemelo\/"}]}},"_links":{"self":[{"href":"https:\/\/centrodeexcelencia.org.br\/en\/wp-json\/wp\/v2\/posts\/29061","targetHints":{"allow":["GET"]}}],"collection":[{"href":"https:\/\/centrodeexcelencia.org.br\/en\/wp-json\/wp\/v2\/posts"}],"about":[{"href":"https:\/\/centrodeexcelencia.org.br\/en\/wp-json\/wp\/v2\/types\/post"}],"author":[{"embeddable":true,"href":"https:\/\/centrodeexcelencia.org.br\/en\/wp-json\/wp\/v2\/users\/34"}],"replies":[{"embeddable":true,"href":"https:\/\/centrodeexcelencia.org.br\/en\/wp-json\/wp\/v2\/comments?post=29061"}],"version-history":[{"count":0,"href":"https:\/\/centrodeexcelencia.org.br\/en\/wp-json\/wp\/v2\/posts\/29061\/revisions"}],"wp:featuredmedia":[{"embeddable":true,"href":"https:\/\/centrodeexcelencia.org.br\/en\/wp-json\/wp\/v2\/media\/29062"}],"wp:attachment":[{"href":"https:\/\/centrodeexcelencia.org.br\/en\/wp-json\/wp\/v2\/media?parent=29061"}],"wp:term":[{"taxonomy":"category","embeddable":true,"href":"https:\/\/centrodeexcelencia.org.br\/en\/wp-json\/wp\/v2\/categories?post=29061"},{"taxonomy":"post_tag","embeddable":true,"href":"https:\/\/centrodeexcelencia.org.br\/en\/wp-json\/wp\/v2\/tags?post=29061"}],"curies":[{"name":"wp","href":"https:\/\/api.w.org\/{rel}","templated":true}]}}