{"id":29198,"date":"2025-06-13T09:55:42","date_gmt":"2025-06-13T12:55:42","guid":{"rendered":"https:\/\/centrodeexcelencia.org.br\/?p=29198"},"modified":"2025-06-13T09:55:42","modified_gmt":"2025-06-13T12:55:42","slug":"centro-de-excelencia-do-wfp-destaca-valorizacao-de-profissionais-da-alimentacao-escolar","status":"publish","type":"post","link":"https:\/\/centrodeexcelencia.org.br\/en\/centro-de-excelencia-do-wfp-destaca-valorizacao-de-profissionais-da-alimentacao-escolar\/","title":{"rendered":"WFP Centre of Excellence highlights the value of school feeding professionals"},"content":{"rendered":"<p><figure id=\"attachment_29199\" aria-describedby=\"caption-attachment-29199\" style=\"width: 768px\" class=\"wp-caption alignnone\"><img fetchpriority=\"high\" decoding=\"async\" class=\"size-full wp-image-29199\" src=\"http:\/\/centrodeexcelencia.org.br\/wp-content\/uploads\/2025\/06\/90caa92b-787a-46ec-8a8d-8617f0fce1ce.jpeg\" alt=\"\" width=\"768\" height=\"512\" srcset=\"https:\/\/centrodeexcelencia.org.br\/wp-content\/uploads\/2025\/06\/90caa92b-787a-46ec-8a8d-8617f0fce1ce.jpeg 768w, https:\/\/centrodeexcelencia.org.br\/wp-content\/uploads\/2025\/06\/90caa92b-787a-46ec-8a8d-8617f0fce1ce-300x200.jpeg 300w, https:\/\/centrodeexcelencia.org.br\/wp-content\/uploads\/2025\/06\/90caa92b-787a-46ec-8a8d-8617f0fce1ce-600x400.jpeg 600w\" sizes=\"(max-width: 768px) 100vw, 768px\" \/><figcaption id=\"caption-attachment-29199\" class=\"wp-caption-text\">Photo: FNDE<\/figcaption><\/figure><\/p>\n<p>The municipality of Campina Grande (PB) hosted the Northeast stage of the Regional Seminar &#8211; Training and Valuing Those Who Feed Brazil on the 9 and 10 June. Promoted by the National Fund for the Development of Education (FNDE), the event brought together school cooks, nutritionists and authorities for two days of training and an exchange of experiences between professionals who make school meals happen daily across the country.<\/p>\n<p>An institutional partner of the FNDE, the WFP Centre of Excellence against Hunger in Brazil reinforces the importance of actions that highlight the essential role of school cooks and nutritionists in the school environment.<\/p>\n<p>Valuing these professionals is also the focus of the reality TV show Vida de Merendeira, a project carried out in partnership between the WFP Centre of Excellence, FNDE and the Brazilian Cooperation Agency (ABC), the new edition of which will be launched soon.<\/p>\n<p>&#8220;Valuing cooks and nutritionists means recognising the essential role these professionals play in promoting health, keeping students in school and building a more equitable future. The Centre of Excellence is proud to be part of initiatives that strengthen and recognise this work,&#8221; says Sineide Neres, nutritionist at the Centre of Excellence and coordinator of Vida de Merendeira.<\/p>\n<p>The Regional Seminar initiative is part of the Grade 10 School Feeding Project, promoted by the FNDE in partnership with Itaipu Binacional, IFSULDEMINAS and the Fadema Foundation.<\/p>","protected":false},"excerpt":{"rendered":"<p>The municipality of Campina Grande (PB) hosted the Northeast stage&hellip;<\/p>\n<p> <a class=\"more-link\" href=\"https:\/\/centrodeexcelencia.org.br\/en\/centro-de-excelencia-do-wfp-destaca-valorizacao-de-profissionais-da-alimentacao-escolar\/\">Read more<\/a><\/p>\n","protected":false},"author":197,"featured_media":29199,"comment_status":"closed","ping_status":"open","sticky":false,"template":"","format":"standard","meta":{"_monsterinsights_skip_tracking":false,"_monsterinsights_sitenote_active":false,"_monsterinsights_sitenote_note":"","_monsterinsights_sitenote_category":0,"footnotes":""},"categories":[188,187],"tags":[198,352,102,350,351,353],"class_list":{"0":"post-29198","1":"post","2":"type-post","3":"status-publish","4":"format-standard","5":"has-post-thumbnail","7":"category-geral-noticias","8":"category-noticias","9":"tag-alimentacao-escolar","10":"tag-encontro-regional","11":"tag-fnde","12":"tag-merendeiras","13":"tag-nutricionistas","14":"tag-vida-de-merendeira"},"yoast_head":"<!-- This site is optimized with the Yoast SEO plugin v27.3 - https:\/\/yoast.com\/product\/yoast-seo-wordpress\/ -->\n<title>WFP Centre of Excellence highlights the value of school feeding professionals - WFP<\/title>\n<meta name=\"robots\" content=\"index, follow, max-snippet:-1, max-image-preview:large, max-video-preview:-1\" \/>\n<link rel=\"canonical\" href=\"https:\/\/centrodeexcelencia.org.br\/centro-de-excelencia-do-wfp-destaca-valorizacao-de-profissionais-da-alimentacao-escolar\/\" \/>\n<meta property=\"og:locale\" content=\"en_US\" \/>\n<meta property=\"og:type\" content=\"article\" \/>\n<meta property=\"og:title\" content=\"WFP Centre of Excellence highlights the value of school feeding professionals - WFP\" \/>\n<meta property=\"og:description\" content=\"The municipality of Campina Grande (PB) hosted the Northeast stage&hellip;  Read more\" \/>\n<meta property=\"og:url\" content=\"https:\/\/centrodeexcelencia.org.br\/centro-de-excelencia-do-wfp-destaca-valorizacao-de-profissionais-da-alimentacao-escolar\/\" \/>\n<meta property=\"og:site_name\" content=\"WFP\" \/>\n<meta property=\"article:published_time\" content=\"2025-06-13T12:55:42+00:00\" \/>\n<meta property=\"og:image\" content=\"https:\/\/centrodeexcelencia.org.br\/wp-content\/uploads\/2025\/06\/90caa92b-787a-46ec-8a8d-8617f0fce1ce.jpeg\" \/>\n\t<meta property=\"og:image:width\" content=\"768\" \/>\n\t<meta property=\"og:image:height\" content=\"512\" \/>\n\t<meta property=\"og:image:type\" content=\"image\/jpeg\" \/>\n<meta name=\"author\" content=\"Daniela Costa\" \/>\n<meta name=\"twitter:card\" content=\"summary_large_image\" \/>\n<meta name=\"twitter:label1\" content=\"Written by\" \/>\n\t<meta name=\"twitter:data1\" content=\"Daniela Costa\" \/>\n\t<meta name=\"twitter:label2\" content=\"Est. reading time\" \/>\n\t<meta name=\"twitter:data2\" content=\"3 minutes\" \/>\n<script type=\"application\/ld+json\" class=\"yoast-schema-graph\">{\"@context\":\"https:\\\/\\\/schema.org\",\"@graph\":[{\"@type\":\"Article\",\"@id\":\"https:\\\/\\\/centrodeexcelencia.org.br\\\/centro-de-excelencia-do-wfp-destaca-valorizacao-de-profissionais-da-alimentacao-escolar\\\/#article\",\"isPartOf\":{\"@id\":\"https:\\\/\\\/centrodeexcelencia.org.br\\\/centro-de-excelencia-do-wfp-destaca-valorizacao-de-profissionais-da-alimentacao-escolar\\\/\"},\"author\":{\"name\":\"Daniela Costa\",\"@id\":\"https:\\\/\\\/centrodeexcelencia.org.br\\\/#\\\/schema\\\/person\\\/2abfac03d877accded957496ee4791fa\"},\"headline\":\"WFP Centre of Excellence highlights the value of school feeding professionals\",\"datePublished\":\"2025-06-13T12:55:42+00:00\",\"mainEntityOfPage\":{\"@id\":\"https:\\\/\\\/centrodeexcelencia.org.br\\\/centro-de-excelencia-do-wfp-destaca-valorizacao-de-profissionais-da-alimentacao-escolar\\\/\"},\"wordCount\":530,\"publisher\":{\"@id\":\"https:\\\/\\\/centrodeexcelencia.org.br\\\/#organization\"},\"image\":{\"@id\":\"https:\\\/\\\/centrodeexcelencia.org.br\\\/centro-de-excelencia-do-wfp-destaca-valorizacao-de-profissionais-da-alimentacao-escolar\\\/#primaryimage\"},\"thumbnailUrl\":\"https:\\\/\\\/centrodeexcelencia.org.br\\\/wp-content\\\/uploads\\\/2025\\\/06\\\/90caa92b-787a-46ec-8a8d-8617f0fce1ce.jpeg\",\"keywords\":[\"alimenta\u00e7\u00e3o escolar\",\"encontro regional\",\"FNDE\",\"merendeiras\",\"nutricionistas\",\"Vida de Merendeira\"],\"articleSection\":[\"General\",\"News\"],\"inLanguage\":\"en-US\"},{\"@type\":\"WebPage\",\"@id\":\"https:\\\/\\\/centrodeexcelencia.org.br\\\/centro-de-excelencia-do-wfp-destaca-valorizacao-de-profissionais-da-alimentacao-escolar\\\/\",\"url\":\"https:\\\/\\\/centrodeexcelencia.org.br\\\/centro-de-excelencia-do-wfp-destaca-valorizacao-de-profissionais-da-alimentacao-escolar\\\/\",\"name\":\"WFP Centre of Excellence highlights the value of school feeding professionals - WFP\",\"isPartOf\":{\"@id\":\"https:\\\/\\\/centrodeexcelencia.org.br\\\/#website\"},\"primaryImageOfPage\":{\"@id\":\"https:\\\/\\\/centrodeexcelencia.org.br\\\/centro-de-excelencia-do-wfp-destaca-valorizacao-de-profissionais-da-alimentacao-escolar\\\/#primaryimage\"},\"image\":{\"@id\":\"https:\\\/\\\/centrodeexcelencia.org.br\\\/centro-de-excelencia-do-wfp-destaca-valorizacao-de-profissionais-da-alimentacao-escolar\\\/#primaryimage\"},\"thumbnailUrl\":\"https:\\\/\\\/centrodeexcelencia.org.br\\\/wp-content\\\/uploads\\\/2025\\\/06\\\/90caa92b-787a-46ec-8a8d-8617f0fce1ce.jpeg\",\"datePublished\":\"2025-06-13T12:55:42+00:00\",\"breadcrumb\":{\"@id\":\"https:\\\/\\\/centrodeexcelencia.org.br\\\/centro-de-excelencia-do-wfp-destaca-valorizacao-de-profissionais-da-alimentacao-escolar\\\/#breadcrumb\"},\"inLanguage\":\"en-US\",\"potentialAction\":[{\"@type\":\"ReadAction\",\"target\":[\"https:\\\/\\\/centrodeexcelencia.org.br\\\/centro-de-excelencia-do-wfp-destaca-valorizacao-de-profissionais-da-alimentacao-escolar\\\/\"]}]},{\"@type\":\"ImageObject\",\"inLanguage\":\"en-US\",\"@id\":\"https:\\\/\\\/centrodeexcelencia.org.br\\\/centro-de-excelencia-do-wfp-destaca-valorizacao-de-profissionais-da-alimentacao-escolar\\\/#primaryimage\",\"url\":\"https:\\\/\\\/centrodeexcelencia.org.br\\\/wp-content\\\/uploads\\\/2025\\\/06\\\/90caa92b-787a-46ec-8a8d-8617f0fce1ce.jpeg\",\"contentUrl\":\"https:\\\/\\\/centrodeexcelencia.org.br\\\/wp-content\\\/uploads\\\/2025\\\/06\\\/90caa92b-787a-46ec-8a8d-8617f0fce1ce.jpeg\",\"width\":768,\"height\":512,\"caption\":\"Foto: FNDE\"},{\"@type\":\"BreadcrumbList\",\"@id\":\"https:\\\/\\\/centrodeexcelencia.org.br\\\/centro-de-excelencia-do-wfp-destaca-valorizacao-de-profissionais-da-alimentacao-escolar\\\/#breadcrumb\",\"itemListElement\":[{\"@type\":\"ListItem\",\"position\":1,\"name\":\"In\u00edcio\",\"item\":\"https:\\\/\\\/centrodeexcelencia.org.br\\\/\"},{\"@type\":\"ListItem\",\"position\":2,\"name\":\"Centro de Excel\u00eancia do WFP destaca valoriza\u00e7\u00e3o de profissionais da alimenta\u00e7\u00e3o escolar\"}]},{\"@type\":\"WebSite\",\"@id\":\"https:\\\/\\\/centrodeexcelencia.org.br\\\/#website\",\"url\":\"https:\\\/\\\/centrodeexcelencia.org.br\\\/\",\"name\":\"WFP\",\"description\":\"Centre of Excellence against Hunger\",\"publisher\":{\"@id\":\"https:\\\/\\\/centrodeexcelencia.org.br\\\/#organization\"},\"potentialAction\":[{\"@type\":\"SearchAction\",\"target\":{\"@type\":\"EntryPoint\",\"urlTemplate\":\"https:\\\/\\\/centrodeexcelencia.org.br\\\/?s={search_term_string}\"},\"query-input\":{\"@type\":\"PropertyValueSpecification\",\"valueRequired\":true,\"valueName\":\"search_term_string\"}}],\"inLanguage\":\"en-US\"},{\"@type\":\"Organization\",\"@id\":\"https:\\\/\\\/centrodeexcelencia.org.br\\\/#organization\",\"name\":\"WFP\",\"url\":\"https:\\\/\\\/centrodeexcelencia.org.br\\\/\",\"logo\":{\"@type\":\"ImageObject\",\"inLanguage\":\"en-US\",\"@id\":\"https:\\\/\\\/centrodeexcelencia.org.br\\\/#\\\/schema\\\/logo\\\/image\\\/\",\"url\":\"https:\\\/\\\/centrodeexcelencia.org.br\\\/wp-content\\\/uploads\\\/2026\\\/01\\\/Sem-titulo-1_Prancheta-1-1.png\",\"contentUrl\":\"https:\\\/\\\/centrodeexcelencia.org.br\\\/wp-content\\\/uploads\\\/2026\\\/01\\\/Sem-titulo-1_Prancheta-1-1.png\",\"width\":259,\"height\":395,\"caption\":\"WFP\"},\"image\":{\"@id\":\"https:\\\/\\\/centrodeexcelencia.org.br\\\/#\\\/schema\\\/logo\\\/image\\\/\"}},{\"@type\":\"Person\",\"@id\":\"https:\\\/\\\/centrodeexcelencia.org.br\\\/#\\\/schema\\\/person\\\/2abfac03d877accded957496ee4791fa\",\"name\":\"Daniela Costa\",\"image\":{\"@type\":\"ImageObject\",\"inLanguage\":\"en-US\",\"@id\":\"https:\\\/\\\/secure.gravatar.com\\\/avatar\\\/f50437f5f9510c75abc5b27c90dd82fe3fd390a88f22c1cdb42cd793b3721f86?s=96&d=mm&r=g\",\"url\":\"https:\\\/\\\/secure.gravatar.com\\\/avatar\\\/f50437f5f9510c75abc5b27c90dd82fe3fd390a88f22c1cdb42cd793b3721f86?s=96&d=mm&r=g\",\"contentUrl\":\"https:\\\/\\\/secure.gravatar.com\\\/avatar\\\/f50437f5f9510c75abc5b27c90dd82fe3fd390a88f22c1cdb42cd793b3721f86?s=96&d=mm&r=g\",\"caption\":\"Daniela Costa\"},\"url\":\"https:\\\/\\\/centrodeexcelencia.org.br\\\/en\\\/author\\\/danielarocha\\\/\"}]}<\/script>\n<!-- \/ Yoast SEO plugin. -->","yoast_head_json":{"title":"WFP Centre of Excellence highlights the value of school feeding professionals - WFP","robots":{"index":"index","follow":"follow","max-snippet":"max-snippet:-1","max-image-preview":"max-image-preview:large","max-video-preview":"max-video-preview:-1"},"canonical":"https:\/\/centrodeexcelencia.org.br\/centro-de-excelencia-do-wfp-destaca-valorizacao-de-profissionais-da-alimentacao-escolar\/","og_locale":"en_US","og_type":"article","og_title":"WFP Centre of Excellence highlights the value of school feeding professionals - WFP","og_description":"The municipality of Campina Grande (PB) hosted the Northeast stage&hellip;  Read more","og_url":"https:\/\/centrodeexcelencia.org.br\/centro-de-excelencia-do-wfp-destaca-valorizacao-de-profissionais-da-alimentacao-escolar\/","og_site_name":"WFP","article_published_time":"2025-06-13T12:55:42+00:00","og_image":[{"width":768,"height":512,"url":"https:\/\/centrodeexcelencia.org.br\/wp-content\/uploads\/2025\/06\/90caa92b-787a-46ec-8a8d-8617f0fce1ce.jpeg","type":"image\/jpeg"}],"author":"Daniela Costa","twitter_card":"summary_large_image","twitter_misc":{"Written by":"Daniela Costa","Est. reading time":"3 minutes"},"schema":{"@context":"https:\/\/schema.org","@graph":[{"@type":"Article","@id":"https:\/\/centrodeexcelencia.org.br\/centro-de-excelencia-do-wfp-destaca-valorizacao-de-profissionais-da-alimentacao-escolar\/#article","isPartOf":{"@id":"https:\/\/centrodeexcelencia.org.br\/centro-de-excelencia-do-wfp-destaca-valorizacao-de-profissionais-da-alimentacao-escolar\/"},"author":{"name":"Daniela Costa","@id":"https:\/\/centrodeexcelencia.org.br\/#\/schema\/person\/2abfac03d877accded957496ee4791fa"},"headline":"WFP Centre of Excellence highlights the value of school feeding professionals","datePublished":"2025-06-13T12:55:42+00:00","mainEntityOfPage":{"@id":"https:\/\/centrodeexcelencia.org.br\/centro-de-excelencia-do-wfp-destaca-valorizacao-de-profissionais-da-alimentacao-escolar\/"},"wordCount":530,"publisher":{"@id":"https:\/\/centrodeexcelencia.org.br\/#organization"},"image":{"@id":"https:\/\/centrodeexcelencia.org.br\/centro-de-excelencia-do-wfp-destaca-valorizacao-de-profissionais-da-alimentacao-escolar\/#primaryimage"},"thumbnailUrl":"https:\/\/centrodeexcelencia.org.br\/wp-content\/uploads\/2025\/06\/90caa92b-787a-46ec-8a8d-8617f0fce1ce.jpeg","keywords":["alimenta\u00e7\u00e3o escolar","encontro regional","FNDE","merendeiras","nutricionistas","Vida de Merendeira"],"articleSection":["General","News"],"inLanguage":"en-US"},{"@type":"WebPage","@id":"https:\/\/centrodeexcelencia.org.br\/centro-de-excelencia-do-wfp-destaca-valorizacao-de-profissionais-da-alimentacao-escolar\/","url":"https:\/\/centrodeexcelencia.org.br\/centro-de-excelencia-do-wfp-destaca-valorizacao-de-profissionais-da-alimentacao-escolar\/","name":"WFP Centre of Excellence highlights the value of school feeding professionals - WFP","isPartOf":{"@id":"https:\/\/centrodeexcelencia.org.br\/#website"},"primaryImageOfPage":{"@id":"https:\/\/centrodeexcelencia.org.br\/centro-de-excelencia-do-wfp-destaca-valorizacao-de-profissionais-da-alimentacao-escolar\/#primaryimage"},"image":{"@id":"https:\/\/centrodeexcelencia.org.br\/centro-de-excelencia-do-wfp-destaca-valorizacao-de-profissionais-da-alimentacao-escolar\/#primaryimage"},"thumbnailUrl":"https:\/\/centrodeexcelencia.org.br\/wp-content\/uploads\/2025\/06\/90caa92b-787a-46ec-8a8d-8617f0fce1ce.jpeg","datePublished":"2025-06-13T12:55:42+00:00","breadcrumb":{"@id":"https:\/\/centrodeexcelencia.org.br\/centro-de-excelencia-do-wfp-destaca-valorizacao-de-profissionais-da-alimentacao-escolar\/#breadcrumb"},"inLanguage":"en-US","potentialAction":[{"@type":"ReadAction","target":["https:\/\/centrodeexcelencia.org.br\/centro-de-excelencia-do-wfp-destaca-valorizacao-de-profissionais-da-alimentacao-escolar\/"]}]},{"@type":"ImageObject","inLanguage":"en-US","@id":"https:\/\/centrodeexcelencia.org.br\/centro-de-excelencia-do-wfp-destaca-valorizacao-de-profissionais-da-alimentacao-escolar\/#primaryimage","url":"https:\/\/centrodeexcelencia.org.br\/wp-content\/uploads\/2025\/06\/90caa92b-787a-46ec-8a8d-8617f0fce1ce.jpeg","contentUrl":"https:\/\/centrodeexcelencia.org.br\/wp-content\/uploads\/2025\/06\/90caa92b-787a-46ec-8a8d-8617f0fce1ce.jpeg","width":768,"height":512,"caption":"Foto: FNDE"},{"@type":"BreadcrumbList","@id":"https:\/\/centrodeexcelencia.org.br\/centro-de-excelencia-do-wfp-destaca-valorizacao-de-profissionais-da-alimentacao-escolar\/#breadcrumb","itemListElement":[{"@type":"ListItem","position":1,"name":"In\u00edcio","item":"https:\/\/centrodeexcelencia.org.br\/"},{"@type":"ListItem","position":2,"name":"Centro de Excel\u00eancia do WFP destaca valoriza\u00e7\u00e3o de profissionais da alimenta\u00e7\u00e3o escolar"}]},{"@type":"WebSite","@id":"https:\/\/centrodeexcelencia.org.br\/#website","url":"https:\/\/centrodeexcelencia.org.br\/","name":"WFP","description":"Centre of Excellence against Hunger","publisher":{"@id":"https:\/\/centrodeexcelencia.org.br\/#organization"},"potentialAction":[{"@type":"SearchAction","target":{"@type":"EntryPoint","urlTemplate":"https:\/\/centrodeexcelencia.org.br\/?s={search_term_string}"},"query-input":{"@type":"PropertyValueSpecification","valueRequired":true,"valueName":"search_term_string"}}],"inLanguage":"en-US"},{"@type":"Organization","@id":"https:\/\/centrodeexcelencia.org.br\/#organization","name":"WFP","url":"https:\/\/centrodeexcelencia.org.br\/","logo":{"@type":"ImageObject","inLanguage":"en-US","@id":"https:\/\/centrodeexcelencia.org.br\/#\/schema\/logo\/image\/","url":"https:\/\/centrodeexcelencia.org.br\/wp-content\/uploads\/2026\/01\/Sem-titulo-1_Prancheta-1-1.png","contentUrl":"https:\/\/centrodeexcelencia.org.br\/wp-content\/uploads\/2026\/01\/Sem-titulo-1_Prancheta-1-1.png","width":259,"height":395,"caption":"WFP"},"image":{"@id":"https:\/\/centrodeexcelencia.org.br\/#\/schema\/logo\/image\/"}},{"@type":"Person","@id":"https:\/\/centrodeexcelencia.org.br\/#\/schema\/person\/2abfac03d877accded957496ee4791fa","name":"Daniela Costa","image":{"@type":"ImageObject","inLanguage":"en-US","@id":"https:\/\/secure.gravatar.com\/avatar\/f50437f5f9510c75abc5b27c90dd82fe3fd390a88f22c1cdb42cd793b3721f86?s=96&d=mm&r=g","url":"https:\/\/secure.gravatar.com\/avatar\/f50437f5f9510c75abc5b27c90dd82fe3fd390a88f22c1cdb42cd793b3721f86?s=96&d=mm&r=g","contentUrl":"https:\/\/secure.gravatar.com\/avatar\/f50437f5f9510c75abc5b27c90dd82fe3fd390a88f22c1cdb42cd793b3721f86?s=96&d=mm&r=g","caption":"Daniela Costa"},"url":"https:\/\/centrodeexcelencia.org.br\/en\/author\/danielarocha\/"}]}},"_links":{"self":[{"href":"https:\/\/centrodeexcelencia.org.br\/en\/wp-json\/wp\/v2\/posts\/29198","targetHints":{"allow":["GET"]}}],"collection":[{"href":"https:\/\/centrodeexcelencia.org.br\/en\/wp-json\/wp\/v2\/posts"}],"about":[{"href":"https:\/\/centrodeexcelencia.org.br\/en\/wp-json\/wp\/v2\/types\/post"}],"author":[{"embeddable":true,"href":"https:\/\/centrodeexcelencia.org.br\/en\/wp-json\/wp\/v2\/users\/197"}],"replies":[{"embeddable":true,"href":"https:\/\/centrodeexcelencia.org.br\/en\/wp-json\/wp\/v2\/comments?post=29198"}],"version-history":[{"count":0,"href":"https:\/\/centrodeexcelencia.org.br\/en\/wp-json\/wp\/v2\/posts\/29198\/revisions"}],"wp:featuredmedia":[{"embeddable":true,"href":"https:\/\/centrodeexcelencia.org.br\/en\/wp-json\/wp\/v2\/media\/29199"}],"wp:attachment":[{"href":"https:\/\/centrodeexcelencia.org.br\/en\/wp-json\/wp\/v2\/media?parent=29198"}],"wp:term":[{"taxonomy":"category","embeddable":true,"href":"https:\/\/centrodeexcelencia.org.br\/en\/wp-json\/wp\/v2\/categories?post=29198"},{"taxonomy":"post_tag","embeddable":true,"href":"https:\/\/centrodeexcelencia.org.br\/en\/wp-json\/wp\/v2\/tags?post=29198"}],"curies":[{"name":"wp","href":"https:\/\/api.w.org\/{rel}","templated":true}]}}