{"id":29473,"date":"2025-08-29T09:55:09","date_gmt":"2025-08-29T12:55:09","guid":{"rendered":"https:\/\/centrodeexcelencia.org.br\/?p=29473"},"modified":"2025-08-29T10:00:19","modified_gmt":"2025-08-29T13:00:19","slug":"senegal-avanca-em-politica-de-alimentacao-escolar-com-apoio-do-centro-de-excelencia","status":"publish","type":"post","link":"https:\/\/centrodeexcelencia.org.br\/en\/senegal-avanca-em-politica-de-alimentacao-escolar-com-apoio-do-centro-de-excelencia\/","title":{"rendered":"Senegal advances in school feeding policy with support from the Centre of Excellence"},"content":{"rendered":"<p><figure id=\"attachment_29476\" aria-describedby=\"caption-attachment-29476\" style=\"width: 1082px\" class=\"wp-caption alignnone\"><img fetchpriority=\"high\" decoding=\"async\" class=\"size-full wp-image-29476\" src=\"http:\/\/centrodeexcelencia.org.br\/wp-content\/uploads\/2025\/08\/foto-editada.png\" alt=\"\" width=\"1082\" height=\"672\" srcset=\"https:\/\/centrodeexcelencia.org.br\/wp-content\/uploads\/2025\/08\/foto-editada.png 1082w, https:\/\/centrodeexcelencia.org.br\/wp-content\/uploads\/2025\/08\/foto-editada-300x186.png 300w, https:\/\/centrodeexcelencia.org.br\/wp-content\/uploads\/2025\/08\/foto-editada-1024x636.png 1024w, https:\/\/centrodeexcelencia.org.br\/wp-content\/uploads\/2025\/08\/foto-editada-768x477.png 768w, https:\/\/centrodeexcelencia.org.br\/wp-content\/uploads\/2025\/08\/foto-editada-600x373.png 600w\" sizes=\"(max-width: 1082px) 100vw, 1082px\" \/><figcaption id=\"caption-attachment-29476\" class=\"wp-caption-text\">\u00a9WFP<\/figcaption><\/figure><\/p>\n<p>On August 28, the team from the WFP Centre of Excellence against Hunger in Brazil participated in the technical validation workshop of Senegal\u2019s National School Feeding Policy, held in Dakar.<\/p>\n<p>The event brought together around 50 participants, including representatives from ministries, partners, and academia, to discuss the key elements of the policy and pathways for its implementation with tangible impact.<\/p>\n<p>Discussions covered topics such as nutrition, local procurement, and sustainable financing, reinforcing intersectoral collaboration and social participation in the policy formulation process.<\/p>\n<p>\u201cTechnical validation is an important milestone for Senegal, bringing together different sectors around a common goal and consolidating school feeding as a strategic policy for education, health, agriculture, and sustainable development,\u201d emphasized Ana Clara Cathalat, Programme Officer at the Centre of Excellence, who attended the meeting.<\/p>\n<p>The workshop marks a significant step forward in a process carried out throughout 2025, in close partnership between the Centre of Excellence, the Government of France, the WFP country office in Senegal, and the School Canteens Division of the Senegalese Ministry of Education, with collaboration from Brazil\u2019s National Fund for Educational Development (FNDE) and the Brazilian Cooperation Agency (ABC).<\/p>\n<figure id=\"attachment_29477\" aria-describedby=\"caption-attachment-29477\" style=\"width: 1176px\" class=\"wp-caption alignnone\"><img decoding=\"async\" class=\"size-full wp-image-29477\" src=\"http:\/\/centrodeexcelencia.org.br\/wp-content\/uploads\/2025\/08\/Foto-editada-2.png\" alt=\"\" width=\"1176\" height=\"704\" srcset=\"https:\/\/centrodeexcelencia.org.br\/wp-content\/uploads\/2025\/08\/Foto-editada-2.png 1176w, https:\/\/centrodeexcelencia.org.br\/wp-content\/uploads\/2025\/08\/Foto-editada-2-300x180.png 300w, https:\/\/centrodeexcelencia.org.br\/wp-content\/uploads\/2025\/08\/Foto-editada-2-1024x613.png 1024w, https:\/\/centrodeexcelencia.org.br\/wp-content\/uploads\/2025\/08\/Foto-editada-2-768x460.png 768w, https:\/\/centrodeexcelencia.org.br\/wp-content\/uploads\/2025\/08\/Foto-editada-2-600x359.png 600w\" sizes=\"(max-width: 1176px) 100vw, 1176px\" \/><figcaption id=\"caption-attachment-29477\" class=\"wp-caption-text\">\u00a9WFP<\/figcaption><\/figure>\n<p>During the event, Bruno Valim Magalh\u00e3es from the Centre of Excellence presented the governance structures of Brazil\u2019s National School Feeding Programme (PNAE), which can serve as inspiration for Senegal and generate reflections adapted to the national context.<\/p>\n<p>\u201cPNAE has very robust governance structures, and sharing this experience is a strategy to encourage reflection on which mechanisms can be adapted and implemented in Senegal, always recognizing the country\u2019s specificities and great potential,\u201d he stated.<\/p>\n<p>The technical validation also represents a strategic step toward Senegal\u2019s commitments to the Global School Meals Coalition, ahead of the Summit to be held from September 18 to 20 in Fortaleza, Brazil.<\/p>\n<p>\u201cThe progress achieved by Senegal throughout this process is highly significant and presenting it at the Summit strengthens the momentum within the country to continue mobilizing government, partners, and society around school feeding,\u201d highlighted L\u00edvia Martins, Programme Assistant at the Centre of Excellence, who also participated in the workshop.<\/p>\n<p>At the end of the workshop, El Hadji Sec, Head of the School Canteens Division, expressed his gratitude to Brazil. \u201cWe thank the support of the Centre of Excellence and the Brazilian government, which was essential in this process and whose contributions are reflected in this policy,\u201d he emphasized.<\/p>\n<p>The policy will now be revised based on the points discussed and will proceed to institutional validation, moving forward toward implementation and the transformation of school feeding in the country.<\/p>\n<p>&nbsp;<\/p>","protected":false},"excerpt":{"rendered":"<p>On August 28, the team from the WFP Centre of&hellip;<\/p>\n<p> <a class=\"more-link\" href=\"https:\/\/centrodeexcelencia.org.br\/en\/senegal-avanca-em-politica-de-alimentacao-escolar-com-apoio-do-centro-de-excelencia\/\">Read more<\/a><\/p>\n","protected":false},"author":197,"featured_media":29476,"comment_status":"closed","ping_status":"open","sticky":false,"template":"","format":"standard","meta":{"_monsterinsights_skip_tracking":false,"_monsterinsights_sitenote_active":false,"_monsterinsights_sitenote_note":"","_monsterinsights_sitenote_category":0,"footnotes":""},"categories":[187,192,304],"tags":[198,443,442,334,117,409],"class_list":{"0":"post-29473","1":"post","2":"type-post","3":"status-publish","4":"format-standard","5":"has-post-thumbnail","7":"category-noticias","8":"category-parcerias","9":"category-school-feeding","10":"tag-alimentacao-escolar","11":"tag-government-of-france","12":"tag-governo-da-franca","13":"tag-school-meals","14":"tag-senegal","15":"tag-workshop"},"yoast_head":"<!-- This site is optimized with the Yoast SEO plugin v27.3 - https:\/\/yoast.com\/product\/yoast-seo-wordpress\/ -->\n<title>Senegal advances in school feeding policy with support from the Centre of Excellence - WFP<\/title>\n<meta name=\"robots\" content=\"index, follow, max-snippet:-1, max-image-preview:large, max-video-preview:-1\" \/>\n<link rel=\"canonical\" href=\"https:\/\/centrodeexcelencia.org.br\/senegal-avanca-em-politica-de-alimentacao-escolar-com-apoio-do-centro-de-excelencia\/\" \/>\n<meta property=\"og:locale\" content=\"en_US\" \/>\n<meta property=\"og:type\" content=\"article\" \/>\n<meta property=\"og:title\" content=\"Senegal advances in school feeding policy with support from the Centre of Excellence - WFP\" \/>\n<meta property=\"og:description\" content=\"On August 28, the team from the WFP Centre of&hellip;  Read more\" \/>\n<meta property=\"og:url\" content=\"https:\/\/centrodeexcelencia.org.br\/senegal-avanca-em-politica-de-alimentacao-escolar-com-apoio-do-centro-de-excelencia\/\" \/>\n<meta property=\"og:site_name\" content=\"WFP\" \/>\n<meta property=\"article:published_time\" content=\"2025-08-29T12:55:09+00:00\" \/>\n<meta property=\"article:modified_time\" content=\"2025-08-29T13:00:19+00:00\" \/>\n<meta property=\"og:image\" content=\"https:\/\/centrodeexcelencia.org.br\/wp-content\/uploads\/2025\/08\/foto-editada.png\" \/>\n\t<meta property=\"og:image:width\" content=\"1082\" \/>\n\t<meta property=\"og:image:height\" content=\"672\" \/>\n\t<meta property=\"og:image:type\" content=\"image\/png\" \/>\n<meta name=\"author\" content=\"Daniela Costa\" \/>\n<meta name=\"twitter:card\" content=\"summary_large_image\" \/>\n<meta name=\"twitter:label1\" content=\"Written by\" \/>\n\t<meta name=\"twitter:data1\" content=\"Daniela Costa\" \/>\n\t<meta name=\"twitter:label2\" content=\"Est. reading time\" \/>\n\t<meta name=\"twitter:data2\" content=\"5 minutes\" \/>\n<script type=\"application\/ld+json\" class=\"yoast-schema-graph\">{\"@context\":\"https:\\\/\\\/schema.org\",\"@graph\":[{\"@type\":\"Article\",\"@id\":\"https:\\\/\\\/centrodeexcelencia.org.br\\\/senegal-avanca-em-politica-de-alimentacao-escolar-com-apoio-do-centro-de-excelencia\\\/#article\",\"isPartOf\":{\"@id\":\"https:\\\/\\\/centrodeexcelencia.org.br\\\/senegal-avanca-em-politica-de-alimentacao-escolar-com-apoio-do-centro-de-excelencia\\\/\"},\"author\":{\"name\":\"Daniela Costa\",\"@id\":\"https:\\\/\\\/centrodeexcelencia.org.br\\\/#\\\/schema\\\/person\\\/2abfac03d877accded957496ee4791fa\"},\"headline\":\"Senegal advances in school feeding policy with support from the Centre of Excellence\",\"datePublished\":\"2025-08-29T12:55:09+00:00\",\"dateModified\":\"2025-08-29T13:00:19+00:00\",\"mainEntityOfPage\":{\"@id\":\"https:\\\/\\\/centrodeexcelencia.org.br\\\/senegal-avanca-em-politica-de-alimentacao-escolar-com-apoio-do-centro-de-excelencia\\\/\"},\"wordCount\":996,\"publisher\":{\"@id\":\"https:\\\/\\\/centrodeexcelencia.org.br\\\/#organization\"},\"image\":{\"@id\":\"https:\\\/\\\/centrodeexcelencia.org.br\\\/senegal-avanca-em-politica-de-alimentacao-escolar-com-apoio-do-centro-de-excelencia\\\/#primaryimage\"},\"thumbnailUrl\":\"https:\\\/\\\/centrodeexcelencia.org.br\\\/wp-content\\\/uploads\\\/2025\\\/08\\\/foto-editada.png\",\"keywords\":[\"alimenta\u00e7\u00e3o escolar\",\"Government of France\",\"Governo da Fran\u00e7a\",\"school meals\",\"Senegal\",\"workshop\"],\"articleSection\":[\"News\",\"Partnerships\",\"School Feeding\"],\"inLanguage\":\"en-US\"},{\"@type\":\"WebPage\",\"@id\":\"https:\\\/\\\/centrodeexcelencia.org.br\\\/senegal-avanca-em-politica-de-alimentacao-escolar-com-apoio-do-centro-de-excelencia\\\/\",\"url\":\"https:\\\/\\\/centrodeexcelencia.org.br\\\/senegal-avanca-em-politica-de-alimentacao-escolar-com-apoio-do-centro-de-excelencia\\\/\",\"name\":\"Senegal advances in school feeding policy with support from the Centre of Excellence - WFP\",\"isPartOf\":{\"@id\":\"https:\\\/\\\/centrodeexcelencia.org.br\\\/#website\"},\"primaryImageOfPage\":{\"@id\":\"https:\\\/\\\/centrodeexcelencia.org.br\\\/senegal-avanca-em-politica-de-alimentacao-escolar-com-apoio-do-centro-de-excelencia\\\/#primaryimage\"},\"image\":{\"@id\":\"https:\\\/\\\/centrodeexcelencia.org.br\\\/senegal-avanca-em-politica-de-alimentacao-escolar-com-apoio-do-centro-de-excelencia\\\/#primaryimage\"},\"thumbnailUrl\":\"https:\\\/\\\/centrodeexcelencia.org.br\\\/wp-content\\\/uploads\\\/2025\\\/08\\\/foto-editada.png\",\"datePublished\":\"2025-08-29T12:55:09+00:00\",\"dateModified\":\"2025-08-29T13:00:19+00:00\",\"breadcrumb\":{\"@id\":\"https:\\\/\\\/centrodeexcelencia.org.br\\\/senegal-avanca-em-politica-de-alimentacao-escolar-com-apoio-do-centro-de-excelencia\\\/#breadcrumb\"},\"inLanguage\":\"en-US\",\"potentialAction\":[{\"@type\":\"ReadAction\",\"target\":[\"https:\\\/\\\/centrodeexcelencia.org.br\\\/senegal-avanca-em-politica-de-alimentacao-escolar-com-apoio-do-centro-de-excelencia\\\/\"]}]},{\"@type\":\"ImageObject\",\"inLanguage\":\"en-US\",\"@id\":\"https:\\\/\\\/centrodeexcelencia.org.br\\\/senegal-avanca-em-politica-de-alimentacao-escolar-com-apoio-do-centro-de-excelencia\\\/#primaryimage\",\"url\":\"https:\\\/\\\/centrodeexcelencia.org.br\\\/wp-content\\\/uploads\\\/2025\\\/08\\\/foto-editada.png\",\"contentUrl\":\"https:\\\/\\\/centrodeexcelencia.org.br\\\/wp-content\\\/uploads\\\/2025\\\/08\\\/foto-editada.png\",\"width\":1082,\"height\":672,\"caption\":\"\u00a9WFP\"},{\"@type\":\"BreadcrumbList\",\"@id\":\"https:\\\/\\\/centrodeexcelencia.org.br\\\/senegal-avanca-em-politica-de-alimentacao-escolar-com-apoio-do-centro-de-excelencia\\\/#breadcrumb\",\"itemListElement\":[{\"@type\":\"ListItem\",\"position\":1,\"name\":\"In\u00edcio\",\"item\":\"https:\\\/\\\/centrodeexcelencia.org.br\\\/\"},{\"@type\":\"ListItem\",\"position\":2,\"name\":\"Senegal avan\u00e7a em pol\u00edtica de alimenta\u00e7\u00e3o escolar com apoio do Centro de Excel\u00eancia\"}]},{\"@type\":\"WebSite\",\"@id\":\"https:\\\/\\\/centrodeexcelencia.org.br\\\/#website\",\"url\":\"https:\\\/\\\/centrodeexcelencia.org.br\\\/\",\"name\":\"WFP\",\"description\":\"Centre of Excellence against Hunger\",\"publisher\":{\"@id\":\"https:\\\/\\\/centrodeexcelencia.org.br\\\/#organization\"},\"potentialAction\":[{\"@type\":\"SearchAction\",\"target\":{\"@type\":\"EntryPoint\",\"urlTemplate\":\"https:\\\/\\\/centrodeexcelencia.org.br\\\/?s={search_term_string}\"},\"query-input\":{\"@type\":\"PropertyValueSpecification\",\"valueRequired\":true,\"valueName\":\"search_term_string\"}}],\"inLanguage\":\"en-US\"},{\"@type\":\"Organization\",\"@id\":\"https:\\\/\\\/centrodeexcelencia.org.br\\\/#organization\",\"name\":\"WFP\",\"url\":\"https:\\\/\\\/centrodeexcelencia.org.br\\\/\",\"logo\":{\"@type\":\"ImageObject\",\"inLanguage\":\"en-US\",\"@id\":\"https:\\\/\\\/centrodeexcelencia.org.br\\\/#\\\/schema\\\/logo\\\/image\\\/\",\"url\":\"https:\\\/\\\/centrodeexcelencia.org.br\\\/wp-content\\\/uploads\\\/2026\\\/01\\\/Sem-titulo-1_Prancheta-1-1.png\",\"contentUrl\":\"https:\\\/\\\/centrodeexcelencia.org.br\\\/wp-content\\\/uploads\\\/2026\\\/01\\\/Sem-titulo-1_Prancheta-1-1.png\",\"width\":259,\"height\":395,\"caption\":\"WFP\"},\"image\":{\"@id\":\"https:\\\/\\\/centrodeexcelencia.org.br\\\/#\\\/schema\\\/logo\\\/image\\\/\"}},{\"@type\":\"Person\",\"@id\":\"https:\\\/\\\/centrodeexcelencia.org.br\\\/#\\\/schema\\\/person\\\/2abfac03d877accded957496ee4791fa\",\"name\":\"Daniela Costa\",\"image\":{\"@type\":\"ImageObject\",\"inLanguage\":\"en-US\",\"@id\":\"https:\\\/\\\/secure.gravatar.com\\\/avatar\\\/f50437f5f9510c75abc5b27c90dd82fe3fd390a88f22c1cdb42cd793b3721f86?s=96&d=mm&r=g\",\"url\":\"https:\\\/\\\/secure.gravatar.com\\\/avatar\\\/f50437f5f9510c75abc5b27c90dd82fe3fd390a88f22c1cdb42cd793b3721f86?s=96&d=mm&r=g\",\"contentUrl\":\"https:\\\/\\\/secure.gravatar.com\\\/avatar\\\/f50437f5f9510c75abc5b27c90dd82fe3fd390a88f22c1cdb42cd793b3721f86?s=96&d=mm&r=g\",\"caption\":\"Daniela Costa\"},\"url\":\"https:\\\/\\\/centrodeexcelencia.org.br\\\/en\\\/author\\\/danielarocha\\\/\"}]}<\/script>\n<!-- \/ Yoast SEO plugin. -->","yoast_head_json":{"title":"Senegal advances in school feeding policy with support from the Centre of Excellence - WFP","robots":{"index":"index","follow":"follow","max-snippet":"max-snippet:-1","max-image-preview":"max-image-preview:large","max-video-preview":"max-video-preview:-1"},"canonical":"https:\/\/centrodeexcelencia.org.br\/senegal-avanca-em-politica-de-alimentacao-escolar-com-apoio-do-centro-de-excelencia\/","og_locale":"en_US","og_type":"article","og_title":"Senegal advances in school feeding policy with support from the Centre of Excellence - WFP","og_description":"On August 28, the team from the WFP Centre of&hellip;  Read more","og_url":"https:\/\/centrodeexcelencia.org.br\/senegal-avanca-em-politica-de-alimentacao-escolar-com-apoio-do-centro-de-excelencia\/","og_site_name":"WFP","article_published_time":"2025-08-29T12:55:09+00:00","article_modified_time":"2025-08-29T13:00:19+00:00","og_image":[{"width":1082,"height":672,"url":"https:\/\/centrodeexcelencia.org.br\/wp-content\/uploads\/2025\/08\/foto-editada.png","type":"image\/png"}],"author":"Daniela Costa","twitter_card":"summary_large_image","twitter_misc":{"Written by":"Daniela Costa","Est. reading time":"5 minutes"},"schema":{"@context":"https:\/\/schema.org","@graph":[{"@type":"Article","@id":"https:\/\/centrodeexcelencia.org.br\/senegal-avanca-em-politica-de-alimentacao-escolar-com-apoio-do-centro-de-excelencia\/#article","isPartOf":{"@id":"https:\/\/centrodeexcelencia.org.br\/senegal-avanca-em-politica-de-alimentacao-escolar-com-apoio-do-centro-de-excelencia\/"},"author":{"name":"Daniela Costa","@id":"https:\/\/centrodeexcelencia.org.br\/#\/schema\/person\/2abfac03d877accded957496ee4791fa"},"headline":"Senegal advances in school feeding policy with support from the Centre of Excellence","datePublished":"2025-08-29T12:55:09+00:00","dateModified":"2025-08-29T13:00:19+00:00","mainEntityOfPage":{"@id":"https:\/\/centrodeexcelencia.org.br\/senegal-avanca-em-politica-de-alimentacao-escolar-com-apoio-do-centro-de-excelencia\/"},"wordCount":996,"publisher":{"@id":"https:\/\/centrodeexcelencia.org.br\/#organization"},"image":{"@id":"https:\/\/centrodeexcelencia.org.br\/senegal-avanca-em-politica-de-alimentacao-escolar-com-apoio-do-centro-de-excelencia\/#primaryimage"},"thumbnailUrl":"https:\/\/centrodeexcelencia.org.br\/wp-content\/uploads\/2025\/08\/foto-editada.png","keywords":["alimenta\u00e7\u00e3o escolar","Government of France","Governo da Fran\u00e7a","school meals","Senegal","workshop"],"articleSection":["News","Partnerships","School Feeding"],"inLanguage":"en-US"},{"@type":"WebPage","@id":"https:\/\/centrodeexcelencia.org.br\/senegal-avanca-em-politica-de-alimentacao-escolar-com-apoio-do-centro-de-excelencia\/","url":"https:\/\/centrodeexcelencia.org.br\/senegal-avanca-em-politica-de-alimentacao-escolar-com-apoio-do-centro-de-excelencia\/","name":"Senegal advances in school feeding policy with support from the Centre of Excellence - WFP","isPartOf":{"@id":"https:\/\/centrodeexcelencia.org.br\/#website"},"primaryImageOfPage":{"@id":"https:\/\/centrodeexcelencia.org.br\/senegal-avanca-em-politica-de-alimentacao-escolar-com-apoio-do-centro-de-excelencia\/#primaryimage"},"image":{"@id":"https:\/\/centrodeexcelencia.org.br\/senegal-avanca-em-politica-de-alimentacao-escolar-com-apoio-do-centro-de-excelencia\/#primaryimage"},"thumbnailUrl":"https:\/\/centrodeexcelencia.org.br\/wp-content\/uploads\/2025\/08\/foto-editada.png","datePublished":"2025-08-29T12:55:09+00:00","dateModified":"2025-08-29T13:00:19+00:00","breadcrumb":{"@id":"https:\/\/centrodeexcelencia.org.br\/senegal-avanca-em-politica-de-alimentacao-escolar-com-apoio-do-centro-de-excelencia\/#breadcrumb"},"inLanguage":"en-US","potentialAction":[{"@type":"ReadAction","target":["https:\/\/centrodeexcelencia.org.br\/senegal-avanca-em-politica-de-alimentacao-escolar-com-apoio-do-centro-de-excelencia\/"]}]},{"@type":"ImageObject","inLanguage":"en-US","@id":"https:\/\/centrodeexcelencia.org.br\/senegal-avanca-em-politica-de-alimentacao-escolar-com-apoio-do-centro-de-excelencia\/#primaryimage","url":"https:\/\/centrodeexcelencia.org.br\/wp-content\/uploads\/2025\/08\/foto-editada.png","contentUrl":"https:\/\/centrodeexcelencia.org.br\/wp-content\/uploads\/2025\/08\/foto-editada.png","width":1082,"height":672,"caption":"\u00a9WFP"},{"@type":"BreadcrumbList","@id":"https:\/\/centrodeexcelencia.org.br\/senegal-avanca-em-politica-de-alimentacao-escolar-com-apoio-do-centro-de-excelencia\/#breadcrumb","itemListElement":[{"@type":"ListItem","position":1,"name":"In\u00edcio","item":"https:\/\/centrodeexcelencia.org.br\/"},{"@type":"ListItem","position":2,"name":"Senegal avan\u00e7a em pol\u00edtica de alimenta\u00e7\u00e3o escolar com apoio do Centro de Excel\u00eancia"}]},{"@type":"WebSite","@id":"https:\/\/centrodeexcelencia.org.br\/#website","url":"https:\/\/centrodeexcelencia.org.br\/","name":"WFP","description":"Centre of Excellence against Hunger","publisher":{"@id":"https:\/\/centrodeexcelencia.org.br\/#organization"},"potentialAction":[{"@type":"SearchAction","target":{"@type":"EntryPoint","urlTemplate":"https:\/\/centrodeexcelencia.org.br\/?s={search_term_string}"},"query-input":{"@type":"PropertyValueSpecification","valueRequired":true,"valueName":"search_term_string"}}],"inLanguage":"en-US"},{"@type":"Organization","@id":"https:\/\/centrodeexcelencia.org.br\/#organization","name":"WFP","url":"https:\/\/centrodeexcelencia.org.br\/","logo":{"@type":"ImageObject","inLanguage":"en-US","@id":"https:\/\/centrodeexcelencia.org.br\/#\/schema\/logo\/image\/","url":"https:\/\/centrodeexcelencia.org.br\/wp-content\/uploads\/2026\/01\/Sem-titulo-1_Prancheta-1-1.png","contentUrl":"https:\/\/centrodeexcelencia.org.br\/wp-content\/uploads\/2026\/01\/Sem-titulo-1_Prancheta-1-1.png","width":259,"height":395,"caption":"WFP"},"image":{"@id":"https:\/\/centrodeexcelencia.org.br\/#\/schema\/logo\/image\/"}},{"@type":"Person","@id":"https:\/\/centrodeexcelencia.org.br\/#\/schema\/person\/2abfac03d877accded957496ee4791fa","name":"Daniela Costa","image":{"@type":"ImageObject","inLanguage":"en-US","@id":"https:\/\/secure.gravatar.com\/avatar\/f50437f5f9510c75abc5b27c90dd82fe3fd390a88f22c1cdb42cd793b3721f86?s=96&d=mm&r=g","url":"https:\/\/secure.gravatar.com\/avatar\/f50437f5f9510c75abc5b27c90dd82fe3fd390a88f22c1cdb42cd793b3721f86?s=96&d=mm&r=g","contentUrl":"https:\/\/secure.gravatar.com\/avatar\/f50437f5f9510c75abc5b27c90dd82fe3fd390a88f22c1cdb42cd793b3721f86?s=96&d=mm&r=g","caption":"Daniela Costa"},"url":"https:\/\/centrodeexcelencia.org.br\/en\/author\/danielarocha\/"}]}},"_links":{"self":[{"href":"https:\/\/centrodeexcelencia.org.br\/en\/wp-json\/wp\/v2\/posts\/29473","targetHints":{"allow":["GET"]}}],"collection":[{"href":"https:\/\/centrodeexcelencia.org.br\/en\/wp-json\/wp\/v2\/posts"}],"about":[{"href":"https:\/\/centrodeexcelencia.org.br\/en\/wp-json\/wp\/v2\/types\/post"}],"author":[{"embeddable":true,"href":"https:\/\/centrodeexcelencia.org.br\/en\/wp-json\/wp\/v2\/users\/197"}],"replies":[{"embeddable":true,"href":"https:\/\/centrodeexcelencia.org.br\/en\/wp-json\/wp\/v2\/comments?post=29473"}],"version-history":[{"count":0,"href":"https:\/\/centrodeexcelencia.org.br\/en\/wp-json\/wp\/v2\/posts\/29473\/revisions"}],"wp:featuredmedia":[{"embeddable":true,"href":"https:\/\/centrodeexcelencia.org.br\/en\/wp-json\/wp\/v2\/media\/29476"}],"wp:attachment":[{"href":"https:\/\/centrodeexcelencia.org.br\/en\/wp-json\/wp\/v2\/media?parent=29473"}],"wp:term":[{"taxonomy":"category","embeddable":true,"href":"https:\/\/centrodeexcelencia.org.br\/en\/wp-json\/wp\/v2\/categories?post=29473"},{"taxonomy":"post_tag","embeddable":true,"href":"https:\/\/centrodeexcelencia.org.br\/en\/wp-json\/wp\/v2\/tags?post=29473"}],"curies":[{"name":"wp","href":"https:\/\/api.w.org\/{rel}","templated":true}]}}