{"id":29716,"date":"2025-11-25T16:11:50","date_gmt":"2025-11-25T19:11:50","guid":{"rendered":"https:\/\/centrodeexcelencia.org.br\/?p=29716"},"modified":"2025-11-25T16:18:30","modified_gmt":"2025-11-25T19:18:30","slug":"parcerias-lancadas-para-fortalecer-a-diplomacia-na-transformacao-dos-sistemas-alimentares-e-na-acao-climatica","status":"publish","type":"post","link":"https:\/\/centrodeexcelencia.org.br\/en\/parcerias-lancadas-para-fortalecer-a-diplomacia-na-transformacao-dos-sistemas-alimentares-e-na-acao-climatica\/","title":{"rendered":"Partnerships\u00a0launched to Strengthen Diplomacy on Food Systems Transformation and Climate Action\u00a0"},"content":{"rendered":"<p><figure id=\"attachment_29717\" aria-describedby=\"caption-attachment-29717\" style=\"width: 1200px\" class=\"wp-caption alignnone\"><img fetchpriority=\"high\" decoding=\"async\" class=\"size-full wp-image-29717\" src=\"http:\/\/centrodeexcelencia.org.br\/wp-content\/uploads\/2025\/11\/WF11051710-Manuel-Lima.jpg\" alt=\"\" width=\"1200\" height=\"674\" srcset=\"https:\/\/centrodeexcelencia.org.br\/wp-content\/uploads\/2025\/11\/WF11051710-Manuel-Lima.jpg 1200w, https:\/\/centrodeexcelencia.org.br\/wp-content\/uploads\/2025\/11\/WF11051710-Manuel-Lima-300x169.jpg 300w, https:\/\/centrodeexcelencia.org.br\/wp-content\/uploads\/2025\/11\/WF11051710-Manuel-Lima-1024x575.jpg 1024w, https:\/\/centrodeexcelencia.org.br\/wp-content\/uploads\/2025\/11\/WF11051710-Manuel-Lima-768x431.jpg 768w, https:\/\/centrodeexcelencia.org.br\/wp-content\/uploads\/2025\/11\/WF11051710-Manuel-Lima-600x337.jpg 600w\" sizes=\"(max-width: 1200px) 100vw, 1200px\" \/><figcaption id=\"caption-attachment-29717\" class=\"wp-caption-text\">\u00a9WFP\/Manoel Lima<\/figcaption><\/figure><\/p>\n<p>The Ministry of Foreign Affairs of Brazil, through its General Coordination for Food Security and Nutrition (CGSAN) and the Rio Branco Institute (IRBr), together with the United Nations Food Systems Coordination Hub, the WFP Centre of Excellence Against Hunger in Brazil, and the Amazon Cooperation Treaty Organization (ACTO), have announced the\u00a0launch of \u201cPartnerships among Amazon Countries: Food Systems Transformation and Climate Action.\u201d<\/p>\n<p>The initiative, launched\u00a0at the close of\u00a0COP30, aims to\u00a0reinforce regional cooperation among the eight Amazon countries\u00a0by strengthening the capacities of diplomats and government officers to design, negotiate, and implement integrated policies that advance food security and nutrition, sustainable food systems, and climate resilience.<\/p>\n<p>At the heart of this initiative is a\u00a0new training and peer learning program\u00a0that will draw on the UN Food Systems Coordination Hub\u2019s Convergence Initiative\u00a0\u2013\u00a0informed by Brazil\u2019s pioneering experience as a pilot country and the formulation of\u00a0the\u00a0<a href=\"https:\/\/www.unfoodsystemshub.org\/hub-solution\/convergence-initiative\/en\">Convergence Action Blueprint<\/a>\u00a0\u2013\u00a0alongside interactive modules, case studies, and policy dialogue sessions.<\/p>\n<p>Through this platform, participants will deepen collaboration and exchange practical approaches to governance, multi-sector coordination, and implementation of\u00a0<a href=\"https:\/\/www.unfoodsystemshub.org\/member-state-dialogue\/dialogues-and-pathways\/en\">National Pathways for Food Systems Transformation<\/a>, as well as cross-border Convergence efforts across the Amazon region.<\/p>\n<p>This partnership reflects the shared commitment of Brazil and regional partners to eradicate hunger, strengthen food and nutrition security, and build sustainable and\u00a0inclusive food systems that respond to the impacts of climate change\u00a0\u2013\u00a0in a region central to global climate stability and biodiversity.<\/p>\n<p>For the ambassador Maria Laura da Rocha, Secretary-General of Foreign Affairs, Brazil is proud to\u00a0join efforts with partners to advance\u00a0food systems\u00a0transformation\u00a0and climate\u00a0action, strengthening regional solidarity across\u00a0Amazon\u00a0countries.<\/p>\n<p>\u201cThe development of our diplomats\u2019 skills is key to\u00a0turning shared challenges into\u00a0collective\u00a0solutions.\u00a0Together, we expect this partnership to deliver concrete and lasting outcomes for\u00a0our\u00a0peoples\u00a0and\u00a0for\u00a0the planet\u201d, she stated.<\/p>\n<p>According to Daniel Balaban, director of the WFP\u00a0Centre of Excellence against\u00a0Hunger in Brazil, strengthening capacities and sharing practical tools are essential to achieve lasting progress towards hunger eradication.<\/p>\n<p>\u201cThrough this initiative, we are creating a space where countries of the Amazon region can learn from each other,\u00a0adapt\u00a0successful approaches, and jointly advance food systems that are resilient, inclusive, and sustainable. The WFP Centre of Excellence is proud to support this collaborative effort, grounded in regional knowledge and driven by a shared commitment to ensure that no one is left behind.&#8221;<\/p>\n<p>The Amazon region plays a decisive role in the global future of food systems and climate action, said Stefanos Fotiou, Director, from the United\u00a0Nations\u00a0Food Systems Coordination Hub.<\/p>\n<p>For him, this partnership strengthens the ability of governments to work together, share\u00a0expertise, and scale solutions that are grounded in national contexts but contribute to a shared regional vision. \u201cWe are proud to support the leadership of Amazon countries as they advance food security, resilience, and sustainable development through cooperation.\u201d<\/p>","protected":false},"excerpt":{"rendered":"<p>The Ministry of Foreign Affairs of Brazil, through its General&hellip;<\/p>\n<p> <a class=\"more-link\" href=\"https:\/\/centrodeexcelencia.org.br\/en\/parcerias-lancadas-para-fortalecer-a-diplomacia-na-transformacao-dos-sistemas-alimentares-e-na-acao-climatica\/\">Read more<\/a><\/p>\n","protected":false},"author":197,"featured_media":29717,"comment_status":"closed","ping_status":"closed","sticky":false,"template":"","format":"standard","meta":{"_monsterinsights_skip_tracking":false,"_monsterinsights_sitenote_active":false,"_monsterinsights_sitenote_note":"","_monsterinsights_sitenote_category":0,"footnotes":""},"categories":[187,192],"tags":[521,524,526,519,523,525,430,518,527,520,522],"class_list":{"0":"post-29716","1":"post","2":"type-post","3":"status-publish","4":"format-standard","5":"has-post-thumbnail","7":"category-noticias","8":"category-parcerias","9":"tag-acao-de-convergencia","10":"tag-acto","11":"tag-blueprint","12":"tag-cgsan","13":"tag-climate-action","14":"tag-convergence-action","15":"tag-cop30","16":"tag-instituto-rio-branco","17":"tag-irbr","18":"tag-otca","19":"tag-resiliencia-climatica"},"yoast_head":"<!-- This site is optimized with the Yoast SEO plugin v27.3 - https:\/\/yoast.com\/product\/yoast-seo-wordpress\/ -->\n<title>Partnerships\u00a0launched to Strengthen Diplomacy on Food Systems Transformation and Climate Action\u00a0 - WFP<\/title>\n<meta name=\"robots\" content=\"index, follow, max-snippet:-1, max-image-preview:large, max-video-preview:-1\" \/>\n<link rel=\"canonical\" href=\"https:\/\/centrodeexcelencia.org.br\/parcerias-lancadas-para-fortalecer-a-diplomacia-na-transformacao-dos-sistemas-alimentares-e-na-acao-climatica\/\" \/>\n<meta property=\"og:locale\" content=\"en_US\" \/>\n<meta property=\"og:type\" content=\"article\" \/>\n<meta property=\"og:title\" content=\"Partnerships\u00a0launched to Strengthen Diplomacy on Food Systems Transformation and Climate Action\u00a0 - WFP\" \/>\n<meta property=\"og:description\" content=\"The Ministry of Foreign Affairs of Brazil, through its General&hellip;  Read more\" \/>\n<meta property=\"og:url\" content=\"https:\/\/centrodeexcelencia.org.br\/parcerias-lancadas-para-fortalecer-a-diplomacia-na-transformacao-dos-sistemas-alimentares-e-na-acao-climatica\/\" \/>\n<meta property=\"og:site_name\" content=\"WFP\" \/>\n<meta property=\"article:published_time\" content=\"2025-11-25T19:11:50+00:00\" \/>\n<meta property=\"article:modified_time\" content=\"2025-11-25T19:18:30+00:00\" \/>\n<meta property=\"og:image\" content=\"https:\/\/centrodeexcelencia.org.br\/wp-content\/uploads\/2025\/11\/WF11051710-Manuel-Lima.jpg\" \/>\n\t<meta property=\"og:image:width\" content=\"1200\" \/>\n\t<meta property=\"og:image:height\" content=\"674\" \/>\n\t<meta property=\"og:image:type\" content=\"image\/jpeg\" \/>\n<meta name=\"author\" content=\"Daniela Costa\" \/>\n<meta name=\"twitter:card\" content=\"summary_large_image\" \/>\n<meta name=\"twitter:label1\" content=\"Written by\" \/>\n\t<meta name=\"twitter:data1\" content=\"Daniela Costa\" \/>\n\t<meta name=\"twitter:label2\" content=\"Est. reading time\" \/>\n\t<meta name=\"twitter:data2\" content=\"6 minutes\" \/>\n<script type=\"application\/ld+json\" class=\"yoast-schema-graph\">{\"@context\":\"https:\\\/\\\/schema.org\",\"@graph\":[{\"@type\":\"Article\",\"@id\":\"https:\\\/\\\/centrodeexcelencia.org.br\\\/parcerias-lancadas-para-fortalecer-a-diplomacia-na-transformacao-dos-sistemas-alimentares-e-na-acao-climatica\\\/#article\",\"isPartOf\":{\"@id\":\"https:\\\/\\\/centrodeexcelencia.org.br\\\/parcerias-lancadas-para-fortalecer-a-diplomacia-na-transformacao-dos-sistemas-alimentares-e-na-acao-climatica\\\/\"},\"author\":{\"name\":\"Daniela Costa\",\"@id\":\"https:\\\/\\\/centrodeexcelencia.org.br\\\/#\\\/schema\\\/person\\\/2abfac03d877accded957496ee4791fa\"},\"headline\":\"Partnerships\u00a0launched to Strengthen Diplomacy on Food Systems Transformation and Climate Action\u00a0\",\"datePublished\":\"2025-11-25T19:11:50+00:00\",\"dateModified\":\"2025-11-25T19:18:30+00:00\",\"mainEntityOfPage\":{\"@id\":\"https:\\\/\\\/centrodeexcelencia.org.br\\\/parcerias-lancadas-para-fortalecer-a-diplomacia-na-transformacao-dos-sistemas-alimentares-e-na-acao-climatica\\\/\"},\"wordCount\":1167,\"publisher\":{\"@id\":\"https:\\\/\\\/centrodeexcelencia.org.br\\\/#organization\"},\"image\":{\"@id\":\"https:\\\/\\\/centrodeexcelencia.org.br\\\/parcerias-lancadas-para-fortalecer-a-diplomacia-na-transformacao-dos-sistemas-alimentares-e-na-acao-climatica\\\/#primaryimage\"},\"thumbnailUrl\":\"https:\\\/\\\/centrodeexcelencia.org.br\\\/wp-content\\\/uploads\\\/2025\\\/11\\\/WF11051710-Manuel-Lima.jpg\",\"keywords\":[\"A\u00e7\u00e3o de Converg\u00eancia\",\"ACTO\",\"Blueprint\",\"CGSAN\",\"Climate action\",\"Convergence Action\",\"COP30\",\"Instituto Rio Branco\",\"IRBr\",\"OTCA\",\"resili\u00eancia clim\u00e1tica\"],\"articleSection\":[\"News\",\"Partnerships\"],\"inLanguage\":\"en-US\"},{\"@type\":\"WebPage\",\"@id\":\"https:\\\/\\\/centrodeexcelencia.org.br\\\/parcerias-lancadas-para-fortalecer-a-diplomacia-na-transformacao-dos-sistemas-alimentares-e-na-acao-climatica\\\/\",\"url\":\"https:\\\/\\\/centrodeexcelencia.org.br\\\/parcerias-lancadas-para-fortalecer-a-diplomacia-na-transformacao-dos-sistemas-alimentares-e-na-acao-climatica\\\/\",\"name\":\"Partnerships\u00a0launched to Strengthen Diplomacy on Food Systems Transformation and Climate Action\u00a0 - WFP\",\"isPartOf\":{\"@id\":\"https:\\\/\\\/centrodeexcelencia.org.br\\\/#website\"},\"primaryImageOfPage\":{\"@id\":\"https:\\\/\\\/centrodeexcelencia.org.br\\\/parcerias-lancadas-para-fortalecer-a-diplomacia-na-transformacao-dos-sistemas-alimentares-e-na-acao-climatica\\\/#primaryimage\"},\"image\":{\"@id\":\"https:\\\/\\\/centrodeexcelencia.org.br\\\/parcerias-lancadas-para-fortalecer-a-diplomacia-na-transformacao-dos-sistemas-alimentares-e-na-acao-climatica\\\/#primaryimage\"},\"thumbnailUrl\":\"https:\\\/\\\/centrodeexcelencia.org.br\\\/wp-content\\\/uploads\\\/2025\\\/11\\\/WF11051710-Manuel-Lima.jpg\",\"datePublished\":\"2025-11-25T19:11:50+00:00\",\"dateModified\":\"2025-11-25T19:18:30+00:00\",\"breadcrumb\":{\"@id\":\"https:\\\/\\\/centrodeexcelencia.org.br\\\/parcerias-lancadas-para-fortalecer-a-diplomacia-na-transformacao-dos-sistemas-alimentares-e-na-acao-climatica\\\/#breadcrumb\"},\"inLanguage\":\"en-US\",\"potentialAction\":[{\"@type\":\"ReadAction\",\"target\":[\"https:\\\/\\\/centrodeexcelencia.org.br\\\/parcerias-lancadas-para-fortalecer-a-diplomacia-na-transformacao-dos-sistemas-alimentares-e-na-acao-climatica\\\/\"]}]},{\"@type\":\"ImageObject\",\"inLanguage\":\"en-US\",\"@id\":\"https:\\\/\\\/centrodeexcelencia.org.br\\\/parcerias-lancadas-para-fortalecer-a-diplomacia-na-transformacao-dos-sistemas-alimentares-e-na-acao-climatica\\\/#primaryimage\",\"url\":\"https:\\\/\\\/centrodeexcelencia.org.br\\\/wp-content\\\/uploads\\\/2025\\\/11\\\/WF11051710-Manuel-Lima.jpg\",\"contentUrl\":\"https:\\\/\\\/centrodeexcelencia.org.br\\\/wp-content\\\/uploads\\\/2025\\\/11\\\/WF11051710-Manuel-Lima.jpg\",\"width\":1200,\"height\":674,\"caption\":\"\u00a9WFP\\\/Manoel Lima\"},{\"@type\":\"BreadcrumbList\",\"@id\":\"https:\\\/\\\/centrodeexcelencia.org.br\\\/parcerias-lancadas-para-fortalecer-a-diplomacia-na-transformacao-dos-sistemas-alimentares-e-na-acao-climatica\\\/#breadcrumb\",\"itemListElement\":[{\"@type\":\"ListItem\",\"position\":1,\"name\":\"In\u00edcio\",\"item\":\"https:\\\/\\\/centrodeexcelencia.org.br\\\/\"},{\"@type\":\"ListItem\",\"position\":2,\"name\":\"Parcerias lan\u00e7adas para fortalecer a diplomacia na transforma\u00e7\u00e3o dos sistemas alimentares e na a\u00e7\u00e3o clim\u00e1tica\"}]},{\"@type\":\"WebSite\",\"@id\":\"https:\\\/\\\/centrodeexcelencia.org.br\\\/#website\",\"url\":\"https:\\\/\\\/centrodeexcelencia.org.br\\\/\",\"name\":\"WFP\",\"description\":\"Centre of Excellence against Hunger\",\"publisher\":{\"@id\":\"https:\\\/\\\/centrodeexcelencia.org.br\\\/#organization\"},\"potentialAction\":[{\"@type\":\"SearchAction\",\"target\":{\"@type\":\"EntryPoint\",\"urlTemplate\":\"https:\\\/\\\/centrodeexcelencia.org.br\\\/?s={search_term_string}\"},\"query-input\":{\"@type\":\"PropertyValueSpecification\",\"valueRequired\":true,\"valueName\":\"search_term_string\"}}],\"inLanguage\":\"en-US\"},{\"@type\":\"Organization\",\"@id\":\"https:\\\/\\\/centrodeexcelencia.org.br\\\/#organization\",\"name\":\"WFP\",\"url\":\"https:\\\/\\\/centrodeexcelencia.org.br\\\/\",\"logo\":{\"@type\":\"ImageObject\",\"inLanguage\":\"en-US\",\"@id\":\"https:\\\/\\\/centrodeexcelencia.org.br\\\/#\\\/schema\\\/logo\\\/image\\\/\",\"url\":\"https:\\\/\\\/centrodeexcelencia.org.br\\\/wp-content\\\/uploads\\\/2026\\\/01\\\/Sem-titulo-1_Prancheta-1-1.png\",\"contentUrl\":\"https:\\\/\\\/centrodeexcelencia.org.br\\\/wp-content\\\/uploads\\\/2026\\\/01\\\/Sem-titulo-1_Prancheta-1-1.png\",\"width\":259,\"height\":395,\"caption\":\"WFP\"},\"image\":{\"@id\":\"https:\\\/\\\/centrodeexcelencia.org.br\\\/#\\\/schema\\\/logo\\\/image\\\/\"}},{\"@type\":\"Person\",\"@id\":\"https:\\\/\\\/centrodeexcelencia.org.br\\\/#\\\/schema\\\/person\\\/2abfac03d877accded957496ee4791fa\",\"name\":\"Daniela Costa\",\"image\":{\"@type\":\"ImageObject\",\"inLanguage\":\"en-US\",\"@id\":\"https:\\\/\\\/secure.gravatar.com\\\/avatar\\\/f50437f5f9510c75abc5b27c90dd82fe3fd390a88f22c1cdb42cd793b3721f86?s=96&d=mm&r=g\",\"url\":\"https:\\\/\\\/secure.gravatar.com\\\/avatar\\\/f50437f5f9510c75abc5b27c90dd82fe3fd390a88f22c1cdb42cd793b3721f86?s=96&d=mm&r=g\",\"contentUrl\":\"https:\\\/\\\/secure.gravatar.com\\\/avatar\\\/f50437f5f9510c75abc5b27c90dd82fe3fd390a88f22c1cdb42cd793b3721f86?s=96&d=mm&r=g\",\"caption\":\"Daniela Costa\"},\"url\":\"https:\\\/\\\/centrodeexcelencia.org.br\\\/en\\\/author\\\/danielarocha\\\/\"}]}<\/script>\n<!-- \/ Yoast SEO plugin. -->","yoast_head_json":{"title":"Partnerships\u00a0launched to Strengthen Diplomacy on Food Systems Transformation and Climate Action\u00a0 - WFP","robots":{"index":"index","follow":"follow","max-snippet":"max-snippet:-1","max-image-preview":"max-image-preview:large","max-video-preview":"max-video-preview:-1"},"canonical":"https:\/\/centrodeexcelencia.org.br\/parcerias-lancadas-para-fortalecer-a-diplomacia-na-transformacao-dos-sistemas-alimentares-e-na-acao-climatica\/","og_locale":"en_US","og_type":"article","og_title":"Partnerships\u00a0launched to Strengthen Diplomacy on Food Systems Transformation and Climate Action\u00a0 - WFP","og_description":"The Ministry of Foreign Affairs of Brazil, through its General&hellip;  Read more","og_url":"https:\/\/centrodeexcelencia.org.br\/parcerias-lancadas-para-fortalecer-a-diplomacia-na-transformacao-dos-sistemas-alimentares-e-na-acao-climatica\/","og_site_name":"WFP","article_published_time":"2025-11-25T19:11:50+00:00","article_modified_time":"2025-11-25T19:18:30+00:00","og_image":[{"width":1200,"height":674,"url":"https:\/\/centrodeexcelencia.org.br\/wp-content\/uploads\/2025\/11\/WF11051710-Manuel-Lima.jpg","type":"image\/jpeg"}],"author":"Daniela Costa","twitter_card":"summary_large_image","twitter_misc":{"Written by":"Daniela Costa","Est. reading time":"6 minutes"},"schema":{"@context":"https:\/\/schema.org","@graph":[{"@type":"Article","@id":"https:\/\/centrodeexcelencia.org.br\/parcerias-lancadas-para-fortalecer-a-diplomacia-na-transformacao-dos-sistemas-alimentares-e-na-acao-climatica\/#article","isPartOf":{"@id":"https:\/\/centrodeexcelencia.org.br\/parcerias-lancadas-para-fortalecer-a-diplomacia-na-transformacao-dos-sistemas-alimentares-e-na-acao-climatica\/"},"author":{"name":"Daniela Costa","@id":"https:\/\/centrodeexcelencia.org.br\/#\/schema\/person\/2abfac03d877accded957496ee4791fa"},"headline":"Partnerships\u00a0launched to Strengthen Diplomacy on Food Systems Transformation and Climate Action\u00a0","datePublished":"2025-11-25T19:11:50+00:00","dateModified":"2025-11-25T19:18:30+00:00","mainEntityOfPage":{"@id":"https:\/\/centrodeexcelencia.org.br\/parcerias-lancadas-para-fortalecer-a-diplomacia-na-transformacao-dos-sistemas-alimentares-e-na-acao-climatica\/"},"wordCount":1167,"publisher":{"@id":"https:\/\/centrodeexcelencia.org.br\/#organization"},"image":{"@id":"https:\/\/centrodeexcelencia.org.br\/parcerias-lancadas-para-fortalecer-a-diplomacia-na-transformacao-dos-sistemas-alimentares-e-na-acao-climatica\/#primaryimage"},"thumbnailUrl":"https:\/\/centrodeexcelencia.org.br\/wp-content\/uploads\/2025\/11\/WF11051710-Manuel-Lima.jpg","keywords":["A\u00e7\u00e3o de Converg\u00eancia","ACTO","Blueprint","CGSAN","Climate action","Convergence Action","COP30","Instituto Rio Branco","IRBr","OTCA","resili\u00eancia clim\u00e1tica"],"articleSection":["News","Partnerships"],"inLanguage":"en-US"},{"@type":"WebPage","@id":"https:\/\/centrodeexcelencia.org.br\/parcerias-lancadas-para-fortalecer-a-diplomacia-na-transformacao-dos-sistemas-alimentares-e-na-acao-climatica\/","url":"https:\/\/centrodeexcelencia.org.br\/parcerias-lancadas-para-fortalecer-a-diplomacia-na-transformacao-dos-sistemas-alimentares-e-na-acao-climatica\/","name":"Partnerships\u00a0launched to Strengthen Diplomacy on Food Systems Transformation and Climate Action\u00a0 - WFP","isPartOf":{"@id":"https:\/\/centrodeexcelencia.org.br\/#website"},"primaryImageOfPage":{"@id":"https:\/\/centrodeexcelencia.org.br\/parcerias-lancadas-para-fortalecer-a-diplomacia-na-transformacao-dos-sistemas-alimentares-e-na-acao-climatica\/#primaryimage"},"image":{"@id":"https:\/\/centrodeexcelencia.org.br\/parcerias-lancadas-para-fortalecer-a-diplomacia-na-transformacao-dos-sistemas-alimentares-e-na-acao-climatica\/#primaryimage"},"thumbnailUrl":"https:\/\/centrodeexcelencia.org.br\/wp-content\/uploads\/2025\/11\/WF11051710-Manuel-Lima.jpg","datePublished":"2025-11-25T19:11:50+00:00","dateModified":"2025-11-25T19:18:30+00:00","breadcrumb":{"@id":"https:\/\/centrodeexcelencia.org.br\/parcerias-lancadas-para-fortalecer-a-diplomacia-na-transformacao-dos-sistemas-alimentares-e-na-acao-climatica\/#breadcrumb"},"inLanguage":"en-US","potentialAction":[{"@type":"ReadAction","target":["https:\/\/centrodeexcelencia.org.br\/parcerias-lancadas-para-fortalecer-a-diplomacia-na-transformacao-dos-sistemas-alimentares-e-na-acao-climatica\/"]}]},{"@type":"ImageObject","inLanguage":"en-US","@id":"https:\/\/centrodeexcelencia.org.br\/parcerias-lancadas-para-fortalecer-a-diplomacia-na-transformacao-dos-sistemas-alimentares-e-na-acao-climatica\/#primaryimage","url":"https:\/\/centrodeexcelencia.org.br\/wp-content\/uploads\/2025\/11\/WF11051710-Manuel-Lima.jpg","contentUrl":"https:\/\/centrodeexcelencia.org.br\/wp-content\/uploads\/2025\/11\/WF11051710-Manuel-Lima.jpg","width":1200,"height":674,"caption":"\u00a9WFP\/Manoel Lima"},{"@type":"BreadcrumbList","@id":"https:\/\/centrodeexcelencia.org.br\/parcerias-lancadas-para-fortalecer-a-diplomacia-na-transformacao-dos-sistemas-alimentares-e-na-acao-climatica\/#breadcrumb","itemListElement":[{"@type":"ListItem","position":1,"name":"In\u00edcio","item":"https:\/\/centrodeexcelencia.org.br\/"},{"@type":"ListItem","position":2,"name":"Parcerias lan\u00e7adas para fortalecer a diplomacia na transforma\u00e7\u00e3o dos sistemas alimentares e na a\u00e7\u00e3o clim\u00e1tica"}]},{"@type":"WebSite","@id":"https:\/\/centrodeexcelencia.org.br\/#website","url":"https:\/\/centrodeexcelencia.org.br\/","name":"WFP","description":"Centre of Excellence against Hunger","publisher":{"@id":"https:\/\/centrodeexcelencia.org.br\/#organization"},"potentialAction":[{"@type":"SearchAction","target":{"@type":"EntryPoint","urlTemplate":"https:\/\/centrodeexcelencia.org.br\/?s={search_term_string}"},"query-input":{"@type":"PropertyValueSpecification","valueRequired":true,"valueName":"search_term_string"}}],"inLanguage":"en-US"},{"@type":"Organization","@id":"https:\/\/centrodeexcelencia.org.br\/#organization","name":"WFP","url":"https:\/\/centrodeexcelencia.org.br\/","logo":{"@type":"ImageObject","inLanguage":"en-US","@id":"https:\/\/centrodeexcelencia.org.br\/#\/schema\/logo\/image\/","url":"https:\/\/centrodeexcelencia.org.br\/wp-content\/uploads\/2026\/01\/Sem-titulo-1_Prancheta-1-1.png","contentUrl":"https:\/\/centrodeexcelencia.org.br\/wp-content\/uploads\/2026\/01\/Sem-titulo-1_Prancheta-1-1.png","width":259,"height":395,"caption":"WFP"},"image":{"@id":"https:\/\/centrodeexcelencia.org.br\/#\/schema\/logo\/image\/"}},{"@type":"Person","@id":"https:\/\/centrodeexcelencia.org.br\/#\/schema\/person\/2abfac03d877accded957496ee4791fa","name":"Daniela Costa","image":{"@type":"ImageObject","inLanguage":"en-US","@id":"https:\/\/secure.gravatar.com\/avatar\/f50437f5f9510c75abc5b27c90dd82fe3fd390a88f22c1cdb42cd793b3721f86?s=96&d=mm&r=g","url":"https:\/\/secure.gravatar.com\/avatar\/f50437f5f9510c75abc5b27c90dd82fe3fd390a88f22c1cdb42cd793b3721f86?s=96&d=mm&r=g","contentUrl":"https:\/\/secure.gravatar.com\/avatar\/f50437f5f9510c75abc5b27c90dd82fe3fd390a88f22c1cdb42cd793b3721f86?s=96&d=mm&r=g","caption":"Daniela Costa"},"url":"https:\/\/centrodeexcelencia.org.br\/en\/author\/danielarocha\/"}]}},"_links":{"self":[{"href":"https:\/\/centrodeexcelencia.org.br\/en\/wp-json\/wp\/v2\/posts\/29716","targetHints":{"allow":["GET"]}}],"collection":[{"href":"https:\/\/centrodeexcelencia.org.br\/en\/wp-json\/wp\/v2\/posts"}],"about":[{"href":"https:\/\/centrodeexcelencia.org.br\/en\/wp-json\/wp\/v2\/types\/post"}],"author":[{"embeddable":true,"href":"https:\/\/centrodeexcelencia.org.br\/en\/wp-json\/wp\/v2\/users\/197"}],"replies":[{"embeddable":true,"href":"https:\/\/centrodeexcelencia.org.br\/en\/wp-json\/wp\/v2\/comments?post=29716"}],"version-history":[{"count":0,"href":"https:\/\/centrodeexcelencia.org.br\/en\/wp-json\/wp\/v2\/posts\/29716\/revisions"}],"wp:featuredmedia":[{"embeddable":true,"href":"https:\/\/centrodeexcelencia.org.br\/en\/wp-json\/wp\/v2\/media\/29717"}],"wp:attachment":[{"href":"https:\/\/centrodeexcelencia.org.br\/en\/wp-json\/wp\/v2\/media?parent=29716"}],"wp:term":[{"taxonomy":"category","embeddable":true,"href":"https:\/\/centrodeexcelencia.org.br\/en\/wp-json\/wp\/v2\/categories?post=29716"},{"taxonomy":"post_tag","embeddable":true,"href":"https:\/\/centrodeexcelencia.org.br\/en\/wp-json\/wp\/v2\/tags?post=29716"}],"curies":[{"name":"wp","href":"https:\/\/api.w.org\/{rel}","templated":true}]}}