{"id":30189,"date":"2026-03-30T19:12:49","date_gmt":"2026-03-30T22:12:49","guid":{"rendered":"https:\/\/centrodeexcelencia.org.br\/?p=30189"},"modified":"2026-03-30T19:12:49","modified_gmt":"2026-03-30T22:12:49","slug":"dia-nacional-da-saude-e-nutricao-lembra-a-importancia-de-acesso-a-alimentacao-saudavel-e-nutritiva","status":"publish","type":"post","link":"https:\/\/centrodeexcelencia.org.br\/en\/dia-nacional-da-saude-e-nutricao-lembra-a-importancia-de-acesso-a-alimentacao-saudavel-e-nutritiva\/","title":{"rendered":"National Health and Nutrition Day highlights the importance of access to healthy and nutritious food"},"content":{"rendered":"<p><figure id=\"attachment_30190\" aria-describedby=\"caption-attachment-30190\" style=\"width: 2560px\" class=\"wp-caption alignnone\"><img fetchpriority=\"high\" decoding=\"async\" class=\"size-full wp-image-30190\" src=\"https:\/\/centrodeexcelencia.org.br\/wp-content\/uploads\/2026\/03\/Alimentos-in-natura-por-Daniela-Rocha-1-scaled-e1774908583220.jpeg\" alt=\"\" width=\"2560\" height=\"1515\" srcset=\"https:\/\/centrodeexcelencia.org.br\/wp-content\/uploads\/2026\/03\/Alimentos-in-natura-por-Daniela-Rocha-1-scaled-e1774908583220.jpeg 2560w, https:\/\/centrodeexcelencia.org.br\/wp-content\/uploads\/2026\/03\/Alimentos-in-natura-por-Daniela-Rocha-1-scaled-e1774908583220-300x178.jpeg 300w, https:\/\/centrodeexcelencia.org.br\/wp-content\/uploads\/2026\/03\/Alimentos-in-natura-por-Daniela-Rocha-1-scaled-e1774908583220-1024x606.jpeg 1024w, https:\/\/centrodeexcelencia.org.br\/wp-content\/uploads\/2026\/03\/Alimentos-in-natura-por-Daniela-Rocha-1-scaled-e1774908583220-768x455.jpeg 768w, https:\/\/centrodeexcelencia.org.br\/wp-content\/uploads\/2026\/03\/Alimentos-in-natura-por-Daniela-Rocha-1-scaled-e1774908583220-1536x909.jpeg 1536w, https:\/\/centrodeexcelencia.org.br\/wp-content\/uploads\/2026\/03\/Alimentos-in-natura-por-Daniela-Rocha-1-scaled-e1774908583220-2048x1212.jpeg 2048w, https:\/\/centrodeexcelencia.org.br\/wp-content\/uploads\/2026\/03\/Alimentos-in-natura-por-Daniela-Rocha-1-scaled-e1774908583220-600x355.jpeg 600w\" sizes=\"(max-width: 2560px) 100vw, 2560px\" \/><figcaption id=\"caption-attachment-30190\" class=\"wp-caption-text\">\u00a9WFP\/Daniela Rocha<\/figcaption><\/figure><\/p>\n<p>National Health and Nutrition Day, celebrated on 31 March, emphasises the importance of understanding how diet directly influences the physical, emotional and social health of everyone. A balanced diet, consisting of fruit, vegetables, legumes, healthy fats and whole grains, can significantly reduce the risk of conditions such as diabetes, cardiovascular disease and other chronic non-communicable diseases.<\/p>\n<p>Diet also has a direct influence on mood, anxiety and the risk of depression. Diets rich in B vitamins, omega-3, minerals such as magnesium and zinc, and whole foods improve emotional well-being and reduce symptoms of psychological disorders.<\/p>\n<p><strong>Challenge<\/strong><\/p>\n<p>Brazil still faces the multiple burden of poor nutrition, a phenomenon linked to unequal access to healthy foods, the food environment and the rapid changes in consumption patterns over recent decades, which result in micronutrient deficiencies and overweight.<\/p>\n<p>\u201cThis is not merely the result of individual choices, but of a food environment that facilitates access to ultra-processed products and hinders the consumption of natural and traditional foods,\u201d says nutritionist Eliene Sousa, from the WFP Centre of Excellence against Hunger in Brazil.<\/p>\n<p>To tackle this situation, in addition to promoting public policies based on the Dietary Guidelines for the Brazilian Population, she stresses that it is essential to foster food environments that encourage the consumption of fresh produce and reduce the availability and consumption of ultra-processed foods. \u201cHealthy eating is not just a personal choice, but a public health tool and a right for everyone,\u201d concludes Eliene.<\/p>\n<p>Find out more about the <a href=\"https:\/\/centrodeexcelencia.org.br\/publicacao-33\/\">Multiple Burden of Malnutrition<\/a> (available in Portuguese and Spanish).<\/p>\n<p>&nbsp;<\/p>","protected":false},"excerpt":{"rendered":"<p>National Health and Nutrition Day, celebrated on 31 March, emphasises&hellip;<\/p>\n<p> <a class=\"more-link\" href=\"https:\/\/centrodeexcelencia.org.br\/en\/dia-nacional-da-saude-e-nutricao-lembra-a-importancia-de-acesso-a-alimentacao-saudavel-e-nutritiva\/\">Read more<\/a><\/p>\n","protected":false},"author":197,"featured_media":30190,"comment_status":"closed","ping_status":"closed","sticky":false,"template":"","format":"standard","meta":{"_monsterinsights_skip_tracking":false,"_monsterinsights_sitenote_active":false,"_monsterinsights_sitenote_note":"","_monsterinsights_sitenote_category":0,"footnotes":""},"categories":[188,187],"tags":[],"class_list":{"0":"post-30189","1":"post","2":"type-post","3":"status-publish","4":"format-standard","5":"has-post-thumbnail","7":"category-geral-noticias","8":"category-noticias"},"yoast_head":"<!-- This site is optimized with the Yoast SEO plugin v27.3 - https:\/\/yoast.com\/product\/yoast-seo-wordpress\/ -->\n<title>National Health and Nutrition Day highlights the importance of access to healthy and nutritious food - WFP<\/title>\n<meta name=\"robots\" content=\"index, follow, max-snippet:-1, max-image-preview:large, max-video-preview:-1\" \/>\n<link rel=\"canonical\" href=\"https:\/\/centrodeexcelencia.org.br\/dia-nacional-da-saude-e-nutricao-lembra-a-importancia-de-acesso-a-alimentacao-saudavel-e-nutritiva\/\" \/>\n<meta property=\"og:locale\" content=\"en_US\" \/>\n<meta property=\"og:type\" content=\"article\" \/>\n<meta property=\"og:title\" content=\"National Health and Nutrition Day highlights the importance of access to healthy and nutritious food - WFP\" \/>\n<meta property=\"og:description\" content=\"National Health and Nutrition Day, celebrated on 31 March, emphasises&hellip;  Read more\" \/>\n<meta property=\"og:url\" content=\"https:\/\/centrodeexcelencia.org.br\/dia-nacional-da-saude-e-nutricao-lembra-a-importancia-de-acesso-a-alimentacao-saudavel-e-nutritiva\/\" \/>\n<meta property=\"og:site_name\" content=\"WFP\" \/>\n<meta property=\"article:published_time\" content=\"2026-03-30T22:12:49+00:00\" \/>\n<meta property=\"og:image\" content=\"https:\/\/centrodeexcelencia.org.br\/wp-content\/uploads\/2026\/03\/Alimentos-in-natura-por-Daniela-Rocha-1-scaled-e1774908583220.jpeg\" \/>\n\t<meta property=\"og:image:width\" content=\"2560\" \/>\n\t<meta property=\"og:image:height\" content=\"1515\" \/>\n\t<meta property=\"og:image:type\" content=\"image\/jpeg\" \/>\n<meta name=\"author\" content=\"Daniela Costa\" \/>\n<meta name=\"twitter:card\" content=\"summary_large_image\" \/>\n<meta name=\"twitter:label1\" content=\"Written by\" \/>\n\t<meta name=\"twitter:data1\" content=\"Daniela Costa\" \/>\n\t<meta name=\"twitter:label2\" content=\"Est. reading time\" \/>\n\t<meta name=\"twitter:data2\" content=\"2 minutes\" \/>\n<script type=\"application\/ld+json\" class=\"yoast-schema-graph\">{\"@context\":\"https:\\\/\\\/schema.org\",\"@graph\":[{\"@type\":\"Article\",\"@id\":\"https:\\\/\\\/centrodeexcelencia.org.br\\\/dia-nacional-da-saude-e-nutricao-lembra-a-importancia-de-acesso-a-alimentacao-saudavel-e-nutritiva\\\/#article\",\"isPartOf\":{\"@id\":\"https:\\\/\\\/centrodeexcelencia.org.br\\\/dia-nacional-da-saude-e-nutricao-lembra-a-importancia-de-acesso-a-alimentacao-saudavel-e-nutritiva\\\/\"},\"author\":{\"name\":\"Daniela Costa\",\"@id\":\"https:\\\/\\\/centrodeexcelencia.org.br\\\/#\\\/schema\\\/person\\\/2abfac03d877accded957496ee4791fa\"},\"headline\":\"National Health and Nutrition Day highlights the importance of access to healthy and nutritious food\",\"datePublished\":\"2026-03-30T22:12:49+00:00\",\"mainEntityOfPage\":{\"@id\":\"https:\\\/\\\/centrodeexcelencia.org.br\\\/dia-nacional-da-saude-e-nutricao-lembra-a-importancia-de-acesso-a-alimentacao-saudavel-e-nutritiva\\\/\"},\"wordCount\":622,\"publisher\":{\"@id\":\"https:\\\/\\\/centrodeexcelencia.org.br\\\/#organization\"},\"image\":{\"@id\":\"https:\\\/\\\/centrodeexcelencia.org.br\\\/dia-nacional-da-saude-e-nutricao-lembra-a-importancia-de-acesso-a-alimentacao-saudavel-e-nutritiva\\\/#primaryimage\"},\"thumbnailUrl\":\"https:\\\/\\\/centrodeexcelencia.org.br\\\/wp-content\\\/uploads\\\/2026\\\/03\\\/Alimentos-in-natura-por-Daniela-Rocha-1-scaled-e1774908583220.jpeg\",\"articleSection\":[\"General\",\"News\"],\"inLanguage\":\"en-US\"},{\"@type\":\"WebPage\",\"@id\":\"https:\\\/\\\/centrodeexcelencia.org.br\\\/dia-nacional-da-saude-e-nutricao-lembra-a-importancia-de-acesso-a-alimentacao-saudavel-e-nutritiva\\\/\",\"url\":\"https:\\\/\\\/centrodeexcelencia.org.br\\\/dia-nacional-da-saude-e-nutricao-lembra-a-importancia-de-acesso-a-alimentacao-saudavel-e-nutritiva\\\/\",\"name\":\"National Health and Nutrition Day highlights the importance of access to healthy and nutritious food - WFP\",\"isPartOf\":{\"@id\":\"https:\\\/\\\/centrodeexcelencia.org.br\\\/#website\"},\"primaryImageOfPage\":{\"@id\":\"https:\\\/\\\/centrodeexcelencia.org.br\\\/dia-nacional-da-saude-e-nutricao-lembra-a-importancia-de-acesso-a-alimentacao-saudavel-e-nutritiva\\\/#primaryimage\"},\"image\":{\"@id\":\"https:\\\/\\\/centrodeexcelencia.org.br\\\/dia-nacional-da-saude-e-nutricao-lembra-a-importancia-de-acesso-a-alimentacao-saudavel-e-nutritiva\\\/#primaryimage\"},\"thumbnailUrl\":\"https:\\\/\\\/centrodeexcelencia.org.br\\\/wp-content\\\/uploads\\\/2026\\\/03\\\/Alimentos-in-natura-por-Daniela-Rocha-1-scaled-e1774908583220.jpeg\",\"datePublished\":\"2026-03-30T22:12:49+00:00\",\"breadcrumb\":{\"@id\":\"https:\\\/\\\/centrodeexcelencia.org.br\\\/dia-nacional-da-saude-e-nutricao-lembra-a-importancia-de-acesso-a-alimentacao-saudavel-e-nutritiva\\\/#breadcrumb\"},\"inLanguage\":\"en-US\",\"potentialAction\":[{\"@type\":\"ReadAction\",\"target\":[\"https:\\\/\\\/centrodeexcelencia.org.br\\\/dia-nacional-da-saude-e-nutricao-lembra-a-importancia-de-acesso-a-alimentacao-saudavel-e-nutritiva\\\/\"]}]},{\"@type\":\"ImageObject\",\"inLanguage\":\"en-US\",\"@id\":\"https:\\\/\\\/centrodeexcelencia.org.br\\\/dia-nacional-da-saude-e-nutricao-lembra-a-importancia-de-acesso-a-alimentacao-saudavel-e-nutritiva\\\/#primaryimage\",\"url\":\"https:\\\/\\\/centrodeexcelencia.org.br\\\/wp-content\\\/uploads\\\/2026\\\/03\\\/Alimentos-in-natura-por-Daniela-Rocha-1-scaled-e1774908583220.jpeg\",\"contentUrl\":\"https:\\\/\\\/centrodeexcelencia.org.br\\\/wp-content\\\/uploads\\\/2026\\\/03\\\/Alimentos-in-natura-por-Daniela-Rocha-1-scaled-e1774908583220.jpeg\",\"width\":2560,\"height\":1515,\"caption\":\"\u00a9WFP\\\/Daniela Rocha\"},{\"@type\":\"BreadcrumbList\",\"@id\":\"https:\\\/\\\/centrodeexcelencia.org.br\\\/dia-nacional-da-saude-e-nutricao-lembra-a-importancia-de-acesso-a-alimentacao-saudavel-e-nutritiva\\\/#breadcrumb\",\"itemListElement\":[{\"@type\":\"ListItem\",\"position\":1,\"name\":\"In\u00edcio\",\"item\":\"https:\\\/\\\/centrodeexcelencia.org.br\\\/\"},{\"@type\":\"ListItem\",\"position\":2,\"name\":\"Dia Nacional da Sa\u00fade e Nutri\u00e7\u00e3o lembra a import\u00e2ncia de acesso \u00e0 alimenta\u00e7\u00e3o saud\u00e1vel e nutritiva\"}]},{\"@type\":\"WebSite\",\"@id\":\"https:\\\/\\\/centrodeexcelencia.org.br\\\/#website\",\"url\":\"https:\\\/\\\/centrodeexcelencia.org.br\\\/\",\"name\":\"WFP\",\"description\":\"Centre of Excellence against Hunger\",\"publisher\":{\"@id\":\"https:\\\/\\\/centrodeexcelencia.org.br\\\/#organization\"},\"potentialAction\":[{\"@type\":\"SearchAction\",\"target\":{\"@type\":\"EntryPoint\",\"urlTemplate\":\"https:\\\/\\\/centrodeexcelencia.org.br\\\/?s={search_term_string}\"},\"query-input\":{\"@type\":\"PropertyValueSpecification\",\"valueRequired\":true,\"valueName\":\"search_term_string\"}}],\"inLanguage\":\"en-US\"},{\"@type\":\"Organization\",\"@id\":\"https:\\\/\\\/centrodeexcelencia.org.br\\\/#organization\",\"name\":\"WFP\",\"url\":\"https:\\\/\\\/centrodeexcelencia.org.br\\\/\",\"logo\":{\"@type\":\"ImageObject\",\"inLanguage\":\"en-US\",\"@id\":\"https:\\\/\\\/centrodeexcelencia.org.br\\\/#\\\/schema\\\/logo\\\/image\\\/\",\"url\":\"https:\\\/\\\/centrodeexcelencia.org.br\\\/wp-content\\\/uploads\\\/2026\\\/01\\\/Sem-titulo-1_Prancheta-1-1.png\",\"contentUrl\":\"https:\\\/\\\/centrodeexcelencia.org.br\\\/wp-content\\\/uploads\\\/2026\\\/01\\\/Sem-titulo-1_Prancheta-1-1.png\",\"width\":259,\"height\":395,\"caption\":\"WFP\"},\"image\":{\"@id\":\"https:\\\/\\\/centrodeexcelencia.org.br\\\/#\\\/schema\\\/logo\\\/image\\\/\"}},{\"@type\":\"Person\",\"@id\":\"https:\\\/\\\/centrodeexcelencia.org.br\\\/#\\\/schema\\\/person\\\/2abfac03d877accded957496ee4791fa\",\"name\":\"Daniela Costa\",\"image\":{\"@type\":\"ImageObject\",\"inLanguage\":\"en-US\",\"@id\":\"https:\\\/\\\/secure.gravatar.com\\\/avatar\\\/f50437f5f9510c75abc5b27c90dd82fe3fd390a88f22c1cdb42cd793b3721f86?s=96&d=mm&r=g\",\"url\":\"https:\\\/\\\/secure.gravatar.com\\\/avatar\\\/f50437f5f9510c75abc5b27c90dd82fe3fd390a88f22c1cdb42cd793b3721f86?s=96&d=mm&r=g\",\"contentUrl\":\"https:\\\/\\\/secure.gravatar.com\\\/avatar\\\/f50437f5f9510c75abc5b27c90dd82fe3fd390a88f22c1cdb42cd793b3721f86?s=96&d=mm&r=g\",\"caption\":\"Daniela Costa\"},\"url\":\"https:\\\/\\\/centrodeexcelencia.org.br\\\/en\\\/author\\\/danielarocha\\\/\"}]}<\/script>\n<!-- \/ Yoast SEO plugin. -->","yoast_head_json":{"title":"National Health and Nutrition Day highlights the importance of access to healthy and nutritious food - WFP","robots":{"index":"index","follow":"follow","max-snippet":"max-snippet:-1","max-image-preview":"max-image-preview:large","max-video-preview":"max-video-preview:-1"},"canonical":"https:\/\/centrodeexcelencia.org.br\/dia-nacional-da-saude-e-nutricao-lembra-a-importancia-de-acesso-a-alimentacao-saudavel-e-nutritiva\/","og_locale":"en_US","og_type":"article","og_title":"National Health and Nutrition Day highlights the importance of access to healthy and nutritious food - WFP","og_description":"National Health and Nutrition Day, celebrated on 31 March, emphasises&hellip;  Read more","og_url":"https:\/\/centrodeexcelencia.org.br\/dia-nacional-da-saude-e-nutricao-lembra-a-importancia-de-acesso-a-alimentacao-saudavel-e-nutritiva\/","og_site_name":"WFP","article_published_time":"2026-03-30T22:12:49+00:00","og_image":[{"width":2560,"height":1515,"url":"https:\/\/centrodeexcelencia.org.br\/wp-content\/uploads\/2026\/03\/Alimentos-in-natura-por-Daniela-Rocha-1-scaled-e1774908583220.jpeg","type":"image\/jpeg"}],"author":"Daniela Costa","twitter_card":"summary_large_image","twitter_misc":{"Written by":"Daniela Costa","Est. reading time":"2 minutes"},"schema":{"@context":"https:\/\/schema.org","@graph":[{"@type":"Article","@id":"https:\/\/centrodeexcelencia.org.br\/dia-nacional-da-saude-e-nutricao-lembra-a-importancia-de-acesso-a-alimentacao-saudavel-e-nutritiva\/#article","isPartOf":{"@id":"https:\/\/centrodeexcelencia.org.br\/dia-nacional-da-saude-e-nutricao-lembra-a-importancia-de-acesso-a-alimentacao-saudavel-e-nutritiva\/"},"author":{"name":"Daniela Costa","@id":"https:\/\/centrodeexcelencia.org.br\/#\/schema\/person\/2abfac03d877accded957496ee4791fa"},"headline":"National Health and Nutrition Day highlights the importance of access to healthy and nutritious food","datePublished":"2026-03-30T22:12:49+00:00","mainEntityOfPage":{"@id":"https:\/\/centrodeexcelencia.org.br\/dia-nacional-da-saude-e-nutricao-lembra-a-importancia-de-acesso-a-alimentacao-saudavel-e-nutritiva\/"},"wordCount":622,"publisher":{"@id":"https:\/\/centrodeexcelencia.org.br\/#organization"},"image":{"@id":"https:\/\/centrodeexcelencia.org.br\/dia-nacional-da-saude-e-nutricao-lembra-a-importancia-de-acesso-a-alimentacao-saudavel-e-nutritiva\/#primaryimage"},"thumbnailUrl":"https:\/\/centrodeexcelencia.org.br\/wp-content\/uploads\/2026\/03\/Alimentos-in-natura-por-Daniela-Rocha-1-scaled-e1774908583220.jpeg","articleSection":["General","News"],"inLanguage":"en-US"},{"@type":"WebPage","@id":"https:\/\/centrodeexcelencia.org.br\/dia-nacional-da-saude-e-nutricao-lembra-a-importancia-de-acesso-a-alimentacao-saudavel-e-nutritiva\/","url":"https:\/\/centrodeexcelencia.org.br\/dia-nacional-da-saude-e-nutricao-lembra-a-importancia-de-acesso-a-alimentacao-saudavel-e-nutritiva\/","name":"National Health and Nutrition Day highlights the importance of access to healthy and nutritious food - WFP","isPartOf":{"@id":"https:\/\/centrodeexcelencia.org.br\/#website"},"primaryImageOfPage":{"@id":"https:\/\/centrodeexcelencia.org.br\/dia-nacional-da-saude-e-nutricao-lembra-a-importancia-de-acesso-a-alimentacao-saudavel-e-nutritiva\/#primaryimage"},"image":{"@id":"https:\/\/centrodeexcelencia.org.br\/dia-nacional-da-saude-e-nutricao-lembra-a-importancia-de-acesso-a-alimentacao-saudavel-e-nutritiva\/#primaryimage"},"thumbnailUrl":"https:\/\/centrodeexcelencia.org.br\/wp-content\/uploads\/2026\/03\/Alimentos-in-natura-por-Daniela-Rocha-1-scaled-e1774908583220.jpeg","datePublished":"2026-03-30T22:12:49+00:00","breadcrumb":{"@id":"https:\/\/centrodeexcelencia.org.br\/dia-nacional-da-saude-e-nutricao-lembra-a-importancia-de-acesso-a-alimentacao-saudavel-e-nutritiva\/#breadcrumb"},"inLanguage":"en-US","potentialAction":[{"@type":"ReadAction","target":["https:\/\/centrodeexcelencia.org.br\/dia-nacional-da-saude-e-nutricao-lembra-a-importancia-de-acesso-a-alimentacao-saudavel-e-nutritiva\/"]}]},{"@type":"ImageObject","inLanguage":"en-US","@id":"https:\/\/centrodeexcelencia.org.br\/dia-nacional-da-saude-e-nutricao-lembra-a-importancia-de-acesso-a-alimentacao-saudavel-e-nutritiva\/#primaryimage","url":"https:\/\/centrodeexcelencia.org.br\/wp-content\/uploads\/2026\/03\/Alimentos-in-natura-por-Daniela-Rocha-1-scaled-e1774908583220.jpeg","contentUrl":"https:\/\/centrodeexcelencia.org.br\/wp-content\/uploads\/2026\/03\/Alimentos-in-natura-por-Daniela-Rocha-1-scaled-e1774908583220.jpeg","width":2560,"height":1515,"caption":"\u00a9WFP\/Daniela Rocha"},{"@type":"BreadcrumbList","@id":"https:\/\/centrodeexcelencia.org.br\/dia-nacional-da-saude-e-nutricao-lembra-a-importancia-de-acesso-a-alimentacao-saudavel-e-nutritiva\/#breadcrumb","itemListElement":[{"@type":"ListItem","position":1,"name":"In\u00edcio","item":"https:\/\/centrodeexcelencia.org.br\/"},{"@type":"ListItem","position":2,"name":"Dia Nacional da Sa\u00fade e Nutri\u00e7\u00e3o lembra a import\u00e2ncia de acesso \u00e0 alimenta\u00e7\u00e3o saud\u00e1vel e nutritiva"}]},{"@type":"WebSite","@id":"https:\/\/centrodeexcelencia.org.br\/#website","url":"https:\/\/centrodeexcelencia.org.br\/","name":"WFP","description":"Centre of Excellence against Hunger","publisher":{"@id":"https:\/\/centrodeexcelencia.org.br\/#organization"},"potentialAction":[{"@type":"SearchAction","target":{"@type":"EntryPoint","urlTemplate":"https:\/\/centrodeexcelencia.org.br\/?s={search_term_string}"},"query-input":{"@type":"PropertyValueSpecification","valueRequired":true,"valueName":"search_term_string"}}],"inLanguage":"en-US"},{"@type":"Organization","@id":"https:\/\/centrodeexcelencia.org.br\/#organization","name":"WFP","url":"https:\/\/centrodeexcelencia.org.br\/","logo":{"@type":"ImageObject","inLanguage":"en-US","@id":"https:\/\/centrodeexcelencia.org.br\/#\/schema\/logo\/image\/","url":"https:\/\/centrodeexcelencia.org.br\/wp-content\/uploads\/2026\/01\/Sem-titulo-1_Prancheta-1-1.png","contentUrl":"https:\/\/centrodeexcelencia.org.br\/wp-content\/uploads\/2026\/01\/Sem-titulo-1_Prancheta-1-1.png","width":259,"height":395,"caption":"WFP"},"image":{"@id":"https:\/\/centrodeexcelencia.org.br\/#\/schema\/logo\/image\/"}},{"@type":"Person","@id":"https:\/\/centrodeexcelencia.org.br\/#\/schema\/person\/2abfac03d877accded957496ee4791fa","name":"Daniela Costa","image":{"@type":"ImageObject","inLanguage":"en-US","@id":"https:\/\/secure.gravatar.com\/avatar\/f50437f5f9510c75abc5b27c90dd82fe3fd390a88f22c1cdb42cd793b3721f86?s=96&d=mm&r=g","url":"https:\/\/secure.gravatar.com\/avatar\/f50437f5f9510c75abc5b27c90dd82fe3fd390a88f22c1cdb42cd793b3721f86?s=96&d=mm&r=g","contentUrl":"https:\/\/secure.gravatar.com\/avatar\/f50437f5f9510c75abc5b27c90dd82fe3fd390a88f22c1cdb42cd793b3721f86?s=96&d=mm&r=g","caption":"Daniela Costa"},"url":"https:\/\/centrodeexcelencia.org.br\/en\/author\/danielarocha\/"}]}},"_links":{"self":[{"href":"https:\/\/centrodeexcelencia.org.br\/en\/wp-json\/wp\/v2\/posts\/30189","targetHints":{"allow":["GET"]}}],"collection":[{"href":"https:\/\/centrodeexcelencia.org.br\/en\/wp-json\/wp\/v2\/posts"}],"about":[{"href":"https:\/\/centrodeexcelencia.org.br\/en\/wp-json\/wp\/v2\/types\/post"}],"author":[{"embeddable":true,"href":"https:\/\/centrodeexcelencia.org.br\/en\/wp-json\/wp\/v2\/users\/197"}],"replies":[{"embeddable":true,"href":"https:\/\/centrodeexcelencia.org.br\/en\/wp-json\/wp\/v2\/comments?post=30189"}],"version-history":[{"count":2,"href":"https:\/\/centrodeexcelencia.org.br\/en\/wp-json\/wp\/v2\/posts\/30189\/revisions"}],"predecessor-version":[{"id":30193,"href":"https:\/\/centrodeexcelencia.org.br\/en\/wp-json\/wp\/v2\/posts\/30189\/revisions\/30193"}],"wp:featuredmedia":[{"embeddable":true,"href":"https:\/\/centrodeexcelencia.org.br\/en\/wp-json\/wp\/v2\/media\/30190"}],"wp:attachment":[{"href":"https:\/\/centrodeexcelencia.org.br\/en\/wp-json\/wp\/v2\/media?parent=30189"}],"wp:term":[{"taxonomy":"category","embeddable":true,"href":"https:\/\/centrodeexcelencia.org.br\/en\/wp-json\/wp\/v2\/categories?post=30189"},{"taxonomy":"post_tag","embeddable":true,"href":"https:\/\/centrodeexcelencia.org.br\/en\/wp-json\/wp\/v2\/tags?post=30189"}],"curies":[{"name":"wp","href":"https:\/\/api.w.org\/{rel}","templated":true}]}}