{"id":30240,"date":"2026-04-28T11:26:36","date_gmt":"2026-04-28T14:26:36","guid":{"rendered":"https:\/\/centrodeexcelencia.org.br\/?p=30240"},"modified":"2026-04-28T11:26:36","modified_gmt":"2026-04-28T14:26:36","slug":"centro-de-excelencia-debate-sistemas-alimentares-urbanos-sustentaveis-no-festival-cidade-do-futuro","status":"publish","type":"post","link":"https:\/\/centrodeexcelencia.org.br\/en\/centro-de-excelencia-debate-sistemas-alimentares-urbanos-sustentaveis-no-festival-cidade-do-futuro\/","title":{"rendered":"Centre of Excellence discusses sustainable urban food systems at the City of the Future Festival"},"content":{"rendered":"<p><figure id=\"attachment_30244\" aria-describedby=\"caption-attachment-30244\" style=\"width: 2560px\" class=\"wp-caption alignnone\"><img fetchpriority=\"high\" decoding=\"async\" class=\"size-full wp-image-30244\" src=\"https:\/\/centrodeexcelencia.org.br\/wp-content\/uploads\/2026\/04\/IMG_0345-3-scaled.jpeg\" alt=\"\" width=\"2560\" height=\"1920\" srcset=\"https:\/\/centrodeexcelencia.org.br\/wp-content\/uploads\/2026\/04\/IMG_0345-3-scaled.jpeg 2560w, https:\/\/centrodeexcelencia.org.br\/wp-content\/uploads\/2026\/04\/IMG_0345-3-300x225.jpeg 300w, https:\/\/centrodeexcelencia.org.br\/wp-content\/uploads\/2026\/04\/IMG_0345-3-1024x768.jpeg 1024w, https:\/\/centrodeexcelencia.org.br\/wp-content\/uploads\/2026\/04\/IMG_0345-3-768x576.jpeg 768w, https:\/\/centrodeexcelencia.org.br\/wp-content\/uploads\/2026\/04\/IMG_0345-3-1536x1152.jpeg 1536w, https:\/\/centrodeexcelencia.org.br\/wp-content\/uploads\/2026\/04\/IMG_0345-3-2048x1536.jpeg 2048w, https:\/\/centrodeexcelencia.org.br\/wp-content\/uploads\/2026\/04\/IMG_0345-3-600x450.jpeg 600w\" sizes=\"(max-width: 2560px) 100vw, 2560px\" \/><figcaption id=\"caption-attachment-30244\" class=\"wp-caption-text\"><em>WFP\/ Daniela Rocha<\/em><\/figcaption><\/figure><\/p>\n<p><span data-contrast=\"auto\">Building healthier, more\u00a0sustainable\u00a0and inclusive urban food systems was at the\u00a0centre\u00a0of the debate promoted by the\u00a0City\u00a0of the Future Festival, held on April\u00a025th\u00a0in S\u00e3o Paulo.\u00a0Representing\u00a0the WFP Centre of Excellence\u00a0against Hunger\u00a0in Brazil, Project Coordinator Eliene Sousa took part in the Special Session\u00a0<\/span><i><span data-contrast=\"auto\">\u201cCities That Feed: Urban Systems and Territory\u201d<\/span><\/i><span data-contrast=\"auto\">.<\/span><span data-ccp-props=\"{&quot;134233117&quot;:false,&quot;134233118&quot;:false,&quot;201341983&quot;:0,&quot;335551550&quot;:0,&quot;335551620&quot;:0,&quot;335559738&quot;:210,&quot;335559739&quot;:210,&quot;335559740&quot;:300}\">\u00a0<\/span><\/p>\n<p><span data-contrast=\"auto\">In opening the session, Eliene presented the work of WFP and the Centre of Excellence in supporting governments and partners to strengthen public policies aimed at fairer, more resilient food systems aligned with sustainable development, with a particular focus on urban contexts.<\/span><span data-ccp-props=\"{&quot;134233117&quot;:false,&quot;134233118&quot;:false,&quot;201341983&quot;:0,&quot;335551550&quot;:0,&quot;335551620&quot;:0,&quot;335559738&quot;:210,&quot;335559739&quot;:210,&quot;335559740&quot;:300}\">\u00a0<\/span><\/p>\n<p><span data-contrast=\"auto\">\u201cFood reveals the city. It exposes inequalities, territories, and who does or does not have access to basic rights. Thinking about urban food systems also means thinking about governance, social inclusion and local development,\u201d said Eliene.<\/span><span data-ccp-props=\"{&quot;134233117&quot;:false,&quot;134233118&quot;:false,&quot;201341983&quot;:0,&quot;335551550&quot;:0,&quot;335551620&quot;:0,&quot;335559738&quot;:210,&quot;335559739&quot;:210,&quot;335559740&quot;:300}\">\u00a0<\/span><\/p>\n<p><span data-contrast=\"auto\">During the panel\u00a0<\/span><i><span data-contrast=\"auto\">\u201cWho Is Feeding the Cities?\u201d<\/span><\/i><span data-contrast=\"auto\">, moderated by Luisa Haddad, co-founder and Executive Director of P\u00e9 de Feij\u00e3o, Eliene was joined by T\u00e2nia Campos, founder of Casa Planta; Alan Abreu, ESG Lead at Grupo Azzas 2154; Isis Ferreira, Food Systems Advisor at the Instituto Comida do Amanh\u00e3; and Cleiray Wera Tukubo Fernando, a professor from the Southern Coast Indigenous Movement.<\/span><span data-ccp-props=\"{&quot;134233117&quot;:false,&quot;134233118&quot;:false,&quot;201341983&quot;:0,&quot;335551550&quot;:0,&quot;335551620&quot;:0,&quot;335559738&quot;:210,&quot;335559739&quot;:210,&quot;335559740&quot;:300}\">\u00a0<\/span><\/p>\n<p><span data-contrast=\"auto\">The discussion highlighted experiences and initiatives that connect local production, food culture, innovation and social impact within urban territories.<\/span><span data-ccp-props=\"{&quot;134233117&quot;:false,&quot;134233118&quot;:false,&quot;201341983&quot;:0,&quot;335551550&quot;:0,&quot;335551620&quot;:0,&quot;335559738&quot;:210,&quot;335559739&quot;:210,&quot;335559740&quot;:300}\">\u00a0<\/span><\/p>\n<p><span data-contrast=\"auto\">The City of the Future Festival was organised by Instituto Retomada, CNB and the City of S\u00e3o Paulo, with support from ADE Sampa and several institutional partners, including UNHCR, the UN Global Compact, SP Urbanismo, Insper Cidades, IABsp and CAU\/SP.<\/span><span data-ccp-props=\"{&quot;134233117&quot;:false,&quot;134233118&quot;:false,&quot;201341983&quot;:0,&quot;335551550&quot;:0,&quot;335551620&quot;:0,&quot;335559738&quot;:210,&quot;335559739&quot;:210,&quot;335559740&quot;:300}\">\u00a0<\/span><\/p>\n<p><span data-contrast=\"auto\">The programme, held on 24 and 25 April, included debates on urban innovation, social justice, sustainability and public policy, reinforcing the role of cities in shaping a more inclusive future.<\/span><span data-ccp-props=\"{&quot;134233117&quot;:false,&quot;134233118&quot;:false,&quot;201341983&quot;:0,&quot;335551550&quot;:0,&quot;335551620&quot;:0,&quot;335559738&quot;:210,&quot;335559739&quot;:210,&quot;335559740&quot;:300}\">\u00a0<\/span><\/p>","protected":false},"excerpt":{"rendered":"<p>Building healthier, more\u00a0sustainable\u00a0and inclusive urban food systems was at the\u00a0centre\u00a0of&hellip;<\/p>\n<p> <a class=\"more-link\" href=\"https:\/\/centrodeexcelencia.org.br\/en\/centro-de-excelencia-debate-sistemas-alimentares-urbanos-sustentaveis-no-festival-cidade-do-futuro\/\">Read more<\/a><\/p>\n","protected":false},"author":133,"featured_media":30244,"comment_status":"closed","ping_status":"closed","sticky":false,"template":"","format":"standard","meta":{"_monsterinsights_skip_tracking":false,"_monsterinsights_sitenote_active":false,"_monsterinsights_sitenote_note":"","_monsterinsights_sitenote_category":0,"footnotes":""},"categories":[193,188,187],"tags":[],"class_list":{"0":"post-30240","1":"post","2":"type-post","3":"status-publish","4":"format-standard","5":"has-post-thumbnail","7":"category-eventos","8":"category-geral-noticias","9":"category-noticias"},"yoast_head":"<!-- This site is optimized with the Yoast SEO plugin v27.3 - https:\/\/yoast.com\/product\/yoast-seo-wordpress\/ -->\n<title>Centre of Excellence discusses sustainable urban food systems at the City of the Future Festival - WFP<\/title>\n<meta name=\"robots\" content=\"index, follow, max-snippet:-1, max-image-preview:large, max-video-preview:-1\" \/>\n<link rel=\"canonical\" href=\"https:\/\/centrodeexcelencia.org.br\/centro-de-excelencia-debate-sistemas-alimentares-urbanos-sustentaveis-no-festival-cidade-do-futuro\/\" \/>\n<meta property=\"og:locale\" content=\"en_US\" \/>\n<meta property=\"og:type\" content=\"article\" \/>\n<meta property=\"og:title\" content=\"Centre of Excellence discusses sustainable urban food systems at the City of the Future Festival - WFP\" \/>\n<meta property=\"og:description\" content=\"Building healthier, more\u00a0sustainable\u00a0and inclusive urban food systems was at the\u00a0centre\u00a0of&hellip;  Read more\" \/>\n<meta property=\"og:url\" content=\"https:\/\/centrodeexcelencia.org.br\/centro-de-excelencia-debate-sistemas-alimentares-urbanos-sustentaveis-no-festival-cidade-do-futuro\/\" \/>\n<meta property=\"og:site_name\" content=\"WFP\" \/>\n<meta property=\"article:published_time\" content=\"2026-04-28T14:26:36+00:00\" \/>\n<meta property=\"og:image\" content=\"https:\/\/centrodeexcelencia.org.br\/wp-content\/uploads\/2026\/04\/IMG_0345-3-scaled.jpeg\" \/>\n\t<meta property=\"og:image:width\" content=\"2560\" \/>\n\t<meta property=\"og:image:height\" content=\"1920\" \/>\n\t<meta property=\"og:image:type\" content=\"image\/jpeg\" \/>\n<meta name=\"author\" content=\"Ana Mascarenhas\" \/>\n<meta name=\"twitter:card\" content=\"summary_large_image\" \/>\n<meta name=\"twitter:label1\" content=\"Written by\" \/>\n\t<meta name=\"twitter:data1\" content=\"Ana Mascarenhas\" \/>\n\t<meta name=\"twitter:label2\" content=\"Est. reading time\" \/>\n\t<meta name=\"twitter:data2\" content=\"3 minutes\" \/>\n<script type=\"application\/ld+json\" class=\"yoast-schema-graph\">{\"@context\":\"https:\\\/\\\/schema.org\",\"@graph\":[{\"@type\":\"Article\",\"@id\":\"https:\\\/\\\/centrodeexcelencia.org.br\\\/centro-de-excelencia-debate-sistemas-alimentares-urbanos-sustentaveis-no-festival-cidade-do-futuro\\\/#article\",\"isPartOf\":{\"@id\":\"https:\\\/\\\/centrodeexcelencia.org.br\\\/centro-de-excelencia-debate-sistemas-alimentares-urbanos-sustentaveis-no-festival-cidade-do-futuro\\\/\"},\"author\":{\"name\":\"Ana Mascarenhas\",\"@id\":\"https:\\\/\\\/centrodeexcelencia.org.br\\\/#\\\/schema\\\/person\\\/08300f099291340999d9b1517a5bc2dc\"},\"headline\":\"Centre of Excellence discusses sustainable urban food systems at the City of the Future Festival\",\"datePublished\":\"2026-04-28T14:26:36+00:00\",\"mainEntityOfPage\":{\"@id\":\"https:\\\/\\\/centrodeexcelencia.org.br\\\/centro-de-excelencia-debate-sistemas-alimentares-urbanos-sustentaveis-no-festival-cidade-do-futuro\\\/\"},\"wordCount\":677,\"publisher\":{\"@id\":\"https:\\\/\\\/centrodeexcelencia.org.br\\\/#organization\"},\"image\":{\"@id\":\"https:\\\/\\\/centrodeexcelencia.org.br\\\/centro-de-excelencia-debate-sistemas-alimentares-urbanos-sustentaveis-no-festival-cidade-do-futuro\\\/#primaryimage\"},\"thumbnailUrl\":\"https:\\\/\\\/centrodeexcelencia.org.br\\\/wp-content\\\/uploads\\\/2026\\\/04\\\/IMG_0345-3-scaled.jpeg\",\"articleSection\":[\"Events\",\"General\",\"News\"],\"inLanguage\":\"en-US\"},{\"@type\":\"WebPage\",\"@id\":\"https:\\\/\\\/centrodeexcelencia.org.br\\\/centro-de-excelencia-debate-sistemas-alimentares-urbanos-sustentaveis-no-festival-cidade-do-futuro\\\/\",\"url\":\"https:\\\/\\\/centrodeexcelencia.org.br\\\/centro-de-excelencia-debate-sistemas-alimentares-urbanos-sustentaveis-no-festival-cidade-do-futuro\\\/\",\"name\":\"Centre of Excellence discusses sustainable urban food systems at the City of the Future Festival - WFP\",\"isPartOf\":{\"@id\":\"https:\\\/\\\/centrodeexcelencia.org.br\\\/#website\"},\"primaryImageOfPage\":{\"@id\":\"https:\\\/\\\/centrodeexcelencia.org.br\\\/centro-de-excelencia-debate-sistemas-alimentares-urbanos-sustentaveis-no-festival-cidade-do-futuro\\\/#primaryimage\"},\"image\":{\"@id\":\"https:\\\/\\\/centrodeexcelencia.org.br\\\/centro-de-excelencia-debate-sistemas-alimentares-urbanos-sustentaveis-no-festival-cidade-do-futuro\\\/#primaryimage\"},\"thumbnailUrl\":\"https:\\\/\\\/centrodeexcelencia.org.br\\\/wp-content\\\/uploads\\\/2026\\\/04\\\/IMG_0345-3-scaled.jpeg\",\"datePublished\":\"2026-04-28T14:26:36+00:00\",\"breadcrumb\":{\"@id\":\"https:\\\/\\\/centrodeexcelencia.org.br\\\/centro-de-excelencia-debate-sistemas-alimentares-urbanos-sustentaveis-no-festival-cidade-do-futuro\\\/#breadcrumb\"},\"inLanguage\":\"en-US\",\"potentialAction\":[{\"@type\":\"ReadAction\",\"target\":[\"https:\\\/\\\/centrodeexcelencia.org.br\\\/centro-de-excelencia-debate-sistemas-alimentares-urbanos-sustentaveis-no-festival-cidade-do-futuro\\\/\"]}]},{\"@type\":\"ImageObject\",\"inLanguage\":\"en-US\",\"@id\":\"https:\\\/\\\/centrodeexcelencia.org.br\\\/centro-de-excelencia-debate-sistemas-alimentares-urbanos-sustentaveis-no-festival-cidade-do-futuro\\\/#primaryimage\",\"url\":\"https:\\\/\\\/centrodeexcelencia.org.br\\\/wp-content\\\/uploads\\\/2026\\\/04\\\/IMG_0345-3-scaled.jpeg\",\"contentUrl\":\"https:\\\/\\\/centrodeexcelencia.org.br\\\/wp-content\\\/uploads\\\/2026\\\/04\\\/IMG_0345-3-scaled.jpeg\",\"width\":2560,\"height\":1920,\"caption\":\"WFP\\\/ Daniela Rocha\"},{\"@type\":\"BreadcrumbList\",\"@id\":\"https:\\\/\\\/centrodeexcelencia.org.br\\\/centro-de-excelencia-debate-sistemas-alimentares-urbanos-sustentaveis-no-festival-cidade-do-futuro\\\/#breadcrumb\",\"itemListElement\":[{\"@type\":\"ListItem\",\"position\":1,\"name\":\"In\u00edcio\",\"item\":\"https:\\\/\\\/centrodeexcelencia.org.br\\\/\"},{\"@type\":\"ListItem\",\"position\":2,\"name\":\"Centro de Excel\u00eancia debate sistemas alimentares urbanos sustent\u00e1veis no Festival Cidade do Futuro\"}]},{\"@type\":\"WebSite\",\"@id\":\"https:\\\/\\\/centrodeexcelencia.org.br\\\/#website\",\"url\":\"https:\\\/\\\/centrodeexcelencia.org.br\\\/\",\"name\":\"WFP\",\"description\":\"Centre of Excellence against Hunger\",\"publisher\":{\"@id\":\"https:\\\/\\\/centrodeexcelencia.org.br\\\/#organization\"},\"potentialAction\":[{\"@type\":\"SearchAction\",\"target\":{\"@type\":\"EntryPoint\",\"urlTemplate\":\"https:\\\/\\\/centrodeexcelencia.org.br\\\/?s={search_term_string}\"},\"query-input\":{\"@type\":\"PropertyValueSpecification\",\"valueRequired\":true,\"valueName\":\"search_term_string\"}}],\"inLanguage\":\"en-US\"},{\"@type\":\"Organization\",\"@id\":\"https:\\\/\\\/centrodeexcelencia.org.br\\\/#organization\",\"name\":\"WFP\",\"url\":\"https:\\\/\\\/centrodeexcelencia.org.br\\\/\",\"logo\":{\"@type\":\"ImageObject\",\"inLanguage\":\"en-US\",\"@id\":\"https:\\\/\\\/centrodeexcelencia.org.br\\\/#\\\/schema\\\/logo\\\/image\\\/\",\"url\":\"https:\\\/\\\/centrodeexcelencia.org.br\\\/wp-content\\\/uploads\\\/2026\\\/01\\\/Sem-titulo-1_Prancheta-1-1.png\",\"contentUrl\":\"https:\\\/\\\/centrodeexcelencia.org.br\\\/wp-content\\\/uploads\\\/2026\\\/01\\\/Sem-titulo-1_Prancheta-1-1.png\",\"width\":259,\"height\":395,\"caption\":\"WFP\"},\"image\":{\"@id\":\"https:\\\/\\\/centrodeexcelencia.org.br\\\/#\\\/schema\\\/logo\\\/image\\\/\"}},{\"@type\":\"Person\",\"@id\":\"https:\\\/\\\/centrodeexcelencia.org.br\\\/#\\\/schema\\\/person\\\/08300f099291340999d9b1517a5bc2dc\",\"name\":\"Ana Mascarenhas\",\"image\":{\"@type\":\"ImageObject\",\"inLanguage\":\"en-US\",\"@id\":\"https:\\\/\\\/secure.gravatar.com\\\/avatar\\\/cab29c31195c1aa6966399e3d16eb9e38d5abe94a289113e78e4c519561d6131?s=96&d=mm&r=g\",\"url\":\"https:\\\/\\\/secure.gravatar.com\\\/avatar\\\/cab29c31195c1aa6966399e3d16eb9e38d5abe94a289113e78e4c519561d6131?s=96&d=mm&r=g\",\"contentUrl\":\"https:\\\/\\\/secure.gravatar.com\\\/avatar\\\/cab29c31195c1aa6966399e3d16eb9e38d5abe94a289113e78e4c519561d6131?s=96&d=mm&r=g\",\"caption\":\"Ana Mascarenhas\"},\"url\":\"https:\\\/\\\/centrodeexcelencia.org.br\\\/en\\\/author\\\/ana-mascarenhas\\\/\"}]}<\/script>\n<!-- \/ Yoast SEO plugin. -->","yoast_head_json":{"title":"Centre of Excellence discusses sustainable urban food systems at the City of the Future Festival - WFP","robots":{"index":"index","follow":"follow","max-snippet":"max-snippet:-1","max-image-preview":"max-image-preview:large","max-video-preview":"max-video-preview:-1"},"canonical":"https:\/\/centrodeexcelencia.org.br\/centro-de-excelencia-debate-sistemas-alimentares-urbanos-sustentaveis-no-festival-cidade-do-futuro\/","og_locale":"en_US","og_type":"article","og_title":"Centre of Excellence discusses sustainable urban food systems at the City of the Future Festival - WFP","og_description":"Building healthier, more\u00a0sustainable\u00a0and inclusive urban food systems was at the\u00a0centre\u00a0of&hellip;  Read more","og_url":"https:\/\/centrodeexcelencia.org.br\/centro-de-excelencia-debate-sistemas-alimentares-urbanos-sustentaveis-no-festival-cidade-do-futuro\/","og_site_name":"WFP","article_published_time":"2026-04-28T14:26:36+00:00","og_image":[{"width":2560,"height":1920,"url":"https:\/\/centrodeexcelencia.org.br\/wp-content\/uploads\/2026\/04\/IMG_0345-3-scaled.jpeg","type":"image\/jpeg"}],"author":"Ana Mascarenhas","twitter_card":"summary_large_image","twitter_misc":{"Written by":"Ana Mascarenhas","Est. reading time":"3 minutes"},"schema":{"@context":"https:\/\/schema.org","@graph":[{"@type":"Article","@id":"https:\/\/centrodeexcelencia.org.br\/centro-de-excelencia-debate-sistemas-alimentares-urbanos-sustentaveis-no-festival-cidade-do-futuro\/#article","isPartOf":{"@id":"https:\/\/centrodeexcelencia.org.br\/centro-de-excelencia-debate-sistemas-alimentares-urbanos-sustentaveis-no-festival-cidade-do-futuro\/"},"author":{"name":"Ana Mascarenhas","@id":"https:\/\/centrodeexcelencia.org.br\/#\/schema\/person\/08300f099291340999d9b1517a5bc2dc"},"headline":"Centre of Excellence discusses sustainable urban food systems at the City of the Future Festival","datePublished":"2026-04-28T14:26:36+00:00","mainEntityOfPage":{"@id":"https:\/\/centrodeexcelencia.org.br\/centro-de-excelencia-debate-sistemas-alimentares-urbanos-sustentaveis-no-festival-cidade-do-futuro\/"},"wordCount":677,"publisher":{"@id":"https:\/\/centrodeexcelencia.org.br\/#organization"},"image":{"@id":"https:\/\/centrodeexcelencia.org.br\/centro-de-excelencia-debate-sistemas-alimentares-urbanos-sustentaveis-no-festival-cidade-do-futuro\/#primaryimage"},"thumbnailUrl":"https:\/\/centrodeexcelencia.org.br\/wp-content\/uploads\/2026\/04\/IMG_0345-3-scaled.jpeg","articleSection":["Events","General","News"],"inLanguage":"en-US"},{"@type":"WebPage","@id":"https:\/\/centrodeexcelencia.org.br\/centro-de-excelencia-debate-sistemas-alimentares-urbanos-sustentaveis-no-festival-cidade-do-futuro\/","url":"https:\/\/centrodeexcelencia.org.br\/centro-de-excelencia-debate-sistemas-alimentares-urbanos-sustentaveis-no-festival-cidade-do-futuro\/","name":"Centre of Excellence discusses sustainable urban food systems at the City of the Future Festival - WFP","isPartOf":{"@id":"https:\/\/centrodeexcelencia.org.br\/#website"},"primaryImageOfPage":{"@id":"https:\/\/centrodeexcelencia.org.br\/centro-de-excelencia-debate-sistemas-alimentares-urbanos-sustentaveis-no-festival-cidade-do-futuro\/#primaryimage"},"image":{"@id":"https:\/\/centrodeexcelencia.org.br\/centro-de-excelencia-debate-sistemas-alimentares-urbanos-sustentaveis-no-festival-cidade-do-futuro\/#primaryimage"},"thumbnailUrl":"https:\/\/centrodeexcelencia.org.br\/wp-content\/uploads\/2026\/04\/IMG_0345-3-scaled.jpeg","datePublished":"2026-04-28T14:26:36+00:00","breadcrumb":{"@id":"https:\/\/centrodeexcelencia.org.br\/centro-de-excelencia-debate-sistemas-alimentares-urbanos-sustentaveis-no-festival-cidade-do-futuro\/#breadcrumb"},"inLanguage":"en-US","potentialAction":[{"@type":"ReadAction","target":["https:\/\/centrodeexcelencia.org.br\/centro-de-excelencia-debate-sistemas-alimentares-urbanos-sustentaveis-no-festival-cidade-do-futuro\/"]}]},{"@type":"ImageObject","inLanguage":"en-US","@id":"https:\/\/centrodeexcelencia.org.br\/centro-de-excelencia-debate-sistemas-alimentares-urbanos-sustentaveis-no-festival-cidade-do-futuro\/#primaryimage","url":"https:\/\/centrodeexcelencia.org.br\/wp-content\/uploads\/2026\/04\/IMG_0345-3-scaled.jpeg","contentUrl":"https:\/\/centrodeexcelencia.org.br\/wp-content\/uploads\/2026\/04\/IMG_0345-3-scaled.jpeg","width":2560,"height":1920,"caption":"WFP\/ Daniela Rocha"},{"@type":"BreadcrumbList","@id":"https:\/\/centrodeexcelencia.org.br\/centro-de-excelencia-debate-sistemas-alimentares-urbanos-sustentaveis-no-festival-cidade-do-futuro\/#breadcrumb","itemListElement":[{"@type":"ListItem","position":1,"name":"In\u00edcio","item":"https:\/\/centrodeexcelencia.org.br\/"},{"@type":"ListItem","position":2,"name":"Centro de Excel\u00eancia debate sistemas alimentares urbanos sustent\u00e1veis no Festival Cidade do Futuro"}]},{"@type":"WebSite","@id":"https:\/\/centrodeexcelencia.org.br\/#website","url":"https:\/\/centrodeexcelencia.org.br\/","name":"WFP","description":"Centre of Excellence against Hunger","publisher":{"@id":"https:\/\/centrodeexcelencia.org.br\/#organization"},"potentialAction":[{"@type":"SearchAction","target":{"@type":"EntryPoint","urlTemplate":"https:\/\/centrodeexcelencia.org.br\/?s={search_term_string}"},"query-input":{"@type":"PropertyValueSpecification","valueRequired":true,"valueName":"search_term_string"}}],"inLanguage":"en-US"},{"@type":"Organization","@id":"https:\/\/centrodeexcelencia.org.br\/#organization","name":"WFP","url":"https:\/\/centrodeexcelencia.org.br\/","logo":{"@type":"ImageObject","inLanguage":"en-US","@id":"https:\/\/centrodeexcelencia.org.br\/#\/schema\/logo\/image\/","url":"https:\/\/centrodeexcelencia.org.br\/wp-content\/uploads\/2026\/01\/Sem-titulo-1_Prancheta-1-1.png","contentUrl":"https:\/\/centrodeexcelencia.org.br\/wp-content\/uploads\/2026\/01\/Sem-titulo-1_Prancheta-1-1.png","width":259,"height":395,"caption":"WFP"},"image":{"@id":"https:\/\/centrodeexcelencia.org.br\/#\/schema\/logo\/image\/"}},{"@type":"Person","@id":"https:\/\/centrodeexcelencia.org.br\/#\/schema\/person\/08300f099291340999d9b1517a5bc2dc","name":"Ana Mascarenhas","image":{"@type":"ImageObject","inLanguage":"en-US","@id":"https:\/\/secure.gravatar.com\/avatar\/cab29c31195c1aa6966399e3d16eb9e38d5abe94a289113e78e4c519561d6131?s=96&d=mm&r=g","url":"https:\/\/secure.gravatar.com\/avatar\/cab29c31195c1aa6966399e3d16eb9e38d5abe94a289113e78e4c519561d6131?s=96&d=mm&r=g","contentUrl":"https:\/\/secure.gravatar.com\/avatar\/cab29c31195c1aa6966399e3d16eb9e38d5abe94a289113e78e4c519561d6131?s=96&d=mm&r=g","caption":"Ana Mascarenhas"},"url":"https:\/\/centrodeexcelencia.org.br\/en\/author\/ana-mascarenhas\/"}]}},"_links":{"self":[{"href":"https:\/\/centrodeexcelencia.org.br\/en\/wp-json\/wp\/v2\/posts\/30240","targetHints":{"allow":["GET"]}}],"collection":[{"href":"https:\/\/centrodeexcelencia.org.br\/en\/wp-json\/wp\/v2\/posts"}],"about":[{"href":"https:\/\/centrodeexcelencia.org.br\/en\/wp-json\/wp\/v2\/types\/post"}],"author":[{"embeddable":true,"href":"https:\/\/centrodeexcelencia.org.br\/en\/wp-json\/wp\/v2\/users\/133"}],"replies":[{"embeddable":true,"href":"https:\/\/centrodeexcelencia.org.br\/en\/wp-json\/wp\/v2\/comments?post=30240"}],"version-history":[{"count":1,"href":"https:\/\/centrodeexcelencia.org.br\/en\/wp-json\/wp\/v2\/posts\/30240\/revisions"}],"predecessor-version":[{"id":30245,"href":"https:\/\/centrodeexcelencia.org.br\/en\/wp-json\/wp\/v2\/posts\/30240\/revisions\/30245"}],"wp:featuredmedia":[{"embeddable":true,"href":"https:\/\/centrodeexcelencia.org.br\/en\/wp-json\/wp\/v2\/media\/30244"}],"wp:attachment":[{"href":"https:\/\/centrodeexcelencia.org.br\/en\/wp-json\/wp\/v2\/media?parent=30240"}],"wp:term":[{"taxonomy":"category","embeddable":true,"href":"https:\/\/centrodeexcelencia.org.br\/en\/wp-json\/wp\/v2\/categories?post=30240"},{"taxonomy":"post_tag","embeddable":true,"href":"https:\/\/centrodeexcelencia.org.br\/en\/wp-json\/wp\/v2\/tags?post=30240"}],"curies":[{"name":"wp","href":"https:\/\/api.w.org\/{rel}","templated":true}]}}