{"id":30599,"date":"2026-09-02T18:59:17","date_gmt":"2026-09-02T21:59:17","guid":{"rendered":"https:\/\/centrodeexcelencia.org.br\/?p=30599"},"modified":"2026-09-02T19:00:40","modified_gmt":"2026-09-02T22:00:40","slug":"save-the-date-dia-da-cooperacao-sul-sul-da-onu-celebra-mulheres-rurais","status":"publish","type":"post","link":"https:\/\/centrodeexcelencia.org.br\/en\/save-the-date-dia-da-cooperacao-sul-sul-da-onu-celebra-mulheres-rurais\/","title":{"rendered":"Save the Date: UN South-South Cooperation Day celebrates rural women"},"content":{"rendered":"<p><figure id=\"attachment_30602\" aria-describedby=\"caption-attachment-30602\" style=\"width: 2560px\" class=\"wp-caption alignnone\"><a href=\"https:\/\/centrodeexcelencia.org.br\/save-the-date-dia-da-cooperacao-sul-sul-da-onu-celebra-mulheres-rurais\/img_0602\/\" rel=\"attachment wp-att-30602\"><img fetchpriority=\"high\" decoding=\"async\" class=\"size-full wp-image-30602\" src=\"https:\/\/centrodeexcelencia.org.br\/wp-content\/uploads\/2026\/09\/IMG_0602-scaled.jpeg\" alt=\"\" width=\"2560\" height=\"1920\" srcset=\"https:\/\/centrodeexcelencia.org.br\/wp-content\/uploads\/2026\/09\/IMG_0602-scaled.jpeg 2560w, https:\/\/centrodeexcelencia.org.br\/wp-content\/uploads\/2026\/09\/IMG_0602-300x225.jpeg 300w, https:\/\/centrodeexcelencia.org.br\/wp-content\/uploads\/2026\/09\/IMG_0602-1024x768.jpeg 1024w, https:\/\/centrodeexcelencia.org.br\/wp-content\/uploads\/2026\/09\/IMG_0602-768x576.jpeg 768w, https:\/\/centrodeexcelencia.org.br\/wp-content\/uploads\/2026\/09\/IMG_0602-1536x1152.jpeg 1536w, https:\/\/centrodeexcelencia.org.br\/wp-content\/uploads\/2026\/09\/IMG_0602-2048x1536.jpeg 2048w, https:\/\/centrodeexcelencia.org.br\/wp-content\/uploads\/2026\/09\/IMG_0602-600x450.jpeg 600w\" sizes=\"(max-width: 2560px) 100vw, 2560px\" \/><\/a><figcaption id=\"caption-attachment-30602\" class=\"wp-caption-text\">\u00a9WFP\/Daniela Costa<\/figcaption><\/figure><\/p>\n<p>The International Fund for Agricultural Development (IFAD), the Food and Agriculture Organisation of the United Nations (FAO) and the United Nations World Food Programme (WFP) \u2013 the three UN agencies based in Rome \u2013 will host a webinar open to the public on 10 September 2026 to mark the United Nations Day for South-South Cooperation. The initiative is also supported by UN Women.<\/p>\n<p>Under the theme \u201cAmplifying Impacts, Cultivating Equity: Rural Women Driving South-South and Triangular Cooperation for Sustainable Agri-Food Systems\u201d, the event will highlight experiences, solutions and partnerships that promote the transformation of food systems and the economic empowerment of rural women through cooperation among countries of the Global South.<\/p>\n<p>This year\u2019s celebration is aligned with the International Year of Women Farmers 2026 and will raise the profile of successful initiatives involving knowledge exchange, technical assistance and capacity building. Among the highlights is the Joint Programme to Accelerate Progress towards the Economic Empowerment of Rural Women (JP RWEE), implemented by FAO, IFAD, WFP and UN Women in various countries.<\/p>\n<p>Representing the WFP, Vinicius Limongi, Programme Officer and Head of Programmes at the WFP Centre of Excellence against Hunger in Brazil, will take part in the event. He will share successful examples of South-South cooperation aimed at supporting governments in formulating and strengthening public policies to combat hunger and promote food security and nutrition.<\/p>\n<p>Since 2017, the Rome-based agencies have jointly organised this international celebration, creating a forum for the exchange of knowledge with the aim of broadening the scope of solutions that contribute to sustainable rural development and the eradication of hunger.<\/p>\n<p><strong>Event Details<\/strong><\/p>\n<p><strong>Event<\/strong>: Joint Celebration by Rome-based UN Agencies for the 2026 United Nations Day for South-South Cooperation<\/p>\n<p><strong>Theme<\/strong>: Amplifying Impacts, Cultivating Equity: Rural Women Driving South-South and Triangular Cooperation for Sustainable Agri-Food Systems<\/p>\n<p><strong>Date<\/strong>: 10 September 2026<\/p>\n<p><strong>Time<\/strong>: 2.00 pm to 3.30 pm (CEST) (9.00 am to 10.30 am, Bras\u00edlia time)<\/p>\n<p><strong>Format<\/strong>: Online (Microsoft Teams)<\/p>\n<p><strong>Registration<\/strong>: <a href=\"https:\/\/events.teams.microsoft.com\/event\/340b0852-e366-4937-a202-e95434184386@dc231ce4-9c94-43aa-b311-0a314fbce932\">https:\/\/events.teams.microsoft.com\/event\/340b0852-e366-4937-a202-e95434184386@dc231ce4-9c94-43aa-b311-0a314fbce932<\/a><\/p>\n<p>Once registered, participants will receive the link to access the webinar.<\/p>","protected":false},"excerpt":{"rendered":"<p>The International Fund for Agricultural Development (IFAD), the Food and&hellip;<\/p>\n<p> <a class=\"more-link\" href=\"https:\/\/centrodeexcelencia.org.br\/en\/save-the-date-dia-da-cooperacao-sul-sul-da-onu-celebra-mulheres-rurais\/\">Read more<\/a><\/p>\n","protected":false},"author":197,"featured_media":30602,"comment_status":"closed","ping_status":"closed","sticky":false,"template":"","format":"standard","meta":{"footnotes":""},"categories":[193,187],"tags":[681,386,542,680,357],"class_list":{"0":"post-30599","1":"post","2":"type-post","3":"status-publish","4":"format-standard","5":"has-post-thumbnail","7":"category-eventos","8":"category-noticias","9":"tag-dia-da-cooperacao-sul-sul","10":"tag-fao","11":"tag-fida","12":"tag-mulher","13":"tag-webinario"},"yoast_head":"<!-- This site is optimized with the Yoast SEO plugin v27.9 - https:\/\/yoast.com\/product\/yoast-seo-wordpress\/ -->\n<title>Save the Date: UN South-South Cooperation Day celebrates rural women - WFP<\/title>\n<meta name=\"robots\" content=\"index, follow, max-snippet:-1, max-image-preview:large, max-video-preview:-1\" \/>\n<link rel=\"canonical\" href=\"https:\/\/centrodeexcelencia.org.br\/save-the-date-dia-da-cooperacao-sul-sul-da-onu-celebra-mulheres-rurais\/\" \/>\n<meta property=\"og:locale\" content=\"en_US\" \/>\n<meta property=\"og:type\" content=\"article\" \/>\n<meta property=\"og:title\" content=\"Save the Date: UN South-South Cooperation Day celebrates rural women - WFP\" \/>\n<meta property=\"og:description\" content=\"The International Fund for Agricultural Development (IFAD), the Food and&hellip;  Read more\" \/>\n<meta property=\"og:url\" content=\"https:\/\/centrodeexcelencia.org.br\/save-the-date-dia-da-cooperacao-sul-sul-da-onu-celebra-mulheres-rurais\/\" \/>\n<meta property=\"og:site_name\" content=\"WFP\" \/>\n<meta property=\"article:published_time\" content=\"2026-09-02T21:59:17+00:00\" \/>\n<meta property=\"article:modified_time\" content=\"2026-09-02T22:00:40+00:00\" \/>\n<meta property=\"og:image\" content=\"https:\/\/centrodeexcelencia.org.br\/wp-content\/uploads\/2026\/09\/IMG_0602-scaled.jpeg\" \/>\n\t<meta property=\"og:image:width\" content=\"2560\" \/>\n\t<meta property=\"og:image:height\" content=\"1920\" \/>\n\t<meta property=\"og:image:type\" content=\"image\/jpeg\" \/>\n<meta name=\"author\" content=\"Daniela Costa\" \/>\n<meta name=\"twitter:card\" content=\"summary_large_image\" \/>\n<meta name=\"twitter:label1\" content=\"Written by\" \/>\n\t<meta name=\"twitter:data1\" content=\"Daniela Costa\" \/>\n\t<meta name=\"twitter:label2\" content=\"Est. reading time\" \/>\n\t<meta name=\"twitter:data2\" content=\"3 minutes\" \/>\n<script type=\"application\/ld+json\" class=\"yoast-schema-graph\">{\"@context\":\"https:\\\/\\\/schema.org\",\"@graph\":[{\"@type\":\"Article\",\"@id\":\"https:\\\/\\\/centrodeexcelencia.org.br\\\/save-the-date-dia-da-cooperacao-sul-sul-da-onu-celebra-mulheres-rurais\\\/#article\",\"isPartOf\":{\"@id\":\"https:\\\/\\\/centrodeexcelencia.org.br\\\/save-the-date-dia-da-cooperacao-sul-sul-da-onu-celebra-mulheres-rurais\\\/\"},\"author\":{\"name\":\"Daniela Costa\",\"@id\":\"https:\\\/\\\/centrodeexcelencia.org.br\\\/#\\\/schema\\\/person\\\/2abfac03d877accded957496ee4791fa\"},\"headline\":\"Save the Date: UN South-South Cooperation Day celebrates rural women\",\"datePublished\":\"2026-09-02T21:59:17+00:00\",\"dateModified\":\"2026-09-02T22:00:40+00:00\",\"mainEntityOfPage\":{\"@id\":\"https:\\\/\\\/centrodeexcelencia.org.br\\\/save-the-date-dia-da-cooperacao-sul-sul-da-onu-celebra-mulheres-rurais\\\/\"},\"wordCount\":804,\"publisher\":{\"@id\":\"https:\\\/\\\/centrodeexcelencia.org.br\\\/#organization\"},\"image\":{\"@id\":\"https:\\\/\\\/centrodeexcelencia.org.br\\\/save-the-date-dia-da-cooperacao-sul-sul-da-onu-celebra-mulheres-rurais\\\/#primaryimage\"},\"thumbnailUrl\":\"https:\\\/\\\/centrodeexcelencia.org.br\\\/wp-content\\\/uploads\\\/2026\\\/09\\\/IMG_0602-scaled.jpeg\",\"keywords\":[\"Dia da Coopera\u00e7\u00e3o Sul-Sul\",\"FAO\",\"FIDA\",\"Mulher\",\"Webin\u00e1rio\"],\"articleSection\":[\"Events\",\"News\"],\"inLanguage\":\"en-US\"},{\"@type\":\"WebPage\",\"@id\":\"https:\\\/\\\/centrodeexcelencia.org.br\\\/save-the-date-dia-da-cooperacao-sul-sul-da-onu-celebra-mulheres-rurais\\\/\",\"url\":\"https:\\\/\\\/centrodeexcelencia.org.br\\\/save-the-date-dia-da-cooperacao-sul-sul-da-onu-celebra-mulheres-rurais\\\/\",\"name\":\"Save the Date: UN South-South Cooperation Day celebrates rural women - WFP\",\"isPartOf\":{\"@id\":\"https:\\\/\\\/centrodeexcelencia.org.br\\\/#website\"},\"primaryImageOfPage\":{\"@id\":\"https:\\\/\\\/centrodeexcelencia.org.br\\\/save-the-date-dia-da-cooperacao-sul-sul-da-onu-celebra-mulheres-rurais\\\/#primaryimage\"},\"image\":{\"@id\":\"https:\\\/\\\/centrodeexcelencia.org.br\\\/save-the-date-dia-da-cooperacao-sul-sul-da-onu-celebra-mulheres-rurais\\\/#primaryimage\"},\"thumbnailUrl\":\"https:\\\/\\\/centrodeexcelencia.org.br\\\/wp-content\\\/uploads\\\/2026\\\/09\\\/IMG_0602-scaled.jpeg\",\"datePublished\":\"2026-09-02T21:59:17+00:00\",\"dateModified\":\"2026-09-02T22:00:40+00:00\",\"breadcrumb\":{\"@id\":\"https:\\\/\\\/centrodeexcelencia.org.br\\\/save-the-date-dia-da-cooperacao-sul-sul-da-onu-celebra-mulheres-rurais\\\/#breadcrumb\"},\"inLanguage\":\"en-US\",\"potentialAction\":[{\"@type\":\"ReadAction\",\"target\":[\"https:\\\/\\\/centrodeexcelencia.org.br\\\/save-the-date-dia-da-cooperacao-sul-sul-da-onu-celebra-mulheres-rurais\\\/\"]}]},{\"@type\":\"ImageObject\",\"inLanguage\":\"en-US\",\"@id\":\"https:\\\/\\\/centrodeexcelencia.org.br\\\/save-the-date-dia-da-cooperacao-sul-sul-da-onu-celebra-mulheres-rurais\\\/#primaryimage\",\"url\":\"https:\\\/\\\/centrodeexcelencia.org.br\\\/wp-content\\\/uploads\\\/2026\\\/09\\\/IMG_0602-scaled.jpeg\",\"contentUrl\":\"https:\\\/\\\/centrodeexcelencia.org.br\\\/wp-content\\\/uploads\\\/2026\\\/09\\\/IMG_0602-scaled.jpeg\",\"width\":2560,\"height\":1920,\"caption\":\"\u00a9WFP\\\/Daniela Costa\"},{\"@type\":\"BreadcrumbList\",\"@id\":\"https:\\\/\\\/centrodeexcelencia.org.br\\\/save-the-date-dia-da-cooperacao-sul-sul-da-onu-celebra-mulheres-rurais\\\/#breadcrumb\",\"itemListElement\":[{\"@type\":\"ListItem\",\"position\":1,\"name\":\"In\u00edcio\",\"item\":\"https:\\\/\\\/centrodeexcelencia.org.br\\\/\"},{\"@type\":\"ListItem\",\"position\":2,\"name\":\"Save the Date: Dia da Coopera\u00e7\u00e3o Sul-Sul da ONU celebra mulheres rurais\"}]},{\"@type\":\"WebSite\",\"@id\":\"https:\\\/\\\/centrodeexcelencia.org.br\\\/#website\",\"url\":\"https:\\\/\\\/centrodeexcelencia.org.br\\\/\",\"name\":\"WFP\",\"description\":\"Centre of Excellence against Hunger\",\"publisher\":{\"@id\":\"https:\\\/\\\/centrodeexcelencia.org.br\\\/#organization\"},\"potentialAction\":[{\"@type\":\"SearchAction\",\"target\":{\"@type\":\"EntryPoint\",\"urlTemplate\":\"https:\\\/\\\/centrodeexcelencia.org.br\\\/?s={search_term_string}\"},\"query-input\":{\"@type\":\"PropertyValueSpecification\",\"valueRequired\":true,\"valueName\":\"search_term_string\"}}],\"inLanguage\":\"en-US\"},{\"@type\":\"Organization\",\"@id\":\"https:\\\/\\\/centrodeexcelencia.org.br\\\/#organization\",\"name\":\"WFP\",\"url\":\"https:\\\/\\\/centrodeexcelencia.org.br\\\/\",\"logo\":{\"@type\":\"ImageObject\",\"inLanguage\":\"en-US\",\"@id\":\"https:\\\/\\\/centrodeexcelencia.org.br\\\/#\\\/schema\\\/logo\\\/image\\\/\",\"url\":\"https:\\\/\\\/centrodeexcelencia.org.br\\\/wp-content\\\/uploads\\\/2026\\\/01\\\/Sem-titulo-1_Prancheta-1-1.png\",\"contentUrl\":\"https:\\\/\\\/centrodeexcelencia.org.br\\\/wp-content\\\/uploads\\\/2026\\\/01\\\/Sem-titulo-1_Prancheta-1-1.png\",\"width\":259,\"height\":395,\"caption\":\"WFP\"},\"image\":{\"@id\":\"https:\\\/\\\/centrodeexcelencia.org.br\\\/#\\\/schema\\\/logo\\\/image\\\/\"}},{\"@type\":\"Person\",\"@id\":\"https:\\\/\\\/centrodeexcelencia.org.br\\\/#\\\/schema\\\/person\\\/2abfac03d877accded957496ee4791fa\",\"name\":\"Daniela Costa\",\"image\":{\"@type\":\"ImageObject\",\"inLanguage\":\"en-US\",\"@id\":\"https:\\\/\\\/secure.gravatar.com\\\/avatar\\\/f50437f5f9510c75abc5b27c90dd82fe3fd390a88f22c1cdb42cd793b3721f86?s=96&d=mm&r=g\",\"url\":\"https:\\\/\\\/secure.gravatar.com\\\/avatar\\\/f50437f5f9510c75abc5b27c90dd82fe3fd390a88f22c1cdb42cd793b3721f86?s=96&d=mm&r=g\",\"contentUrl\":\"https:\\\/\\\/secure.gravatar.com\\\/avatar\\\/f50437f5f9510c75abc5b27c90dd82fe3fd390a88f22c1cdb42cd793b3721f86?s=96&d=mm&r=g\",\"caption\":\"Daniela Costa\"},\"url\":\"https:\\\/\\\/centrodeexcelencia.org.br\\\/en\\\/author\\\/danielarocha\\\/\"}]}<\/script>\n<!-- \/ Yoast SEO plugin. -->","yoast_head_json":{"title":"Save the Date: UN South-South Cooperation Day celebrates rural women - WFP","robots":{"index":"index","follow":"follow","max-snippet":"max-snippet:-1","max-image-preview":"max-image-preview:large","max-video-preview":"max-video-preview:-1"},"canonical":"https:\/\/centrodeexcelencia.org.br\/save-the-date-dia-da-cooperacao-sul-sul-da-onu-celebra-mulheres-rurais\/","og_locale":"en_US","og_type":"article","og_title":"Save the Date: UN South-South Cooperation Day celebrates rural women - WFP","og_description":"The International Fund for Agricultural Development (IFAD), the Food and&hellip;  Read more","og_url":"https:\/\/centrodeexcelencia.org.br\/save-the-date-dia-da-cooperacao-sul-sul-da-onu-celebra-mulheres-rurais\/","og_site_name":"WFP","article_published_time":"2026-09-02T21:59:17+00:00","article_modified_time":"2026-09-02T22:00:40+00:00","og_image":[{"width":2560,"height":1920,"url":"https:\/\/centrodeexcelencia.org.br\/wp-content\/uploads\/2026\/09\/IMG_0602-scaled.jpeg","type":"image\/jpeg"}],"author":"Daniela Costa","twitter_card":"summary_large_image","twitter_misc":{"Written by":"Daniela Costa","Est. reading time":"3 minutes"},"schema":{"@context":"https:\/\/schema.org","@graph":[{"@type":"Article","@id":"https:\/\/centrodeexcelencia.org.br\/save-the-date-dia-da-cooperacao-sul-sul-da-onu-celebra-mulheres-rurais\/#article","isPartOf":{"@id":"https:\/\/centrodeexcelencia.org.br\/save-the-date-dia-da-cooperacao-sul-sul-da-onu-celebra-mulheres-rurais\/"},"author":{"name":"Daniela Costa","@id":"https:\/\/centrodeexcelencia.org.br\/#\/schema\/person\/2abfac03d877accded957496ee4791fa"},"headline":"Save the Date: UN South-South Cooperation Day celebrates rural women","datePublished":"2026-09-02T21:59:17+00:00","dateModified":"2026-09-02T22:00:40+00:00","mainEntityOfPage":{"@id":"https:\/\/centrodeexcelencia.org.br\/save-the-date-dia-da-cooperacao-sul-sul-da-onu-celebra-mulheres-rurais\/"},"wordCount":804,"publisher":{"@id":"https:\/\/centrodeexcelencia.org.br\/#organization"},"image":{"@id":"https:\/\/centrodeexcelencia.org.br\/save-the-date-dia-da-cooperacao-sul-sul-da-onu-celebra-mulheres-rurais\/#primaryimage"},"thumbnailUrl":"https:\/\/centrodeexcelencia.org.br\/wp-content\/uploads\/2026\/09\/IMG_0602-scaled.jpeg","keywords":["Dia da Coopera\u00e7\u00e3o Sul-Sul","FAO","FIDA","Mulher","Webin\u00e1rio"],"articleSection":["Events","News"],"inLanguage":"en-US"},{"@type":"WebPage","@id":"https:\/\/centrodeexcelencia.org.br\/save-the-date-dia-da-cooperacao-sul-sul-da-onu-celebra-mulheres-rurais\/","url":"https:\/\/centrodeexcelencia.org.br\/save-the-date-dia-da-cooperacao-sul-sul-da-onu-celebra-mulheres-rurais\/","name":"Save the Date: UN South-South Cooperation Day celebrates rural women - WFP","isPartOf":{"@id":"https:\/\/centrodeexcelencia.org.br\/#website"},"primaryImageOfPage":{"@id":"https:\/\/centrodeexcelencia.org.br\/save-the-date-dia-da-cooperacao-sul-sul-da-onu-celebra-mulheres-rurais\/#primaryimage"},"image":{"@id":"https:\/\/centrodeexcelencia.org.br\/save-the-date-dia-da-cooperacao-sul-sul-da-onu-celebra-mulheres-rurais\/#primaryimage"},"thumbnailUrl":"https:\/\/centrodeexcelencia.org.br\/wp-content\/uploads\/2026\/09\/IMG_0602-scaled.jpeg","datePublished":"2026-09-02T21:59:17+00:00","dateModified":"2026-09-02T22:00:40+00:00","breadcrumb":{"@id":"https:\/\/centrodeexcelencia.org.br\/save-the-date-dia-da-cooperacao-sul-sul-da-onu-celebra-mulheres-rurais\/#breadcrumb"},"inLanguage":"en-US","potentialAction":[{"@type":"ReadAction","target":["https:\/\/centrodeexcelencia.org.br\/save-the-date-dia-da-cooperacao-sul-sul-da-onu-celebra-mulheres-rurais\/"]}]},{"@type":"ImageObject","inLanguage":"en-US","@id":"https:\/\/centrodeexcelencia.org.br\/save-the-date-dia-da-cooperacao-sul-sul-da-onu-celebra-mulheres-rurais\/#primaryimage","url":"https:\/\/centrodeexcelencia.org.br\/wp-content\/uploads\/2026\/09\/IMG_0602-scaled.jpeg","contentUrl":"https:\/\/centrodeexcelencia.org.br\/wp-content\/uploads\/2026\/09\/IMG_0602-scaled.jpeg","width":2560,"height":1920,"caption":"\u00a9WFP\/Daniela Costa"},{"@type":"BreadcrumbList","@id":"https:\/\/centrodeexcelencia.org.br\/save-the-date-dia-da-cooperacao-sul-sul-da-onu-celebra-mulheres-rurais\/#breadcrumb","itemListElement":[{"@type":"ListItem","position":1,"name":"In\u00edcio","item":"https:\/\/centrodeexcelencia.org.br\/"},{"@type":"ListItem","position":2,"name":"Save the Date: Dia da Coopera\u00e7\u00e3o Sul-Sul da ONU celebra mulheres rurais"}]},{"@type":"WebSite","@id":"https:\/\/centrodeexcelencia.org.br\/#website","url":"https:\/\/centrodeexcelencia.org.br\/","name":"WFP","description":"Centre of Excellence against Hunger","publisher":{"@id":"https:\/\/centrodeexcelencia.org.br\/#organization"},"potentialAction":[{"@type":"SearchAction","target":{"@type":"EntryPoint","urlTemplate":"https:\/\/centrodeexcelencia.org.br\/?s={search_term_string}"},"query-input":{"@type":"PropertyValueSpecification","valueRequired":true,"valueName":"search_term_string"}}],"inLanguage":"en-US"},{"@type":"Organization","@id":"https:\/\/centrodeexcelencia.org.br\/#organization","name":"WFP","url":"https:\/\/centrodeexcelencia.org.br\/","logo":{"@type":"ImageObject","inLanguage":"en-US","@id":"https:\/\/centrodeexcelencia.org.br\/#\/schema\/logo\/image\/","url":"https:\/\/centrodeexcelencia.org.br\/wp-content\/uploads\/2026\/01\/Sem-titulo-1_Prancheta-1-1.png","contentUrl":"https:\/\/centrodeexcelencia.org.br\/wp-content\/uploads\/2026\/01\/Sem-titulo-1_Prancheta-1-1.png","width":259,"height":395,"caption":"WFP"},"image":{"@id":"https:\/\/centrodeexcelencia.org.br\/#\/schema\/logo\/image\/"}},{"@type":"Person","@id":"https:\/\/centrodeexcelencia.org.br\/#\/schema\/person\/2abfac03d877accded957496ee4791fa","name":"Daniela Costa","image":{"@type":"ImageObject","inLanguage":"en-US","@id":"https:\/\/secure.gravatar.com\/avatar\/f50437f5f9510c75abc5b27c90dd82fe3fd390a88f22c1cdb42cd793b3721f86?s=96&d=mm&r=g","url":"https:\/\/secure.gravatar.com\/avatar\/f50437f5f9510c75abc5b27c90dd82fe3fd390a88f22c1cdb42cd793b3721f86?s=96&d=mm&r=g","contentUrl":"https:\/\/secure.gravatar.com\/avatar\/f50437f5f9510c75abc5b27c90dd82fe3fd390a88f22c1cdb42cd793b3721f86?s=96&d=mm&r=g","caption":"Daniela Costa"},"url":"https:\/\/centrodeexcelencia.org.br\/en\/author\/danielarocha\/"}]}},"_links":{"self":[{"href":"https:\/\/centrodeexcelencia.org.br\/en\/wp-json\/wp\/v2\/posts\/30599","targetHints":{"allow":["GET"]}}],"collection":[{"href":"https:\/\/centrodeexcelencia.org.br\/en\/wp-json\/wp\/v2\/posts"}],"about":[{"href":"https:\/\/centrodeexcelencia.org.br\/en\/wp-json\/wp\/v2\/types\/post"}],"author":[{"embeddable":true,"href":"https:\/\/centrodeexcelencia.org.br\/en\/wp-json\/wp\/v2\/users\/197"}],"replies":[{"embeddable":true,"href":"https:\/\/centrodeexcelencia.org.br\/en\/wp-json\/wp\/v2\/comments?post=30599"}],"version-history":[{"count":3,"href":"https:\/\/centrodeexcelencia.org.br\/en\/wp-json\/wp\/v2\/posts\/30599\/revisions"}],"predecessor-version":[{"id":30605,"href":"https:\/\/centrodeexcelencia.org.br\/en\/wp-json\/wp\/v2\/posts\/30599\/revisions\/30605"}],"wp:featuredmedia":[{"embeddable":true,"href":"https:\/\/centrodeexcelencia.org.br\/en\/wp-json\/wp\/v2\/media\/30602"}],"wp:attachment":[{"href":"https:\/\/centrodeexcelencia.org.br\/en\/wp-json\/wp\/v2\/media?parent=30599"}],"wp:term":[{"taxonomy":"category","embeddable":true,"href":"https:\/\/centrodeexcelencia.org.br\/en\/wp-json\/wp\/v2\/categories?post=30599"},{"taxonomy":"post_tag","embeddable":true,"href":"https:\/\/centrodeexcelencia.org.br\/en\/wp-json\/wp\/v2\/tags?post=30599"}],"curies":[{"name":"wp","href":"https:\/\/api.w.org\/{rel}","templated":true}]}}